{"id":57928,"date":"2024-08-29T16:55:57","date_gmt":"2024-08-29T13:55:57","guid":{"rendered":"https:\/\/kibrisdakik.com\/index.php\/2024\/08\/29\/bakan-oguz-30-agustos-zaferiyle-turk-milleti-vatan-butunlugunden-ve-hurriyetinden-taviz-vermeyecegini-butun-dunyaya-ilan-etti\/"},"modified":"2024-08-29T16:55:57","modified_gmt":"2024-08-29T13:55:57","slug":"bakan-oguz-30-agustos-zaferiyle-turk-milleti-vatan-butunlugunden-ve-hurriyetinden-taviz-vermeyecegini-butun-dunyaya-ilan-etti","status":"publish","type":"post","link":"https:\/\/kibrisdakik.com\/?p=57928","title":{"rendered":"Bakan O\u011fuz: 30 A\u011fustos zaferiyle T\u00fcrk milleti, vatan b\u00fct\u00fcnl\u00fc\u011f\u00fcnden ve h\u00fcrriyetinden taviz vermeyece\u011fini b\u00fct\u00fcn d\u00fcnyaya ilan etti"},"content":{"rendered":"<div>\n<div class=\"mariselle-image-container none\">\n                                            <\/div>\n<p style=\"font-weight: 300;\">\u0130\u00e7i\u015fleri Bakan\u0131 Dursun O\u011fuz, 30 A\u011fustos Zafer Bayram\u0131 dolay\u0131s\u0131yla yay\u0131mlad\u0131\u011f\u0131 mesajda, 30 A\u011fustos zaferiyle T\u00fcrk milletinin, vatan b\u00fct\u00fcnl\u00fc\u011f\u00fcnden ve h\u00fcrriyetinden taviz vermeyece\u011fini b\u00fct\u00fcn d\u00fcnyaya ilan etti\u011fini belirtti.<\/p>\n<p style=\"font-weight: 300;\"><span style=\"font-weight: 300 !important;\">O\u011fuz, mesaj\u0131nda \u00f6zg\u00fcrl\u00fck ve de\u011ferlerin korunmas\u0131 i\u00e7in tarih boyunca bir\u00e7ok m\u00fccadelenin ve \u00e7aban\u0131n verildi\u011fini vurgulayarak, \u015fu ifadeleri kulland\u0131:<\/span><\/p>\n<p style=\"font-weight: 300;\"><span style=\"font-weight: 300 !important;\">\u201c30 A\u011fustos zaferiyle T\u00fcrk milleti, vatan b\u00fct\u00fcnl\u00fc\u011f\u00fcnden ve h\u00fcrriyetinden taviz vermeyece\u011fini b\u00fct\u00fcn d\u00fcnyaya ilan etmi\u015ftir. Bu zaferin yakt\u0131\u011f\u0131 ate\u015f, h\u00fcrriyet azmindeki ba\u015fka milletlerin de yolunu ayd\u0131nlatm\u0131\u015ft\u0131r. T\u00fcrk ordusunun 26 Temmuz 1922\u2019de ba\u015flayan ve 30 A\u011fustos\u2019ta b\u00fcy\u00fck bir zaferle ta\u00e7land\u0131rd\u0131\u011f\u0131 B\u00fcy\u00fck Taarruz ve Ba\u015fkomutanl\u0131k Meydan Muharebesi, tarihe alt\u0131n harflerle yaz\u0131lan en b\u00fcy\u00fck kahramanl\u0131k destanlar\u0131ndan birisi olmu\u015ftur. B\u00fcy\u00fck Zafer\u2019in 102. y\u0131l d\u00f6n\u00fcm\u00fcnde, tarihten ald\u0131\u011f\u0131m\u0131z g\u00fc\u00e7le ba\u011f\u0131ms\u0131zl\u0131k ruhunu daima ya\u015fatacak gen\u00e7ler yeti\u015ftirmek i\u00e7in var g\u00fcc\u00fcm\u00fczle \u00e7al\u0131\u015f\u0131yoruz. Ge\u00e7mi\u015fiyle onur duyan ve istikbaline sahip \u00e7\u0131kan evlatlar\u0131m\u0131z, yar\u0131nlar\u0131m\u0131z\u0131n en g\u00fc\u00e7l\u00fc teminat\u0131d\u0131r.\u00a0<\/span>Bu duygularla Gazi Mustafa Kemal Atat\u00fcrk ba\u015fta olmak \u00fczere t\u00fcm kahraman Mehmet\u00e7iklerimizin aziz hat\u0131ralar\u0131na minnet ve sayg\u0131lar\u0131m\u0131 sunuyor, milletimizin 30 A\u011fustos Zafer Bayram\u0131\u2019n\u0131 kutluyorum\u201d<\/p>\n<\/p><\/div>\n<p><script async\n                    defer\n                    crossorigin=\"anonymous\"\n                    src=\"https:\/\/connect.facebook.net\/tr_TR\/sdk.js#xfbml=1&#038;version=v3.3\"\n            ><\/script><\/p>\n","protected":false},"excerpt":{"rendered":"<p>\u0130\u00e7i\u015fleri Bakan\u0131 Dursun O\u011fuz, 30 A\u011fustos Zafer Bayram\u0131 dolay\u0131s\u0131yla yay\u0131mlad\u0131\u011f\u0131 mesajda, 30 A\u011fustos zaferiyle T\u00fcrk milletinin, vatan b\u00fct\u00fcnl\u00fc\u011f\u00fcnden ve h\u00fcrriyetinden taviz vermeyece\u011fini b\u00fct\u00fcn d\u00fcnyaya ilan etti\u011fini belirtti. O\u011fuz, mesaj\u0131nda \u00f6zg\u00fcrl\u00fck ve de\u011ferlerin korunmas\u0131 i\u00e7in tarih boyunca bir\u00e7ok m\u00fccadelenin ve \u00e7aban\u0131n verildi\u011fini vurgulayarak, \u015fu ifadeleri kulland\u0131: \u201c30 A\u011fustos zaferiyle T\u00fcrk milleti, vatan b\u00fct\u00fcnl\u00fc\u011f\u00fcnden ve h\u00fcrriyetinden taviz<\/p>\n","protected":false},"author":1,"featured_media":57929,"comment_status":"open","ping_status":"open","sticky":false,"template":"","format":"standard","meta":{"footnotes":""},"categories":[81],"tags":[],"class_list":["post-57928","post","type-post","status-publish","format-standard","has-post-thumbnail","hentry","category-kibris"],"yoast_head":"<!-- This site is optimized with the Yoast SEO plugin v27.5 - https:\/\/yoast.com\/product\/yoast-seo-wordpress\/ -->\n<title>Bakan O\u011fuz: 30 A\u011fustos zaferiyle T\u00fcrk milleti, vatan b\u00fct\u00fcnl\u00fc\u011f\u00fcnden ve h\u00fcrriyetinden taviz vermeyece\u011fini b\u00fct\u00fcn d\u00fcnyaya ilan etti -<\/title>\n<meta name=\"robots\" content=\"index, follow, max-snippet:-1, max-image-preview:large, max-video-preview:-1\" \/>\n<link rel=\"canonical\" href=\"https:\/\/kibrisdakik.com\/?p=57928\" \/>\n<meta property=\"og:locale\" content=\"tr_TR\" \/>\n<meta property=\"og:type\" content=\"article\" \/>\n<meta property=\"og:title\" content=\"Bakan O\u011fuz: 30 A\u011fustos zaferiyle T\u00fcrk milleti, vatan b\u00fct\u00fcnl\u00fc\u011f\u00fcnden ve h\u00fcrriyetinden taviz vermeyece\u011fini b\u00fct\u00fcn d\u00fcnyaya ilan etti -\" \/>\n<meta property=\"og:description\" content=\"\u0130\u00e7i\u015fleri Bakan\u0131 Dursun O\u011fuz, 30 A\u011fustos Zafer Bayram\u0131 dolay\u0131s\u0131yla yay\u0131mlad\u0131\u011f\u0131 mesajda, 30 A\u011fustos zaferiyle T\u00fcrk milletinin, vatan b\u00fct\u00fcnl\u00fc\u011f\u00fcnden ve h\u00fcrriyetinden taviz vermeyece\u011fini b\u00fct\u00fcn d\u00fcnyaya ilan etti\u011fini belirtti. O\u011fuz, mesaj\u0131nda \u00f6zg\u00fcrl\u00fck ve de\u011ferlerin korunmas\u0131 i\u00e7in tarih boyunca bir\u00e7ok m\u00fccadelenin ve \u00e7aban\u0131n verildi\u011fini vurgulayarak, \u015fu ifadeleri kulland\u0131: \u201c30 A\u011fustos zaferiyle T\u00fcrk milleti, vatan b\u00fct\u00fcnl\u00fc\u011f\u00fcnden ve h\u00fcrriyetinden taviz\" \/>\n<meta property=\"og:url\" content=\"https:\/\/kibrisdakik.com\/?p=57928\" \/>\n<meta property=\"article:published_time\" content=\"2024-08-29T13:55:57+00:00\" \/>\n<meta property=\"og:image\" content=\"https:\/\/kibrisdakik.com\/wp-content\/uploads\/2024\/08\/dursun-oguz-foto-740x420.jpg\" \/>\n\t<meta property=\"og:image:width\" content=\"1363\" \/>\n\t<meta property=\"og:image:height\" content=\"882\" \/>\n\t<meta property=\"og:image:type\" content=\"image\/jpeg\" \/>\n<meta name=\"author\" content=\"admin\" \/>\n<meta name=\"twitter:card\" content=\"summary_large_image\" \/>\n<meta name=\"twitter:label1\" content=\"Yazan:\" \/>\n\t<meta name=\"twitter:data1\" content=\"admin\" \/>\n\t<meta name=\"twitter:label2\" content=\"Tahmini okuma s\u00fcresi\" \/>\n\t<meta name=\"twitter:data2\" content=\"1 dakika\" \/>\n<script type=\"application\/ld+json\" class=\"yoast-schema-graph\">{\"@context\":\"https:\\\/\\\/schema.org\",\"@graph\":[{\"@type\":\"Article\",\"@id\":\"https:\\\/\\\/kibrisdakik.com\\\/?p=57928#article\",\"isPartOf\":{\"@id\":\"https:\\\/\\\/kibrisdakik.com\\\/?p=57928\"},\"author\":{\"name\":\"admin\",\"@id\":\"https:\\\/\\\/kibrisdakik.com\\\/#\\\/schema\\\/person\\\/9cd9d437bbb44f72b73ba127e06d8e79\"},\"headline\":\"Bakan O\u011fuz: 30 A\u011fustos zaferiyle T\u00fcrk milleti, vatan b\u00fct\u00fcnl\u00fc\u011f\u00fcnden ve h\u00fcrriyetinden taviz vermeyece\u011fini b\u00fct\u00fcn d\u00fcnyaya ilan etti\",\"datePublished\":\"2024-08-29T13:55:57+00:00\",\"mainEntityOfPage\":{\"@id\":\"https:\\\/\\\/kibrisdakik.com\\\/?p=57928\"},\"wordCount\":278,\"commentCount\":0,\"image\":{\"@id\":\"https:\\\/\\\/kibrisdakik.com\\\/?p=57928#primaryimage\"},\"thumbnailUrl\":\"https:\\\/\\\/kibrisdakik.com\\\/wp-content\\\/uploads\\\/2024\\\/08\\\/dursun-oguz-foto-740x420.jpg\",\"articleSection\":[\"K\u0131br\u0131s\"],\"inLanguage\":\"tr\",\"potentialAction\":[{\"@type\":\"CommentAction\",\"name\":\"Comment\",\"target\":[\"https:\\\/\\\/kibrisdakik.com\\\/?p=57928#respond\"]}]},{\"@type\":\"WebPage\",\"@id\":\"https:\\\/\\\/kibrisdakik.com\\\/?p=57928\",\"url\":\"https:\\\/\\\/kibrisdakik.com\\\/?p=57928\",\"name\":\"Bakan O\u011fuz: 30 A\u011fustos zaferiyle T\u00fcrk milleti, vatan b\u00fct\u00fcnl\u00fc\u011f\u00fcnden ve h\u00fcrriyetinden taviz vermeyece\u011fini b\u00fct\u00fcn d\u00fcnyaya ilan etti -\",\"isPartOf\":{\"@id\":\"https:\\\/\\\/kibrisdakik.com\\\/#website\"},\"primaryImageOfPage\":{\"@id\":\"https:\\\/\\\/kibrisdakik.com\\\/?p=57928#primaryimage\"},\"image\":{\"@id\":\"https:\\\/\\\/kibrisdakik.com\\\/?p=57928#primaryimage\"},\"thumbnailUrl\":\"https:\\\/\\\/kibrisdakik.com\\\/wp-content\\\/uploads\\\/2024\\\/08\\\/dursun-oguz-foto-740x420.jpg\",\"datePublished\":\"2024-08-29T13:55:57+00:00\",\"author\":{\"@id\":\"https:\\\/\\\/kibrisdakik.com\\\/#\\\/schema\\\/person\\\/9cd9d437bbb44f72b73ba127e06d8e79\"},\"breadcrumb\":{\"@id\":\"https:\\\/\\\/kibrisdakik.com\\\/?p=57928#breadcrumb\"},\"inLanguage\":\"tr\",\"potentialAction\":[{\"@type\":\"ReadAction\",\"target\":[\"https:\\\/\\\/kibrisdakik.com\\\/?p=57928\"]}]},{\"@type\":\"ImageObject\",\"inLanguage\":\"tr\",\"@id\":\"https:\\\/\\\/kibrisdakik.com\\\/?p=57928#primaryimage\",\"url\":\"https:\\\/\\\/kibrisdakik.com\\\/wp-content\\\/uploads\\\/2024\\\/08\\\/dursun-oguz-foto-740x420.jpg\",\"contentUrl\":\"https:\\\/\\\/kibrisdakik.com\\\/wp-content\\\/uploads\\\/2024\\\/08\\\/dursun-oguz-foto-740x420.jpg\",\"width\":1363,\"height\":882},{\"@type\":\"BreadcrumbList\",\"@id\":\"https:\\\/\\\/kibrisdakik.com\\\/?p=57928#breadcrumb\",\"itemListElement\":[{\"@type\":\"ListItem\",\"position\":1,\"name\":\"Home\",\"item\":\"https:\\\/\\\/kibrisdakik.com\\\/\"},{\"@type\":\"ListItem\",\"position\":2,\"name\":\"Bakan O\u011fuz: 30 A\u011fustos zaferiyle T\u00fcrk milleti, vatan b\u00fct\u00fcnl\u00fc\u011f\u00fcnden ve h\u00fcrriyetinden taviz vermeyece\u011fini b\u00fct\u00fcn d\u00fcnyaya ilan etti\"}]},{\"@type\":\"WebSite\",\"@id\":\"https:\\\/\\\/kibrisdakik.com\\\/#website\",\"url\":\"https:\\\/\\\/kibrisdakik.com\\\/\",\"name\":\"\",\"description\":\"Tam vaktinde haber\",\"potentialAction\":[{\"@type\":\"SearchAction\",\"target\":{\"@type\":\"EntryPoint\",\"urlTemplate\":\"https:\\\/\\\/kibrisdakik.com\\\/?s={search_term_string}\"},\"query-input\":{\"@type\":\"PropertyValueSpecification\",\"valueRequired\":true,\"valueName\":\"search_term_string\"}}],\"inLanguage\":\"tr\"},{\"@type\":\"Person\",\"@id\":\"https:\\\/\\\/kibrisdakik.com\\\/#\\\/schema\\\/person\\\/9cd9d437bbb44f72b73ba127e06d8e79\",\"name\":\"admin\",\"image\":{\"@type\":\"ImageObject\",\"inLanguage\":\"tr\",\"@id\":\"https:\\\/\\\/secure.gravatar.com\\\/avatar\\\/ccc17943b9d660506c869530f897617f7cb1c21a4bf30023f252596d83e1f007?s=96&d=mm&r=g\",\"url\":\"https:\\\/\\\/secure.gravatar.com\\\/avatar\\\/ccc17943b9d660506c869530f897617f7cb1c21a4bf30023f252596d83e1f007?s=96&d=mm&r=g\",\"contentUrl\":\"https:\\\/\\\/secure.gravatar.com\\\/avatar\\\/ccc17943b9d660506c869530f897617f7cb1c21a4bf30023f252596d83e1f007?s=96&d=mm&r=g\",\"caption\":\"admin\"},\"sameAs\":[\"https:\\\/\\\/kibrisdakik.com\"],\"url\":\"https:\\\/\\\/kibrisdakik.com\\\/?author=1\"}]}<\/script>\n<!-- \/ Yoast SEO plugin. -->","yoast_head_json":{"title":"Bakan O\u011fuz: 30 A\u011fustos zaferiyle T\u00fcrk milleti, vatan b\u00fct\u00fcnl\u00fc\u011f\u00fcnden ve h\u00fcrriyetinden taviz vermeyece\u011fini b\u00fct\u00fcn d\u00fcnyaya ilan etti -","robots":{"index":"index","follow":"follow","max-snippet":"max-snippet:-1","max-image-preview":"max-image-preview:large","max-video-preview":"max-video-preview:-1"},"canonical":"https:\/\/kibrisdakik.com\/?p=57928","og_locale":"tr_TR","og_type":"article","og_title":"Bakan O\u011fuz: 30 A\u011fustos zaferiyle T\u00fcrk milleti, vatan b\u00fct\u00fcnl\u00fc\u011f\u00fcnden ve h\u00fcrriyetinden taviz vermeyece\u011fini b\u00fct\u00fcn d\u00fcnyaya ilan etti -","og_description":"\u0130\u00e7i\u015fleri Bakan\u0131 Dursun O\u011fuz, 30 A\u011fustos Zafer Bayram\u0131 dolay\u0131s\u0131yla yay\u0131mlad\u0131\u011f\u0131 mesajda, 30 A\u011fustos zaferiyle T\u00fcrk milletinin, vatan b\u00fct\u00fcnl\u00fc\u011f\u00fcnden ve h\u00fcrriyetinden taviz vermeyece\u011fini b\u00fct\u00fcn d\u00fcnyaya ilan etti\u011fini belirtti. O\u011fuz, mesaj\u0131nda \u00f6zg\u00fcrl\u00fck ve de\u011ferlerin korunmas\u0131 i\u00e7in tarih boyunca bir\u00e7ok m\u00fccadelenin ve \u00e7aban\u0131n verildi\u011fini vurgulayarak, \u015fu ifadeleri kulland\u0131: \u201c30 A\u011fustos zaferiyle T\u00fcrk milleti, vatan b\u00fct\u00fcnl\u00fc\u011f\u00fcnden ve h\u00fcrriyetinden taviz","og_url":"https:\/\/kibrisdakik.com\/?p=57928","article_published_time":"2024-08-29T13:55:57+00:00","og_image":[{"width":1363,"height":882,"url":"https:\/\/kibrisdakik.com\/wp-content\/uploads\/2024\/08\/dursun-oguz-foto-740x420.jpg","type":"image\/jpeg"}],"author":"admin","twitter_card":"summary_large_image","twitter_misc":{"Yazan:":"admin","Tahmini okuma s\u00fcresi":"1 dakika"},"schema":{"@context":"https:\/\/schema.org","@graph":[{"@type":"Article","@id":"https:\/\/kibrisdakik.com\/?p=57928#article","isPartOf":{"@id":"https:\/\/kibrisdakik.com\/?p=57928"},"author":{"name":"admin","@id":"https:\/\/kibrisdakik.com\/#\/schema\/person\/9cd9d437bbb44f72b73ba127e06d8e79"},"headline":"Bakan O\u011fuz: 30 A\u011fustos zaferiyle T\u00fcrk milleti, vatan b\u00fct\u00fcnl\u00fc\u011f\u00fcnden ve h\u00fcrriyetinden taviz vermeyece\u011fini b\u00fct\u00fcn d\u00fcnyaya ilan etti","datePublished":"2024-08-29T13:55:57+00:00","mainEntityOfPage":{"@id":"https:\/\/kibrisdakik.com\/?p=57928"},"wordCount":278,"commentCount":0,"image":{"@id":"https:\/\/kibrisdakik.com\/?p=57928#primaryimage"},"thumbnailUrl":"https:\/\/kibrisdakik.com\/wp-content\/uploads\/2024\/08\/dursun-oguz-foto-740x420.jpg","articleSection":["K\u0131br\u0131s"],"inLanguage":"tr","potentialAction":[{"@type":"CommentAction","name":"Comment","target":["https:\/\/kibrisdakik.com\/?p=57928#respond"]}]},{"@type":"WebPage","@id":"https:\/\/kibrisdakik.com\/?p=57928","url":"https:\/\/kibrisdakik.com\/?p=57928","name":"Bakan O\u011fuz: 30 A\u011fustos zaferiyle T\u00fcrk milleti, vatan b\u00fct\u00fcnl\u00fc\u011f\u00fcnden ve h\u00fcrriyetinden taviz vermeyece\u011fini b\u00fct\u00fcn d\u00fcnyaya ilan etti -","isPartOf":{"@id":"https:\/\/kibrisdakik.com\/#website"},"primaryImageOfPage":{"@id":"https:\/\/kibrisdakik.com\/?p=57928#primaryimage"},"image":{"@id":"https:\/\/kibrisdakik.com\/?p=57928#primaryimage"},"thumbnailUrl":"https:\/\/kibrisdakik.com\/wp-content\/uploads\/2024\/08\/dursun-oguz-foto-740x420.jpg","datePublished":"2024-08-29T13:55:57+00:00","author":{"@id":"https:\/\/kibrisdakik.com\/#\/schema\/person\/9cd9d437bbb44f72b73ba127e06d8e79"},"breadcrumb":{"@id":"https:\/\/kibrisdakik.com\/?p=57928#breadcrumb"},"inLanguage":"tr","potentialAction":[{"@type":"ReadAction","target":["https:\/\/kibrisdakik.com\/?p=57928"]}]},{"@type":"ImageObject","inLanguage":"tr","@id":"https:\/\/kibrisdakik.com\/?p=57928#primaryimage","url":"https:\/\/kibrisdakik.com\/wp-content\/uploads\/2024\/08\/dursun-oguz-foto-740x420.jpg","contentUrl":"https:\/\/kibrisdakik.com\/wp-content\/uploads\/2024\/08\/dursun-oguz-foto-740x420.jpg","width":1363,"height":882},{"@type":"BreadcrumbList","@id":"https:\/\/kibrisdakik.com\/?p=57928#breadcrumb","itemListElement":[{"@type":"ListItem","position":1,"name":"Home","item":"https:\/\/kibrisdakik.com\/"},{"@type":"ListItem","position":2,"name":"Bakan O\u011fuz: 30 A\u011fustos zaferiyle T\u00fcrk milleti, vatan b\u00fct\u00fcnl\u00fc\u011f\u00fcnden ve h\u00fcrriyetinden taviz vermeyece\u011fini b\u00fct\u00fcn d\u00fcnyaya ilan etti"}]},{"@type":"WebSite","@id":"https:\/\/kibrisdakik.com\/#website","url":"https:\/\/kibrisdakik.com\/","name":"","description":"Tam vaktinde haber","potentialAction":[{"@type":"SearchAction","target":{"@type":"EntryPoint","urlTemplate":"https:\/\/kibrisdakik.com\/?s={search_term_string}"},"query-input":{"@type":"PropertyValueSpecification","valueRequired":true,"valueName":"search_term_string"}}],"inLanguage":"tr"},{"@type":"Person","@id":"https:\/\/kibrisdakik.com\/#\/schema\/person\/9cd9d437bbb44f72b73ba127e06d8e79","name":"admin","image":{"@type":"ImageObject","inLanguage":"tr","@id":"https:\/\/secure.gravatar.com\/avatar\/ccc17943b9d660506c869530f897617f7cb1c21a4bf30023f252596d83e1f007?s=96&d=mm&r=g","url":"https:\/\/secure.gravatar.com\/avatar\/ccc17943b9d660506c869530f897617f7cb1c21a4bf30023f252596d83e1f007?s=96&d=mm&r=g","contentUrl":"https:\/\/secure.gravatar.com\/avatar\/ccc17943b9d660506c869530f897617f7cb1c21a4bf30023f252596d83e1f007?s=96&d=mm&r=g","caption":"admin"},"sameAs":["https:\/\/kibrisdakik.com"],"url":"https:\/\/kibrisdakik.com\/?author=1"}]}},"_links":{"self":[{"href":"https:\/\/kibrisdakik.com\/index.php?rest_route=\/wp\/v2\/posts\/57928","targetHints":{"allow":["GET"]}}],"collection":[{"href":"https:\/\/kibrisdakik.com\/index.php?rest_route=\/wp\/v2\/posts"}],"about":[{"href":"https:\/\/kibrisdakik.com\/index.php?rest_route=\/wp\/v2\/types\/post"}],"author":[{"embeddable":true,"href":"https:\/\/kibrisdakik.com\/index.php?rest_route=\/wp\/v2\/users\/1"}],"replies":[{"embeddable":true,"href":"https:\/\/kibrisdakik.com\/index.php?rest_route=%2Fwp%2Fv2%2Fcomments&post=57928"}],"version-history":[{"count":0,"href":"https:\/\/kibrisdakik.com\/index.php?rest_route=\/wp\/v2\/posts\/57928\/revisions"}],"wp:featuredmedia":[{"embeddable":true,"href":"https:\/\/kibrisdakik.com\/index.php?rest_route=\/wp\/v2\/media\/57929"}],"wp:attachment":[{"href":"https:\/\/kibrisdakik.com\/index.php?rest_route=%2Fwp%2Fv2%2Fmedia&parent=57928"}],"wp:term":[{"taxonomy":"category","embeddable":true,"href":"https:\/\/kibrisdakik.com\/index.php?rest_route=%2Fwp%2Fv2%2Fcategories&post=57928"},{"taxonomy":"post_tag","embeddable":true,"href":"https:\/\/kibrisdakik.com\/index.php?rest_route=%2Fwp%2Fv2%2Ftags&post=57928"}],"curies":[{"name":"wp","href":"https:\/\/api.w.org\/{rel}","templated":true}]}}