{"id":57934,"date":"2024-08-29T17:49:21","date_gmt":"2024-08-29T14:49:21","guid":{"rendered":"https:\/\/kibrisdakik.com\/index.php\/2024\/08\/29\/goztepe-macinda-saldiriya-ugramisti-tahkim-kurulundan-ali-kocun-cezasina-indirim\/"},"modified":"2024-08-29T17:49:21","modified_gmt":"2024-08-29T14:49:21","slug":"goztepe-macinda-saldiriya-ugramisti-tahkim-kurulundan-ali-kocun-cezasina-indirim","status":"publish","type":"post","link":"https:\/\/kibrisdakik.com\/?p=57934","title":{"rendered":"G\u00f6ztepe ma\u00e7\u0131nda sald\u0131r\u0131ya u\u011fram\u0131\u015ft\u0131! Tahkim Kurulu&#8217;ndan Ali Ko\u00e7&#8217;un cezas\u0131na indirim"},"content":{"rendered":"<p><img decoding=\"async\" src=\"https:\/\/foto.haberler.com\/haber\/2024\/08\/29\/goztepe-macinda-saldiriya-ugramisti-tahkim-17767606_5937_amp.jpg\" \/><\/p>\n<div id=\"\">\n<p>Tahkim Kurulu, Trendyol S\u00fcper Lig&#8217;in 2. haftas\u0131nda oynanan olayl\u0131 G\u00f6ztepe kar\u015f\u0131la\u015fmas\u0131n\u0131n ard\u0131ndan sar\u0131-lacivertlilerin ba\u015fkan\u0131  <a class=\"keyword\" href=\"https:\/\/www.haberler.com\/ali-koc\/\" title=\"Ali Ko\u00e7 Haberleri, Ali Ko\u00e7 Haberi, Ali Ko\u00e7 Haber\"><strong>Ali Ko\u00e7<\/strong><\/a>&#8216;a verilen cezada indirime gitti.<\/p>\n<h3>504 B\u0130N TL&#8217;DEN 168 B\u0130N TL&#8217;YE D\u00dc\u015e\u00dcR\u00dcLD\u00dc<\/h3>\n<p>Kurul, Fenerbah\u00e7e Ba\u015fkan\u0131  <a class=\"keyword\" href=\"https:\/\/www.haberler.com\/ali-koc\/\" title=\"Ali Ko\u00e7 Haberleri, Ali Ko\u00e7 Haberi, Ali Ko\u00e7 Haber\"><strong>Ali Ko\u00e7<\/strong><\/a>&#8216;a verilen 504 bin TL&#8217;lik para cezas\u0131n\u0131 168 bin TL&#8217;ye d\u00fc\u015f\u00fcrd\u00fc. Fenerbah\u00e7e Genel Sekreteri Burak K\u0131z\u0131lhan&#8217;\u0131n cezas\u0131 da 336 Bin TL&#8217;den 168 Bin TL&#8217;ye d\u00fc\u015f\u00fcr\u00fcld\u00fc. Tahkim Kurulu, G\u00f6ztepe ma\u00e7\u0131nda ya\u015fananlar\u0131n ard\u0131ndan s\u00f6z konusu iki isme para cezas\u0131 vermi\u015fti.<\/p>\n<h3>TAHK\u0130M KURULU&#8217;NUN \u0130ND\u0130R\u0130M A\u00c7IKLAMASI<\/h3>\n<p><strong> <i>Tahkim <\/i> Kurulu&#8217;ndan yap\u0131lan a\u00e7\u0131klama \u015fu \u015fekilde;<\/strong> <\/p>\n<p>&#8220;Fenerbah\u00e7e Futbol A.\u015e. Ba\u015fkan\u0131 Y\u0131ld\u0131r\u0131m  <a class=\"keyword\" href=\"https:\/\/www.haberler.com\/ali-koc\/\" title=\"Ali Ko\u00e7 Haberleri, Ali Ko\u00e7 Haberi, Ali Ko\u00e7 Haber\"><strong>Ali Ko\u00e7<\/strong><\/a>&#8216;un m\u00fcsabakan\u0131n devre aras\u0131nda ve m\u00fcsabakan\u0131n durmas\u0131na sebebiyet verecek \u015fekilde m\u00fcsabaka esnas\u0131nda akredite edilmedi\u011fi alanda bulunmas\u0131ndan dolay\u0131 talimatlara ayk\u0131r\u0131 eylemi nedeniyle FDT&#8217;nin 46\/1. maddesi uyar\u0131nca verilen 504.000,00 TL para cezas\u0131n\u0131n FDT&#8217;nin 13. maddesinin uygulanmas\u0131 suretiyle takdiren indirilmesi neticesinde cezan\u0131n 168.000,00 TL para cezas\u0131 \u015feklinde karar\u0131n d\u00fczeltilerek onanmas\u0131na, oybirli\u011fi ile,<\/p>\n<p>Fenerbah\u00e7e Futbol A.\u015e.&#8217;nin \u0130darecisi Burak \u00c7a\u011flan K\u0131z\u0131lhan&#8217;\u0131n m\u00fcsabakan\u0131n devre aras\u0131nda ve m\u00fcsabakan\u0131n durmas\u0131na sebebiyet verecek \u015fekilde m\u00fcsabaka esnas\u0131nda akredite edilmedi\u011fi alanda bulunmas\u0131ndan dolay\u0131 talimatlara ayk\u0131r\u0131 eylemi nedeniyle FDT&#8217;nin 46. maddesi uyar\u0131nca verilen 336.000,00 TL para cezas\u0131n\u0131n FDT&#8217;nin 13. maddesinin uygulanmas\u0131 suretiyle takdiren indirilmesi neticesinde cezan\u0131n 168.000,00 TL para cezas\u0131 \u015feklinde karar\u0131n d\u00fczeltilerek onanmas\u0131na, oybirli\u011fi ile karar verilmi\u015ftir.&#8221;<\/p>\n<h3>G\u00d6ZTEPE&#8217;N\u0130N CEZASI DA \u0130ND\u0130R\u0130LM\u0130\u015eT\u0130<\/h3>\n<p>Tahkim Kurulu, ge\u00e7ti\u011fimiz g\u00fcnlerde yapt\u0131\u011f\u0131 a\u00e7\u0131klamayla Trendyol S\u00fcper Lig&#8217;in 2. haftas\u0131nda oynanan G\u00f6ztepe- Fenerbah\u00e7e ma\u00e7\u0131nda ya\u015fanan &#8220;taraftarlar\u0131n\u0131n ve mensuplar\u0131n\u0131n neden oldu\u011fu saha olaylar\u0131 nedeniyle&#8221; \u0130zmir ekibine verilen 2 ma\u00e7 seyircisiz oynama cezas\u0131n\u0131 da 1 ma\u00e7a d\u00fc\u015f\u00fcrm\u00fc\u015ft\u00fc.<\/p>\n<h3>G\u00d6ZTEPE-FENERBAH\u00c7E MA\u00c7INDA YA\u015eANANLAR<\/h3>\n<p>S\u00fcper Lig&#8217;in 2. haftas\u0131nda G\u00f6ztepe ile Fenerbah\u00e7e kar\u015f\u0131la\u015fmas\u0131na Fenerbah\u00e7e Ba\u015fkan\u0131  <a class=\"keyword\" href=\"https:\/\/www.haberler.com\/ali-koc\/\" title=\"Ali Ko\u00e7 Haberleri, Ali Ko\u00e7 Haberi, Ali Ko\u00e7 Haber\"><strong>Ali Ko\u00e7<\/strong><\/a>&#8216;a yabanc\u0131 madde at\u0131lmas\u0131 ve yere d\u00fc\u015f\u00fcr\u00fclmesi damga vurdu. \u0130lk yar\u0131s\u0131n\u0131 sar\u0131-lacivertlilerin 2-0 \u00f6nde kapatt\u0131\u011f\u0131 m\u00fcsabakan\u0131n ikinci yar\u0131s\u0131n\u0131n ilk dakikalar\u0131nda saha kar\u0131\u015ft\u0131. Fenerbah\u00e7e Ba\u015fkan\u0131  <a class=\"keyword\" href=\"https:\/\/www.haberler.com\/ali-koc\/\" title=\"Ali Ko\u00e7 Haberleri, Ali Ko\u00e7 Haberi, Ali Ko\u00e7 Haber\"><strong>Ali Ko\u00e7<\/strong><\/a>, trib\u00fcne giremeyen sar\u0131-lacivertli taraftarlar\u0131na destek olmak amac\u0131yla deplasman trib\u00fcn\u00fcne gitti. G\u00fcvenlik \u00f6nlemleri alt\u0131nda trib\u00fcnden ayr\u0131larak oyuncular\u0131n \u00e7\u0131k\u0131\u015f t\u00fcneline hareket eden Ba\u015fkan Ko\u00e7&#8217;a trib\u00fcnlerden \u015fi\u015fe ve yabanc\u0131 maddeler at\u0131ld\u0131. Bir \u015fi\u015fenin isabet etmesi ve g\u00f6revlilerden Fatih \u00d6zkan&#8217;\u0131n itmesiyle Ali Ko\u00e7 yerde kal\u0131rken, daha sonra ev sahibi kul\u00fcp g\u00f6revlileri ile Ali Ko\u00e7 ve korumalar\u0131 aras\u0131nda arbede ya\u015fand\u0131. Hakem Kadir Sa\u011flam bu s\u0131rada oyunu durdururken, Ba\u015fkan Ko\u00e7&#8217;un sahadan \u00e7\u0131kmas\u0131yla kar\u015f\u0131la\u015fma kald\u0131\u011f\u0131 yerden devam etti.<\/p>\n<h3>EV HAPS\u0130 CEZASI ALDI<\/h3>\n<p>Savc\u0131l\u0131kta ifade veren Fatih \u00d6zkan, &#8220;Ali Ko\u00e7&#8217;u saha d\u0131\u015f\u0131na \u00e7\u0131karmak istedim. Yerler \u0131slakt\u0131, h\u0131z\u0131m\u0131 ayarlayamad\u0131m ve istemeden sert bir \u015fekilde ittim. Yaralama kast\u0131m yoktu.&#8221; diyerek kendini savunmu\u015ftu. Ancak bu savunma, hukuki s\u00fcre\u00e7te \u00d6zkan&#8217;\u0131n ceza almas\u0131na engel olamad\u0131. Mahkeme, \u00d6zkan&#8217;a ev hapsi cezas\u0131 verdi.<\/p>\n<h3>AL\u0130 KO\u00c7 VE FENERBAH\u00c7E&#8217;DEN \u00d6Z\u00dcR D\u0130LED\u0130<\/h3>\n<p>Trendyol S\u00fcper Lig&#8217;in 2. haftas\u0131nda oynanan G\u00f6ztepe-Fenerbah\u00e7e ma\u00e7\u0131n\u0131n devre aras\u0131nda Fenerbah\u00e7e Ba\u015fkan\u0131 Ali Ko\u00e7&#8217;a sald\u0131ran Fatih \u00d6zkan, sar\u0131-lacivertli camiadan ve Ali Ko\u00e7&#8217;tan \u00f6z\u00fcr diledi. Sosyal medya hesab\u0131ndan bir a\u00e7\u0131klama yaparak sar\u0131-lacivertli camiadan \u00f6z\u00fcr dileyen \u00d6zkan, &#8220;17\/08\/24 tarihinde futbolumuzun iki g\u00fczide kul\u00fcb\u00fc aras\u0131nda oynanan m\u00fcsabaka s\u0131ras\u0131nda meydana gelen ve halihaz\u0131rda kamuoyunu me\u015fgul etmeye devam eden menfur olay\u0131n bir taraf\u0131 olarak ya\u015fanan bu olay nedeni ile son derece \u00fczg\u00fcn oldu\u011fumun bilinmesini isterim. Kamuoyunun bu olay nedeni ile daha fazla me\u015fgul edilmemesi; her iki g\u00fczide kul\u00fcbe g\u00f6n\u00fcl vermi\u015f taraftarlar\u0131n y\u0131prat\u0131lmamas\u0131 i\u00e7in ba\u015fta t\u00fcm kamuoyu olmak \u00fczere mensubu oldu\u011fum G\u00f6ztepe  <a class=\"keyword\" href=\"https:\/\/www.haberler.com\/spor\/\" title=\"Spor, Spor Haberleri, Spor Haber\"><strong>Spor<\/strong><\/a> Kul\u00fcb\u00fc, kul\u00fcp onursal ba\u015fkan\u0131 Mehmet Sepil, Fenerbah\u00e7e Spor kul\u00fcb\u00fc ba\u015fkan\u0131 Ali Y. Ko\u00e7 ile t\u00fcm Fenerbah\u00e7e camias\u0131ndan \u00f6z\u00fcr diledi\u011fimi kamuoyuna sayg\u0131 ile bildiririm&#8221; ifadelerini kulland\u0131.<\/p>\n<div class=\"editorSade\">Kaynak: Haberler.com \/  <a href=\"https:\/\/www.haberler.com\/spor\/\" title=\"Spor Haberleri\">Spor<\/a> <\/div>\n<h4 id=\"nwsKeywords\"> <a href=\"https:\/\/www.haberler.com\/fenerbahce\/\" title=\"Fenerbah\u00e7e\" class=\"hbptTag\">Fenerbah\u00e7e<\/a>  <a href=\"https:\/\/www.haberler.com\/ali-koc\/\" title=\"Ali Ko\u00e7\" class=\"hbptTag\">Ali Ko\u00e7<\/a>  <a href=\"https:\/\/www.haberler.com\/futbol\/\" title=\"Futbol\" class=\"hbptTag\">Futbol<\/a>  <a href=\"https:\/\/www.haberler.com\/spor\/\" title=\"Spor\" class=\"hbptTag\">Spor<\/a>  <a href=\"https:\/\/www.haberler.com\/\" title=\"Haberler\" class=\"hbptTag\">Haberler<\/a> <\/h4>\n<\/div>\n","protected":false},"excerpt":{"rendered":"<p>Tahkim Kurulu, Trendyol S\u00fcper Lig&#8217;in 2. haftas\u0131nda oynanan olayl\u0131 G\u00f6ztepe kar\u015f\u0131la\u015fmas\u0131n\u0131n ard\u0131ndan sar\u0131-lacivertlilerin ba\u015fkan\u0131 Ali Ko\u00e7&#8216;a verilen cezada indirime gitti. 504 B\u0130N TL&#8217;DEN 168 B\u0130N TL&#8217;YE D\u00dc\u015e\u00dcR\u00dcLD\u00dc Kurul, Fenerbah\u00e7e Ba\u015fkan\u0131 Ali Ko\u00e7&#8216;a verilen 504 bin TL&#8217;lik para cezas\u0131n\u0131 168 bin TL&#8217;ye d\u00fc\u015f\u00fcrd\u00fc. Fenerbah\u00e7e Genel Sekreteri Burak K\u0131z\u0131lhan&#8217;\u0131n cezas\u0131 da 336 Bin TL&#8217;den 168 Bin TL&#8217;ye<\/p>\n","protected":false},"author":1,"featured_media":57935,"comment_status":"open","ping_status":"open","sticky":false,"template":"","format":"standard","meta":{"footnotes":""},"categories":[83],"tags":[],"class_list":["post-57934","post","type-post","status-publish","format-standard","has-post-thumbnail","hentry","category-magazin"],"yoast_head":"<!-- This site is optimized with the Yoast SEO plugin v27.4 - https:\/\/yoast.com\/product\/yoast-seo-wordpress\/ -->\n<title>G\u00f6ztepe ma\u00e7\u0131nda sald\u0131r\u0131ya u\u011fram\u0131\u015ft\u0131! Tahkim Kurulu&#039;ndan Ali Ko\u00e7&#039;un cezas\u0131na indirim -<\/title>\n<meta name=\"robots\" content=\"index, follow, max-snippet:-1, max-image-preview:large, max-video-preview:-1\" \/>\n<link rel=\"canonical\" href=\"https:\/\/kibrisdakik.com\/?p=57934\" \/>\n<meta property=\"og:locale\" content=\"tr_TR\" \/>\n<meta property=\"og:type\" content=\"article\" \/>\n<meta property=\"og:title\" content=\"G\u00f6ztepe ma\u00e7\u0131nda sald\u0131r\u0131ya u\u011fram\u0131\u015ft\u0131! Tahkim Kurulu&#039;ndan Ali Ko\u00e7&#039;un cezas\u0131na indirim -\" \/>\n<meta property=\"og:description\" content=\"Tahkim Kurulu, Trendyol S\u00fcper Lig&#8217;in 2. haftas\u0131nda oynanan olayl\u0131 G\u00f6ztepe kar\u015f\u0131la\u015fmas\u0131n\u0131n ard\u0131ndan sar\u0131-lacivertlilerin ba\u015fkan\u0131 Ali Ko\u00e7&#8216;a verilen cezada indirime gitti. 504 B\u0130N TL&#8217;DEN 168 B\u0130N TL&#8217;YE D\u00dc\u015e\u00dcR\u00dcLD\u00dc Kurul, Fenerbah\u00e7e Ba\u015fkan\u0131 Ali Ko\u00e7&#8216;a verilen 504 bin TL&#8217;lik para cezas\u0131n\u0131 168 bin TL&#8217;ye d\u00fc\u015f\u00fcrd\u00fc. Fenerbah\u00e7e Genel Sekreteri Burak K\u0131z\u0131lhan&#8217;\u0131n cezas\u0131 da 336 Bin TL&#8217;den 168 Bin TL&#8217;ye\" \/>\n<meta property=\"og:url\" content=\"https:\/\/kibrisdakik.com\/?p=57934\" \/>\n<meta property=\"article:published_time\" content=\"2024-08-29T14:49:21+00:00\" \/>\n<meta property=\"og:image\" content=\"https:\/\/kibrisdakik.com\/wp-content\/uploads\/2024\/08\/goztepe-macinda-saldiriya-ugramisti-tahkim-17767606_5937_amp.jpg\" \/>\n\t<meta property=\"og:image:width\" content=\"1202\" \/>\n\t<meta property=\"og:image:height\" content=\"675\" \/>\n\t<meta property=\"og:image:type\" content=\"image\/jpeg\" \/>\n<meta name=\"author\" content=\"admin\" \/>\n<meta name=\"twitter:card\" content=\"summary_large_image\" \/>\n<meta name=\"twitter:label1\" content=\"Yazan:\" \/>\n\t<meta name=\"twitter:data1\" content=\"admin\" \/>\n\t<meta name=\"twitter:label2\" content=\"Tahmini okuma s\u00fcresi\" \/>\n\t<meta name=\"twitter:data2\" content=\"4 dakika\" \/>\n<script type=\"application\/ld+json\" class=\"yoast-schema-graph\">{\"@context\":\"https:\\\/\\\/schema.org\",\"@graph\":[{\"@type\":\"Article\",\"@id\":\"https:\\\/\\\/kibrisdakik.com\\\/?p=57934#article\",\"isPartOf\":{\"@id\":\"https:\\\/\\\/kibrisdakik.com\\\/?p=57934\"},\"author\":{\"name\":\"admin\",\"@id\":\"https:\\\/\\\/kibrisdakik.com\\\/#\\\/schema\\\/person\\\/9cd9d437bbb44f72b73ba127e06d8e79\"},\"headline\":\"G\u00f6ztepe ma\u00e7\u0131nda sald\u0131r\u0131ya u\u011fram\u0131\u015ft\u0131! Tahkim Kurulu&#8217;ndan Ali Ko\u00e7&#8217;un cezas\u0131na indirim\",\"datePublished\":\"2024-08-29T14:49:21+00:00\",\"mainEntityOfPage\":{\"@id\":\"https:\\\/\\\/kibrisdakik.com\\\/?p=57934\"},\"wordCount\":770,\"commentCount\":0,\"image\":{\"@id\":\"https:\\\/\\\/kibrisdakik.com\\\/?p=57934#primaryimage\"},\"thumbnailUrl\":\"https:\\\/\\\/kibrisdakik.com\\\/wp-content\\\/uploads\\\/2024\\\/08\\\/goztepe-macinda-saldiriya-ugramisti-tahkim-17767606_5937_amp.jpg\",\"articleSection\":[\"Magazin\"],\"inLanguage\":\"tr\",\"potentialAction\":[{\"@type\":\"CommentAction\",\"name\":\"Comment\",\"target\":[\"https:\\\/\\\/kibrisdakik.com\\\/?p=57934#respond\"]}]},{\"@type\":\"WebPage\",\"@id\":\"https:\\\/\\\/kibrisdakik.com\\\/?p=57934\",\"url\":\"https:\\\/\\\/kibrisdakik.com\\\/?p=57934\",\"name\":\"G\u00f6ztepe ma\u00e7\u0131nda sald\u0131r\u0131ya u\u011fram\u0131\u015ft\u0131! Tahkim Kurulu'ndan Ali Ko\u00e7'un cezas\u0131na indirim -\",\"isPartOf\":{\"@id\":\"https:\\\/\\\/kibrisdakik.com\\\/#website\"},\"primaryImageOfPage\":{\"@id\":\"https:\\\/\\\/kibrisdakik.com\\\/?p=57934#primaryimage\"},\"image\":{\"@id\":\"https:\\\/\\\/kibrisdakik.com\\\/?p=57934#primaryimage\"},\"thumbnailUrl\":\"https:\\\/\\\/kibrisdakik.com\\\/wp-content\\\/uploads\\\/2024\\\/08\\\/goztepe-macinda-saldiriya-ugramisti-tahkim-17767606_5937_amp.jpg\",\"datePublished\":\"2024-08-29T14:49:21+00:00\",\"author\":{\"@id\":\"https:\\\/\\\/kibrisdakik.com\\\/#\\\/schema\\\/person\\\/9cd9d437bbb44f72b73ba127e06d8e79\"},\"breadcrumb\":{\"@id\":\"https:\\\/\\\/kibrisdakik.com\\\/?p=57934#breadcrumb\"},\"inLanguage\":\"tr\",\"potentialAction\":[{\"@type\":\"ReadAction\",\"target\":[\"https:\\\/\\\/kibrisdakik.com\\\/?p=57934\"]}]},{\"@type\":\"ImageObject\",\"inLanguage\":\"tr\",\"@id\":\"https:\\\/\\\/kibrisdakik.com\\\/?p=57934#primaryimage\",\"url\":\"https:\\\/\\\/kibrisdakik.com\\\/wp-content\\\/uploads\\\/2024\\\/08\\\/goztepe-macinda-saldiriya-ugramisti-tahkim-17767606_5937_amp.jpg\",\"contentUrl\":\"https:\\\/\\\/kibrisdakik.com\\\/wp-content\\\/uploads\\\/2024\\\/08\\\/goztepe-macinda-saldiriya-ugramisti-tahkim-17767606_5937_amp.jpg\",\"width\":1202,\"height\":675},{\"@type\":\"BreadcrumbList\",\"@id\":\"https:\\\/\\\/kibrisdakik.com\\\/?p=57934#breadcrumb\",\"itemListElement\":[{\"@type\":\"ListItem\",\"position\":1,\"name\":\"Home\",\"item\":\"https:\\\/\\\/kibrisdakik.com\\\/\"},{\"@type\":\"ListItem\",\"position\":2,\"name\":\"G\u00f6ztepe ma\u00e7\u0131nda sald\u0131r\u0131ya u\u011fram\u0131\u015ft\u0131! Tahkim Kurulu&#8217;ndan Ali Ko\u00e7&#8217;un cezas\u0131na indirim\"}]},{\"@type\":\"WebSite\",\"@id\":\"https:\\\/\\\/kibrisdakik.com\\\/#website\",\"url\":\"https:\\\/\\\/kibrisdakik.com\\\/\",\"name\":\"\",\"description\":\"Tam vaktinde haber\",\"potentialAction\":[{\"@type\":\"SearchAction\",\"target\":{\"@type\":\"EntryPoint\",\"urlTemplate\":\"https:\\\/\\\/kibrisdakik.com\\\/?s={search_term_string}\"},\"query-input\":{\"@type\":\"PropertyValueSpecification\",\"valueRequired\":true,\"valueName\":\"search_term_string\"}}],\"inLanguage\":\"tr\"},{\"@type\":\"Person\",\"@id\":\"https:\\\/\\\/kibrisdakik.com\\\/#\\\/schema\\\/person\\\/9cd9d437bbb44f72b73ba127e06d8e79\",\"name\":\"admin\",\"image\":{\"@type\":\"ImageObject\",\"inLanguage\":\"tr\",\"@id\":\"https:\\\/\\\/secure.gravatar.com\\\/avatar\\\/ccc17943b9d660506c869530f897617f7cb1c21a4bf30023f252596d83e1f007?s=96&d=mm&r=g\",\"url\":\"https:\\\/\\\/secure.gravatar.com\\\/avatar\\\/ccc17943b9d660506c869530f897617f7cb1c21a4bf30023f252596d83e1f007?s=96&d=mm&r=g\",\"contentUrl\":\"https:\\\/\\\/secure.gravatar.com\\\/avatar\\\/ccc17943b9d660506c869530f897617f7cb1c21a4bf30023f252596d83e1f007?s=96&d=mm&r=g\",\"caption\":\"admin\"},\"sameAs\":[\"https:\\\/\\\/kibrisdakik.com\"],\"url\":\"https:\\\/\\\/kibrisdakik.com\\\/?author=1\"}]}<\/script>\n<!-- \/ Yoast SEO plugin. -->","yoast_head_json":{"title":"G\u00f6ztepe ma\u00e7\u0131nda sald\u0131r\u0131ya u\u011fram\u0131\u015ft\u0131! Tahkim Kurulu'ndan Ali Ko\u00e7'un cezas\u0131na indirim -","robots":{"index":"index","follow":"follow","max-snippet":"max-snippet:-1","max-image-preview":"max-image-preview:large","max-video-preview":"max-video-preview:-1"},"canonical":"https:\/\/kibrisdakik.com\/?p=57934","og_locale":"tr_TR","og_type":"article","og_title":"G\u00f6ztepe ma\u00e7\u0131nda sald\u0131r\u0131ya u\u011fram\u0131\u015ft\u0131! Tahkim Kurulu'ndan Ali Ko\u00e7'un cezas\u0131na indirim -","og_description":"Tahkim Kurulu, Trendyol S\u00fcper Lig&#8217;in 2. haftas\u0131nda oynanan olayl\u0131 G\u00f6ztepe kar\u015f\u0131la\u015fmas\u0131n\u0131n ard\u0131ndan sar\u0131-lacivertlilerin ba\u015fkan\u0131 Ali Ko\u00e7&#8216;a verilen cezada indirime gitti. 504 B\u0130N TL&#8217;DEN 168 B\u0130N TL&#8217;YE D\u00dc\u015e\u00dcR\u00dcLD\u00dc Kurul, Fenerbah\u00e7e Ba\u015fkan\u0131 Ali Ko\u00e7&#8216;a verilen 504 bin TL&#8217;lik para cezas\u0131n\u0131 168 bin TL&#8217;ye d\u00fc\u015f\u00fcrd\u00fc. Fenerbah\u00e7e Genel Sekreteri Burak K\u0131z\u0131lhan&#8217;\u0131n cezas\u0131 da 336 Bin TL&#8217;den 168 Bin TL&#8217;ye","og_url":"https:\/\/kibrisdakik.com\/?p=57934","article_published_time":"2024-08-29T14:49:21+00:00","og_image":[{"width":1202,"height":675,"url":"https:\/\/kibrisdakik.com\/wp-content\/uploads\/2024\/08\/goztepe-macinda-saldiriya-ugramisti-tahkim-17767606_5937_amp.jpg","type":"image\/jpeg"}],"author":"admin","twitter_card":"summary_large_image","twitter_misc":{"Yazan:":"admin","Tahmini okuma s\u00fcresi":"4 dakika"},"schema":{"@context":"https:\/\/schema.org","@graph":[{"@type":"Article","@id":"https:\/\/kibrisdakik.com\/?p=57934#article","isPartOf":{"@id":"https:\/\/kibrisdakik.com\/?p=57934"},"author":{"name":"admin","@id":"https:\/\/kibrisdakik.com\/#\/schema\/person\/9cd9d437bbb44f72b73ba127e06d8e79"},"headline":"G\u00f6ztepe ma\u00e7\u0131nda sald\u0131r\u0131ya u\u011fram\u0131\u015ft\u0131! Tahkim Kurulu&#8217;ndan Ali Ko\u00e7&#8217;un cezas\u0131na indirim","datePublished":"2024-08-29T14:49:21+00:00","mainEntityOfPage":{"@id":"https:\/\/kibrisdakik.com\/?p=57934"},"wordCount":770,"commentCount":0,"image":{"@id":"https:\/\/kibrisdakik.com\/?p=57934#primaryimage"},"thumbnailUrl":"https:\/\/kibrisdakik.com\/wp-content\/uploads\/2024\/08\/goztepe-macinda-saldiriya-ugramisti-tahkim-17767606_5937_amp.jpg","articleSection":["Magazin"],"inLanguage":"tr","potentialAction":[{"@type":"CommentAction","name":"Comment","target":["https:\/\/kibrisdakik.com\/?p=57934#respond"]}]},{"@type":"WebPage","@id":"https:\/\/kibrisdakik.com\/?p=57934","url":"https:\/\/kibrisdakik.com\/?p=57934","name":"G\u00f6ztepe ma\u00e7\u0131nda sald\u0131r\u0131ya u\u011fram\u0131\u015ft\u0131! Tahkim Kurulu'ndan Ali Ko\u00e7'un cezas\u0131na indirim -","isPartOf":{"@id":"https:\/\/kibrisdakik.com\/#website"},"primaryImageOfPage":{"@id":"https:\/\/kibrisdakik.com\/?p=57934#primaryimage"},"image":{"@id":"https:\/\/kibrisdakik.com\/?p=57934#primaryimage"},"thumbnailUrl":"https:\/\/kibrisdakik.com\/wp-content\/uploads\/2024\/08\/goztepe-macinda-saldiriya-ugramisti-tahkim-17767606_5937_amp.jpg","datePublished":"2024-08-29T14:49:21+00:00","author":{"@id":"https:\/\/kibrisdakik.com\/#\/schema\/person\/9cd9d437bbb44f72b73ba127e06d8e79"},"breadcrumb":{"@id":"https:\/\/kibrisdakik.com\/?p=57934#breadcrumb"},"inLanguage":"tr","potentialAction":[{"@type":"ReadAction","target":["https:\/\/kibrisdakik.com\/?p=57934"]}]},{"@type":"ImageObject","inLanguage":"tr","@id":"https:\/\/kibrisdakik.com\/?p=57934#primaryimage","url":"https:\/\/kibrisdakik.com\/wp-content\/uploads\/2024\/08\/goztepe-macinda-saldiriya-ugramisti-tahkim-17767606_5937_amp.jpg","contentUrl":"https:\/\/kibrisdakik.com\/wp-content\/uploads\/2024\/08\/goztepe-macinda-saldiriya-ugramisti-tahkim-17767606_5937_amp.jpg","width":1202,"height":675},{"@type":"BreadcrumbList","@id":"https:\/\/kibrisdakik.com\/?p=57934#breadcrumb","itemListElement":[{"@type":"ListItem","position":1,"name":"Home","item":"https:\/\/kibrisdakik.com\/"},{"@type":"ListItem","position":2,"name":"G\u00f6ztepe ma\u00e7\u0131nda sald\u0131r\u0131ya u\u011fram\u0131\u015ft\u0131! Tahkim Kurulu&#8217;ndan Ali Ko\u00e7&#8217;un cezas\u0131na indirim"}]},{"@type":"WebSite","@id":"https:\/\/kibrisdakik.com\/#website","url":"https:\/\/kibrisdakik.com\/","name":"","description":"Tam vaktinde haber","potentialAction":[{"@type":"SearchAction","target":{"@type":"EntryPoint","urlTemplate":"https:\/\/kibrisdakik.com\/?s={search_term_string}"},"query-input":{"@type":"PropertyValueSpecification","valueRequired":true,"valueName":"search_term_string"}}],"inLanguage":"tr"},{"@type":"Person","@id":"https:\/\/kibrisdakik.com\/#\/schema\/person\/9cd9d437bbb44f72b73ba127e06d8e79","name":"admin","image":{"@type":"ImageObject","inLanguage":"tr","@id":"https:\/\/secure.gravatar.com\/avatar\/ccc17943b9d660506c869530f897617f7cb1c21a4bf30023f252596d83e1f007?s=96&d=mm&r=g","url":"https:\/\/secure.gravatar.com\/avatar\/ccc17943b9d660506c869530f897617f7cb1c21a4bf30023f252596d83e1f007?s=96&d=mm&r=g","contentUrl":"https:\/\/secure.gravatar.com\/avatar\/ccc17943b9d660506c869530f897617f7cb1c21a4bf30023f252596d83e1f007?s=96&d=mm&r=g","caption":"admin"},"sameAs":["https:\/\/kibrisdakik.com"],"url":"https:\/\/kibrisdakik.com\/?author=1"}]}},"_links":{"self":[{"href":"https:\/\/kibrisdakik.com\/index.php?rest_route=\/wp\/v2\/posts\/57934","targetHints":{"allow":["GET"]}}],"collection":[{"href":"https:\/\/kibrisdakik.com\/index.php?rest_route=\/wp\/v2\/posts"}],"about":[{"href":"https:\/\/kibrisdakik.com\/index.php?rest_route=\/wp\/v2\/types\/post"}],"author":[{"embeddable":true,"href":"https:\/\/kibrisdakik.com\/index.php?rest_route=\/wp\/v2\/users\/1"}],"replies":[{"embeddable":true,"href":"https:\/\/kibrisdakik.com\/index.php?rest_route=%2Fwp%2Fv2%2Fcomments&post=57934"}],"version-history":[{"count":0,"href":"https:\/\/kibrisdakik.com\/index.php?rest_route=\/wp\/v2\/posts\/57934\/revisions"}],"wp:featuredmedia":[{"embeddable":true,"href":"https:\/\/kibrisdakik.com\/index.php?rest_route=\/wp\/v2\/media\/57935"}],"wp:attachment":[{"href":"https:\/\/kibrisdakik.com\/index.php?rest_route=%2Fwp%2Fv2%2Fmedia&parent=57934"}],"wp:term":[{"taxonomy":"category","embeddable":true,"href":"https:\/\/kibrisdakik.com\/index.php?rest_route=%2Fwp%2Fv2%2Fcategories&post=57934"},{"taxonomy":"post_tag","embeddable":true,"href":"https:\/\/kibrisdakik.com\/index.php?rest_route=%2Fwp%2Fv2%2Ftags&post=57934"}],"curies":[{"name":"wp","href":"https:\/\/api.w.org\/{rel}","templated":true}]}}