{"id":57962,"date":"2024-08-29T19:05:03","date_gmt":"2024-08-29T16:05:03","guid":{"rendered":"https:\/\/kibrisdakik.com\/index.php\/2024\/08\/29\/anneannesini-olduren-eski-bakan-abdullatif-senerin-oglu-bedirhan-sener-tutuklandi\/"},"modified":"2024-08-29T19:05:03","modified_gmt":"2024-08-29T16:05:03","slug":"anneannesini-olduren-eski-bakan-abdullatif-senerin-oglu-bedirhan-sener-tutuklandi","status":"publish","type":"post","link":"https:\/\/kibrisdakik.com\/?p=57962","title":{"rendered":"Anneannesini \u00f6ld\u00fcren eski bakan Abd\u00fcllatif \u015eener&#8217;in o\u011flu Bedirhan \u015eener tutukland\u0131"},"content":{"rendered":"<p><img decoding=\"async\" src=\"https:\/\/foto.haberler.com\/haber\/2024\/08\/29\/eski-bakanin-oglu-anneannesini-oldurdugu-icin-17767817_942_amp.jpg\" \/><\/p>\n<div id=\"\">\n<p>Ankara&#8217;da rehin ald\u0131\u011f\u0131 anneannesini silahla \u00f6ld\u00fcren eski bakanlardan Abd\u00fcllatif \u015eener&#8217;in o\u011flu Bedirhan \u015eener, &#8220;\u00fcst soya kar\u015f\u0131 kasten \u00f6ld\u00fcrme ve kasten \u00f6ld\u00fcrmeye te\u015febb\u00fcs&#8221; su\u00e7lar\u0131ndan tutukland\u0131.<\/p>\n<p>Anneannesi Leyla \u00c7etiner&#8217;i 31 Temmuz&#8217;da aralar\u0131nda \u00e7\u0131kan tart\u0131\u015fma sonras\u0131 silahla rehin ald\u0131ktan sonra \u00f6ld\u00fcren \u015eener hakk\u0131nda \u00e7\u0131kar\u0131ld\u0131\u011f\u0131 hakimlik\u00e7e adli kontrol ve yurt d\u0131\u015f\u0131 yasa\u011f\u0131 uygulanm\u0131\u015ft\u0131. Akli dengesinin yerinde olmad\u0131\u011f\u0131 belirtilen ve nezarethanede adli t\u0131p doktoru muayenesinden ge\u00e7irilen Bedirhan \u015eener&#8217;in, Bilkent \u015eehir Hastanesi Y\u00fcksek G\u00fcvenlikli Adli Psikiyatri Hastanesi&#8217;ne sevk edilerek, 3 hafta s\u00fcreyle g\u00f6zetim alt\u0131na al\u0131nmas\u0131na karar verilmi\u015fti.<\/p>\n<p>Bilkent \u015eehir Hastanesince d\u00fczenlenen raporda, &#8220;g\u00f6zlem alt\u0131na al\u0131nan \u015f\u00fcphelinin cezai sorumlulu\u011funu etkileyecek \u015fiddet ve mahiyette ak\u0131l hastal\u0131\u011f\u0131n\u0131n ya da zay\u0131fl\u0131\u011f\u0131n\u0131n bulunmad\u0131\u011f\u0131, &#8216;\u00fcst soya kar\u015f\u0131 kasten ate\u015fli silahla \u00f6ld\u00fcrme ve \u00f6ld\u00fcrmeye te\u015febb\u00fcs&#8217; su\u00e7u ile ilgili fiilin hukuki anlam ve sonu\u00e7lar\u0131n\u0131 alg\u0131layabildi\u011fi, bu fiille ilgili davran\u0131\u015flar\u0131n\u0131 y\u00f6nlendirme yetene\u011finin tam oldu\u011fu&#8221; belirtilerek, \u015f\u00fcphelinin, T\u00fcrk Ceza Kanunu&#8217;nun &#8220;ak\u0131l sa\u011fl\u0131\u011f\u0131yla&#8221; alakal\u0131 maddesi kapsam\u0131nda de\u011ferlendirilemeyece\u011fi kaydedildi.<\/p>\n<h3>TUTUKLANDI<\/h3>\n<p>Bedirhan \u015eener, yap\u0131lan tespit ve toplanan deliller do\u011frultusunda, &#8220;\u00fcst soya kar\u015f\u0131 kasten \u00f6ld\u00fcrme&#8221; ve &#8220;\u00fcst soya kar\u015f\u0131 kasten \u00f6ld\u00fcrmeye te\u015febb\u00fcs&#8221; su\u00e7lar\u0131ndan sevk edildi\u011fi Sulh Ceza Hakimli\u011fince tutukland\u0131.<\/p>\n<h4 id=\"nwsKeywords\"> <a href=\"https:\/\/www.haberler.com\/abdullatif-sener\/\" title=\"Abd\u00fcllatif \u015eener\" class=\"hbptTag\">Abd\u00fcllatif \u015eener<\/a>  <a href=\"https:\/\/www.haberler.com\/3-sayfa\/\" title=\"3-sayfa\" class=\"hbptTag\">3-sayfa<\/a>  <a href=\"https:\/\/www.haberler.com\/ankara\/\" title=\"ankara\" class=\"hbptTag\">ankara<\/a>  <a href=\"https:\/\/www.haberler.com\/suc\/\" title=\"Su\u00e7\" class=\"hbptTag\">Su\u00e7<\/a>  <a href=\"https:\/\/www.haberler.com\/hukuk\/\" title=\"Hukuk\" class=\"hbptTag\">Hukuk<\/a>  <a href=\"https:\/\/www.haberler.com\/3-sayfa\/\" title=\"3.Sayfa\" class=\"hbptTag\">3.Sayfa<\/a>  <a href=\"https:\/\/www.haberler.com\/politika\/\" title=\"Politika\" class=\"hbptTag\">Politika<\/a>  <a href=\"https:\/\/www.haberler.com\/guncel\/\" title=\"G\u00fcncel\" class=\"hbptTag\">G\u00fcncel<\/a>  <a href=\"https:\/\/www.haberler.com\/\" title=\"Haberler\" class=\"hbptTag\">Haberler<\/a> <\/h4>\n<\/div>\n","protected":false},"excerpt":{"rendered":"<p>Ankara&#8217;da rehin ald\u0131\u011f\u0131 anneannesini silahla \u00f6ld\u00fcren eski bakanlardan Abd\u00fcllatif \u015eener&#8217;in o\u011flu Bedirhan \u015eener, &#8220;\u00fcst soya kar\u015f\u0131 kasten \u00f6ld\u00fcrme ve kasten \u00f6ld\u00fcrmeye te\u015febb\u00fcs&#8221; su\u00e7lar\u0131ndan tutukland\u0131. Anneannesi Leyla \u00c7etiner&#8217;i 31 Temmuz&#8217;da aralar\u0131nda \u00e7\u0131kan tart\u0131\u015fma sonras\u0131 silahla rehin ald\u0131ktan sonra \u00f6ld\u00fcren \u015eener hakk\u0131nda \u00e7\u0131kar\u0131ld\u0131\u011f\u0131 hakimlik\u00e7e adli kontrol ve yurt d\u0131\u015f\u0131 yasa\u011f\u0131 uygulanm\u0131\u015ft\u0131. Akli dengesinin yerinde olmad\u0131\u011f\u0131 belirtilen ve<\/p>\n","protected":false},"author":1,"featured_media":57963,"comment_status":"open","ping_status":"open","sticky":false,"template":"","format":"standard","meta":{"footnotes":""},"categories":[83],"tags":[],"class_list":["post-57962","post","type-post","status-publish","format-standard","has-post-thumbnail","hentry","category-magazin"],"yoast_head":"<!-- This site is optimized with the Yoast SEO plugin v27.5 - https:\/\/yoast.com\/product\/yoast-seo-wordpress\/ -->\n<title>Anneannesini \u00f6ld\u00fcren eski bakan Abd\u00fcllatif \u015eener&#039;in o\u011flu Bedirhan \u015eener tutukland\u0131 -<\/title>\n<meta name=\"robots\" content=\"index, follow, max-snippet:-1, max-image-preview:large, max-video-preview:-1\" \/>\n<link rel=\"canonical\" href=\"https:\/\/kibrisdakik.com\/?p=57962\" \/>\n<meta property=\"og:locale\" content=\"tr_TR\" \/>\n<meta property=\"og:type\" content=\"article\" \/>\n<meta property=\"og:title\" content=\"Anneannesini \u00f6ld\u00fcren eski bakan Abd\u00fcllatif \u015eener&#039;in o\u011flu Bedirhan \u015eener tutukland\u0131 -\" \/>\n<meta property=\"og:description\" content=\"Ankara&#8217;da rehin ald\u0131\u011f\u0131 anneannesini silahla \u00f6ld\u00fcren eski bakanlardan Abd\u00fcllatif \u015eener&#8217;in o\u011flu Bedirhan \u015eener, &#8220;\u00fcst soya kar\u015f\u0131 kasten \u00f6ld\u00fcrme ve kasten \u00f6ld\u00fcrmeye te\u015febb\u00fcs&#8221; su\u00e7lar\u0131ndan tutukland\u0131. Anneannesi Leyla \u00c7etiner&#8217;i 31 Temmuz&#8217;da aralar\u0131nda \u00e7\u0131kan tart\u0131\u015fma sonras\u0131 silahla rehin ald\u0131ktan sonra \u00f6ld\u00fcren \u015eener hakk\u0131nda \u00e7\u0131kar\u0131ld\u0131\u011f\u0131 hakimlik\u00e7e adli kontrol ve yurt d\u0131\u015f\u0131 yasa\u011f\u0131 uygulanm\u0131\u015ft\u0131. Akli dengesinin yerinde olmad\u0131\u011f\u0131 belirtilen ve\" \/>\n<meta property=\"og:url\" content=\"https:\/\/kibrisdakik.com\/?p=57962\" \/>\n<meta property=\"article:published_time\" content=\"2024-08-29T16:05:03+00:00\" \/>\n<meta property=\"og:image\" content=\"https:\/\/kibrisdakik.com\/wp-content\/uploads\/2024\/08\/eski-bakanin-oglu-anneannesini-oldurdugu-icin-17767817_942_amp.jpg\" \/>\n\t<meta property=\"og:image:width\" content=\"1202\" \/>\n\t<meta property=\"og:image:height\" content=\"675\" \/>\n\t<meta property=\"og:image:type\" content=\"image\/jpeg\" \/>\n<meta name=\"author\" content=\"admin\" \/>\n<meta name=\"twitter:card\" content=\"summary_large_image\" \/>\n<meta name=\"twitter:label1\" content=\"Yazan:\" \/>\n\t<meta name=\"twitter:data1\" content=\"admin\" \/>\n\t<meta name=\"twitter:label2\" content=\"Tahmini okuma s\u00fcresi\" \/>\n\t<meta name=\"twitter:data2\" content=\"1 dakika\" \/>\n<script type=\"application\/ld+json\" class=\"yoast-schema-graph\">{\"@context\":\"https:\\\/\\\/schema.org\",\"@graph\":[{\"@type\":\"Article\",\"@id\":\"https:\\\/\\\/kibrisdakik.com\\\/?p=57962#article\",\"isPartOf\":{\"@id\":\"https:\\\/\\\/kibrisdakik.com\\\/?p=57962\"},\"author\":{\"name\":\"admin\",\"@id\":\"https:\\\/\\\/kibrisdakik.com\\\/#\\\/schema\\\/person\\\/9cd9d437bbb44f72b73ba127e06d8e79\"},\"headline\":\"Anneannesini \u00f6ld\u00fcren eski bakan Abd\u00fcllatif \u015eener&#8217;in o\u011flu Bedirhan \u015eener tutukland\u0131\",\"datePublished\":\"2024-08-29T16:05:03+00:00\",\"mainEntityOfPage\":{\"@id\":\"https:\\\/\\\/kibrisdakik.com\\\/?p=57962\"},\"wordCount\":263,\"commentCount\":0,\"image\":{\"@id\":\"https:\\\/\\\/kibrisdakik.com\\\/?p=57962#primaryimage\"},\"thumbnailUrl\":\"https:\\\/\\\/kibrisdakik.com\\\/wp-content\\\/uploads\\\/2024\\\/08\\\/eski-bakanin-oglu-anneannesini-oldurdugu-icin-17767817_942_amp.jpg\",\"articleSection\":[\"Magazin\"],\"inLanguage\":\"tr\",\"potentialAction\":[{\"@type\":\"CommentAction\",\"name\":\"Comment\",\"target\":[\"https:\\\/\\\/kibrisdakik.com\\\/?p=57962#respond\"]}]},{\"@type\":\"WebPage\",\"@id\":\"https:\\\/\\\/kibrisdakik.com\\\/?p=57962\",\"url\":\"https:\\\/\\\/kibrisdakik.com\\\/?p=57962\",\"name\":\"Anneannesini \u00f6ld\u00fcren eski bakan Abd\u00fcllatif \u015eener'in o\u011flu Bedirhan \u015eener tutukland\u0131 -\",\"isPartOf\":{\"@id\":\"https:\\\/\\\/kibrisdakik.com\\\/#website\"},\"primaryImageOfPage\":{\"@id\":\"https:\\\/\\\/kibrisdakik.com\\\/?p=57962#primaryimage\"},\"image\":{\"@id\":\"https:\\\/\\\/kibrisdakik.com\\\/?p=57962#primaryimage\"},\"thumbnailUrl\":\"https:\\\/\\\/kibrisdakik.com\\\/wp-content\\\/uploads\\\/2024\\\/08\\\/eski-bakanin-oglu-anneannesini-oldurdugu-icin-17767817_942_amp.jpg\",\"datePublished\":\"2024-08-29T16:05:03+00:00\",\"author\":{\"@id\":\"https:\\\/\\\/kibrisdakik.com\\\/#\\\/schema\\\/person\\\/9cd9d437bbb44f72b73ba127e06d8e79\"},\"breadcrumb\":{\"@id\":\"https:\\\/\\\/kibrisdakik.com\\\/?p=57962#breadcrumb\"},\"inLanguage\":\"tr\",\"potentialAction\":[{\"@type\":\"ReadAction\",\"target\":[\"https:\\\/\\\/kibrisdakik.com\\\/?p=57962\"]}]},{\"@type\":\"ImageObject\",\"inLanguage\":\"tr\",\"@id\":\"https:\\\/\\\/kibrisdakik.com\\\/?p=57962#primaryimage\",\"url\":\"https:\\\/\\\/kibrisdakik.com\\\/wp-content\\\/uploads\\\/2024\\\/08\\\/eski-bakanin-oglu-anneannesini-oldurdugu-icin-17767817_942_amp.jpg\",\"contentUrl\":\"https:\\\/\\\/kibrisdakik.com\\\/wp-content\\\/uploads\\\/2024\\\/08\\\/eski-bakanin-oglu-anneannesini-oldurdugu-icin-17767817_942_amp.jpg\",\"width\":1202,\"height\":675},{\"@type\":\"BreadcrumbList\",\"@id\":\"https:\\\/\\\/kibrisdakik.com\\\/?p=57962#breadcrumb\",\"itemListElement\":[{\"@type\":\"ListItem\",\"position\":1,\"name\":\"Home\",\"item\":\"https:\\\/\\\/kibrisdakik.com\\\/\"},{\"@type\":\"ListItem\",\"position\":2,\"name\":\"Anneannesini \u00f6ld\u00fcren eski bakan Abd\u00fcllatif \u015eener&#8217;in o\u011flu Bedirhan \u015eener tutukland\u0131\"}]},{\"@type\":\"WebSite\",\"@id\":\"https:\\\/\\\/kibrisdakik.com\\\/#website\",\"url\":\"https:\\\/\\\/kibrisdakik.com\\\/\",\"name\":\"\",\"description\":\"Tam vaktinde haber\",\"potentialAction\":[{\"@type\":\"SearchAction\",\"target\":{\"@type\":\"EntryPoint\",\"urlTemplate\":\"https:\\\/\\\/kibrisdakik.com\\\/?s={search_term_string}\"},\"query-input\":{\"@type\":\"PropertyValueSpecification\",\"valueRequired\":true,\"valueName\":\"search_term_string\"}}],\"inLanguage\":\"tr\"},{\"@type\":\"Person\",\"@id\":\"https:\\\/\\\/kibrisdakik.com\\\/#\\\/schema\\\/person\\\/9cd9d437bbb44f72b73ba127e06d8e79\",\"name\":\"admin\",\"image\":{\"@type\":\"ImageObject\",\"inLanguage\":\"tr\",\"@id\":\"https:\\\/\\\/secure.gravatar.com\\\/avatar\\\/ccc17943b9d660506c869530f897617f7cb1c21a4bf30023f252596d83e1f007?s=96&d=mm&r=g\",\"url\":\"https:\\\/\\\/secure.gravatar.com\\\/avatar\\\/ccc17943b9d660506c869530f897617f7cb1c21a4bf30023f252596d83e1f007?s=96&d=mm&r=g\",\"contentUrl\":\"https:\\\/\\\/secure.gravatar.com\\\/avatar\\\/ccc17943b9d660506c869530f897617f7cb1c21a4bf30023f252596d83e1f007?s=96&d=mm&r=g\",\"caption\":\"admin\"},\"sameAs\":[\"https:\\\/\\\/kibrisdakik.com\"],\"url\":\"https:\\\/\\\/kibrisdakik.com\\\/?author=1\"}]}<\/script>\n<!-- \/ Yoast SEO plugin. -->","yoast_head_json":{"title":"Anneannesini \u00f6ld\u00fcren eski bakan Abd\u00fcllatif \u015eener'in o\u011flu Bedirhan \u015eener tutukland\u0131 -","robots":{"index":"index","follow":"follow","max-snippet":"max-snippet:-1","max-image-preview":"max-image-preview:large","max-video-preview":"max-video-preview:-1"},"canonical":"https:\/\/kibrisdakik.com\/?p=57962","og_locale":"tr_TR","og_type":"article","og_title":"Anneannesini \u00f6ld\u00fcren eski bakan Abd\u00fcllatif \u015eener'in o\u011flu Bedirhan \u015eener tutukland\u0131 -","og_description":"Ankara&#8217;da rehin ald\u0131\u011f\u0131 anneannesini silahla \u00f6ld\u00fcren eski bakanlardan Abd\u00fcllatif \u015eener&#8217;in o\u011flu Bedirhan \u015eener, &#8220;\u00fcst soya kar\u015f\u0131 kasten \u00f6ld\u00fcrme ve kasten \u00f6ld\u00fcrmeye te\u015febb\u00fcs&#8221; su\u00e7lar\u0131ndan tutukland\u0131. Anneannesi Leyla \u00c7etiner&#8217;i 31 Temmuz&#8217;da aralar\u0131nda \u00e7\u0131kan tart\u0131\u015fma sonras\u0131 silahla rehin ald\u0131ktan sonra \u00f6ld\u00fcren \u015eener hakk\u0131nda \u00e7\u0131kar\u0131ld\u0131\u011f\u0131 hakimlik\u00e7e adli kontrol ve yurt d\u0131\u015f\u0131 yasa\u011f\u0131 uygulanm\u0131\u015ft\u0131. Akli dengesinin yerinde olmad\u0131\u011f\u0131 belirtilen ve","og_url":"https:\/\/kibrisdakik.com\/?p=57962","article_published_time":"2024-08-29T16:05:03+00:00","og_image":[{"width":1202,"height":675,"url":"https:\/\/kibrisdakik.com\/wp-content\/uploads\/2024\/08\/eski-bakanin-oglu-anneannesini-oldurdugu-icin-17767817_942_amp.jpg","type":"image\/jpeg"}],"author":"admin","twitter_card":"summary_large_image","twitter_misc":{"Yazan:":"admin","Tahmini okuma s\u00fcresi":"1 dakika"},"schema":{"@context":"https:\/\/schema.org","@graph":[{"@type":"Article","@id":"https:\/\/kibrisdakik.com\/?p=57962#article","isPartOf":{"@id":"https:\/\/kibrisdakik.com\/?p=57962"},"author":{"name":"admin","@id":"https:\/\/kibrisdakik.com\/#\/schema\/person\/9cd9d437bbb44f72b73ba127e06d8e79"},"headline":"Anneannesini \u00f6ld\u00fcren eski bakan Abd\u00fcllatif \u015eener&#8217;in o\u011flu Bedirhan \u015eener tutukland\u0131","datePublished":"2024-08-29T16:05:03+00:00","mainEntityOfPage":{"@id":"https:\/\/kibrisdakik.com\/?p=57962"},"wordCount":263,"commentCount":0,"image":{"@id":"https:\/\/kibrisdakik.com\/?p=57962#primaryimage"},"thumbnailUrl":"https:\/\/kibrisdakik.com\/wp-content\/uploads\/2024\/08\/eski-bakanin-oglu-anneannesini-oldurdugu-icin-17767817_942_amp.jpg","articleSection":["Magazin"],"inLanguage":"tr","potentialAction":[{"@type":"CommentAction","name":"Comment","target":["https:\/\/kibrisdakik.com\/?p=57962#respond"]}]},{"@type":"WebPage","@id":"https:\/\/kibrisdakik.com\/?p=57962","url":"https:\/\/kibrisdakik.com\/?p=57962","name":"Anneannesini \u00f6ld\u00fcren eski bakan Abd\u00fcllatif \u015eener'in o\u011flu Bedirhan \u015eener tutukland\u0131 -","isPartOf":{"@id":"https:\/\/kibrisdakik.com\/#website"},"primaryImageOfPage":{"@id":"https:\/\/kibrisdakik.com\/?p=57962#primaryimage"},"image":{"@id":"https:\/\/kibrisdakik.com\/?p=57962#primaryimage"},"thumbnailUrl":"https:\/\/kibrisdakik.com\/wp-content\/uploads\/2024\/08\/eski-bakanin-oglu-anneannesini-oldurdugu-icin-17767817_942_amp.jpg","datePublished":"2024-08-29T16:05:03+00:00","author":{"@id":"https:\/\/kibrisdakik.com\/#\/schema\/person\/9cd9d437bbb44f72b73ba127e06d8e79"},"breadcrumb":{"@id":"https:\/\/kibrisdakik.com\/?p=57962#breadcrumb"},"inLanguage":"tr","potentialAction":[{"@type":"ReadAction","target":["https:\/\/kibrisdakik.com\/?p=57962"]}]},{"@type":"ImageObject","inLanguage":"tr","@id":"https:\/\/kibrisdakik.com\/?p=57962#primaryimage","url":"https:\/\/kibrisdakik.com\/wp-content\/uploads\/2024\/08\/eski-bakanin-oglu-anneannesini-oldurdugu-icin-17767817_942_amp.jpg","contentUrl":"https:\/\/kibrisdakik.com\/wp-content\/uploads\/2024\/08\/eski-bakanin-oglu-anneannesini-oldurdugu-icin-17767817_942_amp.jpg","width":1202,"height":675},{"@type":"BreadcrumbList","@id":"https:\/\/kibrisdakik.com\/?p=57962#breadcrumb","itemListElement":[{"@type":"ListItem","position":1,"name":"Home","item":"https:\/\/kibrisdakik.com\/"},{"@type":"ListItem","position":2,"name":"Anneannesini \u00f6ld\u00fcren eski bakan Abd\u00fcllatif \u015eener&#8217;in o\u011flu Bedirhan \u015eener tutukland\u0131"}]},{"@type":"WebSite","@id":"https:\/\/kibrisdakik.com\/#website","url":"https:\/\/kibrisdakik.com\/","name":"","description":"Tam vaktinde haber","potentialAction":[{"@type":"SearchAction","target":{"@type":"EntryPoint","urlTemplate":"https:\/\/kibrisdakik.com\/?s={search_term_string}"},"query-input":{"@type":"PropertyValueSpecification","valueRequired":true,"valueName":"search_term_string"}}],"inLanguage":"tr"},{"@type":"Person","@id":"https:\/\/kibrisdakik.com\/#\/schema\/person\/9cd9d437bbb44f72b73ba127e06d8e79","name":"admin","image":{"@type":"ImageObject","inLanguage":"tr","@id":"https:\/\/secure.gravatar.com\/avatar\/ccc17943b9d660506c869530f897617f7cb1c21a4bf30023f252596d83e1f007?s=96&d=mm&r=g","url":"https:\/\/secure.gravatar.com\/avatar\/ccc17943b9d660506c869530f897617f7cb1c21a4bf30023f252596d83e1f007?s=96&d=mm&r=g","contentUrl":"https:\/\/secure.gravatar.com\/avatar\/ccc17943b9d660506c869530f897617f7cb1c21a4bf30023f252596d83e1f007?s=96&d=mm&r=g","caption":"admin"},"sameAs":["https:\/\/kibrisdakik.com"],"url":"https:\/\/kibrisdakik.com\/?author=1"}]}},"_links":{"self":[{"href":"https:\/\/kibrisdakik.com\/index.php?rest_route=\/wp\/v2\/posts\/57962","targetHints":{"allow":["GET"]}}],"collection":[{"href":"https:\/\/kibrisdakik.com\/index.php?rest_route=\/wp\/v2\/posts"}],"about":[{"href":"https:\/\/kibrisdakik.com\/index.php?rest_route=\/wp\/v2\/types\/post"}],"author":[{"embeddable":true,"href":"https:\/\/kibrisdakik.com\/index.php?rest_route=\/wp\/v2\/users\/1"}],"replies":[{"embeddable":true,"href":"https:\/\/kibrisdakik.com\/index.php?rest_route=%2Fwp%2Fv2%2Fcomments&post=57962"}],"version-history":[{"count":0,"href":"https:\/\/kibrisdakik.com\/index.php?rest_route=\/wp\/v2\/posts\/57962\/revisions"}],"wp:featuredmedia":[{"embeddable":true,"href":"https:\/\/kibrisdakik.com\/index.php?rest_route=\/wp\/v2\/media\/57963"}],"wp:attachment":[{"href":"https:\/\/kibrisdakik.com\/index.php?rest_route=%2Fwp%2Fv2%2Fmedia&parent=57962"}],"wp:term":[{"taxonomy":"category","embeddable":true,"href":"https:\/\/kibrisdakik.com\/index.php?rest_route=%2Fwp%2Fv2%2Fcategories&post=57962"},{"taxonomy":"post_tag","embeddable":true,"href":"https:\/\/kibrisdakik.com\/index.php?rest_route=%2Fwp%2Fv2%2Ftags&post=57962"}],"curies":[{"name":"wp","href":"https:\/\/api.w.org\/{rel}","templated":true}]}}