{"id":5802,"date":"2023-04-27T05:35:50","date_gmt":"2023-04-27T05:35:50","guid":{"rendered":"https:\/\/kibrisdakik.com\/index.php\/2023\/04\/27\/tore-turkpa-genel-kuruluna-katilmak-amaciyla-ankarada\/"},"modified":"2023-04-27T05:35:50","modified_gmt":"2023-04-27T05:35:50","slug":"tore-turkpa-genel-kuruluna-katilmak-amaciyla-ankarada","status":"publish","type":"post","link":"https:\/\/kibrisdakik.com\/?p=5802","title":{"rendered":"T\u00f6re, T\u00dcRKPA Genel Kurulu\u2019na kat\u0131lmak amac\u0131yla Ankara\u2019da\u2026"},"content":{"rendered":"<p><\/p>\n<div>\n<div class=\"mariselle-image-container center\">\n                <img width=\"1368\" height=\"557\" class=\"lazy-image\" alt=\"\" decoding=\"async\" loading=\"lazy\" sizes=\"auto, (max-width: 1368px) 100vw, 1368px\" src=\"https:\/\/brtk.net\/wp-content\/uploads\/2023\/04\/27\/asda3.jpg?ver=61223c7fb06c518ba11f35cbf4f6cf09\" srcset=\"https:\/\/brtk.net\/wp-content\/uploads\/2023\/04\/27\/asda3.jpg?ver=61223c7fb06c518ba11f35cbf4f6cf09 1368w, https:\/\/brtk.net\/wp-content\/uploads\/2023\/04\/27\/asda3-300x122.jpg?ver=61223c7fb06c518ba11f35cbf4f6cf09 300w, https:\/\/brtk.net\/wp-content\/uploads\/2023\/04\/27\/asda3-1024x417.jpg?ver=61223c7fb06c518ba11f35cbf4f6cf09 1024w, https:\/\/brtk.net\/wp-content\/uploads\/2023\/04\/27\/asda3-768x313.jpg?ver=61223c7fb06c518ba11f35cbf4f6cf09 768w\"\/>                            <\/div>\n<p>Cumhuriyet Meclisi Ba\u015fkan\u0131 Zorlu T\u00f6re, T\u00fcrkiye B\u00fcy\u00fck Millet Meclisi (TBMM) Ba\u015fkan\u0131 Mustafa \u015eentop\u2019un davetiyle  T\u00fcrk Devletleri Parlamenterler Asamblesi (T\u00dcRKPA) 12. Genel Kurul Toplant\u0131s\u0131na kat\u0131lmak amac\u0131yla Ankara\u2019ya gitti.<\/p>\n<p>Ba\u015fkan T\u00f6re\u2019ye Ankara ziyaretinde Ulusal Birlik Partisi Gazima\u011fusa Milletvekili O\u011fuzhan Hasipo\u011flu ve Cumhuriyet\u00e7i T\u00fcrk Partisi Lefko\u015fa Milletvekili S\u0131la Usar \u0130ncirli e\u015flik ediyor.<\/p>\n<p>Heyette ayr\u0131ca Meclis Meclis Bas\u0131n D\u0131\u015f \u0130li\u015fkiler ve Protokol M\u00fcd\u00fcr\u00fc Narin Yal\u0131ner Ata\u00f6z  ve \u00d6zel Kalem M\u00fcd\u00fcr\u00fc \u0130rem Uygun yer al\u0131yor.<\/p>\n<p>T\u00f6re, heyetiyle birlikte bu ama\u00e7la gitti\u011fi Ankara\u2019da Esenbo\u011fa Havaliman\u0131\u2019nda AK Parti Erzurum Milletvekili ve T\u00dcRKPA \u00dcyesi \u0130brahim Aydemir, <a href=\"https:\/\/brtk.net\/\">KKTC<\/a>\u2019nin Ankara B\u00fcy\u00fckel\u00e7isi \u0130smet Koruko\u011flu ve di\u011fer yetkililer taraf\u0131ndan kar\u015f\u0131land\u0131.<\/p>\n<p>Ba\u015fkan T\u00f6re\u2019nin bug\u00fcn Ankara\u2019da bir tak\u0131m temaslarda bulunmas\u0131, yar\u0131n ise TBMM b\u00fcnyesinde yap\u0131lacak T\u00dcRKPA Genel Kuruluna kat\u0131lmas\u0131 bekleniyor.<\/p>\n<\/p><\/div>\n<p><script async\n                    defer\n                    crossorigin=\"anonymous\"\n                    src=\"https:\/\/connect.facebook.net\/tr_TR\/sdk.js#xfbml=1&#038;version=v3.3\"\n            ><\/script><\/p>\n","protected":false},"excerpt":{"rendered":"<p>Cumhuriyet Meclisi Ba\u015fkan\u0131 Zorlu T\u00f6re, T\u00fcrkiye B\u00fcy\u00fck Millet Meclisi (TBMM) Ba\u015fkan\u0131 Mustafa \u015eentop\u2019un davetiyle T\u00fcrk Devletleri Parlamenterler Asamblesi (T\u00dcRKPA) 12. Genel Kurul Toplant\u0131s\u0131na kat\u0131lmak amac\u0131yla Ankara\u2019ya gitti. Ba\u015fkan T\u00f6re\u2019ye Ankara ziyaretinde Ulusal Birlik Partisi Gazima\u011fusa Milletvekili O\u011fuzhan Hasipo\u011flu ve Cumhuriyet\u00e7i T\u00fcrk Partisi Lefko\u015fa Milletvekili S\u0131la Usar \u0130ncirli e\u015flik ediyor. Heyette ayr\u0131ca Meclis Meclis Bas\u0131n D\u0131\u015f<\/p>\n","protected":false},"author":1,"featured_media":5803,"comment_status":"open","ping_status":"open","sticky":false,"template":"","format":"standard","meta":{"footnotes":""},"categories":[1],"tags":[],"class_list":["post-5802","post","type-post","status-publish","format-standard","has-post-thumbnail","hentry","category-gundem"],"yoast_head":"<!-- This site is optimized with the Yoast SEO plugin v27.4 - https:\/\/yoast.com\/product\/yoast-seo-wordpress\/ -->\n<title>T\u00f6re, T\u00dcRKPA Genel Kurulu\u2019na kat\u0131lmak amac\u0131yla Ankara\u2019da\u2026 -<\/title>\n<meta name=\"robots\" content=\"index, follow, max-snippet:-1, max-image-preview:large, max-video-preview:-1\" \/>\n<link rel=\"canonical\" href=\"https:\/\/kibrisdakik.com\/?p=5802\" \/>\n<meta property=\"og:locale\" content=\"tr_TR\" \/>\n<meta property=\"og:type\" content=\"article\" \/>\n<meta property=\"og:title\" content=\"T\u00f6re, T\u00dcRKPA Genel Kurulu\u2019na kat\u0131lmak amac\u0131yla Ankara\u2019da\u2026 -\" \/>\n<meta property=\"og:description\" content=\"Cumhuriyet Meclisi Ba\u015fkan\u0131 Zorlu T\u00f6re, T\u00fcrkiye B\u00fcy\u00fck Millet Meclisi (TBMM) Ba\u015fkan\u0131 Mustafa \u015eentop\u2019un davetiyle T\u00fcrk Devletleri Parlamenterler Asamblesi (T\u00dcRKPA) 12. Genel Kurul Toplant\u0131s\u0131na kat\u0131lmak amac\u0131yla Ankara\u2019ya gitti. Ba\u015fkan T\u00f6re\u2019ye Ankara ziyaretinde Ulusal Birlik Partisi Gazima\u011fusa Milletvekili O\u011fuzhan Hasipo\u011flu ve Cumhuriyet\u00e7i T\u00fcrk Partisi Lefko\u015fa Milletvekili S\u0131la Usar \u0130ncirli e\u015flik ediyor. Heyette ayr\u0131ca Meclis Meclis Bas\u0131n D\u0131\u015f\" \/>\n<meta property=\"og:url\" content=\"https:\/\/kibrisdakik.com\/?p=5802\" \/>\n<meta property=\"article:published_time\" content=\"2023-04-27T05:35:50+00:00\" \/>\n<meta property=\"og:image\" content=\"https:\/\/kibrisdakik.com\/wp-content\/uploads\/2023\/04\/asda3-740x420.jpg\" \/>\n\t<meta property=\"og:image:width\" content=\"1368\" \/>\n\t<meta property=\"og:image:height\" content=\"557\" \/>\n\t<meta property=\"og:image:type\" content=\"image\/jpeg\" \/>\n<meta name=\"author\" content=\"admin\" \/>\n<meta name=\"twitter:card\" content=\"summary_large_image\" \/>\n<meta name=\"twitter:label1\" content=\"Yazan:\" \/>\n\t<meta name=\"twitter:data1\" content=\"admin\" \/>\n\t<meta name=\"twitter:label2\" content=\"Tahmini okuma s\u00fcresi\" \/>\n\t<meta name=\"twitter:data2\" content=\"1 dakika\" \/>\n<script type=\"application\/ld+json\" class=\"yoast-schema-graph\">{\"@context\":\"https:\\\/\\\/schema.org\",\"@graph\":[{\"@type\":\"Article\",\"@id\":\"https:\\\/\\\/kibrisdakik.com\\\/?p=5802#article\",\"isPartOf\":{\"@id\":\"https:\\\/\\\/kibrisdakik.com\\\/?p=5802\"},\"author\":{\"name\":\"admin\",\"@id\":\"https:\\\/\\\/kibrisdakik.com\\\/#\\\/schema\\\/person\\\/9cd9d437bbb44f72b73ba127e06d8e79\"},\"headline\":\"T\u00f6re, T\u00dcRKPA Genel Kurulu\u2019na kat\u0131lmak amac\u0131yla Ankara\u2019da\u2026\",\"datePublished\":\"2023-04-27T05:35:50+00:00\",\"mainEntityOfPage\":{\"@id\":\"https:\\\/\\\/kibrisdakik.com\\\/?p=5802\"},\"wordCount\":189,\"commentCount\":0,\"image\":{\"@id\":\"https:\\\/\\\/kibrisdakik.com\\\/?p=5802#primaryimage\"},\"thumbnailUrl\":\"https:\\\/\\\/kibrisdakik.com\\\/wp-content\\\/uploads\\\/2023\\\/04\\\/asda3-740x420.jpg\",\"articleSection\":[\"G\u00fcndem\"],\"inLanguage\":\"tr\",\"potentialAction\":[{\"@type\":\"CommentAction\",\"name\":\"Comment\",\"target\":[\"https:\\\/\\\/kibrisdakik.com\\\/?p=5802#respond\"]}]},{\"@type\":\"WebPage\",\"@id\":\"https:\\\/\\\/kibrisdakik.com\\\/?p=5802\",\"url\":\"https:\\\/\\\/kibrisdakik.com\\\/?p=5802\",\"name\":\"T\u00f6re, T\u00dcRKPA Genel Kurulu\u2019na kat\u0131lmak amac\u0131yla Ankara\u2019da\u2026 -\",\"isPartOf\":{\"@id\":\"https:\\\/\\\/kibrisdakik.com\\\/#website\"},\"primaryImageOfPage\":{\"@id\":\"https:\\\/\\\/kibrisdakik.com\\\/?p=5802#primaryimage\"},\"image\":{\"@id\":\"https:\\\/\\\/kibrisdakik.com\\\/?p=5802#primaryimage\"},\"thumbnailUrl\":\"https:\\\/\\\/kibrisdakik.com\\\/wp-content\\\/uploads\\\/2023\\\/04\\\/asda3-740x420.jpg\",\"datePublished\":\"2023-04-27T05:35:50+00:00\",\"author\":{\"@id\":\"https:\\\/\\\/kibrisdakik.com\\\/#\\\/schema\\\/person\\\/9cd9d437bbb44f72b73ba127e06d8e79\"},\"breadcrumb\":{\"@id\":\"https:\\\/\\\/kibrisdakik.com\\\/?p=5802#breadcrumb\"},\"inLanguage\":\"tr\",\"potentialAction\":[{\"@type\":\"ReadAction\",\"target\":[\"https:\\\/\\\/kibrisdakik.com\\\/?p=5802\"]}]},{\"@type\":\"ImageObject\",\"inLanguage\":\"tr\",\"@id\":\"https:\\\/\\\/kibrisdakik.com\\\/?p=5802#primaryimage\",\"url\":\"https:\\\/\\\/kibrisdakik.com\\\/wp-content\\\/uploads\\\/2023\\\/04\\\/asda3-740x420.jpg\",\"contentUrl\":\"https:\\\/\\\/kibrisdakik.com\\\/wp-content\\\/uploads\\\/2023\\\/04\\\/asda3-740x420.jpg\",\"width\":1368,\"height\":557},{\"@type\":\"BreadcrumbList\",\"@id\":\"https:\\\/\\\/kibrisdakik.com\\\/?p=5802#breadcrumb\",\"itemListElement\":[{\"@type\":\"ListItem\",\"position\":1,\"name\":\"Home\",\"item\":\"https:\\\/\\\/kibrisdakik.com\\\/\"},{\"@type\":\"ListItem\",\"position\":2,\"name\":\"T\u00f6re, T\u00dcRKPA Genel Kurulu\u2019na kat\u0131lmak amac\u0131yla Ankara\u2019da\u2026\"}]},{\"@type\":\"WebSite\",\"@id\":\"https:\\\/\\\/kibrisdakik.com\\\/#website\",\"url\":\"https:\\\/\\\/kibrisdakik.com\\\/\",\"name\":\"\",\"description\":\"Tam vaktinde haber\",\"potentialAction\":[{\"@type\":\"SearchAction\",\"target\":{\"@type\":\"EntryPoint\",\"urlTemplate\":\"https:\\\/\\\/kibrisdakik.com\\\/?s={search_term_string}\"},\"query-input\":{\"@type\":\"PropertyValueSpecification\",\"valueRequired\":true,\"valueName\":\"search_term_string\"}}],\"inLanguage\":\"tr\"},{\"@type\":\"Person\",\"@id\":\"https:\\\/\\\/kibrisdakik.com\\\/#\\\/schema\\\/person\\\/9cd9d437bbb44f72b73ba127e06d8e79\",\"name\":\"admin\",\"image\":{\"@type\":\"ImageObject\",\"inLanguage\":\"tr\",\"@id\":\"https:\\\/\\\/secure.gravatar.com\\\/avatar\\\/ccc17943b9d660506c869530f897617f7cb1c21a4bf30023f252596d83e1f007?s=96&d=mm&r=g\",\"url\":\"https:\\\/\\\/secure.gravatar.com\\\/avatar\\\/ccc17943b9d660506c869530f897617f7cb1c21a4bf30023f252596d83e1f007?s=96&d=mm&r=g\",\"contentUrl\":\"https:\\\/\\\/secure.gravatar.com\\\/avatar\\\/ccc17943b9d660506c869530f897617f7cb1c21a4bf30023f252596d83e1f007?s=96&d=mm&r=g\",\"caption\":\"admin\"},\"sameAs\":[\"https:\\\/\\\/kibrisdakik.com\"],\"url\":\"https:\\\/\\\/kibrisdakik.com\\\/?author=1\"}]}<\/script>\n<!-- \/ Yoast SEO plugin. -->","yoast_head_json":{"title":"T\u00f6re, T\u00dcRKPA Genel Kurulu\u2019na kat\u0131lmak amac\u0131yla Ankara\u2019da\u2026 -","robots":{"index":"index","follow":"follow","max-snippet":"max-snippet:-1","max-image-preview":"max-image-preview:large","max-video-preview":"max-video-preview:-1"},"canonical":"https:\/\/kibrisdakik.com\/?p=5802","og_locale":"tr_TR","og_type":"article","og_title":"T\u00f6re, T\u00dcRKPA Genel Kurulu\u2019na kat\u0131lmak amac\u0131yla Ankara\u2019da\u2026 -","og_description":"Cumhuriyet Meclisi Ba\u015fkan\u0131 Zorlu T\u00f6re, T\u00fcrkiye B\u00fcy\u00fck Millet Meclisi (TBMM) Ba\u015fkan\u0131 Mustafa \u015eentop\u2019un davetiyle T\u00fcrk Devletleri Parlamenterler Asamblesi (T\u00dcRKPA) 12. Genel Kurul Toplant\u0131s\u0131na kat\u0131lmak amac\u0131yla Ankara\u2019ya gitti. Ba\u015fkan T\u00f6re\u2019ye Ankara ziyaretinde Ulusal Birlik Partisi Gazima\u011fusa Milletvekili O\u011fuzhan Hasipo\u011flu ve Cumhuriyet\u00e7i T\u00fcrk Partisi Lefko\u015fa Milletvekili S\u0131la Usar \u0130ncirli e\u015flik ediyor. Heyette ayr\u0131ca Meclis Meclis Bas\u0131n D\u0131\u015f","og_url":"https:\/\/kibrisdakik.com\/?p=5802","article_published_time":"2023-04-27T05:35:50+00:00","og_image":[{"width":1368,"height":557,"url":"https:\/\/kibrisdakik.com\/wp-content\/uploads\/2023\/04\/asda3-740x420.jpg","type":"image\/jpeg"}],"author":"admin","twitter_card":"summary_large_image","twitter_misc":{"Yazan:":"admin","Tahmini okuma s\u00fcresi":"1 dakika"},"schema":{"@context":"https:\/\/schema.org","@graph":[{"@type":"Article","@id":"https:\/\/kibrisdakik.com\/?p=5802#article","isPartOf":{"@id":"https:\/\/kibrisdakik.com\/?p=5802"},"author":{"name":"admin","@id":"https:\/\/kibrisdakik.com\/#\/schema\/person\/9cd9d437bbb44f72b73ba127e06d8e79"},"headline":"T\u00f6re, T\u00dcRKPA Genel Kurulu\u2019na kat\u0131lmak amac\u0131yla Ankara\u2019da\u2026","datePublished":"2023-04-27T05:35:50+00:00","mainEntityOfPage":{"@id":"https:\/\/kibrisdakik.com\/?p=5802"},"wordCount":189,"commentCount":0,"image":{"@id":"https:\/\/kibrisdakik.com\/?p=5802#primaryimage"},"thumbnailUrl":"https:\/\/kibrisdakik.com\/wp-content\/uploads\/2023\/04\/asda3-740x420.jpg","articleSection":["G\u00fcndem"],"inLanguage":"tr","potentialAction":[{"@type":"CommentAction","name":"Comment","target":["https:\/\/kibrisdakik.com\/?p=5802#respond"]}]},{"@type":"WebPage","@id":"https:\/\/kibrisdakik.com\/?p=5802","url":"https:\/\/kibrisdakik.com\/?p=5802","name":"T\u00f6re, T\u00dcRKPA Genel Kurulu\u2019na kat\u0131lmak amac\u0131yla Ankara\u2019da\u2026 -","isPartOf":{"@id":"https:\/\/kibrisdakik.com\/#website"},"primaryImageOfPage":{"@id":"https:\/\/kibrisdakik.com\/?p=5802#primaryimage"},"image":{"@id":"https:\/\/kibrisdakik.com\/?p=5802#primaryimage"},"thumbnailUrl":"https:\/\/kibrisdakik.com\/wp-content\/uploads\/2023\/04\/asda3-740x420.jpg","datePublished":"2023-04-27T05:35:50+00:00","author":{"@id":"https:\/\/kibrisdakik.com\/#\/schema\/person\/9cd9d437bbb44f72b73ba127e06d8e79"},"breadcrumb":{"@id":"https:\/\/kibrisdakik.com\/?p=5802#breadcrumb"},"inLanguage":"tr","potentialAction":[{"@type":"ReadAction","target":["https:\/\/kibrisdakik.com\/?p=5802"]}]},{"@type":"ImageObject","inLanguage":"tr","@id":"https:\/\/kibrisdakik.com\/?p=5802#primaryimage","url":"https:\/\/kibrisdakik.com\/wp-content\/uploads\/2023\/04\/asda3-740x420.jpg","contentUrl":"https:\/\/kibrisdakik.com\/wp-content\/uploads\/2023\/04\/asda3-740x420.jpg","width":1368,"height":557},{"@type":"BreadcrumbList","@id":"https:\/\/kibrisdakik.com\/?p=5802#breadcrumb","itemListElement":[{"@type":"ListItem","position":1,"name":"Home","item":"https:\/\/kibrisdakik.com\/"},{"@type":"ListItem","position":2,"name":"T\u00f6re, T\u00dcRKPA Genel Kurulu\u2019na kat\u0131lmak amac\u0131yla Ankara\u2019da\u2026"}]},{"@type":"WebSite","@id":"https:\/\/kibrisdakik.com\/#website","url":"https:\/\/kibrisdakik.com\/","name":"","description":"Tam vaktinde haber","potentialAction":[{"@type":"SearchAction","target":{"@type":"EntryPoint","urlTemplate":"https:\/\/kibrisdakik.com\/?s={search_term_string}"},"query-input":{"@type":"PropertyValueSpecification","valueRequired":true,"valueName":"search_term_string"}}],"inLanguage":"tr"},{"@type":"Person","@id":"https:\/\/kibrisdakik.com\/#\/schema\/person\/9cd9d437bbb44f72b73ba127e06d8e79","name":"admin","image":{"@type":"ImageObject","inLanguage":"tr","@id":"https:\/\/secure.gravatar.com\/avatar\/ccc17943b9d660506c869530f897617f7cb1c21a4bf30023f252596d83e1f007?s=96&d=mm&r=g","url":"https:\/\/secure.gravatar.com\/avatar\/ccc17943b9d660506c869530f897617f7cb1c21a4bf30023f252596d83e1f007?s=96&d=mm&r=g","contentUrl":"https:\/\/secure.gravatar.com\/avatar\/ccc17943b9d660506c869530f897617f7cb1c21a4bf30023f252596d83e1f007?s=96&d=mm&r=g","caption":"admin"},"sameAs":["https:\/\/kibrisdakik.com"],"url":"https:\/\/kibrisdakik.com\/?author=1"}]}},"_links":{"self":[{"href":"https:\/\/kibrisdakik.com\/index.php?rest_route=\/wp\/v2\/posts\/5802","targetHints":{"allow":["GET"]}}],"collection":[{"href":"https:\/\/kibrisdakik.com\/index.php?rest_route=\/wp\/v2\/posts"}],"about":[{"href":"https:\/\/kibrisdakik.com\/index.php?rest_route=\/wp\/v2\/types\/post"}],"author":[{"embeddable":true,"href":"https:\/\/kibrisdakik.com\/index.php?rest_route=\/wp\/v2\/users\/1"}],"replies":[{"embeddable":true,"href":"https:\/\/kibrisdakik.com\/index.php?rest_route=%2Fwp%2Fv2%2Fcomments&post=5802"}],"version-history":[{"count":0,"href":"https:\/\/kibrisdakik.com\/index.php?rest_route=\/wp\/v2\/posts\/5802\/revisions"}],"wp:featuredmedia":[{"embeddable":true,"href":"https:\/\/kibrisdakik.com\/index.php?rest_route=\/wp\/v2\/media\/5803"}],"wp:attachment":[{"href":"https:\/\/kibrisdakik.com\/index.php?rest_route=%2Fwp%2Fv2%2Fmedia&parent=5802"}],"wp:term":[{"taxonomy":"category","embeddable":true,"href":"https:\/\/kibrisdakik.com\/index.php?rest_route=%2Fwp%2Fv2%2Fcategories&post=5802"},{"taxonomy":"post_tag","embeddable":true,"href":"https:\/\/kibrisdakik.com\/index.php?rest_route=%2Fwp%2Fv2%2Ftags&post=5802"}],"curies":[{"name":"wp","href":"https:\/\/api.w.org\/{rel}","templated":true}]}}