{"id":58067,"date":"2024-08-30T11:47:04","date_gmt":"2024-08-30T08:47:04","guid":{"rendered":"https:\/\/kibrisdakik.com\/index.php\/2024\/08\/30\/30-agustos-zafer-bayrami-nedeniyle-guzelyurtta-toren-yapildi\/"},"modified":"2024-08-30T11:47:04","modified_gmt":"2024-08-30T08:47:04","slug":"30-agustos-zafer-bayrami-nedeniyle-guzelyurtta-toren-yapildi","status":"publish","type":"post","link":"https:\/\/kibrisdakik.com\/?p=58067","title":{"rendered":"30 A\u011fustos Zafer Bayram\u0131 nedeniyle G\u00fczelyurt\u2019ta t\u00f6ren yap\u0131ld\u0131\u2026"},"content":{"rendered":"<div>\n<div class=\"mariselle-image-container center\">\n                                            <\/div>\n<p>\u00a0<\/p>\n<p>30 A\u011fustos Zafer Bayram\u0131 nedeniyle G\u00fczelyurt\u2019ta t\u00f6ren yap\u0131ld\u0131. G\u00fczelyurt Belediye Ba\u015fkan\u0131 Mahmut \u00d6z\u00e7\u0131nar da 30 A\u011fustos Zafer Bayram\u0131\u2019n\u0131n 102. Y\u0131ld\u00f6n\u00fcm\u00fc m\u00fcnasebetiyle G\u00fczelyurt\u2019ta d\u00fczenlenen t\u00f6rene kat\u0131ld\u0131.<\/p>\n<p>Belediye a\u00e7\u0131klamas\u0131na g\u00f6re, G\u00fczelyurt Kaymakaml\u0131\u011f\u0131 Kar\u015f\u0131s\u0131ndaki Atat\u00fcrk An\u0131t\u0131 \u00f6n\u00fcnde saat 09:00\u2019da ger\u00e7ekle\u015fen t\u00f6ren protokol s\u0131ras\u0131na g\u00f6re \u00e7elenklerin konulmas\u0131yla ba\u015flad\u0131. \u0130ki dakikal\u0131k sayg\u0131 duru\u015fu, \u0130stiklal Mar\u015f\u0131\u2019n\u0131n okunmas\u0131n\u0131n ard\u0131ndan bayraklar\u0131n g\u00f6ndere \u00e7ekilmesiyle, Atat\u00fcrk An\u0131t\u0131 \u00f6n\u00fcndeki t\u00f6ren sona erdi.<\/p>\n<p>G\u00fczelyurt\u2019taki t\u00f6ren G\u00fczelyurt Arkeoloji M\u00fczesi \u00f6n\u00fcnde t\u00f6ren birliklerinin denetlenmesiyle devam etti. K\u0131br\u0131s T\u00fcrk Bar\u0131\u015f Kuvvetleri 49. Piyade Alay Komutanl\u0131\u011f\u0131 ad\u0131na Piyade \u00dcste\u011fmen Serhat Kalkan, Kaymakaml\u0131k ad\u0131na G\u00fczelyurt Kurtulu\u015f Lisesi tarih \u00f6\u011fretmeni Deniz Kaya g\u00fcn\u00fcn anlam ve \u00f6nemini belirten bir konu\u015fma yaparak, 30 A\u011fustos\u2019un T\u00fcrk tarihi i\u00e7in \u00f6nemli bir d\u00f6n\u00fcm noktas\u0131 oldu\u011fu vurguland\u0131. G\u00fczelyurt Kurtulu\u015f Lisesi \u00f6\u011frencisi G\u00f6rkem P\u0131nar\u2019\u0131n \u201c30 A\u011fustos\u201d adl\u0131 \u015fiiri okumas\u0131n\u0131n ard\u0131ndan t\u00f6ren resmi ge\u00e7itle sona erdi.<\/p>\n<\/p><\/div>\n<p><script async\n                    defer\n                    crossorigin=\"anonymous\"\n                    src=\"https:\/\/connect.facebook.net\/tr_TR\/sdk.js#xfbml=1&#038;version=v3.3\"\n            ><\/script><\/p>\n","protected":false},"excerpt":{"rendered":"<p>\u00a0 30 A\u011fustos Zafer Bayram\u0131 nedeniyle G\u00fczelyurt\u2019ta t\u00f6ren yap\u0131ld\u0131. G\u00fczelyurt Belediye Ba\u015fkan\u0131 Mahmut \u00d6z\u00e7\u0131nar da 30 A\u011fustos Zafer Bayram\u0131\u2019n\u0131n 102. Y\u0131ld\u00f6n\u00fcm\u00fc m\u00fcnasebetiyle G\u00fczelyurt\u2019ta d\u00fczenlenen t\u00f6rene kat\u0131ld\u0131. Belediye a\u00e7\u0131klamas\u0131na g\u00f6re, G\u00fczelyurt Kaymakaml\u0131\u011f\u0131 Kar\u015f\u0131s\u0131ndaki Atat\u00fcrk An\u0131t\u0131 \u00f6n\u00fcnde saat 09:00\u2019da ger\u00e7ekle\u015fen t\u00f6ren protokol s\u0131ras\u0131na g\u00f6re \u00e7elenklerin konulmas\u0131yla ba\u015flad\u0131. \u0130ki dakikal\u0131k sayg\u0131 duru\u015fu, \u0130stiklal Mar\u015f\u0131\u2019n\u0131n okunmas\u0131n\u0131n ard\u0131ndan bayraklar\u0131n g\u00f6ndere<\/p>\n","protected":false},"author":1,"featured_media":58068,"comment_status":"open","ping_status":"open","sticky":false,"template":"","format":"standard","meta":{"footnotes":""},"categories":[81],"tags":[],"class_list":["post-58067","post","type-post","status-publish","format-standard","has-post-thumbnail","hentry","category-kibris"],"yoast_head":"<!-- This site is optimized with the Yoast SEO plugin v27.4 - https:\/\/yoast.com\/product\/yoast-seo-wordpress\/ -->\n<title>30 A\u011fustos Zafer Bayram\u0131 nedeniyle G\u00fczelyurt\u2019ta t\u00f6ren yap\u0131ld\u0131\u2026 -<\/title>\n<meta name=\"robots\" content=\"index, follow, max-snippet:-1, max-image-preview:large, max-video-preview:-1\" \/>\n<link rel=\"canonical\" href=\"https:\/\/kibrisdakik.com\/?p=58067\" \/>\n<meta property=\"og:locale\" content=\"tr_TR\" \/>\n<meta property=\"og:type\" content=\"article\" \/>\n<meta property=\"og:title\" content=\"30 A\u011fustos Zafer Bayram\u0131 nedeniyle G\u00fczelyurt\u2019ta t\u00f6ren yap\u0131ld\u0131\u2026 -\" \/>\n<meta property=\"og:description\" content=\"\u00a0 30 A\u011fustos Zafer Bayram\u0131 nedeniyle G\u00fczelyurt\u2019ta t\u00f6ren yap\u0131ld\u0131. G\u00fczelyurt Belediye Ba\u015fkan\u0131 Mahmut \u00d6z\u00e7\u0131nar da 30 A\u011fustos Zafer Bayram\u0131\u2019n\u0131n 102. Y\u0131ld\u00f6n\u00fcm\u00fc m\u00fcnasebetiyle G\u00fczelyurt\u2019ta d\u00fczenlenen t\u00f6rene kat\u0131ld\u0131. Belediye a\u00e7\u0131klamas\u0131na g\u00f6re, G\u00fczelyurt Kaymakaml\u0131\u011f\u0131 Kar\u015f\u0131s\u0131ndaki Atat\u00fcrk An\u0131t\u0131 \u00f6n\u00fcnde saat 09:00\u2019da ger\u00e7ekle\u015fen t\u00f6ren protokol s\u0131ras\u0131na g\u00f6re \u00e7elenklerin konulmas\u0131yla ba\u015flad\u0131. \u0130ki dakikal\u0131k sayg\u0131 duru\u015fu, \u0130stiklal Mar\u015f\u0131\u2019n\u0131n okunmas\u0131n\u0131n ard\u0131ndan bayraklar\u0131n g\u00f6ndere\" \/>\n<meta property=\"og:url\" content=\"https:\/\/kibrisdakik.com\/?p=58067\" \/>\n<meta property=\"article:published_time\" content=\"2024-08-30T08:47:04+00:00\" \/>\n<meta property=\"og:image\" content=\"https:\/\/kibrisdakik.com\/wp-content\/uploads\/2024\/08\/guzegustos-2-scaled-740x420.jpg\" \/>\n\t<meta property=\"og:image:width\" content=\"2560\" \/>\n\t<meta property=\"og:image:height\" content=\"1700\" \/>\n\t<meta property=\"og:image:type\" content=\"image\/jpeg\" \/>\n<meta name=\"author\" content=\"admin\" \/>\n<meta name=\"twitter:card\" content=\"summary_large_image\" \/>\n<meta name=\"twitter:label1\" content=\"Yazan:\" \/>\n\t<meta name=\"twitter:data1\" content=\"admin\" \/>\n\t<meta name=\"twitter:label2\" content=\"Tahmini okuma s\u00fcresi\" \/>\n\t<meta name=\"twitter:data2\" content=\"1 dakika\" \/>\n<script type=\"application\/ld+json\" class=\"yoast-schema-graph\">{\"@context\":\"https:\\\/\\\/schema.org\",\"@graph\":[{\"@type\":\"Article\",\"@id\":\"https:\\\/\\\/kibrisdakik.com\\\/?p=58067#article\",\"isPartOf\":{\"@id\":\"https:\\\/\\\/kibrisdakik.com\\\/?p=58067\"},\"author\":{\"name\":\"admin\",\"@id\":\"https:\\\/\\\/kibrisdakik.com\\\/#\\\/schema\\\/person\\\/9cd9d437bbb44f72b73ba127e06d8e79\"},\"headline\":\"30 A\u011fustos Zafer Bayram\u0131 nedeniyle G\u00fczelyurt\u2019ta t\u00f6ren yap\u0131ld\u0131\u2026\",\"datePublished\":\"2024-08-30T08:47:04+00:00\",\"mainEntityOfPage\":{\"@id\":\"https:\\\/\\\/kibrisdakik.com\\\/?p=58067\"},\"wordCount\":221,\"commentCount\":0,\"image\":{\"@id\":\"https:\\\/\\\/kibrisdakik.com\\\/?p=58067#primaryimage\"},\"thumbnailUrl\":\"https:\\\/\\\/kibrisdakik.com\\\/wp-content\\\/uploads\\\/2024\\\/08\\\/guzegustos-2-scaled-740x420.jpg\",\"articleSection\":[\"K\u0131br\u0131s\"],\"inLanguage\":\"tr\",\"potentialAction\":[{\"@type\":\"CommentAction\",\"name\":\"Comment\",\"target\":[\"https:\\\/\\\/kibrisdakik.com\\\/?p=58067#respond\"]}]},{\"@type\":\"WebPage\",\"@id\":\"https:\\\/\\\/kibrisdakik.com\\\/?p=58067\",\"url\":\"https:\\\/\\\/kibrisdakik.com\\\/?p=58067\",\"name\":\"30 A\u011fustos Zafer Bayram\u0131 nedeniyle G\u00fczelyurt\u2019ta t\u00f6ren yap\u0131ld\u0131\u2026 -\",\"isPartOf\":{\"@id\":\"https:\\\/\\\/kibrisdakik.com\\\/#website\"},\"primaryImageOfPage\":{\"@id\":\"https:\\\/\\\/kibrisdakik.com\\\/?p=58067#primaryimage\"},\"image\":{\"@id\":\"https:\\\/\\\/kibrisdakik.com\\\/?p=58067#primaryimage\"},\"thumbnailUrl\":\"https:\\\/\\\/kibrisdakik.com\\\/wp-content\\\/uploads\\\/2024\\\/08\\\/guzegustos-2-scaled-740x420.jpg\",\"datePublished\":\"2024-08-30T08:47:04+00:00\",\"author\":{\"@id\":\"https:\\\/\\\/kibrisdakik.com\\\/#\\\/schema\\\/person\\\/9cd9d437bbb44f72b73ba127e06d8e79\"},\"breadcrumb\":{\"@id\":\"https:\\\/\\\/kibrisdakik.com\\\/?p=58067#breadcrumb\"},\"inLanguage\":\"tr\",\"potentialAction\":[{\"@type\":\"ReadAction\",\"target\":[\"https:\\\/\\\/kibrisdakik.com\\\/?p=58067\"]}]},{\"@type\":\"ImageObject\",\"inLanguage\":\"tr\",\"@id\":\"https:\\\/\\\/kibrisdakik.com\\\/?p=58067#primaryimage\",\"url\":\"https:\\\/\\\/kibrisdakik.com\\\/wp-content\\\/uploads\\\/2024\\\/08\\\/guzegustos-2-scaled-740x420.jpg\",\"contentUrl\":\"https:\\\/\\\/kibrisdakik.com\\\/wp-content\\\/uploads\\\/2024\\\/08\\\/guzegustos-2-scaled-740x420.jpg\",\"width\":2560,\"height\":1700},{\"@type\":\"BreadcrumbList\",\"@id\":\"https:\\\/\\\/kibrisdakik.com\\\/?p=58067#breadcrumb\",\"itemListElement\":[{\"@type\":\"ListItem\",\"position\":1,\"name\":\"Home\",\"item\":\"https:\\\/\\\/kibrisdakik.com\\\/\"},{\"@type\":\"ListItem\",\"position\":2,\"name\":\"30 A\u011fustos Zafer Bayram\u0131 nedeniyle G\u00fczelyurt\u2019ta t\u00f6ren yap\u0131ld\u0131\u2026\"}]},{\"@type\":\"WebSite\",\"@id\":\"https:\\\/\\\/kibrisdakik.com\\\/#website\",\"url\":\"https:\\\/\\\/kibrisdakik.com\\\/\",\"name\":\"\",\"description\":\"Tam vaktinde haber\",\"potentialAction\":[{\"@type\":\"SearchAction\",\"target\":{\"@type\":\"EntryPoint\",\"urlTemplate\":\"https:\\\/\\\/kibrisdakik.com\\\/?s={search_term_string}\"},\"query-input\":{\"@type\":\"PropertyValueSpecification\",\"valueRequired\":true,\"valueName\":\"search_term_string\"}}],\"inLanguage\":\"tr\"},{\"@type\":\"Person\",\"@id\":\"https:\\\/\\\/kibrisdakik.com\\\/#\\\/schema\\\/person\\\/9cd9d437bbb44f72b73ba127e06d8e79\",\"name\":\"admin\",\"image\":{\"@type\":\"ImageObject\",\"inLanguage\":\"tr\",\"@id\":\"https:\\\/\\\/secure.gravatar.com\\\/avatar\\\/ccc17943b9d660506c869530f897617f7cb1c21a4bf30023f252596d83e1f007?s=96&d=mm&r=g\",\"url\":\"https:\\\/\\\/secure.gravatar.com\\\/avatar\\\/ccc17943b9d660506c869530f897617f7cb1c21a4bf30023f252596d83e1f007?s=96&d=mm&r=g\",\"contentUrl\":\"https:\\\/\\\/secure.gravatar.com\\\/avatar\\\/ccc17943b9d660506c869530f897617f7cb1c21a4bf30023f252596d83e1f007?s=96&d=mm&r=g\",\"caption\":\"admin\"},\"sameAs\":[\"https:\\\/\\\/kibrisdakik.com\"],\"url\":\"https:\\\/\\\/kibrisdakik.com\\\/?author=1\"}]}<\/script>\n<!-- \/ Yoast SEO plugin. -->","yoast_head_json":{"title":"30 A\u011fustos Zafer Bayram\u0131 nedeniyle G\u00fczelyurt\u2019ta t\u00f6ren yap\u0131ld\u0131\u2026 -","robots":{"index":"index","follow":"follow","max-snippet":"max-snippet:-1","max-image-preview":"max-image-preview:large","max-video-preview":"max-video-preview:-1"},"canonical":"https:\/\/kibrisdakik.com\/?p=58067","og_locale":"tr_TR","og_type":"article","og_title":"30 A\u011fustos Zafer Bayram\u0131 nedeniyle G\u00fczelyurt\u2019ta t\u00f6ren yap\u0131ld\u0131\u2026 -","og_description":"\u00a0 30 A\u011fustos Zafer Bayram\u0131 nedeniyle G\u00fczelyurt\u2019ta t\u00f6ren yap\u0131ld\u0131. G\u00fczelyurt Belediye Ba\u015fkan\u0131 Mahmut \u00d6z\u00e7\u0131nar da 30 A\u011fustos Zafer Bayram\u0131\u2019n\u0131n 102. Y\u0131ld\u00f6n\u00fcm\u00fc m\u00fcnasebetiyle G\u00fczelyurt\u2019ta d\u00fczenlenen t\u00f6rene kat\u0131ld\u0131. Belediye a\u00e7\u0131klamas\u0131na g\u00f6re, G\u00fczelyurt Kaymakaml\u0131\u011f\u0131 Kar\u015f\u0131s\u0131ndaki Atat\u00fcrk An\u0131t\u0131 \u00f6n\u00fcnde saat 09:00\u2019da ger\u00e7ekle\u015fen t\u00f6ren protokol s\u0131ras\u0131na g\u00f6re \u00e7elenklerin konulmas\u0131yla ba\u015flad\u0131. \u0130ki dakikal\u0131k sayg\u0131 duru\u015fu, \u0130stiklal Mar\u015f\u0131\u2019n\u0131n okunmas\u0131n\u0131n ard\u0131ndan bayraklar\u0131n g\u00f6ndere","og_url":"https:\/\/kibrisdakik.com\/?p=58067","article_published_time":"2024-08-30T08:47:04+00:00","og_image":[{"width":2560,"height":1700,"url":"https:\/\/kibrisdakik.com\/wp-content\/uploads\/2024\/08\/guzegustos-2-scaled-740x420.jpg","type":"image\/jpeg"}],"author":"admin","twitter_card":"summary_large_image","twitter_misc":{"Yazan:":"admin","Tahmini okuma s\u00fcresi":"1 dakika"},"schema":{"@context":"https:\/\/schema.org","@graph":[{"@type":"Article","@id":"https:\/\/kibrisdakik.com\/?p=58067#article","isPartOf":{"@id":"https:\/\/kibrisdakik.com\/?p=58067"},"author":{"name":"admin","@id":"https:\/\/kibrisdakik.com\/#\/schema\/person\/9cd9d437bbb44f72b73ba127e06d8e79"},"headline":"30 A\u011fustos Zafer Bayram\u0131 nedeniyle G\u00fczelyurt\u2019ta t\u00f6ren yap\u0131ld\u0131\u2026","datePublished":"2024-08-30T08:47:04+00:00","mainEntityOfPage":{"@id":"https:\/\/kibrisdakik.com\/?p=58067"},"wordCount":221,"commentCount":0,"image":{"@id":"https:\/\/kibrisdakik.com\/?p=58067#primaryimage"},"thumbnailUrl":"https:\/\/kibrisdakik.com\/wp-content\/uploads\/2024\/08\/guzegustos-2-scaled-740x420.jpg","articleSection":["K\u0131br\u0131s"],"inLanguage":"tr","potentialAction":[{"@type":"CommentAction","name":"Comment","target":["https:\/\/kibrisdakik.com\/?p=58067#respond"]}]},{"@type":"WebPage","@id":"https:\/\/kibrisdakik.com\/?p=58067","url":"https:\/\/kibrisdakik.com\/?p=58067","name":"30 A\u011fustos Zafer Bayram\u0131 nedeniyle G\u00fczelyurt\u2019ta t\u00f6ren yap\u0131ld\u0131\u2026 -","isPartOf":{"@id":"https:\/\/kibrisdakik.com\/#website"},"primaryImageOfPage":{"@id":"https:\/\/kibrisdakik.com\/?p=58067#primaryimage"},"image":{"@id":"https:\/\/kibrisdakik.com\/?p=58067#primaryimage"},"thumbnailUrl":"https:\/\/kibrisdakik.com\/wp-content\/uploads\/2024\/08\/guzegustos-2-scaled-740x420.jpg","datePublished":"2024-08-30T08:47:04+00:00","author":{"@id":"https:\/\/kibrisdakik.com\/#\/schema\/person\/9cd9d437bbb44f72b73ba127e06d8e79"},"breadcrumb":{"@id":"https:\/\/kibrisdakik.com\/?p=58067#breadcrumb"},"inLanguage":"tr","potentialAction":[{"@type":"ReadAction","target":["https:\/\/kibrisdakik.com\/?p=58067"]}]},{"@type":"ImageObject","inLanguage":"tr","@id":"https:\/\/kibrisdakik.com\/?p=58067#primaryimage","url":"https:\/\/kibrisdakik.com\/wp-content\/uploads\/2024\/08\/guzegustos-2-scaled-740x420.jpg","contentUrl":"https:\/\/kibrisdakik.com\/wp-content\/uploads\/2024\/08\/guzegustos-2-scaled-740x420.jpg","width":2560,"height":1700},{"@type":"BreadcrumbList","@id":"https:\/\/kibrisdakik.com\/?p=58067#breadcrumb","itemListElement":[{"@type":"ListItem","position":1,"name":"Home","item":"https:\/\/kibrisdakik.com\/"},{"@type":"ListItem","position":2,"name":"30 A\u011fustos Zafer Bayram\u0131 nedeniyle G\u00fczelyurt\u2019ta t\u00f6ren yap\u0131ld\u0131\u2026"}]},{"@type":"WebSite","@id":"https:\/\/kibrisdakik.com\/#website","url":"https:\/\/kibrisdakik.com\/","name":"","description":"Tam vaktinde haber","potentialAction":[{"@type":"SearchAction","target":{"@type":"EntryPoint","urlTemplate":"https:\/\/kibrisdakik.com\/?s={search_term_string}"},"query-input":{"@type":"PropertyValueSpecification","valueRequired":true,"valueName":"search_term_string"}}],"inLanguage":"tr"},{"@type":"Person","@id":"https:\/\/kibrisdakik.com\/#\/schema\/person\/9cd9d437bbb44f72b73ba127e06d8e79","name":"admin","image":{"@type":"ImageObject","inLanguage":"tr","@id":"https:\/\/secure.gravatar.com\/avatar\/ccc17943b9d660506c869530f897617f7cb1c21a4bf30023f252596d83e1f007?s=96&d=mm&r=g","url":"https:\/\/secure.gravatar.com\/avatar\/ccc17943b9d660506c869530f897617f7cb1c21a4bf30023f252596d83e1f007?s=96&d=mm&r=g","contentUrl":"https:\/\/secure.gravatar.com\/avatar\/ccc17943b9d660506c869530f897617f7cb1c21a4bf30023f252596d83e1f007?s=96&d=mm&r=g","caption":"admin"},"sameAs":["https:\/\/kibrisdakik.com"],"url":"https:\/\/kibrisdakik.com\/?author=1"}]}},"_links":{"self":[{"href":"https:\/\/kibrisdakik.com\/index.php?rest_route=\/wp\/v2\/posts\/58067","targetHints":{"allow":["GET"]}}],"collection":[{"href":"https:\/\/kibrisdakik.com\/index.php?rest_route=\/wp\/v2\/posts"}],"about":[{"href":"https:\/\/kibrisdakik.com\/index.php?rest_route=\/wp\/v2\/types\/post"}],"author":[{"embeddable":true,"href":"https:\/\/kibrisdakik.com\/index.php?rest_route=\/wp\/v2\/users\/1"}],"replies":[{"embeddable":true,"href":"https:\/\/kibrisdakik.com\/index.php?rest_route=%2Fwp%2Fv2%2Fcomments&post=58067"}],"version-history":[{"count":0,"href":"https:\/\/kibrisdakik.com\/index.php?rest_route=\/wp\/v2\/posts\/58067\/revisions"}],"wp:featuredmedia":[{"embeddable":true,"href":"https:\/\/kibrisdakik.com\/index.php?rest_route=\/wp\/v2\/media\/58068"}],"wp:attachment":[{"href":"https:\/\/kibrisdakik.com\/index.php?rest_route=%2Fwp%2Fv2%2Fmedia&parent=58067"}],"wp:term":[{"taxonomy":"category","embeddable":true,"href":"https:\/\/kibrisdakik.com\/index.php?rest_route=%2Fwp%2Fv2%2Fcategories&post=58067"},{"taxonomy":"post_tag","embeddable":true,"href":"https:\/\/kibrisdakik.com\/index.php?rest_route=%2Fwp%2Fv2%2Ftags&post=58067"}],"curies":[{"name":"wp","href":"https:\/\/api.w.org\/{rel}","templated":true}]}}