{"id":58127,"date":"2024-08-30T15:11:25","date_gmt":"2024-08-30T12:11:25","guid":{"rendered":"https:\/\/kibrisdakik.com\/index.php\/2024\/08\/30\/aliyev-kktcye-surekli-destek-veriyoruz\/"},"modified":"2024-08-30T15:11:25","modified_gmt":"2024-08-30T12:11:25","slug":"aliyev-kktcye-surekli-destek-veriyoruz","status":"publish","type":"post","link":"https:\/\/kibrisdakik.com\/?p=58127","title":{"rendered":"Aliyev: KKTC\u2019ye s\u00fcrekli destek veriyoruz"},"content":{"rendered":"<div>\n<div class=\"mariselle-image-container center\">\n                                            <\/div>\n<p>\u00a0<\/p>\n<p style=\"font-weight: 300;\"><span style=\"font-weight: 300 !important;\">Azerbaycan Cumhurba\u015fkan\u0131 \u0130lham Aliyev, Ermenistan\u2019\u0131n Bat\u0131 \u00fclkelerinden silah ald\u0131\u011f\u0131n\u0131, \u00fc\u00e7\u00fcnc\u00fc taraflarla askeri tatbikatlar yapt\u0131\u011f\u0131n\u0131 belirterek, \u201cG\u00f6r\u00fcn\u00fc\u015fe g\u00f6re Ermenistan bar\u0131\u015f anla\u015fmas\u0131yla ve b\u00f6lgeye kal\u0131c\u0131 bar\u0131\u015f gelmesiyle ilgilenmiyor. Ermenistan kas\u0131tl\u0131 olarak s\u00fcreyi uzat\u0131yor.\u201d dedi.<\/span><\/p>\n<p style=\"font-weight: 300;\"><span style=\"font-weight: 300 !important;\">Azerbaycan ile KKTC ili\u015fkilerine de de\u011finen Aliyev, KKTC\u2018ye s\u00fcrekli destek verdiklerini kaydetti.<\/span><\/p>\n<p style=\"font-weight: 300;\"><span style=\"font-weight: 300 !important;\">Aliyev, 1 Eyl\u00fcl\u2019de yap\u0131lacak genel se\u00e7imleri g\u00f6zlemlemek i\u00e7in Bak\u00fc\u2019ye gelen T\u00fcrkiye-Azerbaycan Parlamentolar Aras\u0131 Dostluk Grubu Ba\u015fkan\u0131 ve AK Parti \u0130stanbul Milletvekili \u015eamil Ayr\u0131m ba\u015fkanl\u0131\u011f\u0131ndaki TBMM heyetini kabul etti.<\/span><\/p>\n<p style=\"font-weight: 300;\"><span style=\"font-weight: 300 !important;\">Aliyev kabulde, Azerbaycan ile T\u00fcrkiye\u2019nin karde\u015flik ve stratejik m\u00fcttefikli\u011finin \u00f6nemine de\u011finerek, iki \u00fclkenin her zaman birbirinin yan\u0131nda oldu\u011funu s\u00f6yledi.<\/span><\/p>\n<p style=\"font-weight: 300;\"><span style=\"font-weight: 300 !important;\">B\u00f6lgedeki geli\u015fmelere ili\u015fkin de de\u011ferlendirmede bulunan Aliyev, Azerbaycan olarak b\u00f6lgede s\u00fcrd\u00fcr\u00fclebilir bar\u0131\u015f\u0131n sa\u011flanmas\u0131ndan yana olduklar\u0131n\u0131 bildirdi.<\/span><\/p>\n<p style=\"font-weight: 300;\"><span style=\"font-weight: 300 !important;\">Aliyev, Ermenistan\u2019la bar\u0131\u015f\u0131n sa\u011flanmas\u0131 i\u00e7in bu \u00fclkenin anayasas\u0131ndaki, Azerbaycan\u2019a kar\u015f\u0131 toprak iddialar\u0131n\u0131n kald\u0131r\u0131lmas\u0131 ve anayasan\u0131n de\u011fi\u015ftirilmesi gerekti\u011fini vurgulad\u0131.<\/span><\/p>\n<p style=\"font-weight: 300;\"><span style=\"font-weight: 300 !important;\">Azerbaycan ile Ermenistan aras\u0131ndaki ihtilaf\u0131n \u00e7\u00f6z\u00fcm\u00fc i\u00e7in kurulan Avrupa G\u00fcvenlik ve \u0130\u015fbirli\u011fi Te\u015fkilat\u0131 (AG\u0130T) Minsk Grubunun feshedilmesinin gereklili\u011fini vurgulayan Aliyev, \u201cErmenistan\u2019\u0131n Minsk Grubu\u2019nun la\u011fvedilmemesi konusundaki tutumu hi\u00e7bir \u015fekilde anla\u015f\u0131l\u0131r de\u011fildir. \u00c7\u00fcnk\u00fc \u00e7at\u0131\u015fmalar ge\u00e7mi\u015fte kald\u0131ysa ve Ermenistan Ba\u015fbakan\u0131, Azerbaycan\u2019\u0131n toprak b\u00fct\u00fcnl\u00fc\u011f\u00fcn\u00fc destekledi\u011fini s\u00f6yl\u00fcyorsa, o zaman ge\u00e7mi\u015ften kalan Minsk Grubunu tutmaya ne gerek var. G\u00f6r\u00fcn\u00fc\u015fe g\u00f6re Ermenistan bar\u0131\u015f anla\u015fmas\u0131yla ve b\u00f6lgeye kal\u0131c\u0131 bar\u0131\u015f gelmesiyle ilgilenmiyor. Ermenistan kas\u0131tl\u0131 olarak s\u00fcreyi uzat\u0131yor. Fransa\u2019dan, di\u011fer Bat\u0131l\u0131 \u00fclkelerden ve di\u011fer taraflardan yeni silahlar al\u0131yor, topraklar\u0131nda \u00fc\u00e7\u00fcnc\u00fc taraflarla askeri tatbikatlar yap\u0131yor.\u201d diye konu\u015ftu.<\/span><\/p>\n<p style=\"font-weight: 300;\"><span style=\"font-weight: 300 !important;\">Aliyev, baz\u0131 Bat\u0131 kurulu\u015flar\u0131n\u0131n \u00fclkesine kar\u015f\u0131 haks\u0131z tutum sergiledi\u011fini, Avrupa Konseyi Parlamenter Meclisinin Azerbaycan kar\u015f\u0131t\u0131 tutumunun \u00fclkesinin toprak b\u00fct\u00fcnl\u00fc\u011f\u00fc ve egemenli\u011fini sa\u011flamas\u0131yla do\u011frudan ba\u011flant\u0131l\u0131 oldu\u011funu aktard\u0131.<\/span><\/p>\n<p style=\"font-weight: 300;\"><span style=\"font-weight: 300 !important;\">Azerbaycan ile KKTC ili\u015fkilerine de de\u011finen Aliyev, KKTC\u2018ye s\u00fcrekli destek verdiklerini kaydetti.<\/span><\/p>\n<\/p><\/div>\n<p><script async\n                    defer\n                    crossorigin=\"anonymous\"\n                    src=\"https:\/\/connect.facebook.net\/tr_TR\/sdk.js#xfbml=1&#038;version=v3.3\"\n            ><\/script><\/p>\n","protected":false},"excerpt":{"rendered":"<p>\u00a0 Azerbaycan Cumhurba\u015fkan\u0131 \u0130lham Aliyev, Ermenistan\u2019\u0131n Bat\u0131 \u00fclkelerinden silah ald\u0131\u011f\u0131n\u0131, \u00fc\u00e7\u00fcnc\u00fc taraflarla askeri tatbikatlar yapt\u0131\u011f\u0131n\u0131 belirterek, \u201cG\u00f6r\u00fcn\u00fc\u015fe g\u00f6re Ermenistan bar\u0131\u015f anla\u015fmas\u0131yla ve b\u00f6lgeye kal\u0131c\u0131 bar\u0131\u015f gelmesiyle ilgilenmiyor. Ermenistan kas\u0131tl\u0131 olarak s\u00fcreyi uzat\u0131yor.\u201d dedi. Azerbaycan ile KKTC ili\u015fkilerine de de\u011finen Aliyev, KKTC\u2018ye s\u00fcrekli destek verdiklerini kaydetti. Aliyev, 1 Eyl\u00fcl\u2019de yap\u0131lacak genel se\u00e7imleri g\u00f6zlemlemek i\u00e7in Bak\u00fc\u2019ye gelen<\/p>\n","protected":false},"author":1,"featured_media":58128,"comment_status":"open","ping_status":"open","sticky":false,"template":"","format":"standard","meta":{"footnotes":""},"categories":[81],"tags":[],"class_list":["post-58127","post","type-post","status-publish","format-standard","has-post-thumbnail","hentry","category-kibris"],"yoast_head":"<!-- This site is optimized with the Yoast SEO plugin v27.4 - https:\/\/yoast.com\/product\/yoast-seo-wordpress\/ -->\n<title>Aliyev: KKTC\u2019ye s\u00fcrekli destek veriyoruz -<\/title>\n<meta name=\"robots\" content=\"index, follow, max-snippet:-1, max-image-preview:large, max-video-preview:-1\" \/>\n<link rel=\"canonical\" href=\"https:\/\/kibrisdakik.com\/?p=58127\" \/>\n<meta property=\"og:locale\" content=\"tr_TR\" \/>\n<meta property=\"og:type\" content=\"article\" \/>\n<meta property=\"og:title\" content=\"Aliyev: KKTC\u2019ye s\u00fcrekli destek veriyoruz -\" \/>\n<meta property=\"og:description\" content=\"\u00a0 Azerbaycan Cumhurba\u015fkan\u0131 \u0130lham Aliyev, Ermenistan\u2019\u0131n Bat\u0131 \u00fclkelerinden silah ald\u0131\u011f\u0131n\u0131, \u00fc\u00e7\u00fcnc\u00fc taraflarla askeri tatbikatlar yapt\u0131\u011f\u0131n\u0131 belirterek, \u201cG\u00f6r\u00fcn\u00fc\u015fe g\u00f6re Ermenistan bar\u0131\u015f anla\u015fmas\u0131yla ve b\u00f6lgeye kal\u0131c\u0131 bar\u0131\u015f gelmesiyle ilgilenmiyor. Ermenistan kas\u0131tl\u0131 olarak s\u00fcreyi uzat\u0131yor.\u201d dedi. Azerbaycan ile KKTC ili\u015fkilerine de de\u011finen Aliyev, KKTC\u2018ye s\u00fcrekli destek verdiklerini kaydetti. Aliyev, 1 Eyl\u00fcl\u2019de yap\u0131lacak genel se\u00e7imleri g\u00f6zlemlemek i\u00e7in Bak\u00fc\u2019ye gelen\" \/>\n<meta property=\"og:url\" content=\"https:\/\/kibrisdakik.com\/?p=58127\" \/>\n<meta property=\"article:published_time\" content=\"2024-08-30T12:11:25+00:00\" \/>\n<meta property=\"og:image\" content=\"https:\/\/kibrisdakik.com\/wp-content\/uploads\/2024\/08\/ilham-aliyev-740x420.jpg\" \/>\n\t<meta property=\"og:image:width\" content=\"864\" \/>\n\t<meta property=\"og:image:height\" content=\"486\" \/>\n\t<meta property=\"og:image:type\" content=\"image\/jpeg\" \/>\n<meta name=\"author\" content=\"admin\" \/>\n<meta name=\"twitter:card\" content=\"summary_large_image\" \/>\n<meta name=\"twitter:label1\" content=\"Yazan:\" \/>\n\t<meta name=\"twitter:data1\" content=\"admin\" \/>\n\t<meta name=\"twitter:label2\" content=\"Tahmini okuma s\u00fcresi\" \/>\n\t<meta name=\"twitter:data2\" content=\"2 dakika\" \/>\n<script type=\"application\/ld+json\" class=\"yoast-schema-graph\">{\"@context\":\"https:\\\/\\\/schema.org\",\"@graph\":[{\"@type\":\"Article\",\"@id\":\"https:\\\/\\\/kibrisdakik.com\\\/?p=58127#article\",\"isPartOf\":{\"@id\":\"https:\\\/\\\/kibrisdakik.com\\\/?p=58127\"},\"author\":{\"name\":\"admin\",\"@id\":\"https:\\\/\\\/kibrisdakik.com\\\/#\\\/schema\\\/person\\\/9cd9d437bbb44f72b73ba127e06d8e79\"},\"headline\":\"Aliyev: KKTC\u2019ye s\u00fcrekli destek veriyoruz\",\"datePublished\":\"2024-08-30T12:11:25+00:00\",\"mainEntityOfPage\":{\"@id\":\"https:\\\/\\\/kibrisdakik.com\\\/?p=58127\"},\"wordCount\":389,\"commentCount\":0,\"image\":{\"@id\":\"https:\\\/\\\/kibrisdakik.com\\\/?p=58127#primaryimage\"},\"thumbnailUrl\":\"https:\\\/\\\/kibrisdakik.com\\\/wp-content\\\/uploads\\\/2024\\\/08\\\/ilham-aliyev-740x420.jpg\",\"articleSection\":[\"K\u0131br\u0131s\"],\"inLanguage\":\"tr\",\"potentialAction\":[{\"@type\":\"CommentAction\",\"name\":\"Comment\",\"target\":[\"https:\\\/\\\/kibrisdakik.com\\\/?p=58127#respond\"]}]},{\"@type\":\"WebPage\",\"@id\":\"https:\\\/\\\/kibrisdakik.com\\\/?p=58127\",\"url\":\"https:\\\/\\\/kibrisdakik.com\\\/?p=58127\",\"name\":\"Aliyev: KKTC\u2019ye s\u00fcrekli destek veriyoruz -\",\"isPartOf\":{\"@id\":\"https:\\\/\\\/kibrisdakik.com\\\/#website\"},\"primaryImageOfPage\":{\"@id\":\"https:\\\/\\\/kibrisdakik.com\\\/?p=58127#primaryimage\"},\"image\":{\"@id\":\"https:\\\/\\\/kibrisdakik.com\\\/?p=58127#primaryimage\"},\"thumbnailUrl\":\"https:\\\/\\\/kibrisdakik.com\\\/wp-content\\\/uploads\\\/2024\\\/08\\\/ilham-aliyev-740x420.jpg\",\"datePublished\":\"2024-08-30T12:11:25+00:00\",\"author\":{\"@id\":\"https:\\\/\\\/kibrisdakik.com\\\/#\\\/schema\\\/person\\\/9cd9d437bbb44f72b73ba127e06d8e79\"},\"breadcrumb\":{\"@id\":\"https:\\\/\\\/kibrisdakik.com\\\/?p=58127#breadcrumb\"},\"inLanguage\":\"tr\",\"potentialAction\":[{\"@type\":\"ReadAction\",\"target\":[\"https:\\\/\\\/kibrisdakik.com\\\/?p=58127\"]}]},{\"@type\":\"ImageObject\",\"inLanguage\":\"tr\",\"@id\":\"https:\\\/\\\/kibrisdakik.com\\\/?p=58127#primaryimage\",\"url\":\"https:\\\/\\\/kibrisdakik.com\\\/wp-content\\\/uploads\\\/2024\\\/08\\\/ilham-aliyev-740x420.jpg\",\"contentUrl\":\"https:\\\/\\\/kibrisdakik.com\\\/wp-content\\\/uploads\\\/2024\\\/08\\\/ilham-aliyev-740x420.jpg\",\"width\":864,\"height\":486},{\"@type\":\"BreadcrumbList\",\"@id\":\"https:\\\/\\\/kibrisdakik.com\\\/?p=58127#breadcrumb\",\"itemListElement\":[{\"@type\":\"ListItem\",\"position\":1,\"name\":\"Home\",\"item\":\"https:\\\/\\\/kibrisdakik.com\\\/\"},{\"@type\":\"ListItem\",\"position\":2,\"name\":\"Aliyev: KKTC\u2019ye s\u00fcrekli destek veriyoruz\"}]},{\"@type\":\"WebSite\",\"@id\":\"https:\\\/\\\/kibrisdakik.com\\\/#website\",\"url\":\"https:\\\/\\\/kibrisdakik.com\\\/\",\"name\":\"\",\"description\":\"Tam vaktinde haber\",\"potentialAction\":[{\"@type\":\"SearchAction\",\"target\":{\"@type\":\"EntryPoint\",\"urlTemplate\":\"https:\\\/\\\/kibrisdakik.com\\\/?s={search_term_string}\"},\"query-input\":{\"@type\":\"PropertyValueSpecification\",\"valueRequired\":true,\"valueName\":\"search_term_string\"}}],\"inLanguage\":\"tr\"},{\"@type\":\"Person\",\"@id\":\"https:\\\/\\\/kibrisdakik.com\\\/#\\\/schema\\\/person\\\/9cd9d437bbb44f72b73ba127e06d8e79\",\"name\":\"admin\",\"image\":{\"@type\":\"ImageObject\",\"inLanguage\":\"tr\",\"@id\":\"https:\\\/\\\/secure.gravatar.com\\\/avatar\\\/ccc17943b9d660506c869530f897617f7cb1c21a4bf30023f252596d83e1f007?s=96&d=mm&r=g\",\"url\":\"https:\\\/\\\/secure.gravatar.com\\\/avatar\\\/ccc17943b9d660506c869530f897617f7cb1c21a4bf30023f252596d83e1f007?s=96&d=mm&r=g\",\"contentUrl\":\"https:\\\/\\\/secure.gravatar.com\\\/avatar\\\/ccc17943b9d660506c869530f897617f7cb1c21a4bf30023f252596d83e1f007?s=96&d=mm&r=g\",\"caption\":\"admin\"},\"sameAs\":[\"https:\\\/\\\/kibrisdakik.com\"],\"url\":\"https:\\\/\\\/kibrisdakik.com\\\/?author=1\"}]}<\/script>\n<!-- \/ Yoast SEO plugin. -->","yoast_head_json":{"title":"Aliyev: KKTC\u2019ye s\u00fcrekli destek veriyoruz -","robots":{"index":"index","follow":"follow","max-snippet":"max-snippet:-1","max-image-preview":"max-image-preview:large","max-video-preview":"max-video-preview:-1"},"canonical":"https:\/\/kibrisdakik.com\/?p=58127","og_locale":"tr_TR","og_type":"article","og_title":"Aliyev: KKTC\u2019ye s\u00fcrekli destek veriyoruz -","og_description":"\u00a0 Azerbaycan Cumhurba\u015fkan\u0131 \u0130lham Aliyev, Ermenistan\u2019\u0131n Bat\u0131 \u00fclkelerinden silah ald\u0131\u011f\u0131n\u0131, \u00fc\u00e7\u00fcnc\u00fc taraflarla askeri tatbikatlar yapt\u0131\u011f\u0131n\u0131 belirterek, \u201cG\u00f6r\u00fcn\u00fc\u015fe g\u00f6re Ermenistan bar\u0131\u015f anla\u015fmas\u0131yla ve b\u00f6lgeye kal\u0131c\u0131 bar\u0131\u015f gelmesiyle ilgilenmiyor. Ermenistan kas\u0131tl\u0131 olarak s\u00fcreyi uzat\u0131yor.\u201d dedi. Azerbaycan ile KKTC ili\u015fkilerine de de\u011finen Aliyev, KKTC\u2018ye s\u00fcrekli destek verdiklerini kaydetti. Aliyev, 1 Eyl\u00fcl\u2019de yap\u0131lacak genel se\u00e7imleri g\u00f6zlemlemek i\u00e7in Bak\u00fc\u2019ye gelen","og_url":"https:\/\/kibrisdakik.com\/?p=58127","article_published_time":"2024-08-30T12:11:25+00:00","og_image":[{"width":864,"height":486,"url":"https:\/\/kibrisdakik.com\/wp-content\/uploads\/2024\/08\/ilham-aliyev-740x420.jpg","type":"image\/jpeg"}],"author":"admin","twitter_card":"summary_large_image","twitter_misc":{"Yazan:":"admin","Tahmini okuma s\u00fcresi":"2 dakika"},"schema":{"@context":"https:\/\/schema.org","@graph":[{"@type":"Article","@id":"https:\/\/kibrisdakik.com\/?p=58127#article","isPartOf":{"@id":"https:\/\/kibrisdakik.com\/?p=58127"},"author":{"name":"admin","@id":"https:\/\/kibrisdakik.com\/#\/schema\/person\/9cd9d437bbb44f72b73ba127e06d8e79"},"headline":"Aliyev: KKTC\u2019ye s\u00fcrekli destek veriyoruz","datePublished":"2024-08-30T12:11:25+00:00","mainEntityOfPage":{"@id":"https:\/\/kibrisdakik.com\/?p=58127"},"wordCount":389,"commentCount":0,"image":{"@id":"https:\/\/kibrisdakik.com\/?p=58127#primaryimage"},"thumbnailUrl":"https:\/\/kibrisdakik.com\/wp-content\/uploads\/2024\/08\/ilham-aliyev-740x420.jpg","articleSection":["K\u0131br\u0131s"],"inLanguage":"tr","potentialAction":[{"@type":"CommentAction","name":"Comment","target":["https:\/\/kibrisdakik.com\/?p=58127#respond"]}]},{"@type":"WebPage","@id":"https:\/\/kibrisdakik.com\/?p=58127","url":"https:\/\/kibrisdakik.com\/?p=58127","name":"Aliyev: KKTC\u2019ye s\u00fcrekli destek veriyoruz -","isPartOf":{"@id":"https:\/\/kibrisdakik.com\/#website"},"primaryImageOfPage":{"@id":"https:\/\/kibrisdakik.com\/?p=58127#primaryimage"},"image":{"@id":"https:\/\/kibrisdakik.com\/?p=58127#primaryimage"},"thumbnailUrl":"https:\/\/kibrisdakik.com\/wp-content\/uploads\/2024\/08\/ilham-aliyev-740x420.jpg","datePublished":"2024-08-30T12:11:25+00:00","author":{"@id":"https:\/\/kibrisdakik.com\/#\/schema\/person\/9cd9d437bbb44f72b73ba127e06d8e79"},"breadcrumb":{"@id":"https:\/\/kibrisdakik.com\/?p=58127#breadcrumb"},"inLanguage":"tr","potentialAction":[{"@type":"ReadAction","target":["https:\/\/kibrisdakik.com\/?p=58127"]}]},{"@type":"ImageObject","inLanguage":"tr","@id":"https:\/\/kibrisdakik.com\/?p=58127#primaryimage","url":"https:\/\/kibrisdakik.com\/wp-content\/uploads\/2024\/08\/ilham-aliyev-740x420.jpg","contentUrl":"https:\/\/kibrisdakik.com\/wp-content\/uploads\/2024\/08\/ilham-aliyev-740x420.jpg","width":864,"height":486},{"@type":"BreadcrumbList","@id":"https:\/\/kibrisdakik.com\/?p=58127#breadcrumb","itemListElement":[{"@type":"ListItem","position":1,"name":"Home","item":"https:\/\/kibrisdakik.com\/"},{"@type":"ListItem","position":2,"name":"Aliyev: KKTC\u2019ye s\u00fcrekli destek veriyoruz"}]},{"@type":"WebSite","@id":"https:\/\/kibrisdakik.com\/#website","url":"https:\/\/kibrisdakik.com\/","name":"","description":"Tam vaktinde haber","potentialAction":[{"@type":"SearchAction","target":{"@type":"EntryPoint","urlTemplate":"https:\/\/kibrisdakik.com\/?s={search_term_string}"},"query-input":{"@type":"PropertyValueSpecification","valueRequired":true,"valueName":"search_term_string"}}],"inLanguage":"tr"},{"@type":"Person","@id":"https:\/\/kibrisdakik.com\/#\/schema\/person\/9cd9d437bbb44f72b73ba127e06d8e79","name":"admin","image":{"@type":"ImageObject","inLanguage":"tr","@id":"https:\/\/secure.gravatar.com\/avatar\/ccc17943b9d660506c869530f897617f7cb1c21a4bf30023f252596d83e1f007?s=96&d=mm&r=g","url":"https:\/\/secure.gravatar.com\/avatar\/ccc17943b9d660506c869530f897617f7cb1c21a4bf30023f252596d83e1f007?s=96&d=mm&r=g","contentUrl":"https:\/\/secure.gravatar.com\/avatar\/ccc17943b9d660506c869530f897617f7cb1c21a4bf30023f252596d83e1f007?s=96&d=mm&r=g","caption":"admin"},"sameAs":["https:\/\/kibrisdakik.com"],"url":"https:\/\/kibrisdakik.com\/?author=1"}]}},"_links":{"self":[{"href":"https:\/\/kibrisdakik.com\/index.php?rest_route=\/wp\/v2\/posts\/58127","targetHints":{"allow":["GET"]}}],"collection":[{"href":"https:\/\/kibrisdakik.com\/index.php?rest_route=\/wp\/v2\/posts"}],"about":[{"href":"https:\/\/kibrisdakik.com\/index.php?rest_route=\/wp\/v2\/types\/post"}],"author":[{"embeddable":true,"href":"https:\/\/kibrisdakik.com\/index.php?rest_route=\/wp\/v2\/users\/1"}],"replies":[{"embeddable":true,"href":"https:\/\/kibrisdakik.com\/index.php?rest_route=%2Fwp%2Fv2%2Fcomments&post=58127"}],"version-history":[{"count":0,"href":"https:\/\/kibrisdakik.com\/index.php?rest_route=\/wp\/v2\/posts\/58127\/revisions"}],"wp:featuredmedia":[{"embeddable":true,"href":"https:\/\/kibrisdakik.com\/index.php?rest_route=\/wp\/v2\/media\/58128"}],"wp:attachment":[{"href":"https:\/\/kibrisdakik.com\/index.php?rest_route=%2Fwp%2Fv2%2Fmedia&parent=58127"}],"wp:term":[{"taxonomy":"category","embeddable":true,"href":"https:\/\/kibrisdakik.com\/index.php?rest_route=%2Fwp%2Fv2%2Fcategories&post=58127"},{"taxonomy":"post_tag","embeddable":true,"href":"https:\/\/kibrisdakik.com\/index.php?rest_route=%2Fwp%2Fv2%2Ftags&post=58127"}],"curies":[{"name":"wp","href":"https:\/\/api.w.org\/{rel}","templated":true}]}}