{"id":58135,"date":"2024-08-30T14:22:28","date_gmt":"2024-08-30T11:22:28","guid":{"rendered":"https:\/\/kibrisdakik.com\/index.php\/2024\/08\/30\/polisiye-olaylar-trafik-cezasini-azaltmak-amaciyla-makbuzdaki-tarihi-degistiren-sahis-tutuklandi\/"},"modified":"2024-08-30T14:22:28","modified_gmt":"2024-08-30T11:22:28","slug":"polisiye-olaylar-trafik-cezasini-azaltmak-amaciyla-makbuzdaki-tarihi-degistiren-sahis-tutuklandi","status":"publish","type":"post","link":"https:\/\/kibrisdakik.com\/?p=58135","title":{"rendered":"Polisiye olaylar\u2026 Trafik cezas\u0131n\u0131 azaltmak amac\u0131yla makbuzdaki tarihi de\u011fi\u015ftiren \u015fah\u0131s tutukland\u0131"},"content":{"rendered":"<p><\/p>\n<div>\n<div class=\"mariselle-image-container center\">\n                <img loading=\"lazy\" decoding=\"async\" width=\"300\" height=\"168\" class=\"lazy-image\" alt=\"\" src=\"https:\/\/brtk.net\/wp-content\/uploads\/2024\/08\/30\/polis-yeni336.jpg?ver=1a12db4a09794cb757abe64f12b82077\"\/>                            <\/div>\n<p>\n\u0130skele\u2019de bir \u015fahs\u0131n trafik cezas\u0131n\u0131n ikiye katlanmas\u0131n\u0131 \u00f6nlemek amac\u0131yla makbuz \u00fczerindeki tarihi de\u011fi\u015ftirerek polise ibraz etti\u011fi tespit edildi.<\/p>\n<p>Polis Bas\u0131n Subayl\u0131\u011f\u0131\u2019ndan yap\u0131lan a\u00e7\u0131klamada, 13-29 A\u011fustos tarihleri aras\u0131nda ad\u0131na yaz\u0131lm\u0131\u015f olan trafik cezas\u0131n\u0131 sahteleyerek tedav\u00fcle s\u00fcren \u0130.F.\u2019nin (E-33) tutukland\u0131\u011f\u0131, soru\u015fturman\u0131n devam etti\u011fi kaydedildi.<\/p>\n<p>-\u00c7ember Operasyonu\u2019nda bir ki\u015fi tutukland\u0131<\/p>\n<p>Polis Bas\u0131n Subayl\u0131\u011f\u0131 taraf\u0131ndan \u00e7ar\u015famba g\u00fcn\u00fc y\u00fcr\u00fct\u00fclen \u00c7ember Operasyonu kapsam\u0131nda bir ki\u015fi tutukland\u0131.<\/p>\n<p>Polis Bas\u0131n Subayl\u0131\u011f\u0131ndan yap\u0131lan a\u00e7\u0131klamada, M.S.\u2019nin (E-29) ilk olarak saat 17.30 s\u0131ralar\u0131nda \u0130skele\u2019de Granel \u00c7emberi\u2019nde trafik ekipleri taraf\u0131ndan kontrol ama\u00e7l\u0131 durduruldu\u011fu ve burada ba\u015fkas\u0131na ait ehliyet ibraz ederek, ba\u015fka biri ad\u0131na ceza yaz\u0131lmas\u0131n\u0131 sa\u011flad\u0131\u011f\u0131 belirtildi.<\/p>\n<p>Ard\u0131ndan arac\u0131nda ve Girne\u2019deki evinde yap\u0131lan aramada uyu\u015fturucu madde tespit edilen \u015fahs\u0131n tutukland\u0131\u011f\u0131, soru\u015fturman\u0131n devam etti\u011fi kaydedildi.<\/p>\n<p>\u2013 Bo\u011fazk\u00f6y\u2019de h\u0131rs\u0131zl\u0131k<\/p>\n<p>Bo\u011fazk\u00f6y\u2019de pazar g\u00fcn\u00fc saat 11.30 s\u0131ralar\u0131nda meydana gelen h\u0131rs\u0131zl\u0131k olay\u0131na ili\u015fkin y\u00fcr\u00fct\u00fclen soru\u015fturmada zanl\u0131 tespit edildi.<\/p>\n<p>Polis Bas\u0131n Subayl\u0131\u011f\u0131\u2019ndan yap\u0131lan a\u00e7\u0131klamada, olayda, s\u00fcpermarketin ara\u00e7 park yeri \u00f6n\u00fcndeki yol kenar\u0131nda d\u00fc\u015f\u00fcr\u00fclen para c\u00fczdan\u0131 ve i\u00e7erisindeki 4 bin 595 TL nakit para ile kredi kartlar\u0131n\u0131n \u00e7al\u0131nd\u0131\u011f\u0131 kaydedilerek, tespit edilen zanl\u0131 D.A.(E-50) hakk\u0131nda yasal i\u015flem ba\u015flat\u0131ld\u0131\u011f\u0131 belirtildi.<\/p>\n<p>Soru\u015fturma devam ediyor.<\/p>\n<p>\u2013 S\u00fcpermarketten 2 tane \u015farjl\u0131 di\u015f f\u0131r\u00e7as\u0131 \u00e7alan \u015fah\u0131slara yasal i\u015flem<\/p>\n<p>Demirhan\u2019daki s\u00fcpermarketten 2 \u015farjl\u0131 di\u015f f\u0131r\u00e7as\u0131 \u00e7al\u0131nmas\u0131 olay\u0131nda iki ki\u015fi zanl\u0131 olarak tespit edildi.<\/p>\n<p>Polis Bas\u0131n Subayl\u0131\u011f\u0131\u2019ndan yap\u0131lan a\u00e7\u0131klamada, sal\u0131 g\u00fcn\u00fc saat 17.30 s\u0131ralar\u0131nda meydana gelen h\u0131rs\u0131zl\u0131k olay\u0131nda, m\u00fc\u015fteri olarak markette bulunan \u015fah\u0131slar\u0131n f\u0131r\u00e7alar\u0131 \u00f6deme yapmadan market d\u0131\u015far\u0131s\u0131na \u00e7\u0131kard\u0131\u011f\u0131 kaydedildi.<\/p>\n<p>A\u00e7\u0131klamada, meselede zanl\u0131 olarak g\u00f6r\u00fclen A.S.(E-21) ve \u00c7.A.\u2019n\u0131n (K-20) aleyhlerinde yasal i\u015flem ba\u015flat\u0131ld\u0131\u011f\u0131, soru\u015fturman\u0131n devam etti\u011fi ifade edildi.<\/p>\n<p>\u2013 Alkoll\u00fc \u015fah\u0131s bulundu\u011fu yere ambulans \u00e7a\u011f\u0131rd\u0131, ambulans \u015fof\u00f6r\u00fcn\u00fc darp etti<\/p>\n<p>Derince\u2019de d\u00fcn ak\u015fam alkol tesiri alt\u0131nda olan \u015fah\u0131s, sa\u011fl\u0131k sorunu oldu\u011fu gerek\u00e7esiyle ambulans \u00e7a\u011f\u0131rd\u0131, gelen ambulans \u015fof\u00f6r\u00fc ve sa\u011fl\u0131k g\u00f6revlisine k\u00fcf\u00fcr ederek, \u015fof\u00f6r\u00fc darp etti.<\/p>\n<p>Polis Bas\u0131n Subayl\u0131\u011f\u0131\u2019ndan yap\u0131lan a\u00e7\u0131klamada, d\u00fcn saat 22.30 s\u0131ralar\u0131nda meydana gelen olayda, alkoll\u00fc i\u00e7ki tesiri alt\u0131nda olan ancak nefes \u00f6rne\u011fi vermeyi reddeden N.K.\u00d6.\u2019n\u00fcn sa\u011fl\u0131k sorunu nedeniyle 112 Acil Servis ambulans\u0131 \u00e7a\u011f\u0131rd\u0131\u011f\u0131, bulundu\u011fu yere gelen g\u00f6revlilere k\u00fcf\u00fcr etti\u011fi bildirildi.<\/p>\n<p>A\u00e7\u0131klamada, s\u00f6z konusu \u015fahs\u0131n ambulans \u015fof\u00f6r\u00fcn\u00fcn sa\u011f koluna ve sol dizine de vurdu\u011fu, ba\u011f\u0131rarak \u00e7evreye rahats\u0131zl\u0131k verdi\u011fi kaydedildi.<\/p>\n<p>\u015eahs\u0131n tutukland\u0131\u011f\u0131, olaya ili\u015fkin soru\u015fturman\u0131n devam etti\u011fi belirtildi.<\/p>\n<p>\u2013 \u0130skele\u2019deki yang\u0131nda 844 paket yal\u0131t\u0131m malzemesi zarar g\u00f6rd\u00fc<\/p>\n<p>\u0130skele\u2019de d\u00fcn saat 10.30 s\u0131ralar\u0131nda yap\u0131m\u0131 devam eden binan\u0131n zemin kat\u0131ndaki havaland\u0131rma bo\u015flu\u011funda yang\u0131n meydana geldi.<\/p>\n<p>Polis Bas\u0131n Subayl\u0131\u011f\u0131ndan yap\u0131lan a\u00e7\u0131klamada, itfaiye ekipleri taraf\u0131ndan s\u00f6nd\u00fcr\u00fclen yang\u0131nda 844 yal\u0131t\u0131m malzemesinin yand\u0131\u011f\u0131, soru\u015fturman\u0131n devam etti\u011fi bildirildi.<\/p>\n<\/p><\/div>\n<p><script async\n                    defer\n                    crossorigin=\"anonymous\"\n                    src=\"https:\/\/connect.facebook.net\/tr_TR\/sdk.js#xfbml=1&#038;version=v3.3\"\n            ><\/script><\/p>\n","protected":false},"excerpt":{"rendered":"<p>\u0130skele\u2019de bir \u015fahs\u0131n trafik cezas\u0131n\u0131n ikiye katlanmas\u0131n\u0131 \u00f6nlemek amac\u0131yla makbuz \u00fczerindeki tarihi de\u011fi\u015ftirerek polise ibraz etti\u011fi tespit edildi. Polis Bas\u0131n Subayl\u0131\u011f\u0131\u2019ndan yap\u0131lan a\u00e7\u0131klamada, 13-29 A\u011fustos tarihleri aras\u0131nda ad\u0131na yaz\u0131lm\u0131\u015f olan trafik cezas\u0131n\u0131 sahteleyerek tedav\u00fcle s\u00fcren \u0130.F.\u2019nin (E-33) tutukland\u0131\u011f\u0131, soru\u015fturman\u0131n devam etti\u011fi kaydedildi. -\u00c7ember Operasyonu\u2019nda bir ki\u015fi tutukland\u0131 Polis Bas\u0131n Subayl\u0131\u011f\u0131 taraf\u0131ndan \u00e7ar\u015famba g\u00fcn\u00fc y\u00fcr\u00fct\u00fclen \u00c7ember<\/p>\n","protected":false},"author":1,"featured_media":58136,"comment_status":"open","ping_status":"open","sticky":false,"template":"","format":"standard","meta":{"footnotes":""},"categories":[1],"tags":[],"class_list":["post-58135","post","type-post","status-publish","format-standard","has-post-thumbnail","hentry","category-gundem"],"yoast_head":"<!-- This site is optimized with the Yoast SEO plugin v27.5 - https:\/\/yoast.com\/product\/yoast-seo-wordpress\/ -->\n<title>Polisiye olaylar\u2026 Trafik cezas\u0131n\u0131 azaltmak amac\u0131yla makbuzdaki tarihi de\u011fi\u015ftiren \u015fah\u0131s tutukland\u0131 -<\/title>\n<meta name=\"robots\" content=\"index, follow, max-snippet:-1, max-image-preview:large, max-video-preview:-1\" \/>\n<link rel=\"canonical\" href=\"https:\/\/kibrisdakik.com\/?p=58135\" \/>\n<meta property=\"og:locale\" content=\"tr_TR\" \/>\n<meta property=\"og:type\" content=\"article\" \/>\n<meta property=\"og:title\" content=\"Polisiye olaylar\u2026 Trafik cezas\u0131n\u0131 azaltmak amac\u0131yla makbuzdaki tarihi de\u011fi\u015ftiren \u015fah\u0131s tutukland\u0131 -\" \/>\n<meta property=\"og:description\" content=\"\u0130skele\u2019de bir \u015fahs\u0131n trafik cezas\u0131n\u0131n ikiye katlanmas\u0131n\u0131 \u00f6nlemek amac\u0131yla makbuz \u00fczerindeki tarihi de\u011fi\u015ftirerek polise ibraz etti\u011fi tespit edildi. Polis Bas\u0131n Subayl\u0131\u011f\u0131\u2019ndan yap\u0131lan a\u00e7\u0131klamada, 13-29 A\u011fustos tarihleri aras\u0131nda ad\u0131na yaz\u0131lm\u0131\u015f olan trafik cezas\u0131n\u0131 sahteleyerek tedav\u00fcle s\u00fcren \u0130.F.\u2019nin (E-33) tutukland\u0131\u011f\u0131, soru\u015fturman\u0131n devam etti\u011fi kaydedildi. -\u00c7ember Operasyonu\u2019nda bir ki\u015fi tutukland\u0131 Polis Bas\u0131n Subayl\u0131\u011f\u0131 taraf\u0131ndan \u00e7ar\u015famba g\u00fcn\u00fc y\u00fcr\u00fct\u00fclen \u00c7ember\" \/>\n<meta property=\"og:url\" content=\"https:\/\/kibrisdakik.com\/?p=58135\" \/>\n<meta property=\"article:published_time\" content=\"2024-08-30T11:22:28+00:00\" \/>\n<meta property=\"og:image\" content=\"https:\/\/kibrisdakik.com\/wp-content\/uploads\/2024\/08\/polis-yeni336.jpg\" \/>\n\t<meta property=\"og:image:width\" content=\"300\" \/>\n\t<meta property=\"og:image:height\" content=\"168\" \/>\n\t<meta property=\"og:image:type\" content=\"image\/jpeg\" \/>\n<meta name=\"author\" content=\"admin\" \/>\n<meta name=\"twitter:card\" content=\"summary_large_image\" \/>\n<meta name=\"twitter:label1\" content=\"Yazan:\" \/>\n\t<meta name=\"twitter:data1\" content=\"admin\" \/>\n\t<meta name=\"twitter:label2\" content=\"Tahmini okuma s\u00fcresi\" \/>\n\t<meta name=\"twitter:data2\" content=\"3 dakika\" \/>\n<script type=\"application\/ld+json\" class=\"yoast-schema-graph\">{\"@context\":\"https:\\\/\\\/schema.org\",\"@graph\":[{\"@type\":\"Article\",\"@id\":\"https:\\\/\\\/kibrisdakik.com\\\/?p=58135#article\",\"isPartOf\":{\"@id\":\"https:\\\/\\\/kibrisdakik.com\\\/?p=58135\"},\"author\":{\"name\":\"admin\",\"@id\":\"https:\\\/\\\/kibrisdakik.com\\\/#\\\/schema\\\/person\\\/9cd9d437bbb44f72b73ba127e06d8e79\"},\"headline\":\"Polisiye olaylar\u2026 Trafik cezas\u0131n\u0131 azaltmak amac\u0131yla makbuzdaki tarihi de\u011fi\u015ftiren \u015fah\u0131s tutukland\u0131\",\"datePublished\":\"2024-08-30T11:22:28+00:00\",\"mainEntityOfPage\":{\"@id\":\"https:\\\/\\\/kibrisdakik.com\\\/?p=58135\"},\"wordCount\":624,\"commentCount\":0,\"image\":{\"@id\":\"https:\\\/\\\/kibrisdakik.com\\\/?p=58135#primaryimage\"},\"thumbnailUrl\":\"https:\\\/\\\/kibrisdakik.com\\\/wp-content\\\/uploads\\\/2024\\\/08\\\/polis-yeni336.jpg\",\"articleSection\":[\"G\u00fcndem\"],\"inLanguage\":\"tr\",\"potentialAction\":[{\"@type\":\"CommentAction\",\"name\":\"Comment\",\"target\":[\"https:\\\/\\\/kibrisdakik.com\\\/?p=58135#respond\"]}]},{\"@type\":\"WebPage\",\"@id\":\"https:\\\/\\\/kibrisdakik.com\\\/?p=58135\",\"url\":\"https:\\\/\\\/kibrisdakik.com\\\/?p=58135\",\"name\":\"Polisiye olaylar\u2026 Trafik cezas\u0131n\u0131 azaltmak amac\u0131yla makbuzdaki tarihi de\u011fi\u015ftiren \u015fah\u0131s tutukland\u0131 -\",\"isPartOf\":{\"@id\":\"https:\\\/\\\/kibrisdakik.com\\\/#website\"},\"primaryImageOfPage\":{\"@id\":\"https:\\\/\\\/kibrisdakik.com\\\/?p=58135#primaryimage\"},\"image\":{\"@id\":\"https:\\\/\\\/kibrisdakik.com\\\/?p=58135#primaryimage\"},\"thumbnailUrl\":\"https:\\\/\\\/kibrisdakik.com\\\/wp-content\\\/uploads\\\/2024\\\/08\\\/polis-yeni336.jpg\",\"datePublished\":\"2024-08-30T11:22:28+00:00\",\"author\":{\"@id\":\"https:\\\/\\\/kibrisdakik.com\\\/#\\\/schema\\\/person\\\/9cd9d437bbb44f72b73ba127e06d8e79\"},\"breadcrumb\":{\"@id\":\"https:\\\/\\\/kibrisdakik.com\\\/?p=58135#breadcrumb\"},\"inLanguage\":\"tr\",\"potentialAction\":[{\"@type\":\"ReadAction\",\"target\":[\"https:\\\/\\\/kibrisdakik.com\\\/?p=58135\"]}]},{\"@type\":\"ImageObject\",\"inLanguage\":\"tr\",\"@id\":\"https:\\\/\\\/kibrisdakik.com\\\/?p=58135#primaryimage\",\"url\":\"https:\\\/\\\/kibrisdakik.com\\\/wp-content\\\/uploads\\\/2024\\\/08\\\/polis-yeni336.jpg\",\"contentUrl\":\"https:\\\/\\\/kibrisdakik.com\\\/wp-content\\\/uploads\\\/2024\\\/08\\\/polis-yeni336.jpg\",\"width\":300,\"height\":168},{\"@type\":\"BreadcrumbList\",\"@id\":\"https:\\\/\\\/kibrisdakik.com\\\/?p=58135#breadcrumb\",\"itemListElement\":[{\"@type\":\"ListItem\",\"position\":1,\"name\":\"Home\",\"item\":\"https:\\\/\\\/kibrisdakik.com\\\/\"},{\"@type\":\"ListItem\",\"position\":2,\"name\":\"Polisiye olaylar\u2026 Trafik cezas\u0131n\u0131 azaltmak amac\u0131yla makbuzdaki tarihi de\u011fi\u015ftiren \u015fah\u0131s tutukland\u0131\"}]},{\"@type\":\"WebSite\",\"@id\":\"https:\\\/\\\/kibrisdakik.com\\\/#website\",\"url\":\"https:\\\/\\\/kibrisdakik.com\\\/\",\"name\":\"\",\"description\":\"Tam vaktinde haber\",\"potentialAction\":[{\"@type\":\"SearchAction\",\"target\":{\"@type\":\"EntryPoint\",\"urlTemplate\":\"https:\\\/\\\/kibrisdakik.com\\\/?s={search_term_string}\"},\"query-input\":{\"@type\":\"PropertyValueSpecification\",\"valueRequired\":true,\"valueName\":\"search_term_string\"}}],\"inLanguage\":\"tr\"},{\"@type\":\"Person\",\"@id\":\"https:\\\/\\\/kibrisdakik.com\\\/#\\\/schema\\\/person\\\/9cd9d437bbb44f72b73ba127e06d8e79\",\"name\":\"admin\",\"image\":{\"@type\":\"ImageObject\",\"inLanguage\":\"tr\",\"@id\":\"https:\\\/\\\/secure.gravatar.com\\\/avatar\\\/ccc17943b9d660506c869530f897617f7cb1c21a4bf30023f252596d83e1f007?s=96&d=mm&r=g\",\"url\":\"https:\\\/\\\/secure.gravatar.com\\\/avatar\\\/ccc17943b9d660506c869530f897617f7cb1c21a4bf30023f252596d83e1f007?s=96&d=mm&r=g\",\"contentUrl\":\"https:\\\/\\\/secure.gravatar.com\\\/avatar\\\/ccc17943b9d660506c869530f897617f7cb1c21a4bf30023f252596d83e1f007?s=96&d=mm&r=g\",\"caption\":\"admin\"},\"sameAs\":[\"https:\\\/\\\/kibrisdakik.com\"],\"url\":\"https:\\\/\\\/kibrisdakik.com\\\/?author=1\"}]}<\/script>\n<!-- \/ Yoast SEO plugin. -->","yoast_head_json":{"title":"Polisiye olaylar\u2026 Trafik cezas\u0131n\u0131 azaltmak amac\u0131yla makbuzdaki tarihi de\u011fi\u015ftiren \u015fah\u0131s tutukland\u0131 -","robots":{"index":"index","follow":"follow","max-snippet":"max-snippet:-1","max-image-preview":"max-image-preview:large","max-video-preview":"max-video-preview:-1"},"canonical":"https:\/\/kibrisdakik.com\/?p=58135","og_locale":"tr_TR","og_type":"article","og_title":"Polisiye olaylar\u2026 Trafik cezas\u0131n\u0131 azaltmak amac\u0131yla makbuzdaki tarihi de\u011fi\u015ftiren \u015fah\u0131s tutukland\u0131 -","og_description":"\u0130skele\u2019de bir \u015fahs\u0131n trafik cezas\u0131n\u0131n ikiye katlanmas\u0131n\u0131 \u00f6nlemek amac\u0131yla makbuz \u00fczerindeki tarihi de\u011fi\u015ftirerek polise ibraz etti\u011fi tespit edildi. Polis Bas\u0131n Subayl\u0131\u011f\u0131\u2019ndan yap\u0131lan a\u00e7\u0131klamada, 13-29 A\u011fustos tarihleri aras\u0131nda ad\u0131na yaz\u0131lm\u0131\u015f olan trafik cezas\u0131n\u0131 sahteleyerek tedav\u00fcle s\u00fcren \u0130.F.\u2019nin (E-33) tutukland\u0131\u011f\u0131, soru\u015fturman\u0131n devam etti\u011fi kaydedildi. -\u00c7ember Operasyonu\u2019nda bir ki\u015fi tutukland\u0131 Polis Bas\u0131n Subayl\u0131\u011f\u0131 taraf\u0131ndan \u00e7ar\u015famba g\u00fcn\u00fc y\u00fcr\u00fct\u00fclen \u00c7ember","og_url":"https:\/\/kibrisdakik.com\/?p=58135","article_published_time":"2024-08-30T11:22:28+00:00","og_image":[{"width":300,"height":168,"url":"https:\/\/kibrisdakik.com\/wp-content\/uploads\/2024\/08\/polis-yeni336.jpg","type":"image\/jpeg"}],"author":"admin","twitter_card":"summary_large_image","twitter_misc":{"Yazan:":"admin","Tahmini okuma s\u00fcresi":"3 dakika"},"schema":{"@context":"https:\/\/schema.org","@graph":[{"@type":"Article","@id":"https:\/\/kibrisdakik.com\/?p=58135#article","isPartOf":{"@id":"https:\/\/kibrisdakik.com\/?p=58135"},"author":{"name":"admin","@id":"https:\/\/kibrisdakik.com\/#\/schema\/person\/9cd9d437bbb44f72b73ba127e06d8e79"},"headline":"Polisiye olaylar\u2026 Trafik cezas\u0131n\u0131 azaltmak amac\u0131yla makbuzdaki tarihi de\u011fi\u015ftiren \u015fah\u0131s tutukland\u0131","datePublished":"2024-08-30T11:22:28+00:00","mainEntityOfPage":{"@id":"https:\/\/kibrisdakik.com\/?p=58135"},"wordCount":624,"commentCount":0,"image":{"@id":"https:\/\/kibrisdakik.com\/?p=58135#primaryimage"},"thumbnailUrl":"https:\/\/kibrisdakik.com\/wp-content\/uploads\/2024\/08\/polis-yeni336.jpg","articleSection":["G\u00fcndem"],"inLanguage":"tr","potentialAction":[{"@type":"CommentAction","name":"Comment","target":["https:\/\/kibrisdakik.com\/?p=58135#respond"]}]},{"@type":"WebPage","@id":"https:\/\/kibrisdakik.com\/?p=58135","url":"https:\/\/kibrisdakik.com\/?p=58135","name":"Polisiye olaylar\u2026 Trafik cezas\u0131n\u0131 azaltmak amac\u0131yla makbuzdaki tarihi de\u011fi\u015ftiren \u015fah\u0131s tutukland\u0131 -","isPartOf":{"@id":"https:\/\/kibrisdakik.com\/#website"},"primaryImageOfPage":{"@id":"https:\/\/kibrisdakik.com\/?p=58135#primaryimage"},"image":{"@id":"https:\/\/kibrisdakik.com\/?p=58135#primaryimage"},"thumbnailUrl":"https:\/\/kibrisdakik.com\/wp-content\/uploads\/2024\/08\/polis-yeni336.jpg","datePublished":"2024-08-30T11:22:28+00:00","author":{"@id":"https:\/\/kibrisdakik.com\/#\/schema\/person\/9cd9d437bbb44f72b73ba127e06d8e79"},"breadcrumb":{"@id":"https:\/\/kibrisdakik.com\/?p=58135#breadcrumb"},"inLanguage":"tr","potentialAction":[{"@type":"ReadAction","target":["https:\/\/kibrisdakik.com\/?p=58135"]}]},{"@type":"ImageObject","inLanguage":"tr","@id":"https:\/\/kibrisdakik.com\/?p=58135#primaryimage","url":"https:\/\/kibrisdakik.com\/wp-content\/uploads\/2024\/08\/polis-yeni336.jpg","contentUrl":"https:\/\/kibrisdakik.com\/wp-content\/uploads\/2024\/08\/polis-yeni336.jpg","width":300,"height":168},{"@type":"BreadcrumbList","@id":"https:\/\/kibrisdakik.com\/?p=58135#breadcrumb","itemListElement":[{"@type":"ListItem","position":1,"name":"Home","item":"https:\/\/kibrisdakik.com\/"},{"@type":"ListItem","position":2,"name":"Polisiye olaylar\u2026 Trafik cezas\u0131n\u0131 azaltmak amac\u0131yla makbuzdaki tarihi de\u011fi\u015ftiren \u015fah\u0131s tutukland\u0131"}]},{"@type":"WebSite","@id":"https:\/\/kibrisdakik.com\/#website","url":"https:\/\/kibrisdakik.com\/","name":"","description":"Tam vaktinde haber","potentialAction":[{"@type":"SearchAction","target":{"@type":"EntryPoint","urlTemplate":"https:\/\/kibrisdakik.com\/?s={search_term_string}"},"query-input":{"@type":"PropertyValueSpecification","valueRequired":true,"valueName":"search_term_string"}}],"inLanguage":"tr"},{"@type":"Person","@id":"https:\/\/kibrisdakik.com\/#\/schema\/person\/9cd9d437bbb44f72b73ba127e06d8e79","name":"admin","image":{"@type":"ImageObject","inLanguage":"tr","@id":"https:\/\/secure.gravatar.com\/avatar\/ccc17943b9d660506c869530f897617f7cb1c21a4bf30023f252596d83e1f007?s=96&d=mm&r=g","url":"https:\/\/secure.gravatar.com\/avatar\/ccc17943b9d660506c869530f897617f7cb1c21a4bf30023f252596d83e1f007?s=96&d=mm&r=g","contentUrl":"https:\/\/secure.gravatar.com\/avatar\/ccc17943b9d660506c869530f897617f7cb1c21a4bf30023f252596d83e1f007?s=96&d=mm&r=g","caption":"admin"},"sameAs":["https:\/\/kibrisdakik.com"],"url":"https:\/\/kibrisdakik.com\/?author=1"}]}},"_links":{"self":[{"href":"https:\/\/kibrisdakik.com\/index.php?rest_route=\/wp\/v2\/posts\/58135","targetHints":{"allow":["GET"]}}],"collection":[{"href":"https:\/\/kibrisdakik.com\/index.php?rest_route=\/wp\/v2\/posts"}],"about":[{"href":"https:\/\/kibrisdakik.com\/index.php?rest_route=\/wp\/v2\/types\/post"}],"author":[{"embeddable":true,"href":"https:\/\/kibrisdakik.com\/index.php?rest_route=\/wp\/v2\/users\/1"}],"replies":[{"embeddable":true,"href":"https:\/\/kibrisdakik.com\/index.php?rest_route=%2Fwp%2Fv2%2Fcomments&post=58135"}],"version-history":[{"count":0,"href":"https:\/\/kibrisdakik.com\/index.php?rest_route=\/wp\/v2\/posts\/58135\/revisions"}],"wp:featuredmedia":[{"embeddable":true,"href":"https:\/\/kibrisdakik.com\/index.php?rest_route=\/wp\/v2\/media\/58136"}],"wp:attachment":[{"href":"https:\/\/kibrisdakik.com\/index.php?rest_route=%2Fwp%2Fv2%2Fmedia&parent=58135"}],"wp:term":[{"taxonomy":"category","embeddable":true,"href":"https:\/\/kibrisdakik.com\/index.php?rest_route=%2Fwp%2Fv2%2Fcategories&post=58135"},{"taxonomy":"post_tag","embeddable":true,"href":"https:\/\/kibrisdakik.com\/index.php?rest_route=%2Fwp%2Fv2%2Ftags&post=58135"}],"curies":[{"name":"wp","href":"https:\/\/api.w.org\/{rel}","templated":true}]}}