{"id":58181,"date":"2024-08-30T17:40:21","date_gmt":"2024-08-30T14:40:21","guid":{"rendered":"https:\/\/kibrisdakik.com\/index.php\/2024\/08\/30\/cumhurbaskani-erdogan-filistinden-gazzeden-kudusten-bize-ne-diyenler-bu-milletin-tarihini-bilmiyor\/"},"modified":"2024-08-30T17:40:21","modified_gmt":"2024-08-30T14:40:21","slug":"cumhurbaskani-erdogan-filistinden-gazzeden-kudusten-bize-ne-diyenler-bu-milletin-tarihini-bilmiyor","status":"publish","type":"post","link":"https:\/\/kibrisdakik.com\/?p=58181","title":{"rendered":"Cumhurba\u015fkan\u0131 Erdo\u011fan: &#8220;Filistin&#8217;den, Gazze&#8217;den, Kud\u00fcs&#8217;ten bize ne?&#8221; diyenler bu milletin tarihini bilmiyor."},"content":{"rendered":"<p><img decoding=\"async\" src=\"https:\/\/foto.haberler.com\/haber\/2024\/08\/30\/cumhurbaskani-erdogan-filistin-den-gazze-den-17771189_4240_amp.jpg\" \/><\/p>\n<div id=\"\">\n<p>Cumhurba\u015fkan\u0131 Recep Tayyip Erdo\u011fan, Milli Savunma \u00dcniversitesi Kara Harp Okulu diploma alma ve sancak devir teslim t\u00f6renine kat\u0131ld\u0131.<\/p>\n<p>T\u00fcrkiye co\u011frafya olarak bir k\u00f6pr\u00fc, k\u00fclt\u00fcrel olarak bir merkezdir. B\u00f6yle bir co\u011frafyada ba\u015f\u0131 dik ya\u015famak \u00f6yle bir babayi\u011fidin harc\u0131 de\u011fildir. En basit zafiyet milletimizi \u00e7ok b\u00fcy\u00fck tehditlerle kar\u015f\u0131 kar\u015f\u0131ya b\u0131rak\u0131r. Gabar&#8217;da ter\u00f6ristleri g\u00f6md\u00fcysek. Besler&#8217;de ter\u00f6ristleri g\u00f6md\u00fcysek bundan sonra da ayn\u0131 karar ve imanla g\u00f6mmeye devam edece\u011fiz. Anadolu&#8217;yu vatan yapmak kadar muhafaza etmek de zordur. Buras\u0131 tembelli\u011fi bo\u015f vermi\u015fli\u011fi kald\u0131rmaz. neme laz\u0131mc\u0131l\u0131\u011f\u0131 asla kald\u0131rmaz. Her kim T\u00fcrkiye&#8217;nin ufkunu 782 bin kilometrekareye hapsetmeye \u00e7al\u0131\u015f\u0131yorsa, gafil de\u011filse bu topraklar\u0131n yabanc\u0131s\u0131d\u0131r.<\/p>\n<p>Azerbaycan ile nas\u0131l birsek T\u00fcrk devletlerindeki karde\u015flerimiz ile kalplerimiz bir atmaktad\u0131r. Kud\u00fcs&#8217;e biz s\u0131rt\u0131m\u0131z\u0131 nas\u0131l d\u00f6nebiliriz. \u0130stanbul ile Kud\u00fcs-\u00fc \u015eerif&#8217;i kim ay\u0131rabilir, Gazze&#8217;yi Gaziantep&#8217;ten kim ay\u0131rabilir. Kim Kud\u00fcs&#8217;ten bize ne diyorsa bu milletin tarihini bilmiyor demektir. Yan yana \u015fehit oldu\u011fumuz karde\u015flerimizle aram\u0131za kim duvar \u00f6rebilir. Gazi Mustafa Kemal&#8217;in, d\u00fc\u015fman postal\u0131 de\u011fdirmemek i\u00e7in m\u00fccadele etti\u011fi Filistin topraklar\u0131na biz g\u00f6zlerimizi nas\u0131l kapatabiliriz. Gazi, ni\u00e7in Bingazi&#8217;deydi, oraya niye gitmi\u015fti, m\u00fccadele etmi\u015fti? \u0130\u015fte bu vatan a\u015fk\u0131 ile bu ruhun ad\u0131m\u0131yd\u0131.<\/p>\n<h4 id=\"nwsKeywords\"> <a href=\"https:\/\/www.haberler.com\/recep-tayyip-erdogan\/\" title=\"Recep Tayyip Erdo\u011fan\" class=\"hbptTag\">Recep Tayyip Erdo\u011fan<\/a>  <a href=\"https:\/\/www.haberler.com\/filistin\/\" title=\"Filistin\" class=\"hbptTag\">Filistin<\/a>  <a href=\"https:\/\/www.haberler.com\/gazze\/\" title=\"Gazze\" class=\"hbptTag\">Gazze<\/a>  <a href=\"https:\/\/www.haberler.com\/kultur\/\" title=\"K\u00fclt\u00fcr\" class=\"hbptTag\">K\u00fclt\u00fcr<\/a>  <a href=\"https:\/\/www.haberler.com\/politika\/\" title=\"Politika\" class=\"hbptTag\">Politika<\/a>  <a href=\"https:\/\/www.haberler.com\/dunya\/\" title=\"D\u00fcnya\" class=\"hbptTag\">D\u00fcnya<\/a>  <a href=\"https:\/\/www.haberler.com\/\" title=\"Haberler\" class=\"hbptTag\">Haberler<\/a> <\/h4>\n<\/div>\n","protected":false},"excerpt":{"rendered":"<p>Cumhurba\u015fkan\u0131 Recep Tayyip Erdo\u011fan, Milli Savunma \u00dcniversitesi Kara Harp Okulu diploma alma ve sancak devir teslim t\u00f6renine kat\u0131ld\u0131. T\u00fcrkiye co\u011frafya olarak bir k\u00f6pr\u00fc, k\u00fclt\u00fcrel olarak bir merkezdir. B\u00f6yle bir co\u011frafyada ba\u015f\u0131 dik ya\u015famak \u00f6yle bir babayi\u011fidin harc\u0131 de\u011fildir. En basit zafiyet milletimizi \u00e7ok b\u00fcy\u00fck tehditlerle kar\u015f\u0131 kar\u015f\u0131ya b\u0131rak\u0131r. Gabar&#8217;da ter\u00f6ristleri g\u00f6md\u00fcysek. Besler&#8217;de ter\u00f6ristleri g\u00f6md\u00fcysek bundan<\/p>\n","protected":false},"author":1,"featured_media":58182,"comment_status":"open","ping_status":"open","sticky":false,"template":"","format":"standard","meta":{"footnotes":""},"categories":[83],"tags":[],"class_list":["post-58181","post","type-post","status-publish","format-standard","has-post-thumbnail","hentry","category-magazin"],"yoast_head":"<!-- This site is optimized with the Yoast SEO plugin v27.5 - https:\/\/yoast.com\/product\/yoast-seo-wordpress\/ -->\n<title>Cumhurba\u015fkan\u0131 Erdo\u011fan: &quot;Filistin&#039;den, Gazze&#039;den, Kud\u00fcs&#039;ten bize ne?&quot; diyenler bu milletin tarihini bilmiyor. -<\/title>\n<meta name=\"robots\" content=\"index, follow, max-snippet:-1, max-image-preview:large, max-video-preview:-1\" \/>\n<link rel=\"canonical\" href=\"https:\/\/kibrisdakik.com\/?p=58181\" \/>\n<meta property=\"og:locale\" content=\"tr_TR\" \/>\n<meta property=\"og:type\" content=\"article\" \/>\n<meta property=\"og:title\" content=\"Cumhurba\u015fkan\u0131 Erdo\u011fan: &quot;Filistin&#039;den, Gazze&#039;den, Kud\u00fcs&#039;ten bize ne?&quot; diyenler bu milletin tarihini bilmiyor. -\" \/>\n<meta property=\"og:description\" content=\"Cumhurba\u015fkan\u0131 Recep Tayyip Erdo\u011fan, Milli Savunma \u00dcniversitesi Kara Harp Okulu diploma alma ve sancak devir teslim t\u00f6renine kat\u0131ld\u0131. T\u00fcrkiye co\u011frafya olarak bir k\u00f6pr\u00fc, k\u00fclt\u00fcrel olarak bir merkezdir. B\u00f6yle bir co\u011frafyada ba\u015f\u0131 dik ya\u015famak \u00f6yle bir babayi\u011fidin harc\u0131 de\u011fildir. En basit zafiyet milletimizi \u00e7ok b\u00fcy\u00fck tehditlerle kar\u015f\u0131 kar\u015f\u0131ya b\u0131rak\u0131r. Gabar&#8217;da ter\u00f6ristleri g\u00f6md\u00fcysek. Besler&#8217;de ter\u00f6ristleri g\u00f6md\u00fcysek bundan\" \/>\n<meta property=\"og:url\" content=\"https:\/\/kibrisdakik.com\/?p=58181\" \/>\n<meta property=\"article:published_time\" content=\"2024-08-30T14:40:21+00:00\" \/>\n<meta property=\"og:image\" content=\"https:\/\/kibrisdakik.com\/wp-content\/uploads\/2024\/08\/cumhurbaskani-erdogan-filistin-den-gazze-den-17771189_4240_amp.jpg\" \/>\n\t<meta property=\"og:image:width\" content=\"1200\" \/>\n\t<meta property=\"og:image:height\" content=\"799\" \/>\n\t<meta property=\"og:image:type\" content=\"image\/jpeg\" \/>\n<meta name=\"author\" content=\"admin\" \/>\n<meta name=\"twitter:card\" content=\"summary_large_image\" \/>\n<meta name=\"twitter:label1\" content=\"Yazan:\" \/>\n\t<meta name=\"twitter:data1\" content=\"admin\" \/>\n\t<meta name=\"twitter:label2\" content=\"Tahmini okuma s\u00fcresi\" \/>\n\t<meta name=\"twitter:data2\" content=\"1 dakika\" \/>\n<script type=\"application\/ld+json\" class=\"yoast-schema-graph\">{\"@context\":\"https:\\\/\\\/schema.org\",\"@graph\":[{\"@type\":\"Article\",\"@id\":\"https:\\\/\\\/kibrisdakik.com\\\/?p=58181#article\",\"isPartOf\":{\"@id\":\"https:\\\/\\\/kibrisdakik.com\\\/?p=58181\"},\"author\":{\"name\":\"admin\",\"@id\":\"https:\\\/\\\/kibrisdakik.com\\\/#\\\/schema\\\/person\\\/9cd9d437bbb44f72b73ba127e06d8e79\"},\"headline\":\"Cumhurba\u015fkan\u0131 Erdo\u011fan: &#8220;Filistin&#8217;den, Gazze&#8217;den, Kud\u00fcs&#8217;ten bize ne?&#8221; diyenler bu milletin tarihini bilmiyor.\",\"datePublished\":\"2024-08-30T14:40:21+00:00\",\"mainEntityOfPage\":{\"@id\":\"https:\\\/\\\/kibrisdakik.com\\\/?p=58181\"},\"wordCount\":271,\"commentCount\":0,\"image\":{\"@id\":\"https:\\\/\\\/kibrisdakik.com\\\/?p=58181#primaryimage\"},\"thumbnailUrl\":\"https:\\\/\\\/kibrisdakik.com\\\/wp-content\\\/uploads\\\/2024\\\/08\\\/cumhurbaskani-erdogan-filistin-den-gazze-den-17771189_4240_amp.jpg\",\"articleSection\":[\"Magazin\"],\"inLanguage\":\"tr\",\"potentialAction\":[{\"@type\":\"CommentAction\",\"name\":\"Comment\",\"target\":[\"https:\\\/\\\/kibrisdakik.com\\\/?p=58181#respond\"]}]},{\"@type\":\"WebPage\",\"@id\":\"https:\\\/\\\/kibrisdakik.com\\\/?p=58181\",\"url\":\"https:\\\/\\\/kibrisdakik.com\\\/?p=58181\",\"name\":\"Cumhurba\u015fkan\u0131 Erdo\u011fan: \\\"Filistin'den, Gazze'den, Kud\u00fcs'ten bize ne?\\\" diyenler bu milletin tarihini bilmiyor. -\",\"isPartOf\":{\"@id\":\"https:\\\/\\\/kibrisdakik.com\\\/#website\"},\"primaryImageOfPage\":{\"@id\":\"https:\\\/\\\/kibrisdakik.com\\\/?p=58181#primaryimage\"},\"image\":{\"@id\":\"https:\\\/\\\/kibrisdakik.com\\\/?p=58181#primaryimage\"},\"thumbnailUrl\":\"https:\\\/\\\/kibrisdakik.com\\\/wp-content\\\/uploads\\\/2024\\\/08\\\/cumhurbaskani-erdogan-filistin-den-gazze-den-17771189_4240_amp.jpg\",\"datePublished\":\"2024-08-30T14:40:21+00:00\",\"author\":{\"@id\":\"https:\\\/\\\/kibrisdakik.com\\\/#\\\/schema\\\/person\\\/9cd9d437bbb44f72b73ba127e06d8e79\"},\"breadcrumb\":{\"@id\":\"https:\\\/\\\/kibrisdakik.com\\\/?p=58181#breadcrumb\"},\"inLanguage\":\"tr\",\"potentialAction\":[{\"@type\":\"ReadAction\",\"target\":[\"https:\\\/\\\/kibrisdakik.com\\\/?p=58181\"]}]},{\"@type\":\"ImageObject\",\"inLanguage\":\"tr\",\"@id\":\"https:\\\/\\\/kibrisdakik.com\\\/?p=58181#primaryimage\",\"url\":\"https:\\\/\\\/kibrisdakik.com\\\/wp-content\\\/uploads\\\/2024\\\/08\\\/cumhurbaskani-erdogan-filistin-den-gazze-den-17771189_4240_amp.jpg\",\"contentUrl\":\"https:\\\/\\\/kibrisdakik.com\\\/wp-content\\\/uploads\\\/2024\\\/08\\\/cumhurbaskani-erdogan-filistin-den-gazze-den-17771189_4240_amp.jpg\",\"width\":1200,\"height\":799},{\"@type\":\"BreadcrumbList\",\"@id\":\"https:\\\/\\\/kibrisdakik.com\\\/?p=58181#breadcrumb\",\"itemListElement\":[{\"@type\":\"ListItem\",\"position\":1,\"name\":\"Home\",\"item\":\"https:\\\/\\\/kibrisdakik.com\\\/\"},{\"@type\":\"ListItem\",\"position\":2,\"name\":\"Cumhurba\u015fkan\u0131 Erdo\u011fan: &#8220;Filistin&#8217;den, Gazze&#8217;den, Kud\u00fcs&#8217;ten bize ne?&#8221; diyenler bu milletin tarihini bilmiyor.\"}]},{\"@type\":\"WebSite\",\"@id\":\"https:\\\/\\\/kibrisdakik.com\\\/#website\",\"url\":\"https:\\\/\\\/kibrisdakik.com\\\/\",\"name\":\"\",\"description\":\"Tam vaktinde haber\",\"potentialAction\":[{\"@type\":\"SearchAction\",\"target\":{\"@type\":\"EntryPoint\",\"urlTemplate\":\"https:\\\/\\\/kibrisdakik.com\\\/?s={search_term_string}\"},\"query-input\":{\"@type\":\"PropertyValueSpecification\",\"valueRequired\":true,\"valueName\":\"search_term_string\"}}],\"inLanguage\":\"tr\"},{\"@type\":\"Person\",\"@id\":\"https:\\\/\\\/kibrisdakik.com\\\/#\\\/schema\\\/person\\\/9cd9d437bbb44f72b73ba127e06d8e79\",\"name\":\"admin\",\"image\":{\"@type\":\"ImageObject\",\"inLanguage\":\"tr\",\"@id\":\"https:\\\/\\\/secure.gravatar.com\\\/avatar\\\/ccc17943b9d660506c869530f897617f7cb1c21a4bf30023f252596d83e1f007?s=96&d=mm&r=g\",\"url\":\"https:\\\/\\\/secure.gravatar.com\\\/avatar\\\/ccc17943b9d660506c869530f897617f7cb1c21a4bf30023f252596d83e1f007?s=96&d=mm&r=g\",\"contentUrl\":\"https:\\\/\\\/secure.gravatar.com\\\/avatar\\\/ccc17943b9d660506c869530f897617f7cb1c21a4bf30023f252596d83e1f007?s=96&d=mm&r=g\",\"caption\":\"admin\"},\"sameAs\":[\"https:\\\/\\\/kibrisdakik.com\"],\"url\":\"https:\\\/\\\/kibrisdakik.com\\\/?author=1\"}]}<\/script>\n<!-- \/ Yoast SEO plugin. -->","yoast_head_json":{"title":"Cumhurba\u015fkan\u0131 Erdo\u011fan: \"Filistin'den, Gazze'den, Kud\u00fcs'ten bize ne?\" diyenler bu milletin tarihini bilmiyor. -","robots":{"index":"index","follow":"follow","max-snippet":"max-snippet:-1","max-image-preview":"max-image-preview:large","max-video-preview":"max-video-preview:-1"},"canonical":"https:\/\/kibrisdakik.com\/?p=58181","og_locale":"tr_TR","og_type":"article","og_title":"Cumhurba\u015fkan\u0131 Erdo\u011fan: \"Filistin'den, Gazze'den, Kud\u00fcs'ten bize ne?\" diyenler bu milletin tarihini bilmiyor. -","og_description":"Cumhurba\u015fkan\u0131 Recep Tayyip Erdo\u011fan, Milli Savunma \u00dcniversitesi Kara Harp Okulu diploma alma ve sancak devir teslim t\u00f6renine kat\u0131ld\u0131. T\u00fcrkiye co\u011frafya olarak bir k\u00f6pr\u00fc, k\u00fclt\u00fcrel olarak bir merkezdir. B\u00f6yle bir co\u011frafyada ba\u015f\u0131 dik ya\u015famak \u00f6yle bir babayi\u011fidin harc\u0131 de\u011fildir. En basit zafiyet milletimizi \u00e7ok b\u00fcy\u00fck tehditlerle kar\u015f\u0131 kar\u015f\u0131ya b\u0131rak\u0131r. Gabar&#8217;da ter\u00f6ristleri g\u00f6md\u00fcysek. Besler&#8217;de ter\u00f6ristleri g\u00f6md\u00fcysek bundan","og_url":"https:\/\/kibrisdakik.com\/?p=58181","article_published_time":"2024-08-30T14:40:21+00:00","og_image":[{"width":1200,"height":799,"url":"https:\/\/kibrisdakik.com\/wp-content\/uploads\/2024\/08\/cumhurbaskani-erdogan-filistin-den-gazze-den-17771189_4240_amp.jpg","type":"image\/jpeg"}],"author":"admin","twitter_card":"summary_large_image","twitter_misc":{"Yazan:":"admin","Tahmini okuma s\u00fcresi":"1 dakika"},"schema":{"@context":"https:\/\/schema.org","@graph":[{"@type":"Article","@id":"https:\/\/kibrisdakik.com\/?p=58181#article","isPartOf":{"@id":"https:\/\/kibrisdakik.com\/?p=58181"},"author":{"name":"admin","@id":"https:\/\/kibrisdakik.com\/#\/schema\/person\/9cd9d437bbb44f72b73ba127e06d8e79"},"headline":"Cumhurba\u015fkan\u0131 Erdo\u011fan: &#8220;Filistin&#8217;den, Gazze&#8217;den, Kud\u00fcs&#8217;ten bize ne?&#8221; diyenler bu milletin tarihini bilmiyor.","datePublished":"2024-08-30T14:40:21+00:00","mainEntityOfPage":{"@id":"https:\/\/kibrisdakik.com\/?p=58181"},"wordCount":271,"commentCount":0,"image":{"@id":"https:\/\/kibrisdakik.com\/?p=58181#primaryimage"},"thumbnailUrl":"https:\/\/kibrisdakik.com\/wp-content\/uploads\/2024\/08\/cumhurbaskani-erdogan-filistin-den-gazze-den-17771189_4240_amp.jpg","articleSection":["Magazin"],"inLanguage":"tr","potentialAction":[{"@type":"CommentAction","name":"Comment","target":["https:\/\/kibrisdakik.com\/?p=58181#respond"]}]},{"@type":"WebPage","@id":"https:\/\/kibrisdakik.com\/?p=58181","url":"https:\/\/kibrisdakik.com\/?p=58181","name":"Cumhurba\u015fkan\u0131 Erdo\u011fan: \"Filistin'den, Gazze'den, Kud\u00fcs'ten bize ne?\" diyenler bu milletin tarihini bilmiyor. -","isPartOf":{"@id":"https:\/\/kibrisdakik.com\/#website"},"primaryImageOfPage":{"@id":"https:\/\/kibrisdakik.com\/?p=58181#primaryimage"},"image":{"@id":"https:\/\/kibrisdakik.com\/?p=58181#primaryimage"},"thumbnailUrl":"https:\/\/kibrisdakik.com\/wp-content\/uploads\/2024\/08\/cumhurbaskani-erdogan-filistin-den-gazze-den-17771189_4240_amp.jpg","datePublished":"2024-08-30T14:40:21+00:00","author":{"@id":"https:\/\/kibrisdakik.com\/#\/schema\/person\/9cd9d437bbb44f72b73ba127e06d8e79"},"breadcrumb":{"@id":"https:\/\/kibrisdakik.com\/?p=58181#breadcrumb"},"inLanguage":"tr","potentialAction":[{"@type":"ReadAction","target":["https:\/\/kibrisdakik.com\/?p=58181"]}]},{"@type":"ImageObject","inLanguage":"tr","@id":"https:\/\/kibrisdakik.com\/?p=58181#primaryimage","url":"https:\/\/kibrisdakik.com\/wp-content\/uploads\/2024\/08\/cumhurbaskani-erdogan-filistin-den-gazze-den-17771189_4240_amp.jpg","contentUrl":"https:\/\/kibrisdakik.com\/wp-content\/uploads\/2024\/08\/cumhurbaskani-erdogan-filistin-den-gazze-den-17771189_4240_amp.jpg","width":1200,"height":799},{"@type":"BreadcrumbList","@id":"https:\/\/kibrisdakik.com\/?p=58181#breadcrumb","itemListElement":[{"@type":"ListItem","position":1,"name":"Home","item":"https:\/\/kibrisdakik.com\/"},{"@type":"ListItem","position":2,"name":"Cumhurba\u015fkan\u0131 Erdo\u011fan: &#8220;Filistin&#8217;den, Gazze&#8217;den, Kud\u00fcs&#8217;ten bize ne?&#8221; diyenler bu milletin tarihini bilmiyor."}]},{"@type":"WebSite","@id":"https:\/\/kibrisdakik.com\/#website","url":"https:\/\/kibrisdakik.com\/","name":"","description":"Tam vaktinde haber","potentialAction":[{"@type":"SearchAction","target":{"@type":"EntryPoint","urlTemplate":"https:\/\/kibrisdakik.com\/?s={search_term_string}"},"query-input":{"@type":"PropertyValueSpecification","valueRequired":true,"valueName":"search_term_string"}}],"inLanguage":"tr"},{"@type":"Person","@id":"https:\/\/kibrisdakik.com\/#\/schema\/person\/9cd9d437bbb44f72b73ba127e06d8e79","name":"admin","image":{"@type":"ImageObject","inLanguage":"tr","@id":"https:\/\/secure.gravatar.com\/avatar\/ccc17943b9d660506c869530f897617f7cb1c21a4bf30023f252596d83e1f007?s=96&d=mm&r=g","url":"https:\/\/secure.gravatar.com\/avatar\/ccc17943b9d660506c869530f897617f7cb1c21a4bf30023f252596d83e1f007?s=96&d=mm&r=g","contentUrl":"https:\/\/secure.gravatar.com\/avatar\/ccc17943b9d660506c869530f897617f7cb1c21a4bf30023f252596d83e1f007?s=96&d=mm&r=g","caption":"admin"},"sameAs":["https:\/\/kibrisdakik.com"],"url":"https:\/\/kibrisdakik.com\/?author=1"}]}},"_links":{"self":[{"href":"https:\/\/kibrisdakik.com\/index.php?rest_route=\/wp\/v2\/posts\/58181","targetHints":{"allow":["GET"]}}],"collection":[{"href":"https:\/\/kibrisdakik.com\/index.php?rest_route=\/wp\/v2\/posts"}],"about":[{"href":"https:\/\/kibrisdakik.com\/index.php?rest_route=\/wp\/v2\/types\/post"}],"author":[{"embeddable":true,"href":"https:\/\/kibrisdakik.com\/index.php?rest_route=\/wp\/v2\/users\/1"}],"replies":[{"embeddable":true,"href":"https:\/\/kibrisdakik.com\/index.php?rest_route=%2Fwp%2Fv2%2Fcomments&post=58181"}],"version-history":[{"count":0,"href":"https:\/\/kibrisdakik.com\/index.php?rest_route=\/wp\/v2\/posts\/58181\/revisions"}],"wp:featuredmedia":[{"embeddable":true,"href":"https:\/\/kibrisdakik.com\/index.php?rest_route=\/wp\/v2\/media\/58182"}],"wp:attachment":[{"href":"https:\/\/kibrisdakik.com\/index.php?rest_route=%2Fwp%2Fv2%2Fmedia&parent=58181"}],"wp:term":[{"taxonomy":"category","embeddable":true,"href":"https:\/\/kibrisdakik.com\/index.php?rest_route=%2Fwp%2Fv2%2Fcategories&post=58181"},{"taxonomy":"post_tag","embeddable":true,"href":"https:\/\/kibrisdakik.com\/index.php?rest_route=%2Fwp%2Fv2%2Ftags&post=58181"}],"curies":[{"name":"wp","href":"https:\/\/api.w.org\/{rel}","templated":true}]}}