{"id":58222,"date":"2024-08-30T21:25:33","date_gmt":"2024-08-30T18:25:33","guid":{"rendered":"https:\/\/kibrisdakik.com\/index.php\/2024\/08\/30\/topu-dilrubaya-attilar-annenin-isyan-ederek-dile-getirdigi-iddiaya-yanit-var\/"},"modified":"2024-08-30T21:25:33","modified_gmt":"2024-08-30T18:25:33","slug":"topu-dilrubaya-attilar-annenin-isyan-ederek-dile-getirdigi-iddiaya-yanit-var","status":"publish","type":"post","link":"https:\/\/kibrisdakik.com\/?p=58222","title":{"rendered":"Topu Dilruba&#8217;ya att\u0131lar! Annenin isyan ederek dile getirdi\u011fi iddiaya yan\u0131t var"},"content":{"rendered":"<p><img decoding=\"async\" src=\"https:\/\/foto.haberler.com\/haber\/2024\/08\/30\/topu-dilruba-ya-attilar-annenin-isyan-ederek-17771771_2891_amp.jpg\" \/><\/p>\n<div id=\"\">\n<p>\u00d6nceki g\u00fcn tahliye edilen Dilruba Kayserilio\u011flu&#8217;nun ailesi, karar\u0131n kendilerine bildirilmedi\u011fini \u00f6ne s\u00fcrerken, Dezenformasyonla M\u00fccadele Merkezi yapt\u0131\u011f\u0131 a\u00e7\u0131klamada iddiay\u0131 yalanlad\u0131. A\u00e7\u0131klamada, &#8220;Tahliye karar\u0131 UYAP sistemi \u00fczerinden \u015fahs\u0131n avukat\u0131 taraf\u0131ndan da g\u00f6r\u00fclebilecek olup cezaevlerinin, tutuklular\u0131n ailelerini tahliye konusunda bilgilendirme gibi bir uygulamas\u0131 bulunmamaktad\u0131r.&#8221; ifadelerine yer verildi. Ayr\u0131ca Dilruba Kayserilio\u011flu&#8217;nun ailesine bilgi verilmesi konusunda talebinin olmad\u0131\u011f\u0131 belirtildi.<\/p>\n<h3>D\u0130LRUBA KAYSER\u0130L\u0130O\u011eLU TAHL\u0130YE ED\u0130LD\u0130<\/h3>\n<p>Sokak r\u00f6portaj\u0131ndaki s\u00f6zleri nedeniyle ge\u00e7ti\u011fimiz haftalarda tutuklanan Dilruba Kayserilio\u011flu, \u00f6nceki ak\u015fam tahliye edildi. Kayserilio\u011flu&#8217;nun ailesi, tahliye karar\u0131n\u0131n kendilerine bildirilmedi\u011fini iddia etti. Dilruba cezaevinden \u00e7\u0131kt\u0131ktan sonra evine gitmek i\u00e7in belediye otob\u00fcs\u00fc bekledi ancak otob\u00fcs gelmeyince bir vatanda\u015f\u0131n cep telefonunu al\u0131p annesini arad\u0131. Akrabalar\u0131 cezaevi \u00f6n\u00fcne gelerek Dilruba&#8217;y\u0131 ald\u0131. Gen\u00e7 k\u0131z\u0131n avukat\u0131na bile  <a class=\"keyword\" href=\"https:\/\/www.haberler.com\/\" title=\"Haber, Haberler\"><strong>haber<\/strong><\/a> verilmeden tahliye edilip gece vakti \u0131ss\u0131z bir b\u00f6lgede b\u0131rak\u0131lmas\u0131 ele\u015ftirildi.<\/p>\n<h3>TAHL\u0130YES\u0130NE SEV\u0130NEMED\u0130LER<\/h3>\n<p>Ya\u015fanan bu durumdan dolay\u0131 Dilruba&#8217;n\u0131n tahliyesini sevinemediklerini ifade eden anne Aysel Kayserilio\u011flu, &#8221;D\u00fcn ak\u015fam saatlerinde tahliye edilmi\u015f k\u0131z\u0131m. Ama ne benim ne de avukat\u0131n\u0131n bundan haberi yok. Avukat\u0131 ya da ailesi aran\u0131r. Elinde siyah bir po\u015fetle bir anda tahliye etmi\u015fler. O saatte bir gen\u00e7, annesine ya da avukat\u0131na haber verilmeden tahliye ediliyor&#8221; s\u00f6zleriyle tepkisini dile getirdi.<\/p>\n<h3>SU\u00c7 DUYURUSUNDA BULUNACAKLAR<\/h3>\n<p>A\u00e7\u0131klamas\u0131n\u0131n devam\u0131nda k\u0131z\u0131n\u0131n tan\u0131mad\u0131\u011f\u0131 birinden telefonunu alarak kendini arad\u0131\u011f\u0131 belirten anne Kayserilio\u011flu, &#8220;K\u0131z\u0131m\u0131n elinde hi\u00e7bir \u015fey yok. K\u0131z\u0131m bir telefon bulmu\u015f. \u00d6yle arad\u0131 beni, o \u015fekilde haber verdi. &#8216;Annecim sak\u0131n a\u011flama. Beni tahliye ettiler&#8217; dedi. Arkada\u015flar\u0131 vard\u0131. Onlar\u0131 arad\u0131m o \u015fekilde gidip ald\u0131lar. Bir gen\u00e7 k\u0131z. Ya ba\u015f\u0131na bir i\u015f gelse orada. Tenha bir yer. Oras\u0131 su\u00e7lular\u0131n oldu\u011fu bir yer. Avukatlar\u0131yla g\u00f6r\u00fc\u015ft\u00fck. Bu konuda da bir su\u00e7 duyurumuz olacak&#8221; dedi.<\/p>\n<h3>\u0130LET\u0130\u015e\u0130M BA\u015eKANLI\u011eI \u0130DD\u0130AYI YALANLADI<\/h3>\n<p>\u0130ddialar\u0131n ard\u0131ndan Cumhurba\u015fkanl\u0131\u011f\u0131 \u0130leti\u015fim Ba\u015fkanl\u0131\u011f\u0131 Dezenformasyonla M\u00fccadele Merkezi&#8217;nden a\u00e7\u0131klama geldi. \u0130ddian\u0131n do\u011fru olmad\u0131\u011f\u0131n\u0131n belirtildi\u011fi a\u00e7\u0131klamada \u015fu ifadelere yer verildi: &#8220;Baz\u0131 bas\u0131n yay\u0131n organlar\u0131nda yer alan &#8220;Dilruba gizlice tahliye edildi, avukat\u0131 dahil kimseye haber verilmedi&#8221; iddias\u0131 do\u011fru de\u011fildir.<\/p>\n<p>Dilruba K. adl\u0131 \u015fahs\u0131n avukat\u0131, davas\u0131n\u0131n g\u00f6r\u00fcld\u00fc\u011f\u00fc mahkemece verilen tutuklu yarg\u0131lama karar\u0131na itiraz etmi\u015f, itiraz\u0131 de\u011ferlendiren \u0130zmir 4. A\u011f\u0131r Ceza Mahkemesi, \u015fahs\u0131n 29 A\u011fustos tarihinde tahliyesine karar vermi\u015ftir. Ayn\u0131 g\u00fcn i\u015flemleri tamamlanan tutuklu, saat 20.00 s\u0131ralar\u0131nda tahliye edilmi\u015ftir.<\/p>\n<h3>&#8220;TAHL\u0130YE KARARINI AVUKAT UYAP S\u0130STEM\u0130 \u00dcZER\u0130NDEN G\u00d6REB\u0130L\u0130R&#8221;<\/h3>\n<p>Tahliye karar\u0131 UYAP sistemi \u00fczerinden \u015fahs\u0131n avukat\u0131 taraf\u0131ndan da g\u00f6r\u00fclebilecek olup cezaevlerinin, tutuklular\u0131n ailelerini tahliye konusunda bilgilendirme gibi bir uygulamas\u0131 bulunmamaktad\u0131r. Bu husus ilgililerin avukatlar\u0131 taraf\u0131ndan takip edilmektedir.<\/p>\n<h3>&#8220;D\u0130LRUBA&#8217;NIN TALEB\u0130 OLMADI&#8221;<\/h3>\n<p>Di\u011fer yandan tutuklu \u015fahsa yak\u0131nlar\u0131na bilgi vermek isteyip istemedi\u011fi sorulmu\u015f ancak kendisinin ailesi, avukat\u0131 veya ba\u015fka birisine bilgi verilmesi konusunda herhangi bir talebi olmam\u0131\u015ft\u0131r. As\u0131ls\u0131z iddialara itibar etmeyiniz.<\/p>\n<h3>NE OLMU\u015eTU?<\/h3>\n<p>Kulland\u0131\u011f\u0131 ifadeler nedeniyle &#8221;halk\u0131 kin ve d\u00fc\u015fmanl\u0131\u011fa tahrik ve a\u015fa\u011f\u0131lama&#8221; ve &#8221;Cumhurba\u015fkan\u0131na hakaret&#8221; su\u00e7lamalar\u0131yla yarg\u0131lanacak olan Kayserilio\u011flu&#8217;nun tutuklulu\u011funa avukat\u0131 H\u00fcseyin Y\u0131ld\u0131z taraf\u0131ndan itiraz etmi\u015fti. Dilruba,&#8221;Cumhurba\u015fkan\u0131na hakaret&#8221; su\u00e7undan tahliye edilirken, &#8221;halk\u0131 kin ve d\u00fc\u015fmanl\u0131\u011fa tahrik ve alenen a\u015fa\u011f\u0131lama&#8221; su\u00e7undan ise tutuklu yarg\u0131lanmas\u0131na karar verilmi\u015fti. Dilruba, 3 Eyl\u00fcl&#8217;de hakim kar\u015f\u0131s\u0131na \u00e7\u0131kacak.<\/p>\n<h4 id=\"nwsKeywords\"> <a href=\"https:\/\/www.haberler.com\/dezenformasyonla-mucadele-merkezi\/\" title=\"Dezenformasyonla M\u00fccadele Merkezi\" class=\"hbptTag\">Dezenformasyonla M\u00fccadele Merkezi<\/a>  <a href=\"https:\/\/www.haberler.com\/hukuk\/\" title=\"Hukuk\" class=\"hbptTag\">Hukuk<\/a>  <a href=\"https:\/\/www.haberler.com\/3-sayfa\/\" title=\"3.Sayfa\" class=\"hbptTag\">3.Sayfa<\/a>  <a href=\"https:\/\/www.haberler.com\/yasam\/\" title=\"Ya\u015fam\" class=\"hbptTag\">Ya\u015fam<\/a>  <a href=\"https:\/\/www.haberler.com\/\" title=\"Haberler\" class=\"hbptTag\">Haberler<\/a> <\/h4>\n<\/div>\n","protected":false},"excerpt":{"rendered":"<p>\u00d6nceki g\u00fcn tahliye edilen Dilruba Kayserilio\u011flu&#8217;nun ailesi, karar\u0131n kendilerine bildirilmedi\u011fini \u00f6ne s\u00fcrerken, Dezenformasyonla M\u00fccadele Merkezi yapt\u0131\u011f\u0131 a\u00e7\u0131klamada iddiay\u0131 yalanlad\u0131. A\u00e7\u0131klamada, &#8220;Tahliye karar\u0131 UYAP sistemi \u00fczerinden \u015fahs\u0131n avukat\u0131 taraf\u0131ndan da g\u00f6r\u00fclebilecek olup cezaevlerinin, tutuklular\u0131n ailelerini tahliye konusunda bilgilendirme gibi bir uygulamas\u0131 bulunmamaktad\u0131r.&#8221; ifadelerine yer verildi. Ayr\u0131ca Dilruba Kayserilio\u011flu&#8217;nun ailesine bilgi verilmesi konusunda talebinin olmad\u0131\u011f\u0131 belirtildi. D\u0130LRUBA<\/p>\n","protected":false},"author":1,"featured_media":58223,"comment_status":"open","ping_status":"open","sticky":false,"template":"","format":"standard","meta":{"footnotes":""},"categories":[83],"tags":[],"class_list":["post-58222","post","type-post","status-publish","format-standard","has-post-thumbnail","hentry","category-magazin"],"yoast_head":"<!-- This site is optimized with the Yoast SEO plugin v27.5 - https:\/\/yoast.com\/product\/yoast-seo-wordpress\/ -->\n<title>Topu Dilruba&#039;ya att\u0131lar! Annenin isyan ederek dile getirdi\u011fi iddiaya yan\u0131t var -<\/title>\n<meta name=\"robots\" content=\"index, follow, max-snippet:-1, max-image-preview:large, max-video-preview:-1\" \/>\n<link rel=\"canonical\" href=\"https:\/\/kibrisdakik.com\/?p=58222\" \/>\n<meta property=\"og:locale\" content=\"tr_TR\" \/>\n<meta property=\"og:type\" content=\"article\" \/>\n<meta property=\"og:title\" content=\"Topu Dilruba&#039;ya att\u0131lar! Annenin isyan ederek dile getirdi\u011fi iddiaya yan\u0131t var -\" \/>\n<meta property=\"og:description\" content=\"\u00d6nceki g\u00fcn tahliye edilen Dilruba Kayserilio\u011flu&#8217;nun ailesi, karar\u0131n kendilerine bildirilmedi\u011fini \u00f6ne s\u00fcrerken, Dezenformasyonla M\u00fccadele Merkezi yapt\u0131\u011f\u0131 a\u00e7\u0131klamada iddiay\u0131 yalanlad\u0131. A\u00e7\u0131klamada, &#8220;Tahliye karar\u0131 UYAP sistemi \u00fczerinden \u015fahs\u0131n avukat\u0131 taraf\u0131ndan da g\u00f6r\u00fclebilecek olup cezaevlerinin, tutuklular\u0131n ailelerini tahliye konusunda bilgilendirme gibi bir uygulamas\u0131 bulunmamaktad\u0131r.&#8221; ifadelerine yer verildi. Ayr\u0131ca Dilruba Kayserilio\u011flu&#8217;nun ailesine bilgi verilmesi konusunda talebinin olmad\u0131\u011f\u0131 belirtildi. D\u0130LRUBA\" \/>\n<meta property=\"og:url\" content=\"https:\/\/kibrisdakik.com\/?p=58222\" \/>\n<meta property=\"article:published_time\" content=\"2024-08-30T18:25:33+00:00\" \/>\n<meta property=\"og:image\" content=\"https:\/\/kibrisdakik.com\/wp-content\/uploads\/2024\/08\/topu-dilruba-ya-attilar-annenin-isyan-ederek-17771771_2891_amp.jpg\" \/>\n\t<meta property=\"og:image:width\" content=\"1202\" \/>\n\t<meta property=\"og:image:height\" content=\"675\" \/>\n\t<meta property=\"og:image:type\" content=\"image\/jpeg\" \/>\n<meta name=\"author\" content=\"admin\" \/>\n<meta name=\"twitter:card\" content=\"summary_large_image\" \/>\n<meta name=\"twitter:label1\" content=\"Yazan:\" \/>\n\t<meta name=\"twitter:data1\" content=\"admin\" \/>\n\t<meta name=\"twitter:label2\" content=\"Tahmini okuma s\u00fcresi\" \/>\n\t<meta name=\"twitter:data2\" content=\"3 dakika\" \/>\n<script type=\"application\/ld+json\" class=\"yoast-schema-graph\">{\"@context\":\"https:\\\/\\\/schema.org\",\"@graph\":[{\"@type\":\"Article\",\"@id\":\"https:\\\/\\\/kibrisdakik.com\\\/?p=58222#article\",\"isPartOf\":{\"@id\":\"https:\\\/\\\/kibrisdakik.com\\\/?p=58222\"},\"author\":{\"name\":\"admin\",\"@id\":\"https:\\\/\\\/kibrisdakik.com\\\/#\\\/schema\\\/person\\\/9cd9d437bbb44f72b73ba127e06d8e79\"},\"headline\":\"Topu Dilruba&#8217;ya att\u0131lar! Annenin isyan ederek dile getirdi\u011fi iddiaya yan\u0131t var\",\"datePublished\":\"2024-08-30T18:25:33+00:00\",\"mainEntityOfPage\":{\"@id\":\"https:\\\/\\\/kibrisdakik.com\\\/?p=58222\"},\"wordCount\":655,\"commentCount\":0,\"image\":{\"@id\":\"https:\\\/\\\/kibrisdakik.com\\\/?p=58222#primaryimage\"},\"thumbnailUrl\":\"https:\\\/\\\/kibrisdakik.com\\\/wp-content\\\/uploads\\\/2024\\\/08\\\/topu-dilruba-ya-attilar-annenin-isyan-ederek-17771771_2891_amp.jpg\",\"articleSection\":[\"Magazin\"],\"inLanguage\":\"tr\",\"potentialAction\":[{\"@type\":\"CommentAction\",\"name\":\"Comment\",\"target\":[\"https:\\\/\\\/kibrisdakik.com\\\/?p=58222#respond\"]}]},{\"@type\":\"WebPage\",\"@id\":\"https:\\\/\\\/kibrisdakik.com\\\/?p=58222\",\"url\":\"https:\\\/\\\/kibrisdakik.com\\\/?p=58222\",\"name\":\"Topu Dilruba'ya att\u0131lar! Annenin isyan ederek dile getirdi\u011fi iddiaya yan\u0131t var -\",\"isPartOf\":{\"@id\":\"https:\\\/\\\/kibrisdakik.com\\\/#website\"},\"primaryImageOfPage\":{\"@id\":\"https:\\\/\\\/kibrisdakik.com\\\/?p=58222#primaryimage\"},\"image\":{\"@id\":\"https:\\\/\\\/kibrisdakik.com\\\/?p=58222#primaryimage\"},\"thumbnailUrl\":\"https:\\\/\\\/kibrisdakik.com\\\/wp-content\\\/uploads\\\/2024\\\/08\\\/topu-dilruba-ya-attilar-annenin-isyan-ederek-17771771_2891_amp.jpg\",\"datePublished\":\"2024-08-30T18:25:33+00:00\",\"author\":{\"@id\":\"https:\\\/\\\/kibrisdakik.com\\\/#\\\/schema\\\/person\\\/9cd9d437bbb44f72b73ba127e06d8e79\"},\"breadcrumb\":{\"@id\":\"https:\\\/\\\/kibrisdakik.com\\\/?p=58222#breadcrumb\"},\"inLanguage\":\"tr\",\"potentialAction\":[{\"@type\":\"ReadAction\",\"target\":[\"https:\\\/\\\/kibrisdakik.com\\\/?p=58222\"]}]},{\"@type\":\"ImageObject\",\"inLanguage\":\"tr\",\"@id\":\"https:\\\/\\\/kibrisdakik.com\\\/?p=58222#primaryimage\",\"url\":\"https:\\\/\\\/kibrisdakik.com\\\/wp-content\\\/uploads\\\/2024\\\/08\\\/topu-dilruba-ya-attilar-annenin-isyan-ederek-17771771_2891_amp.jpg\",\"contentUrl\":\"https:\\\/\\\/kibrisdakik.com\\\/wp-content\\\/uploads\\\/2024\\\/08\\\/topu-dilruba-ya-attilar-annenin-isyan-ederek-17771771_2891_amp.jpg\",\"width\":1202,\"height\":675},{\"@type\":\"BreadcrumbList\",\"@id\":\"https:\\\/\\\/kibrisdakik.com\\\/?p=58222#breadcrumb\",\"itemListElement\":[{\"@type\":\"ListItem\",\"position\":1,\"name\":\"Home\",\"item\":\"https:\\\/\\\/kibrisdakik.com\\\/\"},{\"@type\":\"ListItem\",\"position\":2,\"name\":\"Topu Dilruba&#8217;ya att\u0131lar! Annenin isyan ederek dile getirdi\u011fi iddiaya yan\u0131t var\"}]},{\"@type\":\"WebSite\",\"@id\":\"https:\\\/\\\/kibrisdakik.com\\\/#website\",\"url\":\"https:\\\/\\\/kibrisdakik.com\\\/\",\"name\":\"\",\"description\":\"Tam vaktinde haber\",\"potentialAction\":[{\"@type\":\"SearchAction\",\"target\":{\"@type\":\"EntryPoint\",\"urlTemplate\":\"https:\\\/\\\/kibrisdakik.com\\\/?s={search_term_string}\"},\"query-input\":{\"@type\":\"PropertyValueSpecification\",\"valueRequired\":true,\"valueName\":\"search_term_string\"}}],\"inLanguage\":\"tr\"},{\"@type\":\"Person\",\"@id\":\"https:\\\/\\\/kibrisdakik.com\\\/#\\\/schema\\\/person\\\/9cd9d437bbb44f72b73ba127e06d8e79\",\"name\":\"admin\",\"image\":{\"@type\":\"ImageObject\",\"inLanguage\":\"tr\",\"@id\":\"https:\\\/\\\/secure.gravatar.com\\\/avatar\\\/ccc17943b9d660506c869530f897617f7cb1c21a4bf30023f252596d83e1f007?s=96&d=mm&r=g\",\"url\":\"https:\\\/\\\/secure.gravatar.com\\\/avatar\\\/ccc17943b9d660506c869530f897617f7cb1c21a4bf30023f252596d83e1f007?s=96&d=mm&r=g\",\"contentUrl\":\"https:\\\/\\\/secure.gravatar.com\\\/avatar\\\/ccc17943b9d660506c869530f897617f7cb1c21a4bf30023f252596d83e1f007?s=96&d=mm&r=g\",\"caption\":\"admin\"},\"sameAs\":[\"https:\\\/\\\/kibrisdakik.com\"],\"url\":\"https:\\\/\\\/kibrisdakik.com\\\/?author=1\"}]}<\/script>\n<!-- \/ Yoast SEO plugin. -->","yoast_head_json":{"title":"Topu Dilruba'ya att\u0131lar! Annenin isyan ederek dile getirdi\u011fi iddiaya yan\u0131t var -","robots":{"index":"index","follow":"follow","max-snippet":"max-snippet:-1","max-image-preview":"max-image-preview:large","max-video-preview":"max-video-preview:-1"},"canonical":"https:\/\/kibrisdakik.com\/?p=58222","og_locale":"tr_TR","og_type":"article","og_title":"Topu Dilruba'ya att\u0131lar! Annenin isyan ederek dile getirdi\u011fi iddiaya yan\u0131t var -","og_description":"\u00d6nceki g\u00fcn tahliye edilen Dilruba Kayserilio\u011flu&#8217;nun ailesi, karar\u0131n kendilerine bildirilmedi\u011fini \u00f6ne s\u00fcrerken, Dezenformasyonla M\u00fccadele Merkezi yapt\u0131\u011f\u0131 a\u00e7\u0131klamada iddiay\u0131 yalanlad\u0131. A\u00e7\u0131klamada, &#8220;Tahliye karar\u0131 UYAP sistemi \u00fczerinden \u015fahs\u0131n avukat\u0131 taraf\u0131ndan da g\u00f6r\u00fclebilecek olup cezaevlerinin, tutuklular\u0131n ailelerini tahliye konusunda bilgilendirme gibi bir uygulamas\u0131 bulunmamaktad\u0131r.&#8221; ifadelerine yer verildi. Ayr\u0131ca Dilruba Kayserilio\u011flu&#8217;nun ailesine bilgi verilmesi konusunda talebinin olmad\u0131\u011f\u0131 belirtildi. D\u0130LRUBA","og_url":"https:\/\/kibrisdakik.com\/?p=58222","article_published_time":"2024-08-30T18:25:33+00:00","og_image":[{"width":1202,"height":675,"url":"https:\/\/kibrisdakik.com\/wp-content\/uploads\/2024\/08\/topu-dilruba-ya-attilar-annenin-isyan-ederek-17771771_2891_amp.jpg","type":"image\/jpeg"}],"author":"admin","twitter_card":"summary_large_image","twitter_misc":{"Yazan:":"admin","Tahmini okuma s\u00fcresi":"3 dakika"},"schema":{"@context":"https:\/\/schema.org","@graph":[{"@type":"Article","@id":"https:\/\/kibrisdakik.com\/?p=58222#article","isPartOf":{"@id":"https:\/\/kibrisdakik.com\/?p=58222"},"author":{"name":"admin","@id":"https:\/\/kibrisdakik.com\/#\/schema\/person\/9cd9d437bbb44f72b73ba127e06d8e79"},"headline":"Topu Dilruba&#8217;ya att\u0131lar! Annenin isyan ederek dile getirdi\u011fi iddiaya yan\u0131t var","datePublished":"2024-08-30T18:25:33+00:00","mainEntityOfPage":{"@id":"https:\/\/kibrisdakik.com\/?p=58222"},"wordCount":655,"commentCount":0,"image":{"@id":"https:\/\/kibrisdakik.com\/?p=58222#primaryimage"},"thumbnailUrl":"https:\/\/kibrisdakik.com\/wp-content\/uploads\/2024\/08\/topu-dilruba-ya-attilar-annenin-isyan-ederek-17771771_2891_amp.jpg","articleSection":["Magazin"],"inLanguage":"tr","potentialAction":[{"@type":"CommentAction","name":"Comment","target":["https:\/\/kibrisdakik.com\/?p=58222#respond"]}]},{"@type":"WebPage","@id":"https:\/\/kibrisdakik.com\/?p=58222","url":"https:\/\/kibrisdakik.com\/?p=58222","name":"Topu Dilruba'ya att\u0131lar! Annenin isyan ederek dile getirdi\u011fi iddiaya yan\u0131t var -","isPartOf":{"@id":"https:\/\/kibrisdakik.com\/#website"},"primaryImageOfPage":{"@id":"https:\/\/kibrisdakik.com\/?p=58222#primaryimage"},"image":{"@id":"https:\/\/kibrisdakik.com\/?p=58222#primaryimage"},"thumbnailUrl":"https:\/\/kibrisdakik.com\/wp-content\/uploads\/2024\/08\/topu-dilruba-ya-attilar-annenin-isyan-ederek-17771771_2891_amp.jpg","datePublished":"2024-08-30T18:25:33+00:00","author":{"@id":"https:\/\/kibrisdakik.com\/#\/schema\/person\/9cd9d437bbb44f72b73ba127e06d8e79"},"breadcrumb":{"@id":"https:\/\/kibrisdakik.com\/?p=58222#breadcrumb"},"inLanguage":"tr","potentialAction":[{"@type":"ReadAction","target":["https:\/\/kibrisdakik.com\/?p=58222"]}]},{"@type":"ImageObject","inLanguage":"tr","@id":"https:\/\/kibrisdakik.com\/?p=58222#primaryimage","url":"https:\/\/kibrisdakik.com\/wp-content\/uploads\/2024\/08\/topu-dilruba-ya-attilar-annenin-isyan-ederek-17771771_2891_amp.jpg","contentUrl":"https:\/\/kibrisdakik.com\/wp-content\/uploads\/2024\/08\/topu-dilruba-ya-attilar-annenin-isyan-ederek-17771771_2891_amp.jpg","width":1202,"height":675},{"@type":"BreadcrumbList","@id":"https:\/\/kibrisdakik.com\/?p=58222#breadcrumb","itemListElement":[{"@type":"ListItem","position":1,"name":"Home","item":"https:\/\/kibrisdakik.com\/"},{"@type":"ListItem","position":2,"name":"Topu Dilruba&#8217;ya att\u0131lar! Annenin isyan ederek dile getirdi\u011fi iddiaya yan\u0131t var"}]},{"@type":"WebSite","@id":"https:\/\/kibrisdakik.com\/#website","url":"https:\/\/kibrisdakik.com\/","name":"","description":"Tam vaktinde haber","potentialAction":[{"@type":"SearchAction","target":{"@type":"EntryPoint","urlTemplate":"https:\/\/kibrisdakik.com\/?s={search_term_string}"},"query-input":{"@type":"PropertyValueSpecification","valueRequired":true,"valueName":"search_term_string"}}],"inLanguage":"tr"},{"@type":"Person","@id":"https:\/\/kibrisdakik.com\/#\/schema\/person\/9cd9d437bbb44f72b73ba127e06d8e79","name":"admin","image":{"@type":"ImageObject","inLanguage":"tr","@id":"https:\/\/secure.gravatar.com\/avatar\/ccc17943b9d660506c869530f897617f7cb1c21a4bf30023f252596d83e1f007?s=96&d=mm&r=g","url":"https:\/\/secure.gravatar.com\/avatar\/ccc17943b9d660506c869530f897617f7cb1c21a4bf30023f252596d83e1f007?s=96&d=mm&r=g","contentUrl":"https:\/\/secure.gravatar.com\/avatar\/ccc17943b9d660506c869530f897617f7cb1c21a4bf30023f252596d83e1f007?s=96&d=mm&r=g","caption":"admin"},"sameAs":["https:\/\/kibrisdakik.com"],"url":"https:\/\/kibrisdakik.com\/?author=1"}]}},"_links":{"self":[{"href":"https:\/\/kibrisdakik.com\/index.php?rest_route=\/wp\/v2\/posts\/58222","targetHints":{"allow":["GET"]}}],"collection":[{"href":"https:\/\/kibrisdakik.com\/index.php?rest_route=\/wp\/v2\/posts"}],"about":[{"href":"https:\/\/kibrisdakik.com\/index.php?rest_route=\/wp\/v2\/types\/post"}],"author":[{"embeddable":true,"href":"https:\/\/kibrisdakik.com\/index.php?rest_route=\/wp\/v2\/users\/1"}],"replies":[{"embeddable":true,"href":"https:\/\/kibrisdakik.com\/index.php?rest_route=%2Fwp%2Fv2%2Fcomments&post=58222"}],"version-history":[{"count":0,"href":"https:\/\/kibrisdakik.com\/index.php?rest_route=\/wp\/v2\/posts\/58222\/revisions"}],"wp:featuredmedia":[{"embeddable":true,"href":"https:\/\/kibrisdakik.com\/index.php?rest_route=\/wp\/v2\/media\/58223"}],"wp:attachment":[{"href":"https:\/\/kibrisdakik.com\/index.php?rest_route=%2Fwp%2Fv2%2Fmedia&parent=58222"}],"wp:term":[{"taxonomy":"category","embeddable":true,"href":"https:\/\/kibrisdakik.com\/index.php?rest_route=%2Fwp%2Fv2%2Fcategories&post=58222"},{"taxonomy":"post_tag","embeddable":true,"href":"https:\/\/kibrisdakik.com\/index.php?rest_route=%2Fwp%2Fv2%2Ftags&post=58222"}],"curies":[{"name":"wp","href":"https:\/\/api.w.org\/{rel}","templated":true}]}}