{"id":5823,"date":"2023-04-27T09:41:01","date_gmt":"2023-04-27T09:41:01","guid":{"rendered":"https:\/\/kibrisdakik.com\/index.php\/2023\/04\/27\/korkmazhan-ara-secimde-bagimsiz-aday\/"},"modified":"2023-04-27T09:41:01","modified_gmt":"2023-04-27T09:41:01","slug":"korkmazhan-ara-secimde-bagimsiz-aday","status":"publish","type":"post","link":"https:\/\/kibrisdakik.com\/?p=5823","title":{"rendered":"Korkmazhan, ara se\u00e7imde ba\u011f\u0131ms\u0131z aday"},"content":{"rendered":"<p><\/p>\n<div>\n<div class=\"mariselle-image-container center\">\n                <img width=\"1314\" height=\"844\" class=\"lazy-image\" alt=\"\" decoding=\"async\" loading=\"lazy\" sizes=\"auto, (max-width: 1314px) 100vw, 1314px\" src=\"https:\/\/brtk.net\/wp-content\/uploads\/2023\/04\/27\/korkmazhan11.jpg?ver=4e568a6505ba0607219af6c65a513159\" srcset=\"https:\/\/brtk.net\/wp-content\/uploads\/2023\/04\/27\/korkmazhan11.jpg?ver=4e568a6505ba0607219af6c65a513159 1314w, https:\/\/brtk.net\/wp-content\/uploads\/2023\/04\/27\/korkmazhan11-300x193.jpg?ver=4e568a6505ba0607219af6c65a513159 300w, https:\/\/brtk.net\/wp-content\/uploads\/2023\/04\/27\/korkmazhan11-1024x658.jpg?ver=4e568a6505ba0607219af6c65a513159 1024w, https:\/\/brtk.net\/wp-content\/uploads\/2023\/04\/27\/korkmazhan11-768x493.jpg?ver=4e568a6505ba0607219af6c65a513159 768w\"\/>                            <\/div>\n<p>Sol Hareket \u00d6rg\u00fct Meclisi, 25 Haziran\u2019da yap\u0131lacak ara se\u00e7imde Genel Sekreter Abdullah Korkmazhan\u2019\u0131 ba\u011f\u0131ms\u0131z milletvekili aday\u0131 g\u00f6sterme karar\u0131 ald\u0131.<\/p>\n<p>Sol Hareket\u2019ten yap\u0131lan a\u00e7\u0131klamada, se\u00e7ime kat\u0131lma gerek\u00e7eleri, izlenecek se\u00e7im kampanyas\u0131n\u0131n detaylar\u0131 ve siyasi manifestonun gelecek g\u00fcnlerde kamuoyuyla payla\u015f\u0131laca\u011f\u0131 belirtildi.<\/p>\n<\/p><\/div>\n<p><script async\n                    defer\n                    crossorigin=\"anonymous\"\n                    src=\"https:\/\/connect.facebook.net\/tr_TR\/sdk.js#xfbml=1&#038;version=v3.3\"\n            ><\/script><\/p>\n","protected":false},"excerpt":{"rendered":"<p>Sol Hareket \u00d6rg\u00fct Meclisi, 25 Haziran\u2019da yap\u0131lacak ara se\u00e7imde Genel Sekreter Abdullah Korkmazhan\u2019\u0131 ba\u011f\u0131ms\u0131z milletvekili aday\u0131 g\u00f6sterme karar\u0131 ald\u0131. Sol Hareket\u2019ten yap\u0131lan a\u00e7\u0131klamada, se\u00e7ime kat\u0131lma gerek\u00e7eleri, izlenecek se\u00e7im kampanyas\u0131n\u0131n detaylar\u0131 ve siyasi manifestonun gelecek g\u00fcnlerde kamuoyuyla payla\u015f\u0131laca\u011f\u0131 belirtildi.<\/p>\n","protected":false},"author":1,"featured_media":5824,"comment_status":"open","ping_status":"open","sticky":false,"template":"","format":"standard","meta":{"footnotes":""},"categories":[1],"tags":[],"class_list":["post-5823","post","type-post","status-publish","format-standard","has-post-thumbnail","hentry","category-gundem"],"yoast_head":"<!-- This site is optimized with the Yoast SEO plugin v27.5 - https:\/\/yoast.com\/product\/yoast-seo-wordpress\/ -->\n<title>Korkmazhan, ara se\u00e7imde ba\u011f\u0131ms\u0131z aday -<\/title>\n<meta name=\"robots\" content=\"index, follow, max-snippet:-1, max-image-preview:large, max-video-preview:-1\" \/>\n<link rel=\"canonical\" href=\"https:\/\/kibrisdakik.com\/?p=5823\" \/>\n<meta property=\"og:locale\" content=\"tr_TR\" \/>\n<meta property=\"og:type\" content=\"article\" \/>\n<meta property=\"og:title\" content=\"Korkmazhan, ara se\u00e7imde ba\u011f\u0131ms\u0131z aday -\" \/>\n<meta property=\"og:description\" content=\"Sol Hareket \u00d6rg\u00fct Meclisi, 25 Haziran\u2019da yap\u0131lacak ara se\u00e7imde Genel Sekreter Abdullah Korkmazhan\u2019\u0131 ba\u011f\u0131ms\u0131z milletvekili aday\u0131 g\u00f6sterme karar\u0131 ald\u0131. Sol Hareket\u2019ten yap\u0131lan a\u00e7\u0131klamada, se\u00e7ime kat\u0131lma gerek\u00e7eleri, izlenecek se\u00e7im kampanyas\u0131n\u0131n detaylar\u0131 ve siyasi manifestonun gelecek g\u00fcnlerde kamuoyuyla payla\u015f\u0131laca\u011f\u0131 belirtildi.\" \/>\n<meta property=\"og:url\" content=\"https:\/\/kibrisdakik.com\/?p=5823\" \/>\n<meta property=\"article:published_time\" content=\"2023-04-27T09:41:01+00:00\" \/>\n<meta property=\"og:image\" content=\"https:\/\/kibrisdakik.com\/wp-content\/uploads\/2023\/04\/korkmazhan11-740x420.jpg\" \/>\n\t<meta property=\"og:image:width\" content=\"1314\" \/>\n\t<meta property=\"og:image:height\" content=\"844\" \/>\n\t<meta property=\"og:image:type\" content=\"image\/jpeg\" \/>\n<meta name=\"author\" content=\"admin\" \/>\n<meta name=\"twitter:card\" content=\"summary_large_image\" \/>\n<meta name=\"twitter:label1\" content=\"Yazan:\" \/>\n\t<meta name=\"twitter:data1\" content=\"admin\" \/>\n<script type=\"application\/ld+json\" class=\"yoast-schema-graph\">{\"@context\":\"https:\\\/\\\/schema.org\",\"@graph\":[{\"@type\":\"Article\",\"@id\":\"https:\\\/\\\/kibrisdakik.com\\\/?p=5823#article\",\"isPartOf\":{\"@id\":\"https:\\\/\\\/kibrisdakik.com\\\/?p=5823\"},\"author\":{\"name\":\"admin\",\"@id\":\"https:\\\/\\\/kibrisdakik.com\\\/#\\\/schema\\\/person\\\/9cd9d437bbb44f72b73ba127e06d8e79\"},\"headline\":\"Korkmazhan, ara se\u00e7imde ba\u011f\u0131ms\u0131z aday\",\"datePublished\":\"2023-04-27T09:41:01+00:00\",\"mainEntityOfPage\":{\"@id\":\"https:\\\/\\\/kibrisdakik.com\\\/?p=5823\"},\"wordCount\":63,\"commentCount\":0,\"image\":{\"@id\":\"https:\\\/\\\/kibrisdakik.com\\\/?p=5823#primaryimage\"},\"thumbnailUrl\":\"https:\\\/\\\/kibrisdakik.com\\\/wp-content\\\/uploads\\\/2023\\\/04\\\/korkmazhan11-740x420.jpg\",\"articleSection\":[\"G\u00fcndem\"],\"inLanguage\":\"tr\",\"potentialAction\":[{\"@type\":\"CommentAction\",\"name\":\"Comment\",\"target\":[\"https:\\\/\\\/kibrisdakik.com\\\/?p=5823#respond\"]}]},{\"@type\":\"WebPage\",\"@id\":\"https:\\\/\\\/kibrisdakik.com\\\/?p=5823\",\"url\":\"https:\\\/\\\/kibrisdakik.com\\\/?p=5823\",\"name\":\"Korkmazhan, ara se\u00e7imde ba\u011f\u0131ms\u0131z aday -\",\"isPartOf\":{\"@id\":\"https:\\\/\\\/kibrisdakik.com\\\/#website\"},\"primaryImageOfPage\":{\"@id\":\"https:\\\/\\\/kibrisdakik.com\\\/?p=5823#primaryimage\"},\"image\":{\"@id\":\"https:\\\/\\\/kibrisdakik.com\\\/?p=5823#primaryimage\"},\"thumbnailUrl\":\"https:\\\/\\\/kibrisdakik.com\\\/wp-content\\\/uploads\\\/2023\\\/04\\\/korkmazhan11-740x420.jpg\",\"datePublished\":\"2023-04-27T09:41:01+00:00\",\"author\":{\"@id\":\"https:\\\/\\\/kibrisdakik.com\\\/#\\\/schema\\\/person\\\/9cd9d437bbb44f72b73ba127e06d8e79\"},\"breadcrumb\":{\"@id\":\"https:\\\/\\\/kibrisdakik.com\\\/?p=5823#breadcrumb\"},\"inLanguage\":\"tr\",\"potentialAction\":[{\"@type\":\"ReadAction\",\"target\":[\"https:\\\/\\\/kibrisdakik.com\\\/?p=5823\"]}]},{\"@type\":\"ImageObject\",\"inLanguage\":\"tr\",\"@id\":\"https:\\\/\\\/kibrisdakik.com\\\/?p=5823#primaryimage\",\"url\":\"https:\\\/\\\/kibrisdakik.com\\\/wp-content\\\/uploads\\\/2023\\\/04\\\/korkmazhan11-740x420.jpg\",\"contentUrl\":\"https:\\\/\\\/kibrisdakik.com\\\/wp-content\\\/uploads\\\/2023\\\/04\\\/korkmazhan11-740x420.jpg\",\"width\":1314,\"height\":844},{\"@type\":\"BreadcrumbList\",\"@id\":\"https:\\\/\\\/kibrisdakik.com\\\/?p=5823#breadcrumb\",\"itemListElement\":[{\"@type\":\"ListItem\",\"position\":1,\"name\":\"Home\",\"item\":\"https:\\\/\\\/kibrisdakik.com\\\/\"},{\"@type\":\"ListItem\",\"position\":2,\"name\":\"Korkmazhan, ara se\u00e7imde ba\u011f\u0131ms\u0131z aday\"}]},{\"@type\":\"WebSite\",\"@id\":\"https:\\\/\\\/kibrisdakik.com\\\/#website\",\"url\":\"https:\\\/\\\/kibrisdakik.com\\\/\",\"name\":\"\",\"description\":\"Tam vaktinde haber\",\"potentialAction\":[{\"@type\":\"SearchAction\",\"target\":{\"@type\":\"EntryPoint\",\"urlTemplate\":\"https:\\\/\\\/kibrisdakik.com\\\/?s={search_term_string}\"},\"query-input\":{\"@type\":\"PropertyValueSpecification\",\"valueRequired\":true,\"valueName\":\"search_term_string\"}}],\"inLanguage\":\"tr\"},{\"@type\":\"Person\",\"@id\":\"https:\\\/\\\/kibrisdakik.com\\\/#\\\/schema\\\/person\\\/9cd9d437bbb44f72b73ba127e06d8e79\",\"name\":\"admin\",\"image\":{\"@type\":\"ImageObject\",\"inLanguage\":\"tr\",\"@id\":\"https:\\\/\\\/secure.gravatar.com\\\/avatar\\\/ccc17943b9d660506c869530f897617f7cb1c21a4bf30023f252596d83e1f007?s=96&d=mm&r=g\",\"url\":\"https:\\\/\\\/secure.gravatar.com\\\/avatar\\\/ccc17943b9d660506c869530f897617f7cb1c21a4bf30023f252596d83e1f007?s=96&d=mm&r=g\",\"contentUrl\":\"https:\\\/\\\/secure.gravatar.com\\\/avatar\\\/ccc17943b9d660506c869530f897617f7cb1c21a4bf30023f252596d83e1f007?s=96&d=mm&r=g\",\"caption\":\"admin\"},\"sameAs\":[\"https:\\\/\\\/kibrisdakik.com\"],\"url\":\"https:\\\/\\\/kibrisdakik.com\\\/?author=1\"}]}<\/script>\n<!-- \/ Yoast SEO plugin. -->","yoast_head_json":{"title":"Korkmazhan, ara se\u00e7imde ba\u011f\u0131ms\u0131z aday -","robots":{"index":"index","follow":"follow","max-snippet":"max-snippet:-1","max-image-preview":"max-image-preview:large","max-video-preview":"max-video-preview:-1"},"canonical":"https:\/\/kibrisdakik.com\/?p=5823","og_locale":"tr_TR","og_type":"article","og_title":"Korkmazhan, ara se\u00e7imde ba\u011f\u0131ms\u0131z aday -","og_description":"Sol Hareket \u00d6rg\u00fct Meclisi, 25 Haziran\u2019da yap\u0131lacak ara se\u00e7imde Genel Sekreter Abdullah Korkmazhan\u2019\u0131 ba\u011f\u0131ms\u0131z milletvekili aday\u0131 g\u00f6sterme karar\u0131 ald\u0131. Sol Hareket\u2019ten yap\u0131lan a\u00e7\u0131klamada, se\u00e7ime kat\u0131lma gerek\u00e7eleri, izlenecek se\u00e7im kampanyas\u0131n\u0131n detaylar\u0131 ve siyasi manifestonun gelecek g\u00fcnlerde kamuoyuyla payla\u015f\u0131laca\u011f\u0131 belirtildi.","og_url":"https:\/\/kibrisdakik.com\/?p=5823","article_published_time":"2023-04-27T09:41:01+00:00","og_image":[{"width":1314,"height":844,"url":"https:\/\/kibrisdakik.com\/wp-content\/uploads\/2023\/04\/korkmazhan11-740x420.jpg","type":"image\/jpeg"}],"author":"admin","twitter_card":"summary_large_image","twitter_misc":{"Yazan:":"admin"},"schema":{"@context":"https:\/\/schema.org","@graph":[{"@type":"Article","@id":"https:\/\/kibrisdakik.com\/?p=5823#article","isPartOf":{"@id":"https:\/\/kibrisdakik.com\/?p=5823"},"author":{"name":"admin","@id":"https:\/\/kibrisdakik.com\/#\/schema\/person\/9cd9d437bbb44f72b73ba127e06d8e79"},"headline":"Korkmazhan, ara se\u00e7imde ba\u011f\u0131ms\u0131z aday","datePublished":"2023-04-27T09:41:01+00:00","mainEntityOfPage":{"@id":"https:\/\/kibrisdakik.com\/?p=5823"},"wordCount":63,"commentCount":0,"image":{"@id":"https:\/\/kibrisdakik.com\/?p=5823#primaryimage"},"thumbnailUrl":"https:\/\/kibrisdakik.com\/wp-content\/uploads\/2023\/04\/korkmazhan11-740x420.jpg","articleSection":["G\u00fcndem"],"inLanguage":"tr","potentialAction":[{"@type":"CommentAction","name":"Comment","target":["https:\/\/kibrisdakik.com\/?p=5823#respond"]}]},{"@type":"WebPage","@id":"https:\/\/kibrisdakik.com\/?p=5823","url":"https:\/\/kibrisdakik.com\/?p=5823","name":"Korkmazhan, ara se\u00e7imde ba\u011f\u0131ms\u0131z aday -","isPartOf":{"@id":"https:\/\/kibrisdakik.com\/#website"},"primaryImageOfPage":{"@id":"https:\/\/kibrisdakik.com\/?p=5823#primaryimage"},"image":{"@id":"https:\/\/kibrisdakik.com\/?p=5823#primaryimage"},"thumbnailUrl":"https:\/\/kibrisdakik.com\/wp-content\/uploads\/2023\/04\/korkmazhan11-740x420.jpg","datePublished":"2023-04-27T09:41:01+00:00","author":{"@id":"https:\/\/kibrisdakik.com\/#\/schema\/person\/9cd9d437bbb44f72b73ba127e06d8e79"},"breadcrumb":{"@id":"https:\/\/kibrisdakik.com\/?p=5823#breadcrumb"},"inLanguage":"tr","potentialAction":[{"@type":"ReadAction","target":["https:\/\/kibrisdakik.com\/?p=5823"]}]},{"@type":"ImageObject","inLanguage":"tr","@id":"https:\/\/kibrisdakik.com\/?p=5823#primaryimage","url":"https:\/\/kibrisdakik.com\/wp-content\/uploads\/2023\/04\/korkmazhan11-740x420.jpg","contentUrl":"https:\/\/kibrisdakik.com\/wp-content\/uploads\/2023\/04\/korkmazhan11-740x420.jpg","width":1314,"height":844},{"@type":"BreadcrumbList","@id":"https:\/\/kibrisdakik.com\/?p=5823#breadcrumb","itemListElement":[{"@type":"ListItem","position":1,"name":"Home","item":"https:\/\/kibrisdakik.com\/"},{"@type":"ListItem","position":2,"name":"Korkmazhan, ara se\u00e7imde ba\u011f\u0131ms\u0131z aday"}]},{"@type":"WebSite","@id":"https:\/\/kibrisdakik.com\/#website","url":"https:\/\/kibrisdakik.com\/","name":"","description":"Tam vaktinde haber","potentialAction":[{"@type":"SearchAction","target":{"@type":"EntryPoint","urlTemplate":"https:\/\/kibrisdakik.com\/?s={search_term_string}"},"query-input":{"@type":"PropertyValueSpecification","valueRequired":true,"valueName":"search_term_string"}}],"inLanguage":"tr"},{"@type":"Person","@id":"https:\/\/kibrisdakik.com\/#\/schema\/person\/9cd9d437bbb44f72b73ba127e06d8e79","name":"admin","image":{"@type":"ImageObject","inLanguage":"tr","@id":"https:\/\/secure.gravatar.com\/avatar\/ccc17943b9d660506c869530f897617f7cb1c21a4bf30023f252596d83e1f007?s=96&d=mm&r=g","url":"https:\/\/secure.gravatar.com\/avatar\/ccc17943b9d660506c869530f897617f7cb1c21a4bf30023f252596d83e1f007?s=96&d=mm&r=g","contentUrl":"https:\/\/secure.gravatar.com\/avatar\/ccc17943b9d660506c869530f897617f7cb1c21a4bf30023f252596d83e1f007?s=96&d=mm&r=g","caption":"admin"},"sameAs":["https:\/\/kibrisdakik.com"],"url":"https:\/\/kibrisdakik.com\/?author=1"}]}},"_links":{"self":[{"href":"https:\/\/kibrisdakik.com\/index.php?rest_route=\/wp\/v2\/posts\/5823","targetHints":{"allow":["GET"]}}],"collection":[{"href":"https:\/\/kibrisdakik.com\/index.php?rest_route=\/wp\/v2\/posts"}],"about":[{"href":"https:\/\/kibrisdakik.com\/index.php?rest_route=\/wp\/v2\/types\/post"}],"author":[{"embeddable":true,"href":"https:\/\/kibrisdakik.com\/index.php?rest_route=\/wp\/v2\/users\/1"}],"replies":[{"embeddable":true,"href":"https:\/\/kibrisdakik.com\/index.php?rest_route=%2Fwp%2Fv2%2Fcomments&post=5823"}],"version-history":[{"count":0,"href":"https:\/\/kibrisdakik.com\/index.php?rest_route=\/wp\/v2\/posts\/5823\/revisions"}],"wp:featuredmedia":[{"embeddable":true,"href":"https:\/\/kibrisdakik.com\/index.php?rest_route=\/wp\/v2\/media\/5824"}],"wp:attachment":[{"href":"https:\/\/kibrisdakik.com\/index.php?rest_route=%2Fwp%2Fv2%2Fmedia&parent=5823"}],"wp:term":[{"taxonomy":"category","embeddable":true,"href":"https:\/\/kibrisdakik.com\/index.php?rest_route=%2Fwp%2Fv2%2Fcategories&post=5823"},{"taxonomy":"post_tag","embeddable":true,"href":"https:\/\/kibrisdakik.com\/index.php?rest_route=%2Fwp%2Fv2%2Ftags&post=5823"}],"curies":[{"name":"wp","href":"https:\/\/api.w.org\/{rel}","templated":true}]}}