{"id":58271,"date":"2024-08-31T08:54:47","date_gmt":"2024-08-31T05:54:47","guid":{"rendered":"https:\/\/kibrisdakik.com\/index.php\/2024\/08\/31\/marmara-universitesi-ogretim-uyesi-dr-alihan-limoncuoglu-orta-doguda-genis-capli-savas-olur-mu-sorusunu-yanitladi\/"},"modified":"2024-08-31T08:54:47","modified_gmt":"2024-08-31T05:54:47","slug":"marmara-universitesi-ogretim-uyesi-dr-alihan-limoncuoglu-orta-doguda-genis-capli-savas-olur-mu-sorusunu-yanitladi","status":"publish","type":"post","link":"https:\/\/kibrisdakik.com\/?p=58271","title":{"rendered":"Marmara \u00dcniversitesi \u00d6\u011fretim \u00dcyesi Dr. Alihan Limoncuo\u011flu, &#8216;Orta Do\u011fu&#8217;da geni\u015f \u00e7apl\u0131 sava\u015f olur mu?&#8217; sorusunu yan\u0131tlad\u0131"},"content":{"rendered":"<p><img decoding=\"async\" src=\"https:\/\/foto.haberler.com\/haber\/2024\/08\/31\/marmara-universitesi-ogretim-uyesi-dr-alihan-17772546_6149_amp.jpg\" \/><\/p>\n<div id=\"\">\n<p> <a class=\"keyword\" href=\"https:\/\/www.haberler.com\/marmara-universitesi\/\" title=\"Marmara \u00dcniversitesi Haberleri, Marmara \u00dcniversitesi Haberi, Marmara \u00dcniversitesi Haber\"><strong>Marmara \u00dcniversitesi<\/strong><\/a> \u00d6\u011fretim \u00dcyesi Dr. Alihan Limoncuo\u011flu Haberler.com st\u00fcdyosunda sunucu Melis Ya\u015far&#8217;\u0131n konu\u011fu oldu. Orta Do\u011fu&#8217;daki geli\u015fmeleri de\u011ferlendiren Limoncuo\u011flu, &#8220;Orta Do\u011fu&#8217;da geni\u015f \u00e7apl\u0131 sava\u015f olur mu?&#8221; sorusunu da yan\u0131tlad\u0131. <\/p>\n<p>Limoncuo\u011flu, s\u00f6zlerini \u015f\u00f6yle s\u00fcrd\u00fcrd\u00fc; <\/p>\n<h3>&#8220;ORTA DO\u011eU&#8217;DA GEN\u0130\u015e \u00c7APLI SAVA\u015e OLMAZ&#8221;<\/h3>\n<p>&#8220;Ben a\u00e7\u0131k\u00e7as\u0131 buna pek ihtimal vermiyorum. Bug\u00fcn T\u00fcrkiye hari\u00e7 Orta Do\u011fu&#8217;daki devletlerin hi\u00e7birinde devlet ba\u015fkanlar\u0131 d\u00fczeyinde bir tepki duyam\u0131yoruz. Hi\u00e7birinin b\u00f6yle bir \u015fey yapmaya cesareti olmayaca\u011f\u0131 anlam\u0131na geliyor. Suudi Arabistan halk\u0131 rahats\u0131z olsa ne olur, olmasa ne olur? G\u00fcn\u00fcm\u00fczde toplumlarda bencil bireycilik var.&#8221;<\/p>\n<h4 id=\"nwsKeywords\"> <a href=\"https:\/\/www.haberler.com\/marmara-universitesi\/\" title=\"Marmara \u00dcniversitesi\" class=\"hbptTag\">Marmara \u00dcniversitesi<\/a>  <a href=\"https:\/\/www.haberler.com\/orta-dogu\/\" title=\"Orta Do\u011fu\" class=\"hbptTag\">Orta Do\u011fu<\/a>  <a href=\"https:\/\/www.haberler.com\/orta-dogu\/\" title=\"Orta Do\u011fu\" class=\"hbptTag\">Orta Do\u011fu<\/a>  <a href=\"https:\/\/www.haberler.com\/turkiye\/\" title=\"T\u00fcrkiye\" class=\"hbptTag\">T\u00fcrkiye<\/a>  <a href=\"https:\/\/www.haberler.com\/alihan\/\" title=\"Alihan\" class=\"hbptTag\">Alihan<\/a>  <a href=\"https:\/\/www.haberler.com\/dunya\/\" title=\"D\u00fcnya\" class=\"hbptTag\">D\u00fcnya<\/a>  <a href=\"https:\/\/www.haberler.com\/dunya\/\" title=\"D\u00fcnya\" class=\"hbptTag\">D\u00fcnya<\/a>  <a href=\"https:\/\/www.haberler.com\/\" title=\"Haberler\" class=\"hbptTag\">Haberler<\/a> <\/h4>\n<\/div>\n","protected":false},"excerpt":{"rendered":"<p>Marmara \u00dcniversitesi \u00d6\u011fretim \u00dcyesi Dr. Alihan Limoncuo\u011flu Haberler.com st\u00fcdyosunda sunucu Melis Ya\u015far&#8217;\u0131n konu\u011fu oldu. Orta Do\u011fu&#8217;daki geli\u015fmeleri de\u011ferlendiren Limoncuo\u011flu, &#8220;Orta Do\u011fu&#8217;da geni\u015f \u00e7apl\u0131 sava\u015f olur mu?&#8221; sorusunu da yan\u0131tlad\u0131. Limoncuo\u011flu, s\u00f6zlerini \u015f\u00f6yle s\u00fcrd\u00fcrd\u00fc; &#8220;ORTA DO\u011eU&#8217;DA GEN\u0130\u015e \u00c7APLI SAVA\u015e OLMAZ&#8221; &#8220;Ben a\u00e7\u0131k\u00e7as\u0131 buna pek ihtimal vermiyorum. Bug\u00fcn T\u00fcrkiye hari\u00e7 Orta Do\u011fu&#8217;daki devletlerin hi\u00e7birinde devlet ba\u015fkanlar\u0131 d\u00fczeyinde<\/p>\n","protected":false},"author":1,"featured_media":58272,"comment_status":"open","ping_status":"open","sticky":false,"template":"","format":"standard","meta":{"footnotes":""},"categories":[83],"tags":[],"class_list":["post-58271","post","type-post","status-publish","format-standard","has-post-thumbnail","hentry","category-magazin"],"yoast_head":"<!-- This site is optimized with the Yoast SEO plugin v27.5 - https:\/\/yoast.com\/product\/yoast-seo-wordpress\/ -->\n<title>Marmara \u00dcniversitesi \u00d6\u011fretim \u00dcyesi Dr. Alihan Limoncuo\u011flu, &#039;Orta Do\u011fu&#039;da geni\u015f \u00e7apl\u0131 sava\u015f olur mu?&#039; sorusunu yan\u0131tlad\u0131 -<\/title>\n<meta name=\"robots\" content=\"index, follow, max-snippet:-1, max-image-preview:large, max-video-preview:-1\" \/>\n<link rel=\"canonical\" href=\"https:\/\/kibrisdakik.com\/?p=58271\" \/>\n<meta property=\"og:locale\" content=\"tr_TR\" \/>\n<meta property=\"og:type\" content=\"article\" \/>\n<meta property=\"og:title\" content=\"Marmara \u00dcniversitesi \u00d6\u011fretim \u00dcyesi Dr. Alihan Limoncuo\u011flu, &#039;Orta Do\u011fu&#039;da geni\u015f \u00e7apl\u0131 sava\u015f olur mu?&#039; sorusunu yan\u0131tlad\u0131 -\" \/>\n<meta property=\"og:description\" content=\"Marmara \u00dcniversitesi \u00d6\u011fretim \u00dcyesi Dr. Alihan Limoncuo\u011flu Haberler.com st\u00fcdyosunda sunucu Melis Ya\u015far&#8217;\u0131n konu\u011fu oldu. Orta Do\u011fu&#8217;daki geli\u015fmeleri de\u011ferlendiren Limoncuo\u011flu, &#8220;Orta Do\u011fu&#8217;da geni\u015f \u00e7apl\u0131 sava\u015f olur mu?&#8221; sorusunu da yan\u0131tlad\u0131. Limoncuo\u011flu, s\u00f6zlerini \u015f\u00f6yle s\u00fcrd\u00fcrd\u00fc; &#8220;ORTA DO\u011eU&#8217;DA GEN\u0130\u015e \u00c7APLI SAVA\u015e OLMAZ&#8221; &#8220;Ben a\u00e7\u0131k\u00e7as\u0131 buna pek ihtimal vermiyorum. Bug\u00fcn T\u00fcrkiye hari\u00e7 Orta Do\u011fu&#8217;daki devletlerin hi\u00e7birinde devlet ba\u015fkanlar\u0131 d\u00fczeyinde\" \/>\n<meta property=\"og:url\" content=\"https:\/\/kibrisdakik.com\/?p=58271\" \/>\n<meta property=\"article:published_time\" content=\"2024-08-31T05:54:47+00:00\" \/>\n<meta property=\"og:image\" content=\"https:\/\/kibrisdakik.com\/wp-content\/uploads\/2024\/08\/marmara-universitesi-ogretim-uyesi-dr-alihan-17772546_6149_amp.jpg\" \/>\n\t<meta property=\"og:image:width\" content=\"1200\" \/>\n\t<meta property=\"og:image:height\" content=\"675\" \/>\n\t<meta property=\"og:image:type\" content=\"image\/jpeg\" \/>\n<meta name=\"author\" content=\"admin\" \/>\n<meta name=\"twitter:card\" content=\"summary_large_image\" \/>\n<meta name=\"twitter:label1\" content=\"Yazan:\" \/>\n\t<meta name=\"twitter:data1\" content=\"admin\" \/>\n\t<meta name=\"twitter:label2\" content=\"Tahmini okuma s\u00fcresi\" \/>\n\t<meta name=\"twitter:data2\" content=\"1 dakika\" \/>\n<script type=\"application\/ld+json\" class=\"yoast-schema-graph\">{\"@context\":\"https:\\\/\\\/schema.org\",\"@graph\":[{\"@type\":\"Article\",\"@id\":\"https:\\\/\\\/kibrisdakik.com\\\/?p=58271#article\",\"isPartOf\":{\"@id\":\"https:\\\/\\\/kibrisdakik.com\\\/?p=58271\"},\"author\":{\"name\":\"admin\",\"@id\":\"https:\\\/\\\/kibrisdakik.com\\\/#\\\/schema\\\/person\\\/9cd9d437bbb44f72b73ba127e06d8e79\"},\"headline\":\"Marmara \u00dcniversitesi \u00d6\u011fretim \u00dcyesi Dr. Alihan Limoncuo\u011flu, &#8216;Orta Do\u011fu&#8217;da geni\u015f \u00e7apl\u0131 sava\u015f olur mu?&#8217; sorusunu yan\u0131tlad\u0131\",\"datePublished\":\"2024-08-31T05:54:47+00:00\",\"mainEntityOfPage\":{\"@id\":\"https:\\\/\\\/kibrisdakik.com\\\/?p=58271\"},\"wordCount\":151,\"commentCount\":0,\"image\":{\"@id\":\"https:\\\/\\\/kibrisdakik.com\\\/?p=58271#primaryimage\"},\"thumbnailUrl\":\"https:\\\/\\\/kibrisdakik.com\\\/wp-content\\\/uploads\\\/2024\\\/08\\\/marmara-universitesi-ogretim-uyesi-dr-alihan-17772546_6149_amp.jpg\",\"articleSection\":[\"Magazin\"],\"inLanguage\":\"tr\",\"potentialAction\":[{\"@type\":\"CommentAction\",\"name\":\"Comment\",\"target\":[\"https:\\\/\\\/kibrisdakik.com\\\/?p=58271#respond\"]}]},{\"@type\":\"WebPage\",\"@id\":\"https:\\\/\\\/kibrisdakik.com\\\/?p=58271\",\"url\":\"https:\\\/\\\/kibrisdakik.com\\\/?p=58271\",\"name\":\"Marmara \u00dcniversitesi \u00d6\u011fretim \u00dcyesi Dr. Alihan Limoncuo\u011flu, 'Orta Do\u011fu'da geni\u015f \u00e7apl\u0131 sava\u015f olur mu?' sorusunu yan\u0131tlad\u0131 -\",\"isPartOf\":{\"@id\":\"https:\\\/\\\/kibrisdakik.com\\\/#website\"},\"primaryImageOfPage\":{\"@id\":\"https:\\\/\\\/kibrisdakik.com\\\/?p=58271#primaryimage\"},\"image\":{\"@id\":\"https:\\\/\\\/kibrisdakik.com\\\/?p=58271#primaryimage\"},\"thumbnailUrl\":\"https:\\\/\\\/kibrisdakik.com\\\/wp-content\\\/uploads\\\/2024\\\/08\\\/marmara-universitesi-ogretim-uyesi-dr-alihan-17772546_6149_amp.jpg\",\"datePublished\":\"2024-08-31T05:54:47+00:00\",\"author\":{\"@id\":\"https:\\\/\\\/kibrisdakik.com\\\/#\\\/schema\\\/person\\\/9cd9d437bbb44f72b73ba127e06d8e79\"},\"breadcrumb\":{\"@id\":\"https:\\\/\\\/kibrisdakik.com\\\/?p=58271#breadcrumb\"},\"inLanguage\":\"tr\",\"potentialAction\":[{\"@type\":\"ReadAction\",\"target\":[\"https:\\\/\\\/kibrisdakik.com\\\/?p=58271\"]}]},{\"@type\":\"ImageObject\",\"inLanguage\":\"tr\",\"@id\":\"https:\\\/\\\/kibrisdakik.com\\\/?p=58271#primaryimage\",\"url\":\"https:\\\/\\\/kibrisdakik.com\\\/wp-content\\\/uploads\\\/2024\\\/08\\\/marmara-universitesi-ogretim-uyesi-dr-alihan-17772546_6149_amp.jpg\",\"contentUrl\":\"https:\\\/\\\/kibrisdakik.com\\\/wp-content\\\/uploads\\\/2024\\\/08\\\/marmara-universitesi-ogretim-uyesi-dr-alihan-17772546_6149_amp.jpg\",\"width\":1200,\"height\":675},{\"@type\":\"BreadcrumbList\",\"@id\":\"https:\\\/\\\/kibrisdakik.com\\\/?p=58271#breadcrumb\",\"itemListElement\":[{\"@type\":\"ListItem\",\"position\":1,\"name\":\"Home\",\"item\":\"https:\\\/\\\/kibrisdakik.com\\\/\"},{\"@type\":\"ListItem\",\"position\":2,\"name\":\"Marmara \u00dcniversitesi \u00d6\u011fretim \u00dcyesi Dr. Alihan Limoncuo\u011flu, &#8216;Orta Do\u011fu&#8217;da geni\u015f \u00e7apl\u0131 sava\u015f olur mu?&#8217; sorusunu yan\u0131tlad\u0131\"}]},{\"@type\":\"WebSite\",\"@id\":\"https:\\\/\\\/kibrisdakik.com\\\/#website\",\"url\":\"https:\\\/\\\/kibrisdakik.com\\\/\",\"name\":\"\",\"description\":\"Tam vaktinde haber\",\"potentialAction\":[{\"@type\":\"SearchAction\",\"target\":{\"@type\":\"EntryPoint\",\"urlTemplate\":\"https:\\\/\\\/kibrisdakik.com\\\/?s={search_term_string}\"},\"query-input\":{\"@type\":\"PropertyValueSpecification\",\"valueRequired\":true,\"valueName\":\"search_term_string\"}}],\"inLanguage\":\"tr\"},{\"@type\":\"Person\",\"@id\":\"https:\\\/\\\/kibrisdakik.com\\\/#\\\/schema\\\/person\\\/9cd9d437bbb44f72b73ba127e06d8e79\",\"name\":\"admin\",\"image\":{\"@type\":\"ImageObject\",\"inLanguage\":\"tr\",\"@id\":\"https:\\\/\\\/secure.gravatar.com\\\/avatar\\\/ccc17943b9d660506c869530f897617f7cb1c21a4bf30023f252596d83e1f007?s=96&d=mm&r=g\",\"url\":\"https:\\\/\\\/secure.gravatar.com\\\/avatar\\\/ccc17943b9d660506c869530f897617f7cb1c21a4bf30023f252596d83e1f007?s=96&d=mm&r=g\",\"contentUrl\":\"https:\\\/\\\/secure.gravatar.com\\\/avatar\\\/ccc17943b9d660506c869530f897617f7cb1c21a4bf30023f252596d83e1f007?s=96&d=mm&r=g\",\"caption\":\"admin\"},\"sameAs\":[\"https:\\\/\\\/kibrisdakik.com\"],\"url\":\"https:\\\/\\\/kibrisdakik.com\\\/?author=1\"}]}<\/script>\n<!-- \/ Yoast SEO plugin. -->","yoast_head_json":{"title":"Marmara \u00dcniversitesi \u00d6\u011fretim \u00dcyesi Dr. Alihan Limoncuo\u011flu, 'Orta Do\u011fu'da geni\u015f \u00e7apl\u0131 sava\u015f olur mu?' sorusunu yan\u0131tlad\u0131 -","robots":{"index":"index","follow":"follow","max-snippet":"max-snippet:-1","max-image-preview":"max-image-preview:large","max-video-preview":"max-video-preview:-1"},"canonical":"https:\/\/kibrisdakik.com\/?p=58271","og_locale":"tr_TR","og_type":"article","og_title":"Marmara \u00dcniversitesi \u00d6\u011fretim \u00dcyesi Dr. Alihan Limoncuo\u011flu, 'Orta Do\u011fu'da geni\u015f \u00e7apl\u0131 sava\u015f olur mu?' sorusunu yan\u0131tlad\u0131 -","og_description":"Marmara \u00dcniversitesi \u00d6\u011fretim \u00dcyesi Dr. Alihan Limoncuo\u011flu Haberler.com st\u00fcdyosunda sunucu Melis Ya\u015far&#8217;\u0131n konu\u011fu oldu. Orta Do\u011fu&#8217;daki geli\u015fmeleri de\u011ferlendiren Limoncuo\u011flu, &#8220;Orta Do\u011fu&#8217;da geni\u015f \u00e7apl\u0131 sava\u015f olur mu?&#8221; sorusunu da yan\u0131tlad\u0131. Limoncuo\u011flu, s\u00f6zlerini \u015f\u00f6yle s\u00fcrd\u00fcrd\u00fc; &#8220;ORTA DO\u011eU&#8217;DA GEN\u0130\u015e \u00c7APLI SAVA\u015e OLMAZ&#8221; &#8220;Ben a\u00e7\u0131k\u00e7as\u0131 buna pek ihtimal vermiyorum. Bug\u00fcn T\u00fcrkiye hari\u00e7 Orta Do\u011fu&#8217;daki devletlerin hi\u00e7birinde devlet ba\u015fkanlar\u0131 d\u00fczeyinde","og_url":"https:\/\/kibrisdakik.com\/?p=58271","article_published_time":"2024-08-31T05:54:47+00:00","og_image":[{"width":1200,"height":675,"url":"https:\/\/kibrisdakik.com\/wp-content\/uploads\/2024\/08\/marmara-universitesi-ogretim-uyesi-dr-alihan-17772546_6149_amp.jpg","type":"image\/jpeg"}],"author":"admin","twitter_card":"summary_large_image","twitter_misc":{"Yazan:":"admin","Tahmini okuma s\u00fcresi":"1 dakika"},"schema":{"@context":"https:\/\/schema.org","@graph":[{"@type":"Article","@id":"https:\/\/kibrisdakik.com\/?p=58271#article","isPartOf":{"@id":"https:\/\/kibrisdakik.com\/?p=58271"},"author":{"name":"admin","@id":"https:\/\/kibrisdakik.com\/#\/schema\/person\/9cd9d437bbb44f72b73ba127e06d8e79"},"headline":"Marmara \u00dcniversitesi \u00d6\u011fretim \u00dcyesi Dr. Alihan Limoncuo\u011flu, &#8216;Orta Do\u011fu&#8217;da geni\u015f \u00e7apl\u0131 sava\u015f olur mu?&#8217; sorusunu yan\u0131tlad\u0131","datePublished":"2024-08-31T05:54:47+00:00","mainEntityOfPage":{"@id":"https:\/\/kibrisdakik.com\/?p=58271"},"wordCount":151,"commentCount":0,"image":{"@id":"https:\/\/kibrisdakik.com\/?p=58271#primaryimage"},"thumbnailUrl":"https:\/\/kibrisdakik.com\/wp-content\/uploads\/2024\/08\/marmara-universitesi-ogretim-uyesi-dr-alihan-17772546_6149_amp.jpg","articleSection":["Magazin"],"inLanguage":"tr","potentialAction":[{"@type":"CommentAction","name":"Comment","target":["https:\/\/kibrisdakik.com\/?p=58271#respond"]}]},{"@type":"WebPage","@id":"https:\/\/kibrisdakik.com\/?p=58271","url":"https:\/\/kibrisdakik.com\/?p=58271","name":"Marmara \u00dcniversitesi \u00d6\u011fretim \u00dcyesi Dr. Alihan Limoncuo\u011flu, 'Orta Do\u011fu'da geni\u015f \u00e7apl\u0131 sava\u015f olur mu?' sorusunu yan\u0131tlad\u0131 -","isPartOf":{"@id":"https:\/\/kibrisdakik.com\/#website"},"primaryImageOfPage":{"@id":"https:\/\/kibrisdakik.com\/?p=58271#primaryimage"},"image":{"@id":"https:\/\/kibrisdakik.com\/?p=58271#primaryimage"},"thumbnailUrl":"https:\/\/kibrisdakik.com\/wp-content\/uploads\/2024\/08\/marmara-universitesi-ogretim-uyesi-dr-alihan-17772546_6149_amp.jpg","datePublished":"2024-08-31T05:54:47+00:00","author":{"@id":"https:\/\/kibrisdakik.com\/#\/schema\/person\/9cd9d437bbb44f72b73ba127e06d8e79"},"breadcrumb":{"@id":"https:\/\/kibrisdakik.com\/?p=58271#breadcrumb"},"inLanguage":"tr","potentialAction":[{"@type":"ReadAction","target":["https:\/\/kibrisdakik.com\/?p=58271"]}]},{"@type":"ImageObject","inLanguage":"tr","@id":"https:\/\/kibrisdakik.com\/?p=58271#primaryimage","url":"https:\/\/kibrisdakik.com\/wp-content\/uploads\/2024\/08\/marmara-universitesi-ogretim-uyesi-dr-alihan-17772546_6149_amp.jpg","contentUrl":"https:\/\/kibrisdakik.com\/wp-content\/uploads\/2024\/08\/marmara-universitesi-ogretim-uyesi-dr-alihan-17772546_6149_amp.jpg","width":1200,"height":675},{"@type":"BreadcrumbList","@id":"https:\/\/kibrisdakik.com\/?p=58271#breadcrumb","itemListElement":[{"@type":"ListItem","position":1,"name":"Home","item":"https:\/\/kibrisdakik.com\/"},{"@type":"ListItem","position":2,"name":"Marmara \u00dcniversitesi \u00d6\u011fretim \u00dcyesi Dr. Alihan Limoncuo\u011flu, &#8216;Orta Do\u011fu&#8217;da geni\u015f \u00e7apl\u0131 sava\u015f olur mu?&#8217; sorusunu yan\u0131tlad\u0131"}]},{"@type":"WebSite","@id":"https:\/\/kibrisdakik.com\/#website","url":"https:\/\/kibrisdakik.com\/","name":"","description":"Tam vaktinde haber","potentialAction":[{"@type":"SearchAction","target":{"@type":"EntryPoint","urlTemplate":"https:\/\/kibrisdakik.com\/?s={search_term_string}"},"query-input":{"@type":"PropertyValueSpecification","valueRequired":true,"valueName":"search_term_string"}}],"inLanguage":"tr"},{"@type":"Person","@id":"https:\/\/kibrisdakik.com\/#\/schema\/person\/9cd9d437bbb44f72b73ba127e06d8e79","name":"admin","image":{"@type":"ImageObject","inLanguage":"tr","@id":"https:\/\/secure.gravatar.com\/avatar\/ccc17943b9d660506c869530f897617f7cb1c21a4bf30023f252596d83e1f007?s=96&d=mm&r=g","url":"https:\/\/secure.gravatar.com\/avatar\/ccc17943b9d660506c869530f897617f7cb1c21a4bf30023f252596d83e1f007?s=96&d=mm&r=g","contentUrl":"https:\/\/secure.gravatar.com\/avatar\/ccc17943b9d660506c869530f897617f7cb1c21a4bf30023f252596d83e1f007?s=96&d=mm&r=g","caption":"admin"},"sameAs":["https:\/\/kibrisdakik.com"],"url":"https:\/\/kibrisdakik.com\/?author=1"}]}},"_links":{"self":[{"href":"https:\/\/kibrisdakik.com\/index.php?rest_route=\/wp\/v2\/posts\/58271","targetHints":{"allow":["GET"]}}],"collection":[{"href":"https:\/\/kibrisdakik.com\/index.php?rest_route=\/wp\/v2\/posts"}],"about":[{"href":"https:\/\/kibrisdakik.com\/index.php?rest_route=\/wp\/v2\/types\/post"}],"author":[{"embeddable":true,"href":"https:\/\/kibrisdakik.com\/index.php?rest_route=\/wp\/v2\/users\/1"}],"replies":[{"embeddable":true,"href":"https:\/\/kibrisdakik.com\/index.php?rest_route=%2Fwp%2Fv2%2Fcomments&post=58271"}],"version-history":[{"count":0,"href":"https:\/\/kibrisdakik.com\/index.php?rest_route=\/wp\/v2\/posts\/58271\/revisions"}],"wp:featuredmedia":[{"embeddable":true,"href":"https:\/\/kibrisdakik.com\/index.php?rest_route=\/wp\/v2\/media\/58272"}],"wp:attachment":[{"href":"https:\/\/kibrisdakik.com\/index.php?rest_route=%2Fwp%2Fv2%2Fmedia&parent=58271"}],"wp:term":[{"taxonomy":"category","embeddable":true,"href":"https:\/\/kibrisdakik.com\/index.php?rest_route=%2Fwp%2Fv2%2Fcategories&post=58271"},{"taxonomy":"post_tag","embeddable":true,"href":"https:\/\/kibrisdakik.com\/index.php?rest_route=%2Fwp%2Fv2%2Ftags&post=58271"}],"curies":[{"name":"wp","href":"https:\/\/api.w.org\/{rel}","templated":true}]}}