{"id":5830,"date":"2023-04-27T10:41:58","date_gmt":"2023-04-27T10:41:58","guid":{"rendered":"https:\/\/kibrisdakik.com\/index.php\/2023\/04\/27\/1-mayis-isci-bayrami-ara-bolgede-duzenlenecek-iki-toplumlu-etkinlikle-kutlanacak\/"},"modified":"2023-04-27T10:41:58","modified_gmt":"2023-04-27T10:41:58","slug":"1-mayis-isci-bayrami-ara-bolgede-duzenlenecek-iki-toplumlu-etkinlikle-kutlanacak","status":"publish","type":"post","link":"https:\/\/kibrisdakik.com\/?p=5830","title":{"rendered":"1 May\u0131s \u0130\u015f\u00e7i Bayram\u0131 ara b\u00f6lgede d\u00fczenlenecek iki toplumlu etkinlikle kutlanacak"},"content":{"rendered":"<p><\/p>\n<div>\n<div class=\"mariselle-image-container center\">\n                <img width=\"2268\" height=\"1512\" class=\"lazy-image\" alt=\"\" decoding=\"async\" loading=\"lazy\" sizes=\"auto, (max-width: 2268px) 100vw, 2268px\" src=\"https:\/\/brtk.net\/wp-content\/uploads\/2023\/04\/27\/asda.jpg?ver=74f2b9e6c619f9e38862e7f505f1cba6\" srcset=\"https:\/\/brtk.net\/wp-content\/uploads\/2023\/04\/27\/asda.jpg?ver=74f2b9e6c619f9e38862e7f505f1cba6 2268w, https:\/\/brtk.net\/wp-content\/uploads\/2023\/04\/27\/asda-300x200.jpg?ver=74f2b9e6c619f9e38862e7f505f1cba6 300w, https:\/\/brtk.net\/wp-content\/uploads\/2023\/04\/27\/asda-1024x683.jpg?ver=74f2b9e6c619f9e38862e7f505f1cba6 1024w, https:\/\/brtk.net\/wp-content\/uploads\/2023\/04\/27\/asda-768x512.jpg?ver=fde745f7810daee8429eaa8e509b75c1 768w, https:\/\/brtk.net\/wp-content\/uploads\/2023\/04\/27\/asda-1536x1024.jpg?ver=fde745f7810daee8429eaa8e509b75c1 1536w, https:\/\/brtk.net\/wp-content\/uploads\/2023\/04\/27\/asda-2048x1365.jpg?ver=0f074a6f835fa265b8a728060e9e9f71 2048w\"\/>                            <\/div>\n<p>1 May\u0131s \u0130\u015f\u00e7i Bayram\u0131 \u201cDayan\u0131\u015fma-Yeniden Birle\u015fme \u2013Sosyal Adalet\u201d slogan\u0131yla ara b\u00f6lgede d\u00fczenlenecek iki toplumlu  etkinlikle kutlanacak. <\/p>\n<p>1May\u0131s Etkinli\u011fi ile ilgili PEO, DEV-\u0130\u015e, KTAMS, KT\u00d6S, KTOE\u00d6S,  BES, KOOP-SEN , DA\u00dc-SEN ara b\u00f6lgedeki Dayan\u0131\u015fma Evi\u2019nde bas\u0131n toplant\u0131s\u0131 d\u00fczenlendi. <\/p>\n<p> Toplant\u0131da ortak a\u00e7\u0131klamay\u0131 DEV-\u0130\u015e Genel Sekreteri Semih Kolozali ve PEO Genel Sekreteri Sotiroulla Charaloumbus  okudu.  <\/p>\n<p>DEV-\u0130\u015e Genel Sekreteri Kolozali, ortak a\u00e7\u0131klamada 1 May\u0131s\u2019\u0131n bu y\u0131l da ara b\u00f6lgede etkinlikle kutlanaca\u011f\u0131na dikkati \u00e7ekerek, artan hayat pahal\u0131l\u0131\u011f\u0131 ve temel ihtiya\u00e7 maddelerinin fiyatlar\u0131n\u0131n s\u00fcrekli artmas\u0131n\u0131n emek\u00e7ilerinin hayat\u0131n\u0131 k\u00f6t\u00fcle\u015ftirdi\u011fine i\u015faret etti. <\/p>\n<p>Kolozali a\u00e7\u0131klamada K\u0131br\u0131s sorununa da de\u011finerek, K\u0131br\u0131s\u2019ta bar\u0131\u015f\u0131n hakim olmas\u0131 ve adan\u0131n yeniden birle\u015fmesi i\u00e7in m\u00fccadeleye devam edeceklerine vurgu yapt\u0131.<\/p>\n<p>Kolozali, \u201c K\u0131br\u0131s sorununun \u00e7\u00f6z\u00fcm\u00fc i\u00e7in g\u00f6r\u00fc\u015fmeler Crans Montana\u2019da kal\u0131nan yerden m\u00fcmk\u00fcn olan en k\u0131sa zamanda yeniden ba\u015flat\u0131lmal\u0131d\u0131r. \u00c7\u00fcnk\u00fc devam eden dura\u011fanl\u0131k, diyalo\u011fun yoklu\u011fu ve yeni  oldubittilere yol a\u00e7\u0131lmas\u0131 \u00fclkemizi nihai taksime do\u011fru g\u00f6t\u00fcrmektedir. \u0130ki lideri art niyetlerden ve gerginli\u011fe yol a\u00e7acak hareketlerden uzak durarak, tek hedefi K\u0131br\u0131s sorununun \u00e7\u00f6\u00fcz\u00fcm\u00fc olacak g\u00f6r\u00fc\u015fme s\u00fcrecini bir an \u00f6nce ba\u015flat\u0131p devam etmeye \u00e7a\u011fr\u0131yoruz. \u201d dedi. <\/p>\n<p>\u0130ki toplumlu etkinlik kapsam\u0131nda 1 May\u0131s Pazartesi g\u00fcn\u00fc saat 17,30\u2019da Ku\u011fulu Parkta toplan\u0131lacak ard\u0131ndan ara b\u00f6lgedeki \u00c7etinkaya sahas\u0131na y\u00fcr\u00fcnecek. Burada d\u00fczenlencek etkinlikte ortak 1 May\u0131s deklerasyonu okunacak ve iki dilde \u015fark\u0131lar seslendirilecek.<\/p>\n<\/p><\/div>\n<p><script async\n                    defer\n                    crossorigin=\"anonymous\"\n                    src=\"https:\/\/connect.facebook.net\/tr_TR\/sdk.js#xfbml=1&#038;version=v3.3\"\n            ><\/script><\/p>\n","protected":false},"excerpt":{"rendered":"<p>1 May\u0131s \u0130\u015f\u00e7i Bayram\u0131 \u201cDayan\u0131\u015fma-Yeniden Birle\u015fme \u2013Sosyal Adalet\u201d slogan\u0131yla ara b\u00f6lgede d\u00fczenlenecek iki toplumlu etkinlikle kutlanacak. 1May\u0131s Etkinli\u011fi ile ilgili PEO, DEV-\u0130\u015e, KTAMS, KT\u00d6S, KTOE\u00d6S, BES, KOOP-SEN , DA\u00dc-SEN ara b\u00f6lgedeki Dayan\u0131\u015fma Evi\u2019nde bas\u0131n toplant\u0131s\u0131 d\u00fczenlendi. Toplant\u0131da ortak a\u00e7\u0131klamay\u0131 DEV-\u0130\u015e Genel Sekreteri Semih Kolozali ve PEO Genel Sekreteri Sotiroulla Charaloumbus okudu. DEV-\u0130\u015e Genel Sekreteri Kolozali,<\/p>\n","protected":false},"author":1,"featured_media":5831,"comment_status":"open","ping_status":"open","sticky":false,"template":"","format":"standard","meta":{"footnotes":""},"categories":[1],"tags":[],"class_list":["post-5830","post","type-post","status-publish","format-standard","has-post-thumbnail","hentry","category-gundem"],"yoast_head":"<!-- This site is optimized with the Yoast SEO plugin v27.5 - https:\/\/yoast.com\/product\/yoast-seo-wordpress\/ -->\n<title>1 May\u0131s \u0130\u015f\u00e7i Bayram\u0131 ara b\u00f6lgede d\u00fczenlenecek iki toplumlu etkinlikle kutlanacak -<\/title>\n<meta name=\"robots\" content=\"index, follow, max-snippet:-1, max-image-preview:large, max-video-preview:-1\" \/>\n<link rel=\"canonical\" href=\"https:\/\/kibrisdakik.com\/?p=5830\" \/>\n<meta property=\"og:locale\" content=\"tr_TR\" \/>\n<meta property=\"og:type\" content=\"article\" \/>\n<meta property=\"og:title\" content=\"1 May\u0131s \u0130\u015f\u00e7i Bayram\u0131 ara b\u00f6lgede d\u00fczenlenecek iki toplumlu etkinlikle kutlanacak -\" \/>\n<meta property=\"og:description\" content=\"1 May\u0131s \u0130\u015f\u00e7i Bayram\u0131 \u201cDayan\u0131\u015fma-Yeniden Birle\u015fme \u2013Sosyal Adalet\u201d slogan\u0131yla ara b\u00f6lgede d\u00fczenlenecek iki toplumlu etkinlikle kutlanacak. 1May\u0131s Etkinli\u011fi ile ilgili PEO, DEV-\u0130\u015e, KTAMS, KT\u00d6S, KTOE\u00d6S, BES, KOOP-SEN , DA\u00dc-SEN ara b\u00f6lgedeki Dayan\u0131\u015fma Evi\u2019nde bas\u0131n toplant\u0131s\u0131 d\u00fczenlendi. Toplant\u0131da ortak a\u00e7\u0131klamay\u0131 DEV-\u0130\u015e Genel Sekreteri Semih Kolozali ve PEO Genel Sekreteri Sotiroulla Charaloumbus okudu. DEV-\u0130\u015e Genel Sekreteri Kolozali,\" \/>\n<meta property=\"og:url\" content=\"https:\/\/kibrisdakik.com\/?p=5830\" \/>\n<meta property=\"article:published_time\" content=\"2023-04-27T10:41:58+00:00\" \/>\n<meta property=\"og:image\" content=\"https:\/\/kibrisdakik.com\/wp-content\/uploads\/2023\/04\/asda-740x420.jpg\" \/>\n\t<meta property=\"og:image:width\" content=\"2268\" \/>\n\t<meta property=\"og:image:height\" content=\"1512\" \/>\n\t<meta property=\"og:image:type\" content=\"image\/jpeg\" \/>\n<meta name=\"author\" content=\"admin\" \/>\n<meta name=\"twitter:card\" content=\"summary_large_image\" \/>\n<meta name=\"twitter:label1\" content=\"Yazan:\" \/>\n\t<meta name=\"twitter:data1\" content=\"admin\" \/>\n\t<meta name=\"twitter:label2\" content=\"Tahmini okuma s\u00fcresi\" \/>\n\t<meta name=\"twitter:data2\" content=\"1 dakika\" \/>\n<script type=\"application\/ld+json\" class=\"yoast-schema-graph\">{\"@context\":\"https:\\\/\\\/schema.org\",\"@graph\":[{\"@type\":\"Article\",\"@id\":\"https:\\\/\\\/kibrisdakik.com\\\/?p=5830#article\",\"isPartOf\":{\"@id\":\"https:\\\/\\\/kibrisdakik.com\\\/?p=5830\"},\"author\":{\"name\":\"admin\",\"@id\":\"https:\\\/\\\/kibrisdakik.com\\\/#\\\/schema\\\/person\\\/9cd9d437bbb44f72b73ba127e06d8e79\"},\"headline\":\"1 May\u0131s \u0130\u015f\u00e7i Bayram\u0131 ara b\u00f6lgede d\u00fczenlenecek iki toplumlu etkinlikle kutlanacak\",\"datePublished\":\"2023-04-27T10:41:58+00:00\",\"mainEntityOfPage\":{\"@id\":\"https:\\\/\\\/kibrisdakik.com\\\/?p=5830\"},\"wordCount\":301,\"commentCount\":0,\"image\":{\"@id\":\"https:\\\/\\\/kibrisdakik.com\\\/?p=5830#primaryimage\"},\"thumbnailUrl\":\"https:\\\/\\\/kibrisdakik.com\\\/wp-content\\\/uploads\\\/2023\\\/04\\\/asda-740x420.jpg\",\"articleSection\":[\"G\u00fcndem\"],\"inLanguage\":\"tr\",\"potentialAction\":[{\"@type\":\"CommentAction\",\"name\":\"Comment\",\"target\":[\"https:\\\/\\\/kibrisdakik.com\\\/?p=5830#respond\"]}]},{\"@type\":\"WebPage\",\"@id\":\"https:\\\/\\\/kibrisdakik.com\\\/?p=5830\",\"url\":\"https:\\\/\\\/kibrisdakik.com\\\/?p=5830\",\"name\":\"1 May\u0131s \u0130\u015f\u00e7i Bayram\u0131 ara b\u00f6lgede d\u00fczenlenecek iki toplumlu etkinlikle kutlanacak -\",\"isPartOf\":{\"@id\":\"https:\\\/\\\/kibrisdakik.com\\\/#website\"},\"primaryImageOfPage\":{\"@id\":\"https:\\\/\\\/kibrisdakik.com\\\/?p=5830#primaryimage\"},\"image\":{\"@id\":\"https:\\\/\\\/kibrisdakik.com\\\/?p=5830#primaryimage\"},\"thumbnailUrl\":\"https:\\\/\\\/kibrisdakik.com\\\/wp-content\\\/uploads\\\/2023\\\/04\\\/asda-740x420.jpg\",\"datePublished\":\"2023-04-27T10:41:58+00:00\",\"author\":{\"@id\":\"https:\\\/\\\/kibrisdakik.com\\\/#\\\/schema\\\/person\\\/9cd9d437bbb44f72b73ba127e06d8e79\"},\"breadcrumb\":{\"@id\":\"https:\\\/\\\/kibrisdakik.com\\\/?p=5830#breadcrumb\"},\"inLanguage\":\"tr\",\"potentialAction\":[{\"@type\":\"ReadAction\",\"target\":[\"https:\\\/\\\/kibrisdakik.com\\\/?p=5830\"]}]},{\"@type\":\"ImageObject\",\"inLanguage\":\"tr\",\"@id\":\"https:\\\/\\\/kibrisdakik.com\\\/?p=5830#primaryimage\",\"url\":\"https:\\\/\\\/kibrisdakik.com\\\/wp-content\\\/uploads\\\/2023\\\/04\\\/asda-740x420.jpg\",\"contentUrl\":\"https:\\\/\\\/kibrisdakik.com\\\/wp-content\\\/uploads\\\/2023\\\/04\\\/asda-740x420.jpg\",\"width\":2268,\"height\":1512},{\"@type\":\"BreadcrumbList\",\"@id\":\"https:\\\/\\\/kibrisdakik.com\\\/?p=5830#breadcrumb\",\"itemListElement\":[{\"@type\":\"ListItem\",\"position\":1,\"name\":\"Home\",\"item\":\"https:\\\/\\\/kibrisdakik.com\\\/\"},{\"@type\":\"ListItem\",\"position\":2,\"name\":\"1 May\u0131s \u0130\u015f\u00e7i Bayram\u0131 ara b\u00f6lgede d\u00fczenlenecek iki toplumlu etkinlikle kutlanacak\"}]},{\"@type\":\"WebSite\",\"@id\":\"https:\\\/\\\/kibrisdakik.com\\\/#website\",\"url\":\"https:\\\/\\\/kibrisdakik.com\\\/\",\"name\":\"\",\"description\":\"Tam vaktinde haber\",\"potentialAction\":[{\"@type\":\"SearchAction\",\"target\":{\"@type\":\"EntryPoint\",\"urlTemplate\":\"https:\\\/\\\/kibrisdakik.com\\\/?s={search_term_string}\"},\"query-input\":{\"@type\":\"PropertyValueSpecification\",\"valueRequired\":true,\"valueName\":\"search_term_string\"}}],\"inLanguage\":\"tr\"},{\"@type\":\"Person\",\"@id\":\"https:\\\/\\\/kibrisdakik.com\\\/#\\\/schema\\\/person\\\/9cd9d437bbb44f72b73ba127e06d8e79\",\"name\":\"admin\",\"image\":{\"@type\":\"ImageObject\",\"inLanguage\":\"tr\",\"@id\":\"https:\\\/\\\/secure.gravatar.com\\\/avatar\\\/ccc17943b9d660506c869530f897617f7cb1c21a4bf30023f252596d83e1f007?s=96&d=mm&r=g\",\"url\":\"https:\\\/\\\/secure.gravatar.com\\\/avatar\\\/ccc17943b9d660506c869530f897617f7cb1c21a4bf30023f252596d83e1f007?s=96&d=mm&r=g\",\"contentUrl\":\"https:\\\/\\\/secure.gravatar.com\\\/avatar\\\/ccc17943b9d660506c869530f897617f7cb1c21a4bf30023f252596d83e1f007?s=96&d=mm&r=g\",\"caption\":\"admin\"},\"sameAs\":[\"https:\\\/\\\/kibrisdakik.com\"],\"url\":\"https:\\\/\\\/kibrisdakik.com\\\/?author=1\"}]}<\/script>\n<!-- \/ Yoast SEO plugin. -->","yoast_head_json":{"title":"1 May\u0131s \u0130\u015f\u00e7i Bayram\u0131 ara b\u00f6lgede d\u00fczenlenecek iki toplumlu etkinlikle kutlanacak -","robots":{"index":"index","follow":"follow","max-snippet":"max-snippet:-1","max-image-preview":"max-image-preview:large","max-video-preview":"max-video-preview:-1"},"canonical":"https:\/\/kibrisdakik.com\/?p=5830","og_locale":"tr_TR","og_type":"article","og_title":"1 May\u0131s \u0130\u015f\u00e7i Bayram\u0131 ara b\u00f6lgede d\u00fczenlenecek iki toplumlu etkinlikle kutlanacak -","og_description":"1 May\u0131s \u0130\u015f\u00e7i Bayram\u0131 \u201cDayan\u0131\u015fma-Yeniden Birle\u015fme \u2013Sosyal Adalet\u201d slogan\u0131yla ara b\u00f6lgede d\u00fczenlenecek iki toplumlu etkinlikle kutlanacak. 1May\u0131s Etkinli\u011fi ile ilgili PEO, DEV-\u0130\u015e, KTAMS, KT\u00d6S, KTOE\u00d6S, BES, KOOP-SEN , DA\u00dc-SEN ara b\u00f6lgedeki Dayan\u0131\u015fma Evi\u2019nde bas\u0131n toplant\u0131s\u0131 d\u00fczenlendi. Toplant\u0131da ortak a\u00e7\u0131klamay\u0131 DEV-\u0130\u015e Genel Sekreteri Semih Kolozali ve PEO Genel Sekreteri Sotiroulla Charaloumbus okudu. DEV-\u0130\u015e Genel Sekreteri Kolozali,","og_url":"https:\/\/kibrisdakik.com\/?p=5830","article_published_time":"2023-04-27T10:41:58+00:00","og_image":[{"width":2268,"height":1512,"url":"https:\/\/kibrisdakik.com\/wp-content\/uploads\/2023\/04\/asda-740x420.jpg","type":"image\/jpeg"}],"author":"admin","twitter_card":"summary_large_image","twitter_misc":{"Yazan:":"admin","Tahmini okuma s\u00fcresi":"1 dakika"},"schema":{"@context":"https:\/\/schema.org","@graph":[{"@type":"Article","@id":"https:\/\/kibrisdakik.com\/?p=5830#article","isPartOf":{"@id":"https:\/\/kibrisdakik.com\/?p=5830"},"author":{"name":"admin","@id":"https:\/\/kibrisdakik.com\/#\/schema\/person\/9cd9d437bbb44f72b73ba127e06d8e79"},"headline":"1 May\u0131s \u0130\u015f\u00e7i Bayram\u0131 ara b\u00f6lgede d\u00fczenlenecek iki toplumlu etkinlikle kutlanacak","datePublished":"2023-04-27T10:41:58+00:00","mainEntityOfPage":{"@id":"https:\/\/kibrisdakik.com\/?p=5830"},"wordCount":301,"commentCount":0,"image":{"@id":"https:\/\/kibrisdakik.com\/?p=5830#primaryimage"},"thumbnailUrl":"https:\/\/kibrisdakik.com\/wp-content\/uploads\/2023\/04\/asda-740x420.jpg","articleSection":["G\u00fcndem"],"inLanguage":"tr","potentialAction":[{"@type":"CommentAction","name":"Comment","target":["https:\/\/kibrisdakik.com\/?p=5830#respond"]}]},{"@type":"WebPage","@id":"https:\/\/kibrisdakik.com\/?p=5830","url":"https:\/\/kibrisdakik.com\/?p=5830","name":"1 May\u0131s \u0130\u015f\u00e7i Bayram\u0131 ara b\u00f6lgede d\u00fczenlenecek iki toplumlu etkinlikle kutlanacak -","isPartOf":{"@id":"https:\/\/kibrisdakik.com\/#website"},"primaryImageOfPage":{"@id":"https:\/\/kibrisdakik.com\/?p=5830#primaryimage"},"image":{"@id":"https:\/\/kibrisdakik.com\/?p=5830#primaryimage"},"thumbnailUrl":"https:\/\/kibrisdakik.com\/wp-content\/uploads\/2023\/04\/asda-740x420.jpg","datePublished":"2023-04-27T10:41:58+00:00","author":{"@id":"https:\/\/kibrisdakik.com\/#\/schema\/person\/9cd9d437bbb44f72b73ba127e06d8e79"},"breadcrumb":{"@id":"https:\/\/kibrisdakik.com\/?p=5830#breadcrumb"},"inLanguage":"tr","potentialAction":[{"@type":"ReadAction","target":["https:\/\/kibrisdakik.com\/?p=5830"]}]},{"@type":"ImageObject","inLanguage":"tr","@id":"https:\/\/kibrisdakik.com\/?p=5830#primaryimage","url":"https:\/\/kibrisdakik.com\/wp-content\/uploads\/2023\/04\/asda-740x420.jpg","contentUrl":"https:\/\/kibrisdakik.com\/wp-content\/uploads\/2023\/04\/asda-740x420.jpg","width":2268,"height":1512},{"@type":"BreadcrumbList","@id":"https:\/\/kibrisdakik.com\/?p=5830#breadcrumb","itemListElement":[{"@type":"ListItem","position":1,"name":"Home","item":"https:\/\/kibrisdakik.com\/"},{"@type":"ListItem","position":2,"name":"1 May\u0131s \u0130\u015f\u00e7i Bayram\u0131 ara b\u00f6lgede d\u00fczenlenecek iki toplumlu etkinlikle kutlanacak"}]},{"@type":"WebSite","@id":"https:\/\/kibrisdakik.com\/#website","url":"https:\/\/kibrisdakik.com\/","name":"","description":"Tam vaktinde haber","potentialAction":[{"@type":"SearchAction","target":{"@type":"EntryPoint","urlTemplate":"https:\/\/kibrisdakik.com\/?s={search_term_string}"},"query-input":{"@type":"PropertyValueSpecification","valueRequired":true,"valueName":"search_term_string"}}],"inLanguage":"tr"},{"@type":"Person","@id":"https:\/\/kibrisdakik.com\/#\/schema\/person\/9cd9d437bbb44f72b73ba127e06d8e79","name":"admin","image":{"@type":"ImageObject","inLanguage":"tr","@id":"https:\/\/secure.gravatar.com\/avatar\/ccc17943b9d660506c869530f897617f7cb1c21a4bf30023f252596d83e1f007?s=96&d=mm&r=g","url":"https:\/\/secure.gravatar.com\/avatar\/ccc17943b9d660506c869530f897617f7cb1c21a4bf30023f252596d83e1f007?s=96&d=mm&r=g","contentUrl":"https:\/\/secure.gravatar.com\/avatar\/ccc17943b9d660506c869530f897617f7cb1c21a4bf30023f252596d83e1f007?s=96&d=mm&r=g","caption":"admin"},"sameAs":["https:\/\/kibrisdakik.com"],"url":"https:\/\/kibrisdakik.com\/?author=1"}]}},"_links":{"self":[{"href":"https:\/\/kibrisdakik.com\/index.php?rest_route=\/wp\/v2\/posts\/5830","targetHints":{"allow":["GET"]}}],"collection":[{"href":"https:\/\/kibrisdakik.com\/index.php?rest_route=\/wp\/v2\/posts"}],"about":[{"href":"https:\/\/kibrisdakik.com\/index.php?rest_route=\/wp\/v2\/types\/post"}],"author":[{"embeddable":true,"href":"https:\/\/kibrisdakik.com\/index.php?rest_route=\/wp\/v2\/users\/1"}],"replies":[{"embeddable":true,"href":"https:\/\/kibrisdakik.com\/index.php?rest_route=%2Fwp%2Fv2%2Fcomments&post=5830"}],"version-history":[{"count":0,"href":"https:\/\/kibrisdakik.com\/index.php?rest_route=\/wp\/v2\/posts\/5830\/revisions"}],"wp:featuredmedia":[{"embeddable":true,"href":"https:\/\/kibrisdakik.com\/index.php?rest_route=\/wp\/v2\/media\/5831"}],"wp:attachment":[{"href":"https:\/\/kibrisdakik.com\/index.php?rest_route=%2Fwp%2Fv2%2Fmedia&parent=5830"}],"wp:term":[{"taxonomy":"category","embeddable":true,"href":"https:\/\/kibrisdakik.com\/index.php?rest_route=%2Fwp%2Fv2%2Fcategories&post=5830"},{"taxonomy":"post_tag","embeddable":true,"href":"https:\/\/kibrisdakik.com\/index.php?rest_route=%2Fwp%2Fv2%2Ftags&post=5830"}],"curies":[{"name":"wp","href":"https:\/\/api.w.org\/{rel}","templated":true}]}}