{"id":58409,"date":"2024-08-31T13:37:25","date_gmt":"2024-08-31T10:37:25","guid":{"rendered":"https:\/\/kibrisdakik.com\/index.php\/2024\/08\/31\/alaykoyde-ikametgahinda-hayatini-kaybeden-suat-gungorun-olum-sebebi-belirlendi\/"},"modified":"2024-08-31T13:37:25","modified_gmt":"2024-08-31T10:37:25","slug":"alaykoyde-ikametgahinda-hayatini-kaybeden-suat-gungorun-olum-sebebi-belirlendi","status":"publish","type":"post","link":"https:\/\/kibrisdakik.com\/?p=58409","title":{"rendered":"Alayk\u00f6y\u2019de ikametgah\u0131nda hayat\u0131n\u0131 kaybeden Suat G\u00fcng\u00f6r\u2019\u00fcn \u00f6l\u00fcm sebebi belirlendi"},"content":{"rendered":"<p><\/p>\n<div>\n<div class=\"mariselle-image-container center\">\n                <img loading=\"lazy\" decoding=\"async\" width=\"223\" height=\"226\" class=\"lazy-image\" alt=\"\" src=\"https:\/\/brtk.net\/wp-content\/uploads\/2024\/08\/31\/polis-son15.jpeg?ver=1f6d135afb91df9c0476706db4cc8749\"\/>                            <\/div>\n<p>Alayk\u00f6y\u2019de ikametgah\u0131nda hayat\u0131n\u0131 kaybeden Suat G\u00fcng\u00f6r\u2019\u00fcn (E-58) \u00f6l\u00fcm sebebinin \u201copera larinks, aterosklerotik ve hipertrofik kalp hastal\u0131\u011f\u0131, yeni ge\u00e7irilmi\u015f myokard infarkt\u00fcs\u00fc, kalp r\u00fcpt\u00fcr\u00fc ve kalp tamponas\u0131\u201d oldu\u011fu tespit edildi. <\/p>\n<p>Polis Bas\u0131n Subayl\u0131\u011f\u0131\u2019ndan verilen bilgiye g\u00f6re, \u00f6nceki g\u00fcn ikametgah\u0131nda ya\u015fam\u0131n\u0131 yitiren G\u00fcng\u00f6r\u2019e \u00f6l\u00fcm sebebinin belirlenmesi i\u00e7in otopsi yap\u0131lm\u0131\u015ft\u0131.<\/p>\n<\/p><\/div>\n<p><script async\n                    defer\n                    crossorigin=\"anonymous\"\n                    src=\"https:\/\/connect.facebook.net\/tr_TR\/sdk.js#xfbml=1&#038;version=v3.3\"\n            ><\/script><\/p>\n","protected":false},"excerpt":{"rendered":"<p>Alayk\u00f6y\u2019de ikametgah\u0131nda hayat\u0131n\u0131 kaybeden Suat G\u00fcng\u00f6r\u2019\u00fcn (E-58) \u00f6l\u00fcm sebebinin \u201copera larinks, aterosklerotik ve hipertrofik kalp hastal\u0131\u011f\u0131, yeni ge\u00e7irilmi\u015f myokard infarkt\u00fcs\u00fc, kalp r\u00fcpt\u00fcr\u00fc ve kalp tamponas\u0131\u201d oldu\u011fu tespit edildi. Polis Bas\u0131n Subayl\u0131\u011f\u0131\u2019ndan verilen bilgiye g\u00f6re, \u00f6nceki g\u00fcn ikametgah\u0131nda ya\u015fam\u0131n\u0131 yitiren G\u00fcng\u00f6r\u2019e \u00f6l\u00fcm sebebinin belirlenmesi i\u00e7in otopsi yap\u0131lm\u0131\u015ft\u0131.<\/p>\n","protected":false},"author":1,"featured_media":50953,"comment_status":"open","ping_status":"open","sticky":false,"template":"","format":"standard","meta":{"footnotes":""},"categories":[1],"tags":[],"class_list":["post-58409","post","type-post","status-publish","format-standard","has-post-thumbnail","hentry","category-gundem"],"yoast_head":"<!-- This site is optimized with the Yoast SEO plugin v27.5 - https:\/\/yoast.com\/product\/yoast-seo-wordpress\/ -->\n<title>Alayk\u00f6y\u2019de ikametgah\u0131nda hayat\u0131n\u0131 kaybeden Suat G\u00fcng\u00f6r\u2019\u00fcn \u00f6l\u00fcm sebebi belirlendi -<\/title>\n<meta name=\"robots\" content=\"index, follow, max-snippet:-1, max-image-preview:large, max-video-preview:-1\" \/>\n<link rel=\"canonical\" href=\"https:\/\/kibrisdakik.com\/?p=58409\" \/>\n<meta property=\"og:locale\" content=\"tr_TR\" \/>\n<meta property=\"og:type\" content=\"article\" \/>\n<meta property=\"og:title\" content=\"Alayk\u00f6y\u2019de ikametgah\u0131nda hayat\u0131n\u0131 kaybeden Suat G\u00fcng\u00f6r\u2019\u00fcn \u00f6l\u00fcm sebebi belirlendi -\" \/>\n<meta property=\"og:description\" content=\"Alayk\u00f6y\u2019de ikametgah\u0131nda hayat\u0131n\u0131 kaybeden Suat G\u00fcng\u00f6r\u2019\u00fcn (E-58) \u00f6l\u00fcm sebebinin \u201copera larinks, aterosklerotik ve hipertrofik kalp hastal\u0131\u011f\u0131, yeni ge\u00e7irilmi\u015f myokard infarkt\u00fcs\u00fc, kalp r\u00fcpt\u00fcr\u00fc ve kalp tamponas\u0131\u201d oldu\u011fu tespit edildi. Polis Bas\u0131n Subayl\u0131\u011f\u0131\u2019ndan verilen bilgiye g\u00f6re, \u00f6nceki g\u00fcn ikametgah\u0131nda ya\u015fam\u0131n\u0131 yitiren G\u00fcng\u00f6r\u2019e \u00f6l\u00fcm sebebinin belirlenmesi i\u00e7in otopsi yap\u0131lm\u0131\u015ft\u0131.\" \/>\n<meta property=\"og:url\" content=\"https:\/\/kibrisdakik.com\/?p=58409\" \/>\n<meta property=\"article:published_time\" content=\"2024-08-31T10:37:25+00:00\" \/>\n<meta property=\"og:image\" content=\"https:\/\/kibrisdakik.com\/wp-content\/uploads\/2024\/07\/renkli-polis.jpg\" \/>\n\t<meta property=\"og:image:width\" content=\"512\" \/>\n\t<meta property=\"og:image:height\" content=\"237\" \/>\n\t<meta property=\"og:image:type\" content=\"image\/jpeg\" \/>\n<meta name=\"author\" content=\"admin\" \/>\n<meta name=\"twitter:card\" content=\"summary_large_image\" \/>\n<meta name=\"twitter:label1\" content=\"Yazan:\" \/>\n\t<meta name=\"twitter:data1\" content=\"admin\" \/>\n<script type=\"application\/ld+json\" class=\"yoast-schema-graph\">{\"@context\":\"https:\\\/\\\/schema.org\",\"@graph\":[{\"@type\":\"Article\",\"@id\":\"https:\\\/\\\/kibrisdakik.com\\\/?p=58409#article\",\"isPartOf\":{\"@id\":\"https:\\\/\\\/kibrisdakik.com\\\/?p=58409\"},\"author\":{\"name\":\"admin\",\"@id\":\"https:\\\/\\\/kibrisdakik.com\\\/#\\\/schema\\\/person\\\/9cd9d437bbb44f72b73ba127e06d8e79\"},\"headline\":\"Alayk\u00f6y\u2019de ikametgah\u0131nda hayat\u0131n\u0131 kaybeden Suat G\u00fcng\u00f6r\u2019\u00fcn \u00f6l\u00fcm sebebi belirlendi\",\"datePublished\":\"2024-08-31T10:37:25+00:00\",\"mainEntityOfPage\":{\"@id\":\"https:\\\/\\\/kibrisdakik.com\\\/?p=58409\"},\"wordCount\":90,\"commentCount\":0,\"image\":{\"@id\":\"https:\\\/\\\/kibrisdakik.com\\\/?p=58409#primaryimage\"},\"thumbnailUrl\":\"https:\\\/\\\/kibrisdakik.com\\\/wp-content\\\/uploads\\\/2024\\\/07\\\/renkli-polis.jpg\",\"articleSection\":[\"G\u00fcndem\"],\"inLanguage\":\"tr\",\"potentialAction\":[{\"@type\":\"CommentAction\",\"name\":\"Comment\",\"target\":[\"https:\\\/\\\/kibrisdakik.com\\\/?p=58409#respond\"]}]},{\"@type\":\"WebPage\",\"@id\":\"https:\\\/\\\/kibrisdakik.com\\\/?p=58409\",\"url\":\"https:\\\/\\\/kibrisdakik.com\\\/?p=58409\",\"name\":\"Alayk\u00f6y\u2019de ikametgah\u0131nda hayat\u0131n\u0131 kaybeden Suat G\u00fcng\u00f6r\u2019\u00fcn \u00f6l\u00fcm sebebi belirlendi -\",\"isPartOf\":{\"@id\":\"https:\\\/\\\/kibrisdakik.com\\\/#website\"},\"primaryImageOfPage\":{\"@id\":\"https:\\\/\\\/kibrisdakik.com\\\/?p=58409#primaryimage\"},\"image\":{\"@id\":\"https:\\\/\\\/kibrisdakik.com\\\/?p=58409#primaryimage\"},\"thumbnailUrl\":\"https:\\\/\\\/kibrisdakik.com\\\/wp-content\\\/uploads\\\/2024\\\/07\\\/renkli-polis.jpg\",\"datePublished\":\"2024-08-31T10:37:25+00:00\",\"author\":{\"@id\":\"https:\\\/\\\/kibrisdakik.com\\\/#\\\/schema\\\/person\\\/9cd9d437bbb44f72b73ba127e06d8e79\"},\"breadcrumb\":{\"@id\":\"https:\\\/\\\/kibrisdakik.com\\\/?p=58409#breadcrumb\"},\"inLanguage\":\"tr\",\"potentialAction\":[{\"@type\":\"ReadAction\",\"target\":[\"https:\\\/\\\/kibrisdakik.com\\\/?p=58409\"]}]},{\"@type\":\"ImageObject\",\"inLanguage\":\"tr\",\"@id\":\"https:\\\/\\\/kibrisdakik.com\\\/?p=58409#primaryimage\",\"url\":\"https:\\\/\\\/kibrisdakik.com\\\/wp-content\\\/uploads\\\/2024\\\/07\\\/renkli-polis.jpg\",\"contentUrl\":\"https:\\\/\\\/kibrisdakik.com\\\/wp-content\\\/uploads\\\/2024\\\/07\\\/renkli-polis.jpg\",\"width\":512,\"height\":237},{\"@type\":\"BreadcrumbList\",\"@id\":\"https:\\\/\\\/kibrisdakik.com\\\/?p=58409#breadcrumb\",\"itemListElement\":[{\"@type\":\"ListItem\",\"position\":1,\"name\":\"Home\",\"item\":\"https:\\\/\\\/kibrisdakik.com\\\/\"},{\"@type\":\"ListItem\",\"position\":2,\"name\":\"Alayk\u00f6y\u2019de ikametgah\u0131nda hayat\u0131n\u0131 kaybeden Suat G\u00fcng\u00f6r\u2019\u00fcn \u00f6l\u00fcm sebebi belirlendi\"}]},{\"@type\":\"WebSite\",\"@id\":\"https:\\\/\\\/kibrisdakik.com\\\/#website\",\"url\":\"https:\\\/\\\/kibrisdakik.com\\\/\",\"name\":\"\",\"description\":\"Tam vaktinde haber\",\"potentialAction\":[{\"@type\":\"SearchAction\",\"target\":{\"@type\":\"EntryPoint\",\"urlTemplate\":\"https:\\\/\\\/kibrisdakik.com\\\/?s={search_term_string}\"},\"query-input\":{\"@type\":\"PropertyValueSpecification\",\"valueRequired\":true,\"valueName\":\"search_term_string\"}}],\"inLanguage\":\"tr\"},{\"@type\":\"Person\",\"@id\":\"https:\\\/\\\/kibrisdakik.com\\\/#\\\/schema\\\/person\\\/9cd9d437bbb44f72b73ba127e06d8e79\",\"name\":\"admin\",\"image\":{\"@type\":\"ImageObject\",\"inLanguage\":\"tr\",\"@id\":\"https:\\\/\\\/secure.gravatar.com\\\/avatar\\\/ccc17943b9d660506c869530f897617f7cb1c21a4bf30023f252596d83e1f007?s=96&d=mm&r=g\",\"url\":\"https:\\\/\\\/secure.gravatar.com\\\/avatar\\\/ccc17943b9d660506c869530f897617f7cb1c21a4bf30023f252596d83e1f007?s=96&d=mm&r=g\",\"contentUrl\":\"https:\\\/\\\/secure.gravatar.com\\\/avatar\\\/ccc17943b9d660506c869530f897617f7cb1c21a4bf30023f252596d83e1f007?s=96&d=mm&r=g\",\"caption\":\"admin\"},\"sameAs\":[\"https:\\\/\\\/kibrisdakik.com\"],\"url\":\"https:\\\/\\\/kibrisdakik.com\\\/?author=1\"}]}<\/script>\n<!-- \/ Yoast SEO plugin. -->","yoast_head_json":{"title":"Alayk\u00f6y\u2019de ikametgah\u0131nda hayat\u0131n\u0131 kaybeden Suat G\u00fcng\u00f6r\u2019\u00fcn \u00f6l\u00fcm sebebi belirlendi -","robots":{"index":"index","follow":"follow","max-snippet":"max-snippet:-1","max-image-preview":"max-image-preview:large","max-video-preview":"max-video-preview:-1"},"canonical":"https:\/\/kibrisdakik.com\/?p=58409","og_locale":"tr_TR","og_type":"article","og_title":"Alayk\u00f6y\u2019de ikametgah\u0131nda hayat\u0131n\u0131 kaybeden Suat G\u00fcng\u00f6r\u2019\u00fcn \u00f6l\u00fcm sebebi belirlendi -","og_description":"Alayk\u00f6y\u2019de ikametgah\u0131nda hayat\u0131n\u0131 kaybeden Suat G\u00fcng\u00f6r\u2019\u00fcn (E-58) \u00f6l\u00fcm sebebinin \u201copera larinks, aterosklerotik ve hipertrofik kalp hastal\u0131\u011f\u0131, yeni ge\u00e7irilmi\u015f myokard infarkt\u00fcs\u00fc, kalp r\u00fcpt\u00fcr\u00fc ve kalp tamponas\u0131\u201d oldu\u011fu tespit edildi. Polis Bas\u0131n Subayl\u0131\u011f\u0131\u2019ndan verilen bilgiye g\u00f6re, \u00f6nceki g\u00fcn ikametgah\u0131nda ya\u015fam\u0131n\u0131 yitiren G\u00fcng\u00f6r\u2019e \u00f6l\u00fcm sebebinin belirlenmesi i\u00e7in otopsi yap\u0131lm\u0131\u015ft\u0131.","og_url":"https:\/\/kibrisdakik.com\/?p=58409","article_published_time":"2024-08-31T10:37:25+00:00","og_image":[{"width":512,"height":237,"url":"https:\/\/kibrisdakik.com\/wp-content\/uploads\/2024\/07\/renkli-polis.jpg","type":"image\/jpeg"}],"author":"admin","twitter_card":"summary_large_image","twitter_misc":{"Yazan:":"admin"},"schema":{"@context":"https:\/\/schema.org","@graph":[{"@type":"Article","@id":"https:\/\/kibrisdakik.com\/?p=58409#article","isPartOf":{"@id":"https:\/\/kibrisdakik.com\/?p=58409"},"author":{"name":"admin","@id":"https:\/\/kibrisdakik.com\/#\/schema\/person\/9cd9d437bbb44f72b73ba127e06d8e79"},"headline":"Alayk\u00f6y\u2019de ikametgah\u0131nda hayat\u0131n\u0131 kaybeden Suat G\u00fcng\u00f6r\u2019\u00fcn \u00f6l\u00fcm sebebi belirlendi","datePublished":"2024-08-31T10:37:25+00:00","mainEntityOfPage":{"@id":"https:\/\/kibrisdakik.com\/?p=58409"},"wordCount":90,"commentCount":0,"image":{"@id":"https:\/\/kibrisdakik.com\/?p=58409#primaryimage"},"thumbnailUrl":"https:\/\/kibrisdakik.com\/wp-content\/uploads\/2024\/07\/renkli-polis.jpg","articleSection":["G\u00fcndem"],"inLanguage":"tr","potentialAction":[{"@type":"CommentAction","name":"Comment","target":["https:\/\/kibrisdakik.com\/?p=58409#respond"]}]},{"@type":"WebPage","@id":"https:\/\/kibrisdakik.com\/?p=58409","url":"https:\/\/kibrisdakik.com\/?p=58409","name":"Alayk\u00f6y\u2019de ikametgah\u0131nda hayat\u0131n\u0131 kaybeden Suat G\u00fcng\u00f6r\u2019\u00fcn \u00f6l\u00fcm sebebi belirlendi -","isPartOf":{"@id":"https:\/\/kibrisdakik.com\/#website"},"primaryImageOfPage":{"@id":"https:\/\/kibrisdakik.com\/?p=58409#primaryimage"},"image":{"@id":"https:\/\/kibrisdakik.com\/?p=58409#primaryimage"},"thumbnailUrl":"https:\/\/kibrisdakik.com\/wp-content\/uploads\/2024\/07\/renkli-polis.jpg","datePublished":"2024-08-31T10:37:25+00:00","author":{"@id":"https:\/\/kibrisdakik.com\/#\/schema\/person\/9cd9d437bbb44f72b73ba127e06d8e79"},"breadcrumb":{"@id":"https:\/\/kibrisdakik.com\/?p=58409#breadcrumb"},"inLanguage":"tr","potentialAction":[{"@type":"ReadAction","target":["https:\/\/kibrisdakik.com\/?p=58409"]}]},{"@type":"ImageObject","inLanguage":"tr","@id":"https:\/\/kibrisdakik.com\/?p=58409#primaryimage","url":"https:\/\/kibrisdakik.com\/wp-content\/uploads\/2024\/07\/renkli-polis.jpg","contentUrl":"https:\/\/kibrisdakik.com\/wp-content\/uploads\/2024\/07\/renkli-polis.jpg","width":512,"height":237},{"@type":"BreadcrumbList","@id":"https:\/\/kibrisdakik.com\/?p=58409#breadcrumb","itemListElement":[{"@type":"ListItem","position":1,"name":"Home","item":"https:\/\/kibrisdakik.com\/"},{"@type":"ListItem","position":2,"name":"Alayk\u00f6y\u2019de ikametgah\u0131nda hayat\u0131n\u0131 kaybeden Suat G\u00fcng\u00f6r\u2019\u00fcn \u00f6l\u00fcm sebebi belirlendi"}]},{"@type":"WebSite","@id":"https:\/\/kibrisdakik.com\/#website","url":"https:\/\/kibrisdakik.com\/","name":"","description":"Tam vaktinde haber","potentialAction":[{"@type":"SearchAction","target":{"@type":"EntryPoint","urlTemplate":"https:\/\/kibrisdakik.com\/?s={search_term_string}"},"query-input":{"@type":"PropertyValueSpecification","valueRequired":true,"valueName":"search_term_string"}}],"inLanguage":"tr"},{"@type":"Person","@id":"https:\/\/kibrisdakik.com\/#\/schema\/person\/9cd9d437bbb44f72b73ba127e06d8e79","name":"admin","image":{"@type":"ImageObject","inLanguage":"tr","@id":"https:\/\/secure.gravatar.com\/avatar\/ccc17943b9d660506c869530f897617f7cb1c21a4bf30023f252596d83e1f007?s=96&d=mm&r=g","url":"https:\/\/secure.gravatar.com\/avatar\/ccc17943b9d660506c869530f897617f7cb1c21a4bf30023f252596d83e1f007?s=96&d=mm&r=g","contentUrl":"https:\/\/secure.gravatar.com\/avatar\/ccc17943b9d660506c869530f897617f7cb1c21a4bf30023f252596d83e1f007?s=96&d=mm&r=g","caption":"admin"},"sameAs":["https:\/\/kibrisdakik.com"],"url":"https:\/\/kibrisdakik.com\/?author=1"}]}},"_links":{"self":[{"href":"https:\/\/kibrisdakik.com\/index.php?rest_route=\/wp\/v2\/posts\/58409","targetHints":{"allow":["GET"]}}],"collection":[{"href":"https:\/\/kibrisdakik.com\/index.php?rest_route=\/wp\/v2\/posts"}],"about":[{"href":"https:\/\/kibrisdakik.com\/index.php?rest_route=\/wp\/v2\/types\/post"}],"author":[{"embeddable":true,"href":"https:\/\/kibrisdakik.com\/index.php?rest_route=\/wp\/v2\/users\/1"}],"replies":[{"embeddable":true,"href":"https:\/\/kibrisdakik.com\/index.php?rest_route=%2Fwp%2Fv2%2Fcomments&post=58409"}],"version-history":[{"count":0,"href":"https:\/\/kibrisdakik.com\/index.php?rest_route=\/wp\/v2\/posts\/58409\/revisions"}],"wp:featuredmedia":[{"embeddable":true,"href":"https:\/\/kibrisdakik.com\/index.php?rest_route=\/wp\/v2\/media\/50953"}],"wp:attachment":[{"href":"https:\/\/kibrisdakik.com\/index.php?rest_route=%2Fwp%2Fv2%2Fmedia&parent=58409"}],"wp:term":[{"taxonomy":"category","embeddable":true,"href":"https:\/\/kibrisdakik.com\/index.php?rest_route=%2Fwp%2Fv2%2Fcategories&post=58409"},{"taxonomy":"post_tag","embeddable":true,"href":"https:\/\/kibrisdakik.com\/index.php?rest_route=%2Fwp%2Fv2%2Ftags&post=58409"}],"curies":[{"name":"wp","href":"https:\/\/api.w.org\/{rel}","templated":true}]}}