{"id":58411,"date":"2024-08-31T17:36:58","date_gmt":"2024-08-31T14:36:58","guid":{"rendered":"https:\/\/kibrisdakik.com\/index.php\/2024\/08\/31\/basbakan-ustel-sayin-akinciya-acil-sifalar-diliyorum\/"},"modified":"2024-08-31T17:36:58","modified_gmt":"2024-08-31T14:36:58","slug":"basbakan-ustel-sayin-akinciya-acil-sifalar-diliyorum","status":"publish","type":"post","link":"https:\/\/kibrisdakik.com\/?p=58411","title":{"rendered":"Ba\u015fbakan \u00dcstel: Say\u0131n Ak\u0131nc\u0131\u2019ya acil \u015fifalar diliyorum"},"content":{"rendered":"<div>\n<div class=\"mariselle-image-container center\">\n                                            <\/div>\n<p>Ba\u015fbakan \u00dcnal \u00dcstel rahats\u0131zlan\u0131p hastaneye kald\u0131r\u0131lan 4. Cumhurba\u015fkan\u0131 Mustafa Ak\u0131nc\u0131\u2019ya  sosyal medya hesab\u0131ndan ge\u00e7mi\u015f olsun mesaj\u0131 yay\u0131mlad\u0131.<\/p>\n<p>Ba\u015fbakan \u00dcstel mesaj\u0131nda \u201cKuzey K\u0131br\u0131s T\u00fcrk Cumhuriyeti\u2019nin 4. Cumhurba\u015fkan\u0131 Say\u0131n Mustafa Ak\u0131nc\u0131\u2019ya ge\u00e7irmi\u015f oldu\u011fu ani rahats\u0131zl\u0131k nedeniyle ge\u00e7mi\u015f olsun dileklerimi sunuyorum.<br \/>Konu bilgime gelir gelmez, Say\u0131n 4. Cumhurba\u015fkan\u0131\u2019n\u0131n sa\u011fl\u0131k durumunu Sa\u011fl\u0131k Bakan\u0131m\u0131z arac\u0131l\u0131\u011f\u0131 ile takibe devam ediyorum.<br \/>Say\u0131n 4. Cumhurba\u015fkan\u0131\u2019n\u0131n en erken s\u00fcrede sa\u011fl\u0131\u011f\u0131na yeniden kavu\u015faca\u011f\u0131na duydu\u011fum inan\u00e7la,  kendisine bir kez daha ge\u00e7mi\u015f olsun dileklerimi sunuyor acil \u015fifalar diliyorum.\u201d dedi.<\/p>\n<\/p><\/div>\n<p><script async\n                    defer\n                    crossorigin=\"anonymous\"\n                    src=\"https:\/\/connect.facebook.net\/tr_TR\/sdk.js#xfbml=1&#038;version=v3.3\"\n            ><\/script><\/p>\n","protected":false},"excerpt":{"rendered":"<p>Ba\u015fbakan \u00dcnal \u00dcstel rahats\u0131zlan\u0131p hastaneye kald\u0131r\u0131lan 4. Cumhurba\u015fkan\u0131 Mustafa Ak\u0131nc\u0131\u2019ya sosyal medya hesab\u0131ndan ge\u00e7mi\u015f olsun mesaj\u0131 yay\u0131mlad\u0131. Ba\u015fbakan \u00dcstel mesaj\u0131nda \u201cKuzey K\u0131br\u0131s T\u00fcrk Cumhuriyeti\u2019nin 4. Cumhurba\u015fkan\u0131 Say\u0131n Mustafa Ak\u0131nc\u0131\u2019ya ge\u00e7irmi\u015f oldu\u011fu ani rahats\u0131zl\u0131k nedeniyle ge\u00e7mi\u015f olsun dileklerimi sunuyorum.Konu bilgime gelir gelmez, Say\u0131n 4. Cumhurba\u015fkan\u0131\u2019n\u0131n sa\u011fl\u0131k durumunu Sa\u011fl\u0131k Bakan\u0131m\u0131z arac\u0131l\u0131\u011f\u0131 ile takibe devam ediyorum.Say\u0131n 4. Cumhurba\u015fkan\u0131\u2019n\u0131n<\/p>\n","protected":false},"author":1,"featured_media":58412,"comment_status":"open","ping_status":"open","sticky":false,"template":"","format":"standard","meta":{"footnotes":""},"categories":[81],"tags":[],"class_list":["post-58411","post","type-post","status-publish","format-standard","has-post-thumbnail","hentry","category-kibris"],"yoast_head":"<!-- This site is optimized with the Yoast SEO plugin v27.4 - https:\/\/yoast.com\/product\/yoast-seo-wordpress\/ -->\n<title>Ba\u015fbakan \u00dcstel: Say\u0131n Ak\u0131nc\u0131\u2019ya acil \u015fifalar diliyorum -<\/title>\n<meta name=\"robots\" content=\"index, follow, max-snippet:-1, max-image-preview:large, max-video-preview:-1\" \/>\n<link rel=\"canonical\" href=\"https:\/\/kibrisdakik.com\/?p=58411\" \/>\n<meta property=\"og:locale\" content=\"tr_TR\" \/>\n<meta property=\"og:type\" content=\"article\" \/>\n<meta property=\"og:title\" content=\"Ba\u015fbakan \u00dcstel: Say\u0131n Ak\u0131nc\u0131\u2019ya acil \u015fifalar diliyorum -\" \/>\n<meta property=\"og:description\" content=\"Ba\u015fbakan \u00dcnal \u00dcstel rahats\u0131zlan\u0131p hastaneye kald\u0131r\u0131lan 4. Cumhurba\u015fkan\u0131 Mustafa Ak\u0131nc\u0131\u2019ya sosyal medya hesab\u0131ndan ge\u00e7mi\u015f olsun mesaj\u0131 yay\u0131mlad\u0131. Ba\u015fbakan \u00dcstel mesaj\u0131nda \u201cKuzey K\u0131br\u0131s T\u00fcrk Cumhuriyeti\u2019nin 4. Cumhurba\u015fkan\u0131 Say\u0131n Mustafa Ak\u0131nc\u0131\u2019ya ge\u00e7irmi\u015f oldu\u011fu ani rahats\u0131zl\u0131k nedeniyle ge\u00e7mi\u015f olsun dileklerimi sunuyorum.Konu bilgime gelir gelmez, Say\u0131n 4. Cumhurba\u015fkan\u0131\u2019n\u0131n sa\u011fl\u0131k durumunu Sa\u011fl\u0131k Bakan\u0131m\u0131z arac\u0131l\u0131\u011f\u0131 ile takibe devam ediyorum.Say\u0131n 4. Cumhurba\u015fkan\u0131\u2019n\u0131n\" \/>\n<meta property=\"og:url\" content=\"https:\/\/kibrisdakik.com\/?p=58411\" \/>\n<meta property=\"article:published_time\" content=\"2024-08-31T14:36:58+00:00\" \/>\n<meta property=\"og:image\" content=\"https:\/\/kibrisdakik.com\/wp-content\/uploads\/2024\/08\/basbakan-unal-ustel-aciklama-740x420.jpg\" \/>\n\t<meta property=\"og:image:width\" content=\"1080\" \/>\n\t<meta property=\"og:image:height\" content=\"894\" \/>\n\t<meta property=\"og:image:type\" content=\"image\/jpeg\" \/>\n<meta name=\"author\" content=\"admin\" \/>\n<meta name=\"twitter:card\" content=\"summary_large_image\" \/>\n<meta name=\"twitter:label1\" content=\"Yazan:\" \/>\n\t<meta name=\"twitter:data1\" content=\"admin\" \/>\n\t<meta name=\"twitter:label2\" content=\"Tahmini okuma s\u00fcresi\" \/>\n\t<meta name=\"twitter:data2\" content=\"1 dakika\" \/>\n<script type=\"application\/ld+json\" class=\"yoast-schema-graph\">{\"@context\":\"https:\\\/\\\/schema.org\",\"@graph\":[{\"@type\":\"Article\",\"@id\":\"https:\\\/\\\/kibrisdakik.com\\\/?p=58411#article\",\"isPartOf\":{\"@id\":\"https:\\\/\\\/kibrisdakik.com\\\/?p=58411\"},\"author\":{\"name\":\"admin\",\"@id\":\"https:\\\/\\\/kibrisdakik.com\\\/#\\\/schema\\\/person\\\/9cd9d437bbb44f72b73ba127e06d8e79\"},\"headline\":\"Ba\u015fbakan \u00dcstel: Say\u0131n Ak\u0131nc\u0131\u2019ya acil \u015fifalar diliyorum\",\"datePublished\":\"2024-08-31T14:36:58+00:00\",\"mainEntityOfPage\":{\"@id\":\"https:\\\/\\\/kibrisdakik.com\\\/?p=58411\"},\"wordCount\":133,\"commentCount\":0,\"image\":{\"@id\":\"https:\\\/\\\/kibrisdakik.com\\\/?p=58411#primaryimage\"},\"thumbnailUrl\":\"https:\\\/\\\/kibrisdakik.com\\\/wp-content\\\/uploads\\\/2024\\\/08\\\/basbakan-unal-ustel-aciklama-740x420.jpg\",\"articleSection\":[\"K\u0131br\u0131s\"],\"inLanguage\":\"tr\",\"potentialAction\":[{\"@type\":\"CommentAction\",\"name\":\"Comment\",\"target\":[\"https:\\\/\\\/kibrisdakik.com\\\/?p=58411#respond\"]}]},{\"@type\":\"WebPage\",\"@id\":\"https:\\\/\\\/kibrisdakik.com\\\/?p=58411\",\"url\":\"https:\\\/\\\/kibrisdakik.com\\\/?p=58411\",\"name\":\"Ba\u015fbakan \u00dcstel: Say\u0131n Ak\u0131nc\u0131\u2019ya acil \u015fifalar diliyorum -\",\"isPartOf\":{\"@id\":\"https:\\\/\\\/kibrisdakik.com\\\/#website\"},\"primaryImageOfPage\":{\"@id\":\"https:\\\/\\\/kibrisdakik.com\\\/?p=58411#primaryimage\"},\"image\":{\"@id\":\"https:\\\/\\\/kibrisdakik.com\\\/?p=58411#primaryimage\"},\"thumbnailUrl\":\"https:\\\/\\\/kibrisdakik.com\\\/wp-content\\\/uploads\\\/2024\\\/08\\\/basbakan-unal-ustel-aciklama-740x420.jpg\",\"datePublished\":\"2024-08-31T14:36:58+00:00\",\"author\":{\"@id\":\"https:\\\/\\\/kibrisdakik.com\\\/#\\\/schema\\\/person\\\/9cd9d437bbb44f72b73ba127e06d8e79\"},\"breadcrumb\":{\"@id\":\"https:\\\/\\\/kibrisdakik.com\\\/?p=58411#breadcrumb\"},\"inLanguage\":\"tr\",\"potentialAction\":[{\"@type\":\"ReadAction\",\"target\":[\"https:\\\/\\\/kibrisdakik.com\\\/?p=58411\"]}]},{\"@type\":\"ImageObject\",\"inLanguage\":\"tr\",\"@id\":\"https:\\\/\\\/kibrisdakik.com\\\/?p=58411#primaryimage\",\"url\":\"https:\\\/\\\/kibrisdakik.com\\\/wp-content\\\/uploads\\\/2024\\\/08\\\/basbakan-unal-ustel-aciklama-740x420.jpg\",\"contentUrl\":\"https:\\\/\\\/kibrisdakik.com\\\/wp-content\\\/uploads\\\/2024\\\/08\\\/basbakan-unal-ustel-aciklama-740x420.jpg\",\"width\":1080,\"height\":894},{\"@type\":\"BreadcrumbList\",\"@id\":\"https:\\\/\\\/kibrisdakik.com\\\/?p=58411#breadcrumb\",\"itemListElement\":[{\"@type\":\"ListItem\",\"position\":1,\"name\":\"Home\",\"item\":\"https:\\\/\\\/kibrisdakik.com\\\/\"},{\"@type\":\"ListItem\",\"position\":2,\"name\":\"Ba\u015fbakan \u00dcstel: Say\u0131n Ak\u0131nc\u0131\u2019ya acil \u015fifalar diliyorum\"}]},{\"@type\":\"WebSite\",\"@id\":\"https:\\\/\\\/kibrisdakik.com\\\/#website\",\"url\":\"https:\\\/\\\/kibrisdakik.com\\\/\",\"name\":\"\",\"description\":\"Tam vaktinde haber\",\"potentialAction\":[{\"@type\":\"SearchAction\",\"target\":{\"@type\":\"EntryPoint\",\"urlTemplate\":\"https:\\\/\\\/kibrisdakik.com\\\/?s={search_term_string}\"},\"query-input\":{\"@type\":\"PropertyValueSpecification\",\"valueRequired\":true,\"valueName\":\"search_term_string\"}}],\"inLanguage\":\"tr\"},{\"@type\":\"Person\",\"@id\":\"https:\\\/\\\/kibrisdakik.com\\\/#\\\/schema\\\/person\\\/9cd9d437bbb44f72b73ba127e06d8e79\",\"name\":\"admin\",\"image\":{\"@type\":\"ImageObject\",\"inLanguage\":\"tr\",\"@id\":\"https:\\\/\\\/secure.gravatar.com\\\/avatar\\\/ccc17943b9d660506c869530f897617f7cb1c21a4bf30023f252596d83e1f007?s=96&d=mm&r=g\",\"url\":\"https:\\\/\\\/secure.gravatar.com\\\/avatar\\\/ccc17943b9d660506c869530f897617f7cb1c21a4bf30023f252596d83e1f007?s=96&d=mm&r=g\",\"contentUrl\":\"https:\\\/\\\/secure.gravatar.com\\\/avatar\\\/ccc17943b9d660506c869530f897617f7cb1c21a4bf30023f252596d83e1f007?s=96&d=mm&r=g\",\"caption\":\"admin\"},\"sameAs\":[\"https:\\\/\\\/kibrisdakik.com\"],\"url\":\"https:\\\/\\\/kibrisdakik.com\\\/?author=1\"}]}<\/script>\n<!-- \/ Yoast SEO plugin. -->","yoast_head_json":{"title":"Ba\u015fbakan \u00dcstel: Say\u0131n Ak\u0131nc\u0131\u2019ya acil \u015fifalar diliyorum -","robots":{"index":"index","follow":"follow","max-snippet":"max-snippet:-1","max-image-preview":"max-image-preview:large","max-video-preview":"max-video-preview:-1"},"canonical":"https:\/\/kibrisdakik.com\/?p=58411","og_locale":"tr_TR","og_type":"article","og_title":"Ba\u015fbakan \u00dcstel: Say\u0131n Ak\u0131nc\u0131\u2019ya acil \u015fifalar diliyorum -","og_description":"Ba\u015fbakan \u00dcnal \u00dcstel rahats\u0131zlan\u0131p hastaneye kald\u0131r\u0131lan 4. Cumhurba\u015fkan\u0131 Mustafa Ak\u0131nc\u0131\u2019ya sosyal medya hesab\u0131ndan ge\u00e7mi\u015f olsun mesaj\u0131 yay\u0131mlad\u0131. Ba\u015fbakan \u00dcstel mesaj\u0131nda \u201cKuzey K\u0131br\u0131s T\u00fcrk Cumhuriyeti\u2019nin 4. Cumhurba\u015fkan\u0131 Say\u0131n Mustafa Ak\u0131nc\u0131\u2019ya ge\u00e7irmi\u015f oldu\u011fu ani rahats\u0131zl\u0131k nedeniyle ge\u00e7mi\u015f olsun dileklerimi sunuyorum.Konu bilgime gelir gelmez, Say\u0131n 4. Cumhurba\u015fkan\u0131\u2019n\u0131n sa\u011fl\u0131k durumunu Sa\u011fl\u0131k Bakan\u0131m\u0131z arac\u0131l\u0131\u011f\u0131 ile takibe devam ediyorum.Say\u0131n 4. Cumhurba\u015fkan\u0131\u2019n\u0131n","og_url":"https:\/\/kibrisdakik.com\/?p=58411","article_published_time":"2024-08-31T14:36:58+00:00","og_image":[{"width":1080,"height":894,"url":"https:\/\/kibrisdakik.com\/wp-content\/uploads\/2024\/08\/basbakan-unal-ustel-aciklama-740x420.jpg","type":"image\/jpeg"}],"author":"admin","twitter_card":"summary_large_image","twitter_misc":{"Yazan:":"admin","Tahmini okuma s\u00fcresi":"1 dakika"},"schema":{"@context":"https:\/\/schema.org","@graph":[{"@type":"Article","@id":"https:\/\/kibrisdakik.com\/?p=58411#article","isPartOf":{"@id":"https:\/\/kibrisdakik.com\/?p=58411"},"author":{"name":"admin","@id":"https:\/\/kibrisdakik.com\/#\/schema\/person\/9cd9d437bbb44f72b73ba127e06d8e79"},"headline":"Ba\u015fbakan \u00dcstel: Say\u0131n Ak\u0131nc\u0131\u2019ya acil \u015fifalar diliyorum","datePublished":"2024-08-31T14:36:58+00:00","mainEntityOfPage":{"@id":"https:\/\/kibrisdakik.com\/?p=58411"},"wordCount":133,"commentCount":0,"image":{"@id":"https:\/\/kibrisdakik.com\/?p=58411#primaryimage"},"thumbnailUrl":"https:\/\/kibrisdakik.com\/wp-content\/uploads\/2024\/08\/basbakan-unal-ustel-aciklama-740x420.jpg","articleSection":["K\u0131br\u0131s"],"inLanguage":"tr","potentialAction":[{"@type":"CommentAction","name":"Comment","target":["https:\/\/kibrisdakik.com\/?p=58411#respond"]}]},{"@type":"WebPage","@id":"https:\/\/kibrisdakik.com\/?p=58411","url":"https:\/\/kibrisdakik.com\/?p=58411","name":"Ba\u015fbakan \u00dcstel: Say\u0131n Ak\u0131nc\u0131\u2019ya acil \u015fifalar diliyorum -","isPartOf":{"@id":"https:\/\/kibrisdakik.com\/#website"},"primaryImageOfPage":{"@id":"https:\/\/kibrisdakik.com\/?p=58411#primaryimage"},"image":{"@id":"https:\/\/kibrisdakik.com\/?p=58411#primaryimage"},"thumbnailUrl":"https:\/\/kibrisdakik.com\/wp-content\/uploads\/2024\/08\/basbakan-unal-ustel-aciklama-740x420.jpg","datePublished":"2024-08-31T14:36:58+00:00","author":{"@id":"https:\/\/kibrisdakik.com\/#\/schema\/person\/9cd9d437bbb44f72b73ba127e06d8e79"},"breadcrumb":{"@id":"https:\/\/kibrisdakik.com\/?p=58411#breadcrumb"},"inLanguage":"tr","potentialAction":[{"@type":"ReadAction","target":["https:\/\/kibrisdakik.com\/?p=58411"]}]},{"@type":"ImageObject","inLanguage":"tr","@id":"https:\/\/kibrisdakik.com\/?p=58411#primaryimage","url":"https:\/\/kibrisdakik.com\/wp-content\/uploads\/2024\/08\/basbakan-unal-ustel-aciklama-740x420.jpg","contentUrl":"https:\/\/kibrisdakik.com\/wp-content\/uploads\/2024\/08\/basbakan-unal-ustel-aciklama-740x420.jpg","width":1080,"height":894},{"@type":"BreadcrumbList","@id":"https:\/\/kibrisdakik.com\/?p=58411#breadcrumb","itemListElement":[{"@type":"ListItem","position":1,"name":"Home","item":"https:\/\/kibrisdakik.com\/"},{"@type":"ListItem","position":2,"name":"Ba\u015fbakan \u00dcstel: Say\u0131n Ak\u0131nc\u0131\u2019ya acil \u015fifalar diliyorum"}]},{"@type":"WebSite","@id":"https:\/\/kibrisdakik.com\/#website","url":"https:\/\/kibrisdakik.com\/","name":"","description":"Tam vaktinde haber","potentialAction":[{"@type":"SearchAction","target":{"@type":"EntryPoint","urlTemplate":"https:\/\/kibrisdakik.com\/?s={search_term_string}"},"query-input":{"@type":"PropertyValueSpecification","valueRequired":true,"valueName":"search_term_string"}}],"inLanguage":"tr"},{"@type":"Person","@id":"https:\/\/kibrisdakik.com\/#\/schema\/person\/9cd9d437bbb44f72b73ba127e06d8e79","name":"admin","image":{"@type":"ImageObject","inLanguage":"tr","@id":"https:\/\/secure.gravatar.com\/avatar\/ccc17943b9d660506c869530f897617f7cb1c21a4bf30023f252596d83e1f007?s=96&d=mm&r=g","url":"https:\/\/secure.gravatar.com\/avatar\/ccc17943b9d660506c869530f897617f7cb1c21a4bf30023f252596d83e1f007?s=96&d=mm&r=g","contentUrl":"https:\/\/secure.gravatar.com\/avatar\/ccc17943b9d660506c869530f897617f7cb1c21a4bf30023f252596d83e1f007?s=96&d=mm&r=g","caption":"admin"},"sameAs":["https:\/\/kibrisdakik.com"],"url":"https:\/\/kibrisdakik.com\/?author=1"}]}},"_links":{"self":[{"href":"https:\/\/kibrisdakik.com\/index.php?rest_route=\/wp\/v2\/posts\/58411","targetHints":{"allow":["GET"]}}],"collection":[{"href":"https:\/\/kibrisdakik.com\/index.php?rest_route=\/wp\/v2\/posts"}],"about":[{"href":"https:\/\/kibrisdakik.com\/index.php?rest_route=\/wp\/v2\/types\/post"}],"author":[{"embeddable":true,"href":"https:\/\/kibrisdakik.com\/index.php?rest_route=\/wp\/v2\/users\/1"}],"replies":[{"embeddable":true,"href":"https:\/\/kibrisdakik.com\/index.php?rest_route=%2Fwp%2Fv2%2Fcomments&post=58411"}],"version-history":[{"count":0,"href":"https:\/\/kibrisdakik.com\/index.php?rest_route=\/wp\/v2\/posts\/58411\/revisions"}],"wp:featuredmedia":[{"embeddable":true,"href":"https:\/\/kibrisdakik.com\/index.php?rest_route=\/wp\/v2\/media\/58412"}],"wp:attachment":[{"href":"https:\/\/kibrisdakik.com\/index.php?rest_route=%2Fwp%2Fv2%2Fmedia&parent=58411"}],"wp:term":[{"taxonomy":"category","embeddable":true,"href":"https:\/\/kibrisdakik.com\/index.php?rest_route=%2Fwp%2Fv2%2Fcategories&post=58411"},{"taxonomy":"post_tag","embeddable":true,"href":"https:\/\/kibrisdakik.com\/index.php?rest_route=%2Fwp%2Fv2%2Ftags&post=58411"}],"curies":[{"name":"wp","href":"https:\/\/api.w.org\/{rel}","templated":true}]}}