{"id":5848,"date":"2023-04-27T12:46:38","date_gmt":"2023-04-27T12:46:38","guid":{"rendered":"https:\/\/kibrisdakik.com\/index.php\/2023\/04\/27\/cumhuriyet-meclisi-baskani-tore-anitkabiri-ziyaret-etti\/"},"modified":"2023-04-27T12:46:38","modified_gmt":"2023-04-27T12:46:38","slug":"cumhuriyet-meclisi-baskani-tore-anitkabiri-ziyaret-etti","status":"publish","type":"post","link":"https:\/\/kibrisdakik.com\/?p=5848","title":{"rendered":"Cumhuriyet Meclisi Ba\u015fkan\u0131 T\u00f6re, An\u0131tkabir\u2019i ziyaret etti"},"content":{"rendered":"<p><\/p>\n<div>\n<div class=\"mariselle-image-container center\">\n                <img width=\"1123\" height=\"568\" class=\"lazy-image\" alt=\"\" decoding=\"async\" loading=\"lazy\" sizes=\"auto, (max-width: 1123px) 100vw, 1123px\" src=\"https:\/\/brtk.net\/wp-content\/uploads\/2023\/04\/27\/d9455843-a542-404a-a131-45c859c6cded.jpg?ver=d6228b9ca730dc3042572bc4604eef6d\" srcset=\"https:\/\/brtk.net\/wp-content\/uploads\/2023\/04\/27\/d9455843-a542-404a-a131-45c859c6cded.jpg?ver=d6228b9ca730dc3042572bc4604eef6d 1123w, https:\/\/brtk.net\/wp-content\/uploads\/2023\/04\/27\/d9455843-a542-404a-a131-45c859c6cded-300x152.jpg?ver=d6228b9ca730dc3042572bc4604eef6d 300w, https:\/\/brtk.net\/wp-content\/uploads\/2023\/04\/27\/d9455843-a542-404a-a131-45c859c6cded-1024x518.jpg?ver=d6228b9ca730dc3042572bc4604eef6d 1024w, https:\/\/brtk.net\/wp-content\/uploads\/2023\/04\/27\/d9455843-a542-404a-a131-45c859c6cded-768x388.jpg?ver=d6228b9ca730dc3042572bc4604eef6d 768w\"\/>                            <\/div>\n<p>T\u00fcrk Devletleri Parlamenterler Asamblesi (T\u00dcRKPA) 12. Genel Kurul Toplant\u0131s\u0131na kat\u0131lmak amac\u0131yla Ankara\u2019da bulunan Cumhuriyet Meclisi Ba\u015fkan\u0131 Zorlu T\u00f6re, An\u0131tkabir\u2019i ziyaret etti.<\/p>\n<p>23 Nisan Ulusal Egemenlik ile \u00c7ocuk Bayram\u0131 ve T\u00fcrkiye B\u00fcy\u00fck Millet Meclisi\u2019nin a\u00e7\u0131l\u0131\u015f\u0131n\u0131n103. Y\u0131ld\u00f6n\u00fcm\u00fc nedeniyle ger\u00e7ekle\u015fen ziyarette Ba\u015fkan T\u00f6re\u2019ye heyetinde bulunan Ulusal Birlik Partisi Gazima\u011fusa Milletvekili O\u011fuzhan Hasipo\u011flu ve Cumhuriyet\u00e7i T\u00fcrk Partisi Lefko\u015fa Milletvekili S\u0131la Usar \u0130ncirli de  e\u015flik etti.<br \/>An\u0131tkabir ziyaretinde <a href=\"https:\/\/brtk.net\/\">KKTC<\/a>\u2019nin Ankara B\u00fcy\u00fckel\u00e7isi \u0130smet Koruko\u011flu ile Meclis Meclis Bas\u0131n D\u0131\u015f \u0130li\u015fkiler ve Protokol M\u00fcd\u00fcr\u00fc Narin Yal\u0131ner Ata\u00f6z  ve \u00d6zel Kalem M\u00fcd\u00fcr\u00fc \u0130rem Uygun da yer ald\u0131.<\/p>\n<p>Atat\u00fcrk\u2019\u00fcn mozelesine \u00e7elenk koyarak sayg\u0131 duru\u015funda bulunan Ba\u015fkan T\u00f6re, daha sonra Misak-\u0131 Milli Kulesine ge\u00e7erek burada An\u0131tkabir \u00f6zel defterini imzalad\u0131.<\/p>\n<div class=\"mariselle-image-container center\">\n                <img width=\"1600\" height=\"1066\" class=\"lazy-image\" alt=\"\" decoding=\"async\" loading=\"lazy\" sizes=\"auto, (max-width: 1600px) 100vw, 1600px\" src=\"https:\/\/brtk.net\/wp-content\/uploads\/2023\/04\/27\/d995fce2-4ede-4314-8461-c855eb6e23b5.jpg?ver=ea94682f9008bf3f4c3ce4d557fa503e\" srcset=\"https:\/\/brtk.net\/wp-content\/uploads\/2023\/04\/27\/d995fce2-4ede-4314-8461-c855eb6e23b5.jpg?ver=ea94682f9008bf3f4c3ce4d557fa503e 1600w, https:\/\/brtk.net\/wp-content\/uploads\/2023\/04\/27\/d995fce2-4ede-4314-8461-c855eb6e23b5-300x200.jpg?ver=ea94682f9008bf3f4c3ce4d557fa503e 300w, https:\/\/brtk.net\/wp-content\/uploads\/2023\/04\/27\/d995fce2-4ede-4314-8461-c855eb6e23b5-1024x682.jpg?ver=ea94682f9008bf3f4c3ce4d557fa503e 1024w, https:\/\/brtk.net\/wp-content\/uploads\/2023\/04\/27\/d995fce2-4ede-4314-8461-c855eb6e23b5-768x512.jpg?ver=06bed57f519a93f8a1482967d6606b4e 768w, https:\/\/brtk.net\/wp-content\/uploads\/2023\/04\/27\/d995fce2-4ede-4314-8461-c855eb6e23b5-1536x1023.jpg?ver=06bed57f519a93f8a1482967d6606b4e 1536w\"\/>                            <\/div>\n<p>T\u00f6re, deftere \u015funlar\u0131 yazd\u0131:<\/p>\n<p><em>\u201cBug\u00fcn beraberimdeki heyetle birlikte T\u00fcrk D\u00fcnyas\u0131 Parlamenter Assamblesi Genel Kurulu\u2019na kat\u0131lmak i\u00e7in yapm\u0131\u015f oldu\u011fumuz Ankara ziyareti kapsam\u0131nda Kuzey K\u0131br\u0131s T\u00fcrk Cumhuriyeti, Cumhuriyet Meclisi Ba\u015fkan\u0131 olarak manevi huzurunuzda bulunmaktan \u015feref duymaktay\u0131m.<br \/>T\u00fcrk ve d\u00fcnya \u00e7ocuklar\u0131na arma\u011fan etti\u011finiz 23 Nisan Ulusal Egemenlik ile \u00c7ocuk Bayram\u0131 ve b\u00fcy\u00fck fedak\u00e2rl\u0131klarla a\u00e7m\u0131\u015f  oldu\u011funuz T\u00fcrkiye B\u00fcy\u00fck Millet Meclisi\u2019nin 103. Y\u0131ld\u00f6n\u00fcm\u00fc m\u00fcnasebetiyle y\u00fcce huzurunuzda bulunmaktay\u0131z.<br \/>\u201cT\u00fcrk \u00e7ocu\u011fu ejdad\u0131n\u0131 tan\u0131d\u0131k\u00e7a daha b\u00fcy\u00fck i\u015fer yapmak i\u00e7in kendinde kuvvet bulacakt\u0131r.\u201d s\u00f6z\u00fcn\u00fczden hareketle yeni nesillerin ilke ve ink\u0131laplar\u0131n\u0131z \u0131\u015f\u0131\u011f\u0131nda ilerlemesi i\u00e7in gayret g\u00f6sterece\u011fimize s\u00f6z veriyorum.<br \/>Aziz hat\u0131ran\u0131z olan Anavatan T\u00fcrkiye Cumhuriyeti, her ko\u015fulda ve \u015fartta Kuzey K\u0131br\u0131s T\u00fcrk Cumhuriyeti\u2019nin yan\u0131nda oldu\u011funu hissettirmektedir. Ge\u00e7mi\u015fte oldu\u011fu gibi bug\u00fcn ve gelecekte de Anavatan\u0131m\u0131z T\u00fcrkiye Cumhuriyeti ile ele ele vererek kurdu\u011fumuz Devletimizi, hak etti\u011fi mertebeye ula\u015ft\u0131rmak i\u00e7in var g\u00fcc\u00fcm\u00fczle \u00e7al\u0131\u015fmaya devam edece\u011fiz.Bu duygu ve d\u00fc\u015f\u00fcncelerle huzurunuzda sayg\u0131 ve minnetle e\u011filiyorum<\/em>.\u201d<\/p>\n<\/p><\/div>\n<p><script async\n                    defer\n                    crossorigin=\"anonymous\"\n                    src=\"https:\/\/connect.facebook.net\/tr_TR\/sdk.js#xfbml=1&#038;version=v3.3\"\n            ><\/script><\/p>\n","protected":false},"excerpt":{"rendered":"<p>T\u00fcrk Devletleri Parlamenterler Asamblesi (T\u00dcRKPA) 12. Genel Kurul Toplant\u0131s\u0131na kat\u0131lmak amac\u0131yla Ankara\u2019da bulunan Cumhuriyet Meclisi Ba\u015fkan\u0131 Zorlu T\u00f6re, An\u0131tkabir\u2019i ziyaret etti. 23 Nisan Ulusal Egemenlik ile \u00c7ocuk Bayram\u0131 ve T\u00fcrkiye B\u00fcy\u00fck Millet Meclisi\u2019nin a\u00e7\u0131l\u0131\u015f\u0131n\u0131n103. Y\u0131ld\u00f6n\u00fcm\u00fc nedeniyle ger\u00e7ekle\u015fen ziyarette Ba\u015fkan T\u00f6re\u2019ye heyetinde bulunan Ulusal Birlik Partisi Gazima\u011fusa Milletvekili O\u011fuzhan Hasipo\u011flu ve Cumhuriyet\u00e7i T\u00fcrk Partisi Lefko\u015fa Milletvekili<\/p>\n","protected":false},"author":1,"featured_media":5849,"comment_status":"open","ping_status":"open","sticky":false,"template":"","format":"standard","meta":{"footnotes":""},"categories":[1],"tags":[],"class_list":["post-5848","post","type-post","status-publish","format-standard","has-post-thumbnail","hentry","category-gundem"],"yoast_head":"<!-- This site is optimized with the Yoast SEO plugin v27.4 - https:\/\/yoast.com\/product\/yoast-seo-wordpress\/ -->\n<title>Cumhuriyet Meclisi Ba\u015fkan\u0131 T\u00f6re, An\u0131tkabir\u2019i ziyaret etti -<\/title>\n<meta name=\"robots\" content=\"index, follow, max-snippet:-1, max-image-preview:large, max-video-preview:-1\" \/>\n<link rel=\"canonical\" href=\"https:\/\/kibrisdakik.com\/?p=5848\" \/>\n<meta property=\"og:locale\" content=\"tr_TR\" \/>\n<meta property=\"og:type\" content=\"article\" \/>\n<meta property=\"og:title\" content=\"Cumhuriyet Meclisi Ba\u015fkan\u0131 T\u00f6re, An\u0131tkabir\u2019i ziyaret etti -\" \/>\n<meta property=\"og:description\" content=\"T\u00fcrk Devletleri Parlamenterler Asamblesi (T\u00dcRKPA) 12. Genel Kurul Toplant\u0131s\u0131na kat\u0131lmak amac\u0131yla Ankara\u2019da bulunan Cumhuriyet Meclisi Ba\u015fkan\u0131 Zorlu T\u00f6re, An\u0131tkabir\u2019i ziyaret etti. 23 Nisan Ulusal Egemenlik ile \u00c7ocuk Bayram\u0131 ve T\u00fcrkiye B\u00fcy\u00fck Millet Meclisi\u2019nin a\u00e7\u0131l\u0131\u015f\u0131n\u0131n103. Y\u0131ld\u00f6n\u00fcm\u00fc nedeniyle ger\u00e7ekle\u015fen ziyarette Ba\u015fkan T\u00f6re\u2019ye heyetinde bulunan Ulusal Birlik Partisi Gazima\u011fusa Milletvekili O\u011fuzhan Hasipo\u011flu ve Cumhuriyet\u00e7i T\u00fcrk Partisi Lefko\u015fa Milletvekili\" \/>\n<meta property=\"og:url\" content=\"https:\/\/kibrisdakik.com\/?p=5848\" \/>\n<meta property=\"article:published_time\" content=\"2023-04-27T12:46:38+00:00\" \/>\n<meta property=\"og:image\" content=\"https:\/\/kibrisdakik.com\/wp-content\/uploads\/2023\/04\/d995fce2-4ede-4314-8461-c855eb6e23b5-740x420.jpg\" \/>\n\t<meta property=\"og:image:width\" content=\"1600\" \/>\n\t<meta property=\"og:image:height\" content=\"1066\" \/>\n\t<meta property=\"og:image:type\" content=\"image\/jpeg\" \/>\n<meta name=\"author\" content=\"admin\" \/>\n<meta name=\"twitter:card\" content=\"summary_large_image\" \/>\n<meta name=\"twitter:label1\" content=\"Yazan:\" \/>\n\t<meta name=\"twitter:data1\" content=\"admin\" \/>\n\t<meta name=\"twitter:label2\" content=\"Tahmini okuma s\u00fcresi\" \/>\n\t<meta name=\"twitter:data2\" content=\"2 dakika\" \/>\n<script type=\"application\/ld+json\" class=\"yoast-schema-graph\">{\"@context\":\"https:\\\/\\\/schema.org\",\"@graph\":[{\"@type\":\"Article\",\"@id\":\"https:\\\/\\\/kibrisdakik.com\\\/?p=5848#article\",\"isPartOf\":{\"@id\":\"https:\\\/\\\/kibrisdakik.com\\\/?p=5848\"},\"author\":{\"name\":\"admin\",\"@id\":\"https:\\\/\\\/kibrisdakik.com\\\/#\\\/schema\\\/person\\\/9cd9d437bbb44f72b73ba127e06d8e79\"},\"headline\":\"Cumhuriyet Meclisi Ba\u015fkan\u0131 T\u00f6re, An\u0131tkabir\u2019i ziyaret etti\",\"datePublished\":\"2023-04-27T12:46:38+00:00\",\"mainEntityOfPage\":{\"@id\":\"https:\\\/\\\/kibrisdakik.com\\\/?p=5848\"},\"wordCount\":396,\"commentCount\":0,\"image\":{\"@id\":\"https:\\\/\\\/kibrisdakik.com\\\/?p=5848#primaryimage\"},\"thumbnailUrl\":\"https:\\\/\\\/kibrisdakik.com\\\/wp-content\\\/uploads\\\/2023\\\/04\\\/d995fce2-4ede-4314-8461-c855eb6e23b5-740x420.jpg\",\"articleSection\":[\"G\u00fcndem\"],\"inLanguage\":\"tr\",\"potentialAction\":[{\"@type\":\"CommentAction\",\"name\":\"Comment\",\"target\":[\"https:\\\/\\\/kibrisdakik.com\\\/?p=5848#respond\"]}]},{\"@type\":\"WebPage\",\"@id\":\"https:\\\/\\\/kibrisdakik.com\\\/?p=5848\",\"url\":\"https:\\\/\\\/kibrisdakik.com\\\/?p=5848\",\"name\":\"Cumhuriyet Meclisi Ba\u015fkan\u0131 T\u00f6re, An\u0131tkabir\u2019i ziyaret etti -\",\"isPartOf\":{\"@id\":\"https:\\\/\\\/kibrisdakik.com\\\/#website\"},\"primaryImageOfPage\":{\"@id\":\"https:\\\/\\\/kibrisdakik.com\\\/?p=5848#primaryimage\"},\"image\":{\"@id\":\"https:\\\/\\\/kibrisdakik.com\\\/?p=5848#primaryimage\"},\"thumbnailUrl\":\"https:\\\/\\\/kibrisdakik.com\\\/wp-content\\\/uploads\\\/2023\\\/04\\\/d995fce2-4ede-4314-8461-c855eb6e23b5-740x420.jpg\",\"datePublished\":\"2023-04-27T12:46:38+00:00\",\"author\":{\"@id\":\"https:\\\/\\\/kibrisdakik.com\\\/#\\\/schema\\\/person\\\/9cd9d437bbb44f72b73ba127e06d8e79\"},\"breadcrumb\":{\"@id\":\"https:\\\/\\\/kibrisdakik.com\\\/?p=5848#breadcrumb\"},\"inLanguage\":\"tr\",\"potentialAction\":[{\"@type\":\"ReadAction\",\"target\":[\"https:\\\/\\\/kibrisdakik.com\\\/?p=5848\"]}]},{\"@type\":\"ImageObject\",\"inLanguage\":\"tr\",\"@id\":\"https:\\\/\\\/kibrisdakik.com\\\/?p=5848#primaryimage\",\"url\":\"https:\\\/\\\/kibrisdakik.com\\\/wp-content\\\/uploads\\\/2023\\\/04\\\/d995fce2-4ede-4314-8461-c855eb6e23b5-740x420.jpg\",\"contentUrl\":\"https:\\\/\\\/kibrisdakik.com\\\/wp-content\\\/uploads\\\/2023\\\/04\\\/d995fce2-4ede-4314-8461-c855eb6e23b5-740x420.jpg\",\"width\":1600,\"height\":1066},{\"@type\":\"BreadcrumbList\",\"@id\":\"https:\\\/\\\/kibrisdakik.com\\\/?p=5848#breadcrumb\",\"itemListElement\":[{\"@type\":\"ListItem\",\"position\":1,\"name\":\"Home\",\"item\":\"https:\\\/\\\/kibrisdakik.com\\\/\"},{\"@type\":\"ListItem\",\"position\":2,\"name\":\"Cumhuriyet Meclisi Ba\u015fkan\u0131 T\u00f6re, An\u0131tkabir\u2019i ziyaret etti\"}]},{\"@type\":\"WebSite\",\"@id\":\"https:\\\/\\\/kibrisdakik.com\\\/#website\",\"url\":\"https:\\\/\\\/kibrisdakik.com\\\/\",\"name\":\"\",\"description\":\"Tam vaktinde haber\",\"potentialAction\":[{\"@type\":\"SearchAction\",\"target\":{\"@type\":\"EntryPoint\",\"urlTemplate\":\"https:\\\/\\\/kibrisdakik.com\\\/?s={search_term_string}\"},\"query-input\":{\"@type\":\"PropertyValueSpecification\",\"valueRequired\":true,\"valueName\":\"search_term_string\"}}],\"inLanguage\":\"tr\"},{\"@type\":\"Person\",\"@id\":\"https:\\\/\\\/kibrisdakik.com\\\/#\\\/schema\\\/person\\\/9cd9d437bbb44f72b73ba127e06d8e79\",\"name\":\"admin\",\"image\":{\"@type\":\"ImageObject\",\"inLanguage\":\"tr\",\"@id\":\"https:\\\/\\\/secure.gravatar.com\\\/avatar\\\/ccc17943b9d660506c869530f897617f7cb1c21a4bf30023f252596d83e1f007?s=96&d=mm&r=g\",\"url\":\"https:\\\/\\\/secure.gravatar.com\\\/avatar\\\/ccc17943b9d660506c869530f897617f7cb1c21a4bf30023f252596d83e1f007?s=96&d=mm&r=g\",\"contentUrl\":\"https:\\\/\\\/secure.gravatar.com\\\/avatar\\\/ccc17943b9d660506c869530f897617f7cb1c21a4bf30023f252596d83e1f007?s=96&d=mm&r=g\",\"caption\":\"admin\"},\"sameAs\":[\"https:\\\/\\\/kibrisdakik.com\"],\"url\":\"https:\\\/\\\/kibrisdakik.com\\\/?author=1\"}]}<\/script>\n<!-- \/ Yoast SEO plugin. -->","yoast_head_json":{"title":"Cumhuriyet Meclisi Ba\u015fkan\u0131 T\u00f6re, An\u0131tkabir\u2019i ziyaret etti -","robots":{"index":"index","follow":"follow","max-snippet":"max-snippet:-1","max-image-preview":"max-image-preview:large","max-video-preview":"max-video-preview:-1"},"canonical":"https:\/\/kibrisdakik.com\/?p=5848","og_locale":"tr_TR","og_type":"article","og_title":"Cumhuriyet Meclisi Ba\u015fkan\u0131 T\u00f6re, An\u0131tkabir\u2019i ziyaret etti -","og_description":"T\u00fcrk Devletleri Parlamenterler Asamblesi (T\u00dcRKPA) 12. Genel Kurul Toplant\u0131s\u0131na kat\u0131lmak amac\u0131yla Ankara\u2019da bulunan Cumhuriyet Meclisi Ba\u015fkan\u0131 Zorlu T\u00f6re, An\u0131tkabir\u2019i ziyaret etti. 23 Nisan Ulusal Egemenlik ile \u00c7ocuk Bayram\u0131 ve T\u00fcrkiye B\u00fcy\u00fck Millet Meclisi\u2019nin a\u00e7\u0131l\u0131\u015f\u0131n\u0131n103. Y\u0131ld\u00f6n\u00fcm\u00fc nedeniyle ger\u00e7ekle\u015fen ziyarette Ba\u015fkan T\u00f6re\u2019ye heyetinde bulunan Ulusal Birlik Partisi Gazima\u011fusa Milletvekili O\u011fuzhan Hasipo\u011flu ve Cumhuriyet\u00e7i T\u00fcrk Partisi Lefko\u015fa Milletvekili","og_url":"https:\/\/kibrisdakik.com\/?p=5848","article_published_time":"2023-04-27T12:46:38+00:00","og_image":[{"width":1600,"height":1066,"url":"https:\/\/kibrisdakik.com\/wp-content\/uploads\/2023\/04\/d995fce2-4ede-4314-8461-c855eb6e23b5-740x420.jpg","type":"image\/jpeg"}],"author":"admin","twitter_card":"summary_large_image","twitter_misc":{"Yazan:":"admin","Tahmini okuma s\u00fcresi":"2 dakika"},"schema":{"@context":"https:\/\/schema.org","@graph":[{"@type":"Article","@id":"https:\/\/kibrisdakik.com\/?p=5848#article","isPartOf":{"@id":"https:\/\/kibrisdakik.com\/?p=5848"},"author":{"name":"admin","@id":"https:\/\/kibrisdakik.com\/#\/schema\/person\/9cd9d437bbb44f72b73ba127e06d8e79"},"headline":"Cumhuriyet Meclisi Ba\u015fkan\u0131 T\u00f6re, An\u0131tkabir\u2019i ziyaret etti","datePublished":"2023-04-27T12:46:38+00:00","mainEntityOfPage":{"@id":"https:\/\/kibrisdakik.com\/?p=5848"},"wordCount":396,"commentCount":0,"image":{"@id":"https:\/\/kibrisdakik.com\/?p=5848#primaryimage"},"thumbnailUrl":"https:\/\/kibrisdakik.com\/wp-content\/uploads\/2023\/04\/d995fce2-4ede-4314-8461-c855eb6e23b5-740x420.jpg","articleSection":["G\u00fcndem"],"inLanguage":"tr","potentialAction":[{"@type":"CommentAction","name":"Comment","target":["https:\/\/kibrisdakik.com\/?p=5848#respond"]}]},{"@type":"WebPage","@id":"https:\/\/kibrisdakik.com\/?p=5848","url":"https:\/\/kibrisdakik.com\/?p=5848","name":"Cumhuriyet Meclisi Ba\u015fkan\u0131 T\u00f6re, An\u0131tkabir\u2019i ziyaret etti -","isPartOf":{"@id":"https:\/\/kibrisdakik.com\/#website"},"primaryImageOfPage":{"@id":"https:\/\/kibrisdakik.com\/?p=5848#primaryimage"},"image":{"@id":"https:\/\/kibrisdakik.com\/?p=5848#primaryimage"},"thumbnailUrl":"https:\/\/kibrisdakik.com\/wp-content\/uploads\/2023\/04\/d995fce2-4ede-4314-8461-c855eb6e23b5-740x420.jpg","datePublished":"2023-04-27T12:46:38+00:00","author":{"@id":"https:\/\/kibrisdakik.com\/#\/schema\/person\/9cd9d437bbb44f72b73ba127e06d8e79"},"breadcrumb":{"@id":"https:\/\/kibrisdakik.com\/?p=5848#breadcrumb"},"inLanguage":"tr","potentialAction":[{"@type":"ReadAction","target":["https:\/\/kibrisdakik.com\/?p=5848"]}]},{"@type":"ImageObject","inLanguage":"tr","@id":"https:\/\/kibrisdakik.com\/?p=5848#primaryimage","url":"https:\/\/kibrisdakik.com\/wp-content\/uploads\/2023\/04\/d995fce2-4ede-4314-8461-c855eb6e23b5-740x420.jpg","contentUrl":"https:\/\/kibrisdakik.com\/wp-content\/uploads\/2023\/04\/d995fce2-4ede-4314-8461-c855eb6e23b5-740x420.jpg","width":1600,"height":1066},{"@type":"BreadcrumbList","@id":"https:\/\/kibrisdakik.com\/?p=5848#breadcrumb","itemListElement":[{"@type":"ListItem","position":1,"name":"Home","item":"https:\/\/kibrisdakik.com\/"},{"@type":"ListItem","position":2,"name":"Cumhuriyet Meclisi Ba\u015fkan\u0131 T\u00f6re, An\u0131tkabir\u2019i ziyaret etti"}]},{"@type":"WebSite","@id":"https:\/\/kibrisdakik.com\/#website","url":"https:\/\/kibrisdakik.com\/","name":"","description":"Tam vaktinde haber","potentialAction":[{"@type":"SearchAction","target":{"@type":"EntryPoint","urlTemplate":"https:\/\/kibrisdakik.com\/?s={search_term_string}"},"query-input":{"@type":"PropertyValueSpecification","valueRequired":true,"valueName":"search_term_string"}}],"inLanguage":"tr"},{"@type":"Person","@id":"https:\/\/kibrisdakik.com\/#\/schema\/person\/9cd9d437bbb44f72b73ba127e06d8e79","name":"admin","image":{"@type":"ImageObject","inLanguage":"tr","@id":"https:\/\/secure.gravatar.com\/avatar\/ccc17943b9d660506c869530f897617f7cb1c21a4bf30023f252596d83e1f007?s=96&d=mm&r=g","url":"https:\/\/secure.gravatar.com\/avatar\/ccc17943b9d660506c869530f897617f7cb1c21a4bf30023f252596d83e1f007?s=96&d=mm&r=g","contentUrl":"https:\/\/secure.gravatar.com\/avatar\/ccc17943b9d660506c869530f897617f7cb1c21a4bf30023f252596d83e1f007?s=96&d=mm&r=g","caption":"admin"},"sameAs":["https:\/\/kibrisdakik.com"],"url":"https:\/\/kibrisdakik.com\/?author=1"}]}},"_links":{"self":[{"href":"https:\/\/kibrisdakik.com\/index.php?rest_route=\/wp\/v2\/posts\/5848","targetHints":{"allow":["GET"]}}],"collection":[{"href":"https:\/\/kibrisdakik.com\/index.php?rest_route=\/wp\/v2\/posts"}],"about":[{"href":"https:\/\/kibrisdakik.com\/index.php?rest_route=\/wp\/v2\/types\/post"}],"author":[{"embeddable":true,"href":"https:\/\/kibrisdakik.com\/index.php?rest_route=\/wp\/v2\/users\/1"}],"replies":[{"embeddable":true,"href":"https:\/\/kibrisdakik.com\/index.php?rest_route=%2Fwp%2Fv2%2Fcomments&post=5848"}],"version-history":[{"count":0,"href":"https:\/\/kibrisdakik.com\/index.php?rest_route=\/wp\/v2\/posts\/5848\/revisions"}],"wp:featuredmedia":[{"embeddable":true,"href":"https:\/\/kibrisdakik.com\/index.php?rest_route=\/wp\/v2\/media\/5849"}],"wp:attachment":[{"href":"https:\/\/kibrisdakik.com\/index.php?rest_route=%2Fwp%2Fv2%2Fmedia&parent=5848"}],"wp:term":[{"taxonomy":"category","embeddable":true,"href":"https:\/\/kibrisdakik.com\/index.php?rest_route=%2Fwp%2Fv2%2Fcategories&post=5848"},{"taxonomy":"post_tag","embeddable":true,"href":"https:\/\/kibrisdakik.com\/index.php?rest_route=%2Fwp%2Fv2%2Ftags&post=5848"}],"curies":[{"name":"wp","href":"https:\/\/api.w.org\/{rel}","templated":true}]}}