{"id":58503,"date":"2024-09-01T13:46:29","date_gmt":"2024-09-01T10:46:29","guid":{"rendered":"https:\/\/kibrisdakik.com\/?p=58503"},"modified":"2024-09-01T13:46:29","modified_gmt":"2024-09-01T10:46:29","slug":"16-girne-ozankoy-pekmez-festivali-bu-gece-tamamlaniyor","status":"publish","type":"post","link":"https:\/\/kibrisdakik.com\/?p=58503","title":{"rendered":"16. Girne Ozank\u00f6y Pekmez Festivali bu gece tamamlan\u0131yor"},"content":{"rendered":"<p> <br \/>\n<\/p>\n<div>\n<div class=\"mariselle-image-container none\">\n                <img loading=\"lazy\" decoding=\"async\" width=\"1414\" height=\"2000\" class=\"lazy-image\" alt=\"\" sizes=\"auto, (max-width: 1414px) 100vw, 1414px\" src=\"https:\/\/brtk.net\/wp-content\/uploads\/2024\/09\/01\/ozankoy-pekmez-festivali.png?ver=b54dd15c4c3d551bb2bc51b9b30500e8\" srcset=\"https:\/\/brtk.net\/wp-content\/uploads\/2024\/09\/01\/ozankoy-pekmez-festivali.png?ver=b54dd15c4c3d551bb2bc51b9b30500e8 1414w, https:\/\/brtk.net\/wp-content\/uploads\/2024\/09\/01\/ozankoy-pekmez-festivali-212x300.png?ver=766edbf0ba66f6d44bacafaeacb17e96 212w, https:\/\/brtk.net\/wp-content\/uploads\/2024\/09\/01\/ozankoy-pekmez-festivali-724x1024.png?ver=ea1bd182edabb0a601f3f83fb0553316 724w, https:\/\/brtk.net\/wp-content\/uploads\/2024\/09\/01\/ozankoy-pekmez-festivali-768x1086.png?ver=bd0c126631b89b94d51fbb6c0f49388c 768w, https:\/\/brtk.net\/wp-content\/uploads\/2024\/09\/01\/ozankoy-pekmez-festivali-1086x1536.png?ver=df4a3e469c351c94faa09035b9f8f3e2 1086w\"\/>                            <\/div>\n<ol start=\"16\">\n<li style=\"font-weight: 300;\">Girne Ozank\u00f6y Pekmez Festivali bu gece sona eriyor.<\/li>\n<\/ol>\n<p style=\"font-weight: 300;\">Girne Belediyesi\u2019nin Merit International ana sponsorlu\u011funda d\u00fczenledi\u011fi \u2018Girne Ark\u0131n Group Fest24\u2019\u00fcn ilk etkinli\u011fi olan ve cuma g\u00fcn\u00fc ba\u015flayan 16. Girne Ozank\u00f6y Pekmez Festivali\u2019nde bu ak\u015fam final etkinlikleri yer alacak.<\/p>\n<p style=\"font-weight: 300;\">Belediye\u2019den verilen bilgiye g\u00f6re, festivalin \u00fc\u00e7\u00fcnc\u00fc ve son gecesi, saat 19:00\u2019da Dance Spot \u2018\u00c7ocuk Bale Dans G\u00f6sterisi\u2019 ile ba\u015flayacak. Saat 19:15\u2019te \u2018Pekmezli Tatl\u0131lar Yar\u0131\u015fmas\u0131\u2019 teslim ve de\u011ferlendirme s\u00fcreci ba\u015flarken, ayn\u0131 saatte \u00c7atalk\u00f6y Esentepe Belediyesi Nostalji Halk Danslar\u0131 Toplulu\u011fu g\u00f6steri sunacak. 19:30\u2019da ise d\u00fcnyaca \u00fcnl\u00fc Psikiyatrist Prof. Dr. Vam\u0131k Cemal Volkan\u2019\u0131n \u2018D\u0131\u015fd\u00fcnyam\u0131za bak\u0131\u015f\u2019 isimli son kitab\u0131n\u0131n tan\u0131t\u0131m ve imza etkinli\u011fi yap\u0131lacak. 19:45\u2019te sahne olacak olan Latin Trio Band\u2019\u0131n arkas\u0131ndan ise \u2018Pekmezli Tatl\u0131lar Yar\u0131\u015fmas\u0131\u2019 sonu\u00e7lar\u0131 a\u00e7\u0131klanacak. Gecenin son etkinli\u011fi olan Bora Serb\u00fclent final konseri saat 21:00\u2019de ba\u015flayacak.<\/p>\n<p style=\"font-weight: 300;\"><strong>-Girne Ark\u0131n Group Fest24 devam ediyor<\/strong><\/p>\n<p style=\"font-weight: 300;\">\u00d6te yandan 11 Ekim\u2019e kadar devam edecek olan \u2018Ark\u0131n Group Girne Fest24\u2019 kapsam\u0131nda sal\u0131 g\u00fcn\u00fc program\u0131 \u015f\u00f6yle:<\/p>\n<p style=\"font-weight: 300;\">\u201cSaat 19:00\u2019da Ramadan Cemil Meydan\u0131\u2019ndan ba\u015flayacak olan kortej y\u00fcr\u00fcy\u00fc\u015f\u00fc Liman\u2019da son bulacak. Ard\u0131ndan saat 20:30\u2019da Liman Kale Sahne\u2019de, \u2018The Cotton Club Dance Show\u2019 sahnelenecek. G\u00f6sterinin ard\u0131ndan ise 21:30\u2019da, Liman Merkez Sahne\u2019de yer alacak \u2018Sonare \u00c7ok Sesli Korosu\u2019 konseri ile g\u00fcn son bulacak.\u201d<\/p>\n<p>TAK\/<a href=\"https:\/\/brtk.net\/\">BRT<\/a><\/p>\n<\/p><\/div>\n<p><script async\n                    defer\n                    crossorigin=\"anonymous\"\n                    src=\"https:\/\/connect.facebook.net\/tr_TR\/sdk.js#xfbml=1&#038;version=v3.3\"\n            ><\/script><br \/>\n<br \/><br \/>\n<br \/><a href=\"https:\/\/brtk.net\/16-girne-ozankoy-pekmez-festivali-bu-gece-tamamlaniyor\/\">kpostasi <\/a><\/p>\n","protected":false},"excerpt":{"rendered":"<p>Girne Ozank\u00f6y Pekmez Festivali bu gece sona eriyor. Girne Belediyesi\u2019nin Merit International ana sponsorlu\u011funda d\u00fczenledi\u011fi \u2018Girne Ark\u0131n Group Fest24\u2019\u00fcn ilk etkinli\u011fi olan ve cuma g\u00fcn\u00fc ba\u015flayan 16. Girne Ozank\u00f6y Pekmez Festivali\u2019nde bu ak\u015fam final etkinlikleri yer alacak. Belediye\u2019den verilen bilgiye g\u00f6re, festivalin \u00fc\u00e7\u00fcnc\u00fc ve son gecesi, saat 19:00\u2019da Dance Spot \u2018\u00c7ocuk Bale Dans G\u00f6sterisi\u2019 ile<\/p>\n","protected":false},"author":1,"featured_media":58504,"comment_status":"open","ping_status":"open","sticky":false,"template":"","format":"standard","meta":{"footnotes":""},"categories":[1,81],"tags":[],"class_list":["post-58503","post","type-post","status-publish","format-standard","has-post-thumbnail","hentry","category-gundem","category-kibris"],"yoast_head":"<!-- This site is optimized with the Yoast SEO plugin v27.4 - https:\/\/yoast.com\/product\/yoast-seo-wordpress\/ -->\n<title>16. Girne Ozank\u00f6y Pekmez Festivali bu gece tamamlan\u0131yor -<\/title>\n<meta name=\"robots\" content=\"index, follow, max-snippet:-1, max-image-preview:large, max-video-preview:-1\" \/>\n<link rel=\"canonical\" href=\"https:\/\/kibrisdakik.com\/?p=58503\" \/>\n<meta property=\"og:locale\" content=\"tr_TR\" \/>\n<meta property=\"og:type\" content=\"article\" \/>\n<meta property=\"og:title\" content=\"16. Girne Ozank\u00f6y Pekmez Festivali bu gece tamamlan\u0131yor -\" \/>\n<meta property=\"og:description\" content=\"Girne Ozank\u00f6y Pekmez Festivali bu gece sona eriyor. Girne Belediyesi\u2019nin Merit International ana sponsorlu\u011funda d\u00fczenledi\u011fi \u2018Girne Ark\u0131n Group Fest24\u2019\u00fcn ilk etkinli\u011fi olan ve cuma g\u00fcn\u00fc ba\u015flayan 16. Girne Ozank\u00f6y Pekmez Festivali\u2019nde bu ak\u015fam final etkinlikleri yer alacak. Belediye\u2019den verilen bilgiye g\u00f6re, festivalin \u00fc\u00e7\u00fcnc\u00fc ve son gecesi, saat 19:00\u2019da Dance Spot \u2018\u00c7ocuk Bale Dans G\u00f6sterisi\u2019 ile\" \/>\n<meta property=\"og:url\" content=\"https:\/\/kibrisdakik.com\/?p=58503\" \/>\n<meta property=\"article:published_time\" content=\"2024-09-01T10:46:29+00:00\" \/>\n<meta property=\"og:image\" content=\"https:\/\/kibrisdakik.com\/wp-content\/uploads\/2024\/09\/ozankoy-pekmez-festivali-724x1024.png\" \/>\n\t<meta property=\"og:image:width\" content=\"724\" \/>\n\t<meta property=\"og:image:height\" content=\"1024\" \/>\n\t<meta property=\"og:image:type\" content=\"image\/png\" \/>\n<meta name=\"author\" content=\"admin\" \/>\n<meta name=\"twitter:card\" content=\"summary_large_image\" \/>\n<meta name=\"twitter:label1\" content=\"Yazan:\" \/>\n\t<meta name=\"twitter:data1\" content=\"admin\" \/>\n\t<meta name=\"twitter:label2\" content=\"Tahmini okuma s\u00fcresi\" \/>\n\t<meta name=\"twitter:data2\" content=\"1 dakika\" \/>\n<script type=\"application\/ld+json\" class=\"yoast-schema-graph\">{\"@context\":\"https:\\\/\\\/schema.org\",\"@graph\":[{\"@type\":\"Article\",\"@id\":\"https:\\\/\\\/kibrisdakik.com\\\/?p=58503#article\",\"isPartOf\":{\"@id\":\"https:\\\/\\\/kibrisdakik.com\\\/?p=58503\"},\"author\":{\"name\":\"admin\",\"@id\":\"https:\\\/\\\/kibrisdakik.com\\\/#\\\/schema\\\/person\\\/9cd9d437bbb44f72b73ba127e06d8e79\"},\"headline\":\"16. Girne Ozank\u00f6y Pekmez Festivali bu gece tamamlan\u0131yor\",\"datePublished\":\"2024-09-01T10:46:29+00:00\",\"mainEntityOfPage\":{\"@id\":\"https:\\\/\\\/kibrisdakik.com\\\/?p=58503\"},\"wordCount\":261,\"commentCount\":0,\"image\":{\"@id\":\"https:\\\/\\\/kibrisdakik.com\\\/?p=58503#primaryimage\"},\"thumbnailUrl\":\"https:\\\/\\\/kibrisdakik.com\\\/wp-content\\\/uploads\\\/2024\\\/09\\\/ozankoy-pekmez-festivali-740x420.png\",\"articleSection\":[\"G\u00fcndem\",\"K\u0131br\u0131s\"],\"inLanguage\":\"tr\",\"potentialAction\":[{\"@type\":\"CommentAction\",\"name\":\"Comment\",\"target\":[\"https:\\\/\\\/kibrisdakik.com\\\/?p=58503#respond\"]}]},{\"@type\":\"WebPage\",\"@id\":\"https:\\\/\\\/kibrisdakik.com\\\/?p=58503\",\"url\":\"https:\\\/\\\/kibrisdakik.com\\\/?p=58503\",\"name\":\"16. Girne Ozank\u00f6y Pekmez Festivali bu gece tamamlan\u0131yor -\",\"isPartOf\":{\"@id\":\"https:\\\/\\\/kibrisdakik.com\\\/#website\"},\"primaryImageOfPage\":{\"@id\":\"https:\\\/\\\/kibrisdakik.com\\\/?p=58503#primaryimage\"},\"image\":{\"@id\":\"https:\\\/\\\/kibrisdakik.com\\\/?p=58503#primaryimage\"},\"thumbnailUrl\":\"https:\\\/\\\/kibrisdakik.com\\\/wp-content\\\/uploads\\\/2024\\\/09\\\/ozankoy-pekmez-festivali-740x420.png\",\"datePublished\":\"2024-09-01T10:46:29+00:00\",\"author\":{\"@id\":\"https:\\\/\\\/kibrisdakik.com\\\/#\\\/schema\\\/person\\\/9cd9d437bbb44f72b73ba127e06d8e79\"},\"breadcrumb\":{\"@id\":\"https:\\\/\\\/kibrisdakik.com\\\/?p=58503#breadcrumb\"},\"inLanguage\":\"tr\",\"potentialAction\":[{\"@type\":\"ReadAction\",\"target\":[\"https:\\\/\\\/kibrisdakik.com\\\/?p=58503\"]}]},{\"@type\":\"ImageObject\",\"inLanguage\":\"tr\",\"@id\":\"https:\\\/\\\/kibrisdakik.com\\\/?p=58503#primaryimage\",\"url\":\"https:\\\/\\\/kibrisdakik.com\\\/wp-content\\\/uploads\\\/2024\\\/09\\\/ozankoy-pekmez-festivali-740x420.png\",\"contentUrl\":\"https:\\\/\\\/kibrisdakik.com\\\/wp-content\\\/uploads\\\/2024\\\/09\\\/ozankoy-pekmez-festivali-740x420.png\",\"width\":1414,\"height\":2000},{\"@type\":\"BreadcrumbList\",\"@id\":\"https:\\\/\\\/kibrisdakik.com\\\/?p=58503#breadcrumb\",\"itemListElement\":[{\"@type\":\"ListItem\",\"position\":1,\"name\":\"Home\",\"item\":\"https:\\\/\\\/kibrisdakik.com\\\/\"},{\"@type\":\"ListItem\",\"position\":2,\"name\":\"16. Girne Ozank\u00f6y Pekmez Festivali bu gece tamamlan\u0131yor\"}]},{\"@type\":\"WebSite\",\"@id\":\"https:\\\/\\\/kibrisdakik.com\\\/#website\",\"url\":\"https:\\\/\\\/kibrisdakik.com\\\/\",\"name\":\"\",\"description\":\"Tam vaktinde haber\",\"potentialAction\":[{\"@type\":\"SearchAction\",\"target\":{\"@type\":\"EntryPoint\",\"urlTemplate\":\"https:\\\/\\\/kibrisdakik.com\\\/?s={search_term_string}\"},\"query-input\":{\"@type\":\"PropertyValueSpecification\",\"valueRequired\":true,\"valueName\":\"search_term_string\"}}],\"inLanguage\":\"tr\"},{\"@type\":\"Person\",\"@id\":\"https:\\\/\\\/kibrisdakik.com\\\/#\\\/schema\\\/person\\\/9cd9d437bbb44f72b73ba127e06d8e79\",\"name\":\"admin\",\"image\":{\"@type\":\"ImageObject\",\"inLanguage\":\"tr\",\"@id\":\"https:\\\/\\\/secure.gravatar.com\\\/avatar\\\/ccc17943b9d660506c869530f897617f7cb1c21a4bf30023f252596d83e1f007?s=96&d=mm&r=g\",\"url\":\"https:\\\/\\\/secure.gravatar.com\\\/avatar\\\/ccc17943b9d660506c869530f897617f7cb1c21a4bf30023f252596d83e1f007?s=96&d=mm&r=g\",\"contentUrl\":\"https:\\\/\\\/secure.gravatar.com\\\/avatar\\\/ccc17943b9d660506c869530f897617f7cb1c21a4bf30023f252596d83e1f007?s=96&d=mm&r=g\",\"caption\":\"admin\"},\"sameAs\":[\"https:\\\/\\\/kibrisdakik.com\"],\"url\":\"https:\\\/\\\/kibrisdakik.com\\\/?author=1\"}]}<\/script>\n<!-- \/ Yoast SEO plugin. -->","yoast_head_json":{"title":"16. Girne Ozank\u00f6y Pekmez Festivali bu gece tamamlan\u0131yor -","robots":{"index":"index","follow":"follow","max-snippet":"max-snippet:-1","max-image-preview":"max-image-preview:large","max-video-preview":"max-video-preview:-1"},"canonical":"https:\/\/kibrisdakik.com\/?p=58503","og_locale":"tr_TR","og_type":"article","og_title":"16. Girne Ozank\u00f6y Pekmez Festivali bu gece tamamlan\u0131yor -","og_description":"Girne Ozank\u00f6y Pekmez Festivali bu gece sona eriyor. Girne Belediyesi\u2019nin Merit International ana sponsorlu\u011funda d\u00fczenledi\u011fi \u2018Girne Ark\u0131n Group Fest24\u2019\u00fcn ilk etkinli\u011fi olan ve cuma g\u00fcn\u00fc ba\u015flayan 16. Girne Ozank\u00f6y Pekmez Festivali\u2019nde bu ak\u015fam final etkinlikleri yer alacak. Belediye\u2019den verilen bilgiye g\u00f6re, festivalin \u00fc\u00e7\u00fcnc\u00fc ve son gecesi, saat 19:00\u2019da Dance Spot \u2018\u00c7ocuk Bale Dans G\u00f6sterisi\u2019 ile","og_url":"https:\/\/kibrisdakik.com\/?p=58503","article_published_time":"2024-09-01T10:46:29+00:00","og_image":[{"width":724,"height":1024,"url":"https:\/\/kibrisdakik.com\/wp-content\/uploads\/2024\/09\/ozankoy-pekmez-festivali-724x1024.png","type":"image\/png"}],"author":"admin","twitter_card":"summary_large_image","twitter_misc":{"Yazan:":"admin","Tahmini okuma s\u00fcresi":"1 dakika"},"schema":{"@context":"https:\/\/schema.org","@graph":[{"@type":"Article","@id":"https:\/\/kibrisdakik.com\/?p=58503#article","isPartOf":{"@id":"https:\/\/kibrisdakik.com\/?p=58503"},"author":{"name":"admin","@id":"https:\/\/kibrisdakik.com\/#\/schema\/person\/9cd9d437bbb44f72b73ba127e06d8e79"},"headline":"16. Girne Ozank\u00f6y Pekmez Festivali bu gece tamamlan\u0131yor","datePublished":"2024-09-01T10:46:29+00:00","mainEntityOfPage":{"@id":"https:\/\/kibrisdakik.com\/?p=58503"},"wordCount":261,"commentCount":0,"image":{"@id":"https:\/\/kibrisdakik.com\/?p=58503#primaryimage"},"thumbnailUrl":"https:\/\/kibrisdakik.com\/wp-content\/uploads\/2024\/09\/ozankoy-pekmez-festivali-740x420.png","articleSection":["G\u00fcndem","K\u0131br\u0131s"],"inLanguage":"tr","potentialAction":[{"@type":"CommentAction","name":"Comment","target":["https:\/\/kibrisdakik.com\/?p=58503#respond"]}]},{"@type":"WebPage","@id":"https:\/\/kibrisdakik.com\/?p=58503","url":"https:\/\/kibrisdakik.com\/?p=58503","name":"16. Girne Ozank\u00f6y Pekmez Festivali bu gece tamamlan\u0131yor -","isPartOf":{"@id":"https:\/\/kibrisdakik.com\/#website"},"primaryImageOfPage":{"@id":"https:\/\/kibrisdakik.com\/?p=58503#primaryimage"},"image":{"@id":"https:\/\/kibrisdakik.com\/?p=58503#primaryimage"},"thumbnailUrl":"https:\/\/kibrisdakik.com\/wp-content\/uploads\/2024\/09\/ozankoy-pekmez-festivali-740x420.png","datePublished":"2024-09-01T10:46:29+00:00","author":{"@id":"https:\/\/kibrisdakik.com\/#\/schema\/person\/9cd9d437bbb44f72b73ba127e06d8e79"},"breadcrumb":{"@id":"https:\/\/kibrisdakik.com\/?p=58503#breadcrumb"},"inLanguage":"tr","potentialAction":[{"@type":"ReadAction","target":["https:\/\/kibrisdakik.com\/?p=58503"]}]},{"@type":"ImageObject","inLanguage":"tr","@id":"https:\/\/kibrisdakik.com\/?p=58503#primaryimage","url":"https:\/\/kibrisdakik.com\/wp-content\/uploads\/2024\/09\/ozankoy-pekmez-festivali-740x420.png","contentUrl":"https:\/\/kibrisdakik.com\/wp-content\/uploads\/2024\/09\/ozankoy-pekmez-festivali-740x420.png","width":1414,"height":2000},{"@type":"BreadcrumbList","@id":"https:\/\/kibrisdakik.com\/?p=58503#breadcrumb","itemListElement":[{"@type":"ListItem","position":1,"name":"Home","item":"https:\/\/kibrisdakik.com\/"},{"@type":"ListItem","position":2,"name":"16. Girne Ozank\u00f6y Pekmez Festivali bu gece tamamlan\u0131yor"}]},{"@type":"WebSite","@id":"https:\/\/kibrisdakik.com\/#website","url":"https:\/\/kibrisdakik.com\/","name":"","description":"Tam vaktinde haber","potentialAction":[{"@type":"SearchAction","target":{"@type":"EntryPoint","urlTemplate":"https:\/\/kibrisdakik.com\/?s={search_term_string}"},"query-input":{"@type":"PropertyValueSpecification","valueRequired":true,"valueName":"search_term_string"}}],"inLanguage":"tr"},{"@type":"Person","@id":"https:\/\/kibrisdakik.com\/#\/schema\/person\/9cd9d437bbb44f72b73ba127e06d8e79","name":"admin","image":{"@type":"ImageObject","inLanguage":"tr","@id":"https:\/\/secure.gravatar.com\/avatar\/ccc17943b9d660506c869530f897617f7cb1c21a4bf30023f252596d83e1f007?s=96&d=mm&r=g","url":"https:\/\/secure.gravatar.com\/avatar\/ccc17943b9d660506c869530f897617f7cb1c21a4bf30023f252596d83e1f007?s=96&d=mm&r=g","contentUrl":"https:\/\/secure.gravatar.com\/avatar\/ccc17943b9d660506c869530f897617f7cb1c21a4bf30023f252596d83e1f007?s=96&d=mm&r=g","caption":"admin"},"sameAs":["https:\/\/kibrisdakik.com"],"url":"https:\/\/kibrisdakik.com\/?author=1"}]}},"_links":{"self":[{"href":"https:\/\/kibrisdakik.com\/index.php?rest_route=\/wp\/v2\/posts\/58503","targetHints":{"allow":["GET"]}}],"collection":[{"href":"https:\/\/kibrisdakik.com\/index.php?rest_route=\/wp\/v2\/posts"}],"about":[{"href":"https:\/\/kibrisdakik.com\/index.php?rest_route=\/wp\/v2\/types\/post"}],"author":[{"embeddable":true,"href":"https:\/\/kibrisdakik.com\/index.php?rest_route=\/wp\/v2\/users\/1"}],"replies":[{"embeddable":true,"href":"https:\/\/kibrisdakik.com\/index.php?rest_route=%2Fwp%2Fv2%2Fcomments&post=58503"}],"version-history":[{"count":1,"href":"https:\/\/kibrisdakik.com\/index.php?rest_route=\/wp\/v2\/posts\/58503\/revisions"}],"predecessor-version":[{"id":58545,"href":"https:\/\/kibrisdakik.com\/index.php?rest_route=\/wp\/v2\/posts\/58503\/revisions\/58545"}],"wp:featuredmedia":[{"embeddable":true,"href":"https:\/\/kibrisdakik.com\/index.php?rest_route=\/wp\/v2\/media\/58504"}],"wp:attachment":[{"href":"https:\/\/kibrisdakik.com\/index.php?rest_route=%2Fwp%2Fv2%2Fmedia&parent=58503"}],"wp:term":[{"taxonomy":"category","embeddable":true,"href":"https:\/\/kibrisdakik.com\/index.php?rest_route=%2Fwp%2Fv2%2Fcategories&post=58503"},{"taxonomy":"post_tag","embeddable":true,"href":"https:\/\/kibrisdakik.com\/index.php?rest_route=%2Fwp%2Fv2%2Ftags&post=58503"}],"curies":[{"name":"wp","href":"https:\/\/api.w.org\/{rel}","templated":true}]}}