{"id":58553,"date":"2024-09-01T13:18:00","date_gmt":"2024-09-01T10:18:00","guid":{"rendered":"https:\/\/kibrisdakik.com\/index.php\/2024\/09\/01\/narini-arama-calismalari-12-gununde-komandolar-ilk-kez-araziye-indi\/"},"modified":"2024-09-01T13:18:00","modified_gmt":"2024-09-01T10:18:00","slug":"narini-arama-calismalari-12-gununde-komandolar-ilk-kez-araziye-indi","status":"publish","type":"post","link":"https:\/\/kibrisdakik.com\/?p=58553","title":{"rendered":"Narin&#8217;i arama \u00e7al\u0131\u015fmalar\u0131 12. g\u00fcn\u00fcnde! Komandolar ilk kez araziye indi"},"content":{"rendered":"<p><\/p>\n<div id=\"\">\n<p> <a class=\"keyword\" href=\"https:\/\/www.haberler.com\/diyarbakir\/\" title=\"Diyarbak\u0131r Haberleri, Diyarbak\u0131r Haberi, Diyarbak\u0131r Haber\"><strong>Diyarbak\u0131r<\/strong><\/a>&#8216;\u0131n Ba\u011flar il\u00e7esinde Kur&#8217;an kursundan \u00e7\u0131kt\u0131ktan sonra bir daha  <a class=\"keyword\" href=\"https:\/\/www.haberler.com\/\" title=\"Haber, Haberler\"><strong>haber<\/strong><\/a> al\u0131namayan Narin G\u00fcran&#8217;\u0131 (8) arama \u00e7al\u0131\u015fmalar\u0131 12&#8217;nci g\u00fcn\u00fcnde komandolar\u0131n deste\u011fiyle s\u00fcr\u00fcyor. Arazide bulunan elbise ve bez par\u00e7as\u0131 gibi \u00fcr\u00fcnler delil olarak al\u0131narak incelenmek \u00fczere Adli T\u0131p Kurumu&#8217;na g\u00f6nderilirken, Narin&#8217;in g\u00f6zalt\u0131ndaki amcas\u0131 S.G.&#8217;nin i\u015flemleri de devam ediyor. <\/p>\n<p>Olay, 21 A\u011fustos&#8217;ta \u00f6\u011fleden sonra Ba\u011flar il\u00e7esi k\u0131rsal Tav\u015fantepe Mahallesi&#8217;nde meydana geldi. Kur&#8217;an kursuna giden Narin G\u00fcran, \u00e7\u0131k\u0131\u015fta evlerine d\u00f6nmeyince ailesi kendi imkanlar\u0131yla arama yapt\u0131. K\u00f6yl\u00fclerle yap\u0131lan aramadan da sonu\u00e7 al\u0131namay\u0131nca Narin&#8217;in babas\u0131 Arif G\u00fcran, ayn\u0131 g\u00fcn saat 20.00 s\u0131ralar\u0131nda jandarma karakoluna giderek k\u0131z\u0131n\u0131n kay\u0131p oldu\u011fu bildirdi. Bunun \u00fczerine b\u00f6lgeye Ba\u011flar \u0130l\u00e7e Jandarma Komutanl\u0131\u011f\u0131, Ba\u011flar Asayi\u015f Komando B\u00f6l\u00fck Komutanl\u0131\u011f\u0131, Jandarma \u00d6zel Harekat timleri, Jandarma Su\u00e7 Ara\u015ft\u0131rma Timleri (JASAT), \u0130stihbarat \u015eube M\u00fcd\u00fcrl\u00fc\u011f\u00fc, K\u00f6pek \u0130z Takip Timi ve Su Alt\u0131 Arama Kurtarma Timi&#8217;nin yan\u0131 s\u0131ra sa\u011fl\u0131k,  <a class=\"keyword\" href=\"https:\/\/www.haberler.com\/afad\/\" title=\"Afad Haberleri, Afad Haberi, Afad Haber\"><strong>Afad<\/strong><\/a>, Diyarbak\u0131r B\u00fcy\u00fck\u015fehir Belediyesi Su Alt\u0131 Arama ekipleri ile il\u00e7e belediyelerden de arama kurtarma ekipleri sevk edildi.<\/p>\n<p><img loading=\"lazy\" decoding=\"async\" class=\"hbptMainImage lazyload ImgDetay\" src=\"https:\/\/foto.haberler.com\/haber\/2024\/09\/01\/narin-i-arama-calismalari-12-gununde-komandolar-17776103_8297_m.jpg\" alt=\"Narin'i arama \u00e7al\u0131\u015fmalar\u0131 12. g\u00fcn\u00fcnde! Komandolar ilk kez araziye indi\" width=\"640\" height=\"426\"\/><\/p>\n<p>Ayr\u0131ca Narin&#8217;in kayboldu\u011fu saatlerde yoldan ge\u00e7ti\u011fi tespit edilen yakla\u015f\u0131k 150 ara\u00e7 sorguland\u0131. Mahalledeki evler ve k\u00f6ye giri\u015f yapan ara\u00e7larda arama yap\u0131ld\u0131. Bug\u00fcne kadar toplamda 12 bin 565 ara\u00e7 arand\u0131, 130 ki\u015finin ifadesine ba\u015fvuruldu, 32 bin 952 ki\u015fi kontrol edildi, 7 iz takip k\u00f6pe\u011fi ile 11 bin d\u00f6n\u00fcmden fazla alanda arama yap\u0131ld\u0131.<\/p>\n<p><img loading=\"lazy\" decoding=\"async\" class=\"hbptMainImage lazyload ImgDetay\" src=\"https:\/\/foto.haberler.com\/haber\/2024\/09\/01\/narin-i-arama-calismalari-12-gununde-komandolar-17776103_2747_m.jpg\" alt=\"Narin'i arama \u00e7al\u0131\u015fmalar\u0131 12. g\u00fcn\u00fcnde! Komandolar ilk kez araziye indi\" width=\"640\" height=\"844\"\/><\/p>\n<h3> <i>SON G\u00d6R\u00dcNT\u00dcLER\u0130 OKULUN G\u00dcVENL\u0130K KAMERASINDA<\/i> <\/h3>\n<p>Ayr\u0131ca Narin&#8217;in kaybolmadan \u00f6nceki son g\u00f6r\u00fcnt\u00fcleri de ortaya \u00e7\u0131kt\u0131. Okulun 21 A\u011fustos&#8217;ta saat 15.15&#8217;teki g\u00f6r\u00fcnt\u00fclerinde, Narin&#8217;in 4 arkada\u015f\u0131yla y\u00fcr\u00fcd\u00fc\u011f\u00fc ve ard\u0131ndan ayr\u0131larak tepe yolunu kullan\u0131p, evine do\u011fru gitti\u011fi yer ald\u0131.<\/p>\n<p><img loading=\"lazy\" decoding=\"async\" class=\"hbptMainImage lazyload ImgDetay\" src=\"https:\/\/foto.haberler.com\/haber\/2024\/09\/01\/narin-i-arama-calismalari-12-gununde-komandolar-17776103_3690_m.jpg\" alt=\"Narin'i arama \u00e7al\u0131\u015fmalar\u0131 12. g\u00fcn\u00fcnde! Komandolar ilk kez araziye indi\" width=\"640\" height=\"426\"\/><\/p>\n<h3>A\u011eABEYDEN SONRA AMCA G\u00d6ZALTINDA<\/h3>\n<p>Arama \u00e7al\u0131\u015fmalar\u0131nda 22 A\u011fustos&#8217;ta evlerine 3 kilometre mesafede, 28 A\u011fustos&#8217;ta ise 2 kilometre mesafede iki farkl\u0131 \u00e7ocuk terli\u011fi bulundu. Ancak her iki terli\u011fin de ailesinin beyan\u0131yla Narin G\u00fcran&#8217;a ait olmad\u0131\u011f\u0131 belirlendi. Soru\u015fturma kapsam\u0131nda Narin G\u00fcran&#8217;\u0131n a\u011fabeyi E.G. (18), kolundaki \u0131s\u0131r\u0131k izleri nedeniyle g\u00f6zalt\u0131na al\u0131nd\u0131. \u0130stanbul Adli T\u0131p Kurumu&#8217;ndaki incelemede, \u0131s\u0131r\u0131k izlerinin Narin&#8217;e ait olup olmad\u0131\u011f\u0131 tespit edilemeyince E.G. serbest b\u0131rak\u0131ld\u0131. Soru\u015fturma s\u00fcrerken, bu kez Narin&#8217;in amcas\u0131, ayn\u0131 zamanda k\u0131rsal Tav\u015fantepe Mahallesi&#8217;nin muhtar\u0131 S.G. de g\u00f6zalt\u0131na al\u0131nd\u0131. S.G.&#8217;nin arac\u0131ndan al\u0131nan DNA \u00f6rneklerinin, Narin&#8217;in k\u0131yafetlerindeki DNA \u00f6rnekleriyle e\u015fle\u015fti\u011fi belirtildi. S.G.&#8217;nin i\u015flemleri devam ediyor.<\/p>\n<p><img loading=\"lazy\" decoding=\"async\" class=\"hbptMainImage lazyload ImgDetay\" src=\"https:\/\/foto.haberler.com\/haber\/2024\/09\/01\/narin-i-arama-calismalari-12-gununde-komandolar-17776103_6483_m.jpg\" alt=\"Narin'i arama \u00e7al\u0131\u015fmalar\u0131 12. g\u00fcn\u00fcnde! Komandolar ilk kez araziye indi\" width=\"640\" height=\"426\"\/><\/p>\n<h3>KOMANDOLAR ARAZ\u0130YE \u0130ND\u0130<\/h3>\n<p>Narin&#8217;i arama \u00e7al\u0131\u015fmalar\u0131 12&#8217;nci g\u00fcn\u00fcnde jandarma ve AFAD ekipleri taraf\u0131ndan s\u00fcrd\u00fcr\u00fcl\u00fcyor. \u00c7ok say\u0131da komando, Tav\u015fantepe Mahallesi&#8217;ne kom\u015fu k\u0131rsal Sar\u0131dall\u0131 Mahallesi mevkiinde arazide arama \u00e7al\u0131\u015fmas\u0131 ger\u00e7ekle\u015ftirdi. Komandolar arazide ve m\u0131s\u0131r tarlalar\u0131nda yapt\u0131klar\u0131 \u00e7al\u0131\u015fmalarda bulduklar\u0131 elbise ve bez par\u00e7alar\u0131n\u0131 delil olarak al\u0131p, incelenmek \u00fczere Diyarbak\u0131r Adli T\u0131p Kurumuna g\u00f6nderdi. Arama \u00e7al\u0131\u015fmalar\u0131 s\u00fcr\u00fcyor. <\/p>\n<figure class=\"type:primaryimage hbhOrder\" style=\"margin-bottom: 20px;\"><img loading=\"lazy\" decoding=\"async\" width=\"1202\" height=\"675\" class=\"hbptMainImage\" id=\"HaberImage\" src=\"https:\/\/foto.haberler.com\/resize\/601x337\/haber\/2024\/09\/01\/narin-i-arama-calismalari-12-gununde-komandolar-17776103_7614_amp.jpg\"\/><\/figure>\n<div class=\"editorSade\">Kaynak: Demir\u00f6ren Haber Ajans\u0131 \/  <a href=\"https:\/\/www.haberler.com\/guncel\/\" title=\"G\u00fcncel Haberleri\">G\u00fcncel<\/a> <\/div>\n<h4 id=\"nwsKeywords\"> <a href=\"https:\/\/www.haberler.com\/adli-tip-kurumu\/\" title=\"Adli T\u0131p Kurumu\" class=\"hbptTag\">Adli T\u0131p Kurumu<\/a>  <a href=\"https:\/\/www.haberler.com\/diyarbakir\/\" title=\"Diyarbak\u0131r\" class=\"hbptTag\">Diyarbak\u0131r<\/a>  <a href=\"https:\/\/www.haberler.com\/komando\/\" title=\"Komando\" class=\"hbptTag\">Komando<\/a>  <a href=\"https:\/\/www.haberler.com\/baglar\/\" title=\"Ba\u011flar\" class=\"hbptTag\">Ba\u011flar<\/a>  <a href=\"https:\/\/www.haberler.com\/misir\/\" title=\"M\u0131s\u0131r\" class=\"hbptTag\">M\u0131s\u0131r<\/a>  <a href=\"https:\/\/www.haberler.com\/afad\/\" title=\"AFAD\" class=\"hbptTag\">AFAD<\/a>  <a href=\"https:\/\/www.haberler.com\/yasam\/\" title=\"Ya\u015fam\" class=\"hbptTag\">Ya\u015fam<\/a>  <a href=\"https:\/\/www.haberler.com\/guncel\/\" title=\"G\u00fcncel\" class=\"hbptTag\">G\u00fcncel<\/a>  <a href=\"https:\/\/www.haberler.com\/\" title=\"Haberler\" class=\"hbptTag\">Haberler<\/a> <\/h4>\n<\/div>\n","protected":false},"excerpt":{"rendered":"<p>Diyarbak\u0131r&#8216;\u0131n Ba\u011flar il\u00e7esinde Kur&#8217;an kursundan \u00e7\u0131kt\u0131ktan sonra bir daha haber al\u0131namayan Narin G\u00fcran&#8217;\u0131 (8) arama \u00e7al\u0131\u015fmalar\u0131 12&#8217;nci g\u00fcn\u00fcnde komandolar\u0131n deste\u011fiyle s\u00fcr\u00fcyor. Arazide bulunan elbise ve bez par\u00e7as\u0131 gibi \u00fcr\u00fcnler delil olarak al\u0131narak incelenmek \u00fczere Adli T\u0131p Kurumu&#8217;na g\u00f6nderilirken, Narin&#8217;in g\u00f6zalt\u0131ndaki amcas\u0131 S.G.&#8217;nin i\u015flemleri de devam ediyor. Olay, 21 A\u011fustos&#8217;ta \u00f6\u011fleden sonra Ba\u011flar il\u00e7esi k\u0131rsal Tav\u015fantepe<\/p>\n","protected":false},"author":1,"featured_media":58554,"comment_status":"open","ping_status":"open","sticky":false,"template":"","format":"standard","meta":{"footnotes":""},"categories":[83],"tags":[],"class_list":["post-58553","post","type-post","status-publish","format-standard","has-post-thumbnail","hentry","category-magazin"],"yoast_head":"<!-- This site is optimized with the Yoast SEO plugin v27.4 - https:\/\/yoast.com\/product\/yoast-seo-wordpress\/ -->\n<title>Narin&#039;i arama \u00e7al\u0131\u015fmalar\u0131 12. g\u00fcn\u00fcnde! Komandolar ilk kez araziye indi -<\/title>\n<meta name=\"robots\" content=\"index, follow, max-snippet:-1, max-image-preview:large, max-video-preview:-1\" \/>\n<link rel=\"canonical\" href=\"https:\/\/kibrisdakik.com\/?p=58553\" \/>\n<meta property=\"og:locale\" content=\"tr_TR\" \/>\n<meta property=\"og:type\" content=\"article\" \/>\n<meta property=\"og:title\" content=\"Narin&#039;i arama \u00e7al\u0131\u015fmalar\u0131 12. g\u00fcn\u00fcnde! Komandolar ilk kez araziye indi -\" \/>\n<meta property=\"og:description\" content=\"Diyarbak\u0131r&#8216;\u0131n Ba\u011flar il\u00e7esinde Kur&#8217;an kursundan \u00e7\u0131kt\u0131ktan sonra bir daha haber al\u0131namayan Narin G\u00fcran&#8217;\u0131 (8) arama \u00e7al\u0131\u015fmalar\u0131 12&#8217;nci g\u00fcn\u00fcnde komandolar\u0131n deste\u011fiyle s\u00fcr\u00fcyor. Arazide bulunan elbise ve bez par\u00e7as\u0131 gibi \u00fcr\u00fcnler delil olarak al\u0131narak incelenmek \u00fczere Adli T\u0131p Kurumu&#8217;na g\u00f6nderilirken, Narin&#8217;in g\u00f6zalt\u0131ndaki amcas\u0131 S.G.&#8217;nin i\u015flemleri de devam ediyor. Olay, 21 A\u011fustos&#8217;ta \u00f6\u011fleden sonra Ba\u011flar il\u00e7esi k\u0131rsal Tav\u015fantepe\" \/>\n<meta property=\"og:url\" content=\"https:\/\/kibrisdakik.com\/?p=58553\" \/>\n<meta property=\"article:published_time\" content=\"2024-09-01T10:18:00+00:00\" \/>\n<meta property=\"og:image\" content=\"https:\/\/kibrisdakik.com\/wp-content\/uploads\/2024\/09\/narin-i-arama-calismalari-12-gununde-komandolar-17776103_8297_m-640x420.jpg\" \/>\n\t<meta property=\"og:image:width\" content=\"640\" \/>\n\t<meta property=\"og:image:height\" content=\"426\" \/>\n\t<meta property=\"og:image:type\" content=\"image\/jpeg\" \/>\n<meta name=\"author\" content=\"admin\" \/>\n<meta name=\"twitter:card\" content=\"summary_large_image\" \/>\n<meta name=\"twitter:label1\" content=\"Yazan:\" \/>\n\t<meta name=\"twitter:data1\" content=\"admin\" \/>\n\t<meta name=\"twitter:label2\" content=\"Tahmini okuma s\u00fcresi\" \/>\n\t<meta name=\"twitter:data2\" content=\"3 dakika\" \/>\n<script type=\"application\/ld+json\" class=\"yoast-schema-graph\">{\"@context\":\"https:\\\/\\\/schema.org\",\"@graph\":[{\"@type\":\"Article\",\"@id\":\"https:\\\/\\\/kibrisdakik.com\\\/?p=58553#article\",\"isPartOf\":{\"@id\":\"https:\\\/\\\/kibrisdakik.com\\\/?p=58553\"},\"author\":{\"name\":\"admin\",\"@id\":\"https:\\\/\\\/kibrisdakik.com\\\/#\\\/schema\\\/person\\\/9cd9d437bbb44f72b73ba127e06d8e79\"},\"headline\":\"Narin&#8217;i arama \u00e7al\u0131\u015fmalar\u0131 12. g\u00fcn\u00fcnde! Komandolar ilk kez araziye indi\",\"datePublished\":\"2024-09-01T10:18:00+00:00\",\"mainEntityOfPage\":{\"@id\":\"https:\\\/\\\/kibrisdakik.com\\\/?p=58553\"},\"wordCount\":582,\"commentCount\":0,\"image\":{\"@id\":\"https:\\\/\\\/kibrisdakik.com\\\/?p=58553#primaryimage\"},\"thumbnailUrl\":\"https:\\\/\\\/kibrisdakik.com\\\/wp-content\\\/uploads\\\/2024\\\/09\\\/narin-i-arama-calismalari-12-gununde-komandolar-17776103_8297_m-640x420.jpg\",\"articleSection\":[\"Magazin\"],\"inLanguage\":\"tr\",\"potentialAction\":[{\"@type\":\"CommentAction\",\"name\":\"Comment\",\"target\":[\"https:\\\/\\\/kibrisdakik.com\\\/?p=58553#respond\"]}]},{\"@type\":\"WebPage\",\"@id\":\"https:\\\/\\\/kibrisdakik.com\\\/?p=58553\",\"url\":\"https:\\\/\\\/kibrisdakik.com\\\/?p=58553\",\"name\":\"Narin'i arama \u00e7al\u0131\u015fmalar\u0131 12. g\u00fcn\u00fcnde! Komandolar ilk kez araziye indi -\",\"isPartOf\":{\"@id\":\"https:\\\/\\\/kibrisdakik.com\\\/#website\"},\"primaryImageOfPage\":{\"@id\":\"https:\\\/\\\/kibrisdakik.com\\\/?p=58553#primaryimage\"},\"image\":{\"@id\":\"https:\\\/\\\/kibrisdakik.com\\\/?p=58553#primaryimage\"},\"thumbnailUrl\":\"https:\\\/\\\/kibrisdakik.com\\\/wp-content\\\/uploads\\\/2024\\\/09\\\/narin-i-arama-calismalari-12-gununde-komandolar-17776103_8297_m-640x420.jpg\",\"datePublished\":\"2024-09-01T10:18:00+00:00\",\"author\":{\"@id\":\"https:\\\/\\\/kibrisdakik.com\\\/#\\\/schema\\\/person\\\/9cd9d437bbb44f72b73ba127e06d8e79\"},\"breadcrumb\":{\"@id\":\"https:\\\/\\\/kibrisdakik.com\\\/?p=58553#breadcrumb\"},\"inLanguage\":\"tr\",\"potentialAction\":[{\"@type\":\"ReadAction\",\"target\":[\"https:\\\/\\\/kibrisdakik.com\\\/?p=58553\"]}]},{\"@type\":\"ImageObject\",\"inLanguage\":\"tr\",\"@id\":\"https:\\\/\\\/kibrisdakik.com\\\/?p=58553#primaryimage\",\"url\":\"https:\\\/\\\/kibrisdakik.com\\\/wp-content\\\/uploads\\\/2024\\\/09\\\/narin-i-arama-calismalari-12-gununde-komandolar-17776103_8297_m-640x420.jpg\",\"contentUrl\":\"https:\\\/\\\/kibrisdakik.com\\\/wp-content\\\/uploads\\\/2024\\\/09\\\/narin-i-arama-calismalari-12-gununde-komandolar-17776103_8297_m-640x420.jpg\",\"width\":640,\"height\":426},{\"@type\":\"BreadcrumbList\",\"@id\":\"https:\\\/\\\/kibrisdakik.com\\\/?p=58553#breadcrumb\",\"itemListElement\":[{\"@type\":\"ListItem\",\"position\":1,\"name\":\"Home\",\"item\":\"https:\\\/\\\/kibrisdakik.com\\\/\"},{\"@type\":\"ListItem\",\"position\":2,\"name\":\"Narin&#8217;i arama \u00e7al\u0131\u015fmalar\u0131 12. g\u00fcn\u00fcnde! Komandolar ilk kez araziye indi\"}]},{\"@type\":\"WebSite\",\"@id\":\"https:\\\/\\\/kibrisdakik.com\\\/#website\",\"url\":\"https:\\\/\\\/kibrisdakik.com\\\/\",\"name\":\"\",\"description\":\"Tam vaktinde haber\",\"potentialAction\":[{\"@type\":\"SearchAction\",\"target\":{\"@type\":\"EntryPoint\",\"urlTemplate\":\"https:\\\/\\\/kibrisdakik.com\\\/?s={search_term_string}\"},\"query-input\":{\"@type\":\"PropertyValueSpecification\",\"valueRequired\":true,\"valueName\":\"search_term_string\"}}],\"inLanguage\":\"tr\"},{\"@type\":\"Person\",\"@id\":\"https:\\\/\\\/kibrisdakik.com\\\/#\\\/schema\\\/person\\\/9cd9d437bbb44f72b73ba127e06d8e79\",\"name\":\"admin\",\"image\":{\"@type\":\"ImageObject\",\"inLanguage\":\"tr\",\"@id\":\"https:\\\/\\\/secure.gravatar.com\\\/avatar\\\/ccc17943b9d660506c869530f897617f7cb1c21a4bf30023f252596d83e1f007?s=96&d=mm&r=g\",\"url\":\"https:\\\/\\\/secure.gravatar.com\\\/avatar\\\/ccc17943b9d660506c869530f897617f7cb1c21a4bf30023f252596d83e1f007?s=96&d=mm&r=g\",\"contentUrl\":\"https:\\\/\\\/secure.gravatar.com\\\/avatar\\\/ccc17943b9d660506c869530f897617f7cb1c21a4bf30023f252596d83e1f007?s=96&d=mm&r=g\",\"caption\":\"admin\"},\"sameAs\":[\"https:\\\/\\\/kibrisdakik.com\"],\"url\":\"https:\\\/\\\/kibrisdakik.com\\\/?author=1\"}]}<\/script>\n<!-- \/ Yoast SEO plugin. -->","yoast_head_json":{"title":"Narin'i arama \u00e7al\u0131\u015fmalar\u0131 12. g\u00fcn\u00fcnde! Komandolar ilk kez araziye indi -","robots":{"index":"index","follow":"follow","max-snippet":"max-snippet:-1","max-image-preview":"max-image-preview:large","max-video-preview":"max-video-preview:-1"},"canonical":"https:\/\/kibrisdakik.com\/?p=58553","og_locale":"tr_TR","og_type":"article","og_title":"Narin'i arama \u00e7al\u0131\u015fmalar\u0131 12. g\u00fcn\u00fcnde! Komandolar ilk kez araziye indi -","og_description":"Diyarbak\u0131r&#8216;\u0131n Ba\u011flar il\u00e7esinde Kur&#8217;an kursundan \u00e7\u0131kt\u0131ktan sonra bir daha haber al\u0131namayan Narin G\u00fcran&#8217;\u0131 (8) arama \u00e7al\u0131\u015fmalar\u0131 12&#8217;nci g\u00fcn\u00fcnde komandolar\u0131n deste\u011fiyle s\u00fcr\u00fcyor. Arazide bulunan elbise ve bez par\u00e7as\u0131 gibi \u00fcr\u00fcnler delil olarak al\u0131narak incelenmek \u00fczere Adli T\u0131p Kurumu&#8217;na g\u00f6nderilirken, Narin&#8217;in g\u00f6zalt\u0131ndaki amcas\u0131 S.G.&#8217;nin i\u015flemleri de devam ediyor. Olay, 21 A\u011fustos&#8217;ta \u00f6\u011fleden sonra Ba\u011flar il\u00e7esi k\u0131rsal Tav\u015fantepe","og_url":"https:\/\/kibrisdakik.com\/?p=58553","article_published_time":"2024-09-01T10:18:00+00:00","og_image":[{"width":640,"height":426,"url":"https:\/\/kibrisdakik.com\/wp-content\/uploads\/2024\/09\/narin-i-arama-calismalari-12-gununde-komandolar-17776103_8297_m-640x420.jpg","type":"image\/jpeg"}],"author":"admin","twitter_card":"summary_large_image","twitter_misc":{"Yazan:":"admin","Tahmini okuma s\u00fcresi":"3 dakika"},"schema":{"@context":"https:\/\/schema.org","@graph":[{"@type":"Article","@id":"https:\/\/kibrisdakik.com\/?p=58553#article","isPartOf":{"@id":"https:\/\/kibrisdakik.com\/?p=58553"},"author":{"name":"admin","@id":"https:\/\/kibrisdakik.com\/#\/schema\/person\/9cd9d437bbb44f72b73ba127e06d8e79"},"headline":"Narin&#8217;i arama \u00e7al\u0131\u015fmalar\u0131 12. g\u00fcn\u00fcnde! Komandolar ilk kez araziye indi","datePublished":"2024-09-01T10:18:00+00:00","mainEntityOfPage":{"@id":"https:\/\/kibrisdakik.com\/?p=58553"},"wordCount":582,"commentCount":0,"image":{"@id":"https:\/\/kibrisdakik.com\/?p=58553#primaryimage"},"thumbnailUrl":"https:\/\/kibrisdakik.com\/wp-content\/uploads\/2024\/09\/narin-i-arama-calismalari-12-gununde-komandolar-17776103_8297_m-640x420.jpg","articleSection":["Magazin"],"inLanguage":"tr","potentialAction":[{"@type":"CommentAction","name":"Comment","target":["https:\/\/kibrisdakik.com\/?p=58553#respond"]}]},{"@type":"WebPage","@id":"https:\/\/kibrisdakik.com\/?p=58553","url":"https:\/\/kibrisdakik.com\/?p=58553","name":"Narin'i arama \u00e7al\u0131\u015fmalar\u0131 12. g\u00fcn\u00fcnde! Komandolar ilk kez araziye indi -","isPartOf":{"@id":"https:\/\/kibrisdakik.com\/#website"},"primaryImageOfPage":{"@id":"https:\/\/kibrisdakik.com\/?p=58553#primaryimage"},"image":{"@id":"https:\/\/kibrisdakik.com\/?p=58553#primaryimage"},"thumbnailUrl":"https:\/\/kibrisdakik.com\/wp-content\/uploads\/2024\/09\/narin-i-arama-calismalari-12-gununde-komandolar-17776103_8297_m-640x420.jpg","datePublished":"2024-09-01T10:18:00+00:00","author":{"@id":"https:\/\/kibrisdakik.com\/#\/schema\/person\/9cd9d437bbb44f72b73ba127e06d8e79"},"breadcrumb":{"@id":"https:\/\/kibrisdakik.com\/?p=58553#breadcrumb"},"inLanguage":"tr","potentialAction":[{"@type":"ReadAction","target":["https:\/\/kibrisdakik.com\/?p=58553"]}]},{"@type":"ImageObject","inLanguage":"tr","@id":"https:\/\/kibrisdakik.com\/?p=58553#primaryimage","url":"https:\/\/kibrisdakik.com\/wp-content\/uploads\/2024\/09\/narin-i-arama-calismalari-12-gununde-komandolar-17776103_8297_m-640x420.jpg","contentUrl":"https:\/\/kibrisdakik.com\/wp-content\/uploads\/2024\/09\/narin-i-arama-calismalari-12-gununde-komandolar-17776103_8297_m-640x420.jpg","width":640,"height":426},{"@type":"BreadcrumbList","@id":"https:\/\/kibrisdakik.com\/?p=58553#breadcrumb","itemListElement":[{"@type":"ListItem","position":1,"name":"Home","item":"https:\/\/kibrisdakik.com\/"},{"@type":"ListItem","position":2,"name":"Narin&#8217;i arama \u00e7al\u0131\u015fmalar\u0131 12. g\u00fcn\u00fcnde! Komandolar ilk kez araziye indi"}]},{"@type":"WebSite","@id":"https:\/\/kibrisdakik.com\/#website","url":"https:\/\/kibrisdakik.com\/","name":"","description":"Tam vaktinde haber","potentialAction":[{"@type":"SearchAction","target":{"@type":"EntryPoint","urlTemplate":"https:\/\/kibrisdakik.com\/?s={search_term_string}"},"query-input":{"@type":"PropertyValueSpecification","valueRequired":true,"valueName":"search_term_string"}}],"inLanguage":"tr"},{"@type":"Person","@id":"https:\/\/kibrisdakik.com\/#\/schema\/person\/9cd9d437bbb44f72b73ba127e06d8e79","name":"admin","image":{"@type":"ImageObject","inLanguage":"tr","@id":"https:\/\/secure.gravatar.com\/avatar\/ccc17943b9d660506c869530f897617f7cb1c21a4bf30023f252596d83e1f007?s=96&d=mm&r=g","url":"https:\/\/secure.gravatar.com\/avatar\/ccc17943b9d660506c869530f897617f7cb1c21a4bf30023f252596d83e1f007?s=96&d=mm&r=g","contentUrl":"https:\/\/secure.gravatar.com\/avatar\/ccc17943b9d660506c869530f897617f7cb1c21a4bf30023f252596d83e1f007?s=96&d=mm&r=g","caption":"admin"},"sameAs":["https:\/\/kibrisdakik.com"],"url":"https:\/\/kibrisdakik.com\/?author=1"}]}},"_links":{"self":[{"href":"https:\/\/kibrisdakik.com\/index.php?rest_route=\/wp\/v2\/posts\/58553","targetHints":{"allow":["GET"]}}],"collection":[{"href":"https:\/\/kibrisdakik.com\/index.php?rest_route=\/wp\/v2\/posts"}],"about":[{"href":"https:\/\/kibrisdakik.com\/index.php?rest_route=\/wp\/v2\/types\/post"}],"author":[{"embeddable":true,"href":"https:\/\/kibrisdakik.com\/index.php?rest_route=\/wp\/v2\/users\/1"}],"replies":[{"embeddable":true,"href":"https:\/\/kibrisdakik.com\/index.php?rest_route=%2Fwp%2Fv2%2Fcomments&post=58553"}],"version-history":[{"count":0,"href":"https:\/\/kibrisdakik.com\/index.php?rest_route=\/wp\/v2\/posts\/58553\/revisions"}],"wp:featuredmedia":[{"embeddable":true,"href":"https:\/\/kibrisdakik.com\/index.php?rest_route=\/wp\/v2\/media\/58554"}],"wp:attachment":[{"href":"https:\/\/kibrisdakik.com\/index.php?rest_route=%2Fwp%2Fv2%2Fmedia&parent=58553"}],"wp:term":[{"taxonomy":"category","embeddable":true,"href":"https:\/\/kibrisdakik.com\/index.php?rest_route=%2Fwp%2Fv2%2Fcategories&post=58553"},{"taxonomy":"post_tag","embeddable":true,"href":"https:\/\/kibrisdakik.com\/index.php?rest_route=%2Fwp%2Fv2%2Ftags&post=58553"}],"curies":[{"name":"wp","href":"https:\/\/api.w.org\/{rel}","templated":true}]}}