{"id":58587,"date":"2024-09-01T15:47:46","date_gmt":"2024-09-01T12:47:46","guid":{"rendered":"https:\/\/kibrisdakik.com\/index.php\/2024\/09\/01\/chp-lideri-ozel-mustafa-kemalin-askerleriyiz-diyenleri-hedefe-koymaya-kalkanlari-affetmeyecegiz\/"},"modified":"2024-09-01T15:47:46","modified_gmt":"2024-09-01T12:47:46","slug":"chp-lideri-ozel-mustafa-kemalin-askerleriyiz-diyenleri-hedefe-koymaya-kalkanlari-affetmeyecegiz","status":"publish","type":"post","link":"https:\/\/kibrisdakik.com\/?p=58587","title":{"rendered":"CHP lideri \u00d6zel: &#8220;Mustafa Kemal&#8217;in askerleriyiz&#8221; diyenleri hedefe koymaya kalkanlar\u0131 affetmeyece\u011fiz"},"content":{"rendered":"<p><\/p>\n<div id=\"\">\n<p>Harp okullar\u0131n\u0131n mezuniyet t\u00f6renlerinde te\u011fmenlerin &#8220;Mustafa Kemal&#8217;in askerleriyiz&#8221; slogan\u0131 atmas\u0131n\u0131 ele\u015ftirenlere tepki g\u00f6steren CHP Genel Ba\u015fkan\u0131 \u00d6zg\u00fcr \u00d6zel, &#8220;&#8216;Mustafa Kemal&#8217;in askerleriyiz&#8217; demeyen bir te\u011fmen varsa beka sorunu oradad\u0131r. Mustafa Kemal&#8217;in askerleriyiz diyenleri hedefe koymaya kalkanlar\u0131, bu and\u0131n herhangi bir kelimesiyle \u00e7eli\u015fkili olanlar\u0131 tarih de biz de affetmeyece\u011fiz.&#8221; ifadelerini kulland\u0131.<\/p>\n<p>CHP Genel Ba\u015fkan\u0131 \u00d6zg\u00fcr \u00d6zel, Ankara \u0130l Dan\u0131\u015fma Kurulu Toplant\u0131s\u0131&#8217;na kat\u0131ld\u0131. \u00d6zel, kara, hava ve deniz harp okullar\u0131ndaki mezuniyet t\u00f6reninin ard\u0131ndan te\u011fmenlerin &#8220;Mustafa Kemal&#8217;in askerleriyiz&#8221; slogan\u0131 atmas\u0131 nedeniyle hedef tahtas\u0131na oturtulmas\u0131na sert tepki g\u00f6sterdi.<\/p>\n<h3>\u00d6ZEL: &#8220;GEP\u0130M\u0130Z TR\u0130KOP\u0130S&#8217;\u0130N ASKERLER\u0130Y\u0130Z&#8221; M\u0130 D\u0130YECEKLERD\u0130?<\/h3>\n<p>\u00d6zel, \u015funlar\u0131 s\u00f6yledi: &#8220;Kara, Deniz ve Hava Harp Okullar\u0131 mezuniyetlerini yap\u0131yor. Bu sene \u00fc\u00e7 okulun da birincisi gen\u00e7 kad\u0131n te\u011fmenler. Onlar\u0131 y\u00fcrekten alk\u0131\u015fl\u0131yorum. T\u00f6ren bittikten sonra and\u0131 i\u00e7tiler. Bu metin 2016 y\u0131l\u0131na kadar resmi t\u00f6renlerde okunan metin. Birileri bu metinden rahats\u0131z olmu\u015flar. Sonras\u0131nda da &#8216;Mustafa Kemal&#8217;in askerleriyiz&#8217; demi\u015fler. Ne diyeceklerdi. Ne diyeceklerdi, &#8220;Hepimiz Trikopis&#8217;in askerleriyiz&#8221; mi? Elbette Mustafa Kemal&#8217;in askerleri onlar.<\/p>\n<h3>&#8220;BUNU DEMEYEN B\u0130R TE\u011eMEN VARSA BEKA SORUNU ORADADIR&#8221;<\/h3>\n<p>&#8216;Mustafa Kemal&#8217;in askerleriyiz&#8217; demeyen bir te\u011fmen varsa beka sorunu oradad\u0131r. Mustafa Kemal&#8217;in askeriyim demeye itiraz edecek bir te\u011fmen mezun ediyorsak i\u015fte yand\u0131\u011f\u0131m\u0131z\u0131n resmi oradad\u0131r. Bu ne siyasettir, ne 28 \u015eubat\u00e7\u0131l\u0131kt\u0131r bilmem ne&#8230; Bir g\u00fcn askerler i\u015flerini b\u0131rak\u0131p bizim i\u015flerimize kar\u0131\u015fmaya kalkarsa 15 Temmuz gecesi nas\u0131l 14 arkada\u015f\u0131m\u0131zla gittik Meclis&#8217;i a\u00e7t\u0131rd\u0131k. Orada durmaya biliriz. Mustafa Kemal&#8217;in askerleriyiz diyenleri hedefe koymaya kalkanlar\u0131, bu and\u0131n herhangi bir kelimesiyle \u00e7eli\u015fkili olanlar\u0131 tarih de biz de affetmeyece\u011fiz.<\/p>\n<figure class=\"type:primaryimage hbhOrder\" style=\"margin-bottom: 20px;\"><img loading=\"lazy\" decoding=\"async\" width=\"1202\" height=\"675\" class=\"hbptMainImage\" id=\"HaberImage\" src=\"https:\/\/foto.haberler.com\/resize\/601x337\/haber\/2024\/09\/01\/chp-lideri-ozel-mustafa-kemal-in-askerleriyiz-17776508_6557_amp.jpg\"\/><\/figure>\n<h4 id=\"nwsKeywords\"> <a href=\"https:\/\/www.haberler.com\/ozgur-ozel\/\" title=\"\u00d6zg\u00fcr \u00d6zel\" class=\"hbptTag\">\u00d6zg\u00fcr \u00d6zel<\/a>  <a href=\"https:\/\/www.haberler.com\/tegmen\/\" title=\"Te\u011fmen\" class=\"hbptTag\">Te\u011fmen<\/a>  <a href=\"https:\/\/www.haberler.com\/politika\/\" title=\"Politika\" class=\"hbptTag\">Politika<\/a>  <a href=\"https:\/\/www.haberler.com\/\" title=\"Haberler\" class=\"hbptTag\">Haberler<\/a> <\/h4>\n<\/div>\n","protected":false},"excerpt":{"rendered":"<p>Harp okullar\u0131n\u0131n mezuniyet t\u00f6renlerinde te\u011fmenlerin &#8220;Mustafa Kemal&#8217;in askerleriyiz&#8221; slogan\u0131 atmas\u0131n\u0131 ele\u015ftirenlere tepki g\u00f6steren CHP Genel Ba\u015fkan\u0131 \u00d6zg\u00fcr \u00d6zel, &#8220;&#8216;Mustafa Kemal&#8217;in askerleriyiz&#8217; demeyen bir te\u011fmen varsa beka sorunu oradad\u0131r. Mustafa Kemal&#8217;in askerleriyiz diyenleri hedefe koymaya kalkanlar\u0131, bu and\u0131n herhangi bir kelimesiyle \u00e7eli\u015fkili olanlar\u0131 tarih de biz de affetmeyece\u011fiz.&#8221; ifadelerini kulland\u0131. CHP Genel Ba\u015fkan\u0131 \u00d6zg\u00fcr \u00d6zel, Ankara<\/p>\n","protected":false},"author":1,"featured_media":58588,"comment_status":"open","ping_status":"open","sticky":false,"template":"","format":"standard","meta":{"footnotes":""},"categories":[83],"tags":[],"class_list":["post-58587","post","type-post","status-publish","format-standard","has-post-thumbnail","hentry","category-magazin"],"yoast_head":"<!-- This site is optimized with the Yoast SEO plugin v27.4 - https:\/\/yoast.com\/product\/yoast-seo-wordpress\/ -->\n<title>CHP lideri \u00d6zel: &quot;Mustafa Kemal&#039;in askerleriyiz&quot; diyenleri hedefe koymaya kalkanlar\u0131 affetmeyece\u011fiz -<\/title>\n<meta name=\"robots\" content=\"index, follow, max-snippet:-1, max-image-preview:large, max-video-preview:-1\" \/>\n<link rel=\"canonical\" href=\"https:\/\/kibrisdakik.com\/?p=58587\" \/>\n<meta property=\"og:locale\" content=\"tr_TR\" \/>\n<meta property=\"og:type\" content=\"article\" \/>\n<meta property=\"og:title\" content=\"CHP lideri \u00d6zel: &quot;Mustafa Kemal&#039;in askerleriyiz&quot; diyenleri hedefe koymaya kalkanlar\u0131 affetmeyece\u011fiz -\" \/>\n<meta property=\"og:description\" content=\"Harp okullar\u0131n\u0131n mezuniyet t\u00f6renlerinde te\u011fmenlerin &#8220;Mustafa Kemal&#8217;in askerleriyiz&#8221; slogan\u0131 atmas\u0131n\u0131 ele\u015ftirenlere tepki g\u00f6steren CHP Genel Ba\u015fkan\u0131 \u00d6zg\u00fcr \u00d6zel, &#8220;&#8216;Mustafa Kemal&#8217;in askerleriyiz&#8217; demeyen bir te\u011fmen varsa beka sorunu oradad\u0131r. Mustafa Kemal&#8217;in askerleriyiz diyenleri hedefe koymaya kalkanlar\u0131, bu and\u0131n herhangi bir kelimesiyle \u00e7eli\u015fkili olanlar\u0131 tarih de biz de affetmeyece\u011fiz.&#8221; ifadelerini kulland\u0131. CHP Genel Ba\u015fkan\u0131 \u00d6zg\u00fcr \u00d6zel, Ankara\" \/>\n<meta property=\"og:url\" content=\"https:\/\/kibrisdakik.com\/?p=58587\" \/>\n<meta property=\"article:published_time\" content=\"2024-09-01T12:47:46+00:00\" \/>\n<meta property=\"og:image\" content=\"https:\/\/kibrisdakik.com\/wp-content\/uploads\/2024\/09\/chp-lideri-ozel-mustafa-kemal-in-askerleriyiz-17776508_6557_amp.jpg\" \/>\n\t<meta property=\"og:image:width\" content=\"601\" \/>\n\t<meta property=\"og:image:height\" content=\"337\" \/>\n\t<meta property=\"og:image:type\" content=\"image\/jpeg\" \/>\n<meta name=\"author\" content=\"admin\" \/>\n<meta name=\"twitter:card\" content=\"summary_large_image\" \/>\n<meta name=\"twitter:label1\" content=\"Yazan:\" \/>\n\t<meta name=\"twitter:data1\" content=\"admin\" \/>\n\t<meta name=\"twitter:label2\" content=\"Tahmini okuma s\u00fcresi\" \/>\n\t<meta name=\"twitter:data2\" content=\"2 dakika\" \/>\n<script type=\"application\/ld+json\" class=\"yoast-schema-graph\">{\"@context\":\"https:\\\/\\\/schema.org\",\"@graph\":[{\"@type\":\"Article\",\"@id\":\"https:\\\/\\\/kibrisdakik.com\\\/?p=58587#article\",\"isPartOf\":{\"@id\":\"https:\\\/\\\/kibrisdakik.com\\\/?p=58587\"},\"author\":{\"name\":\"admin\",\"@id\":\"https:\\\/\\\/kibrisdakik.com\\\/#\\\/schema\\\/person\\\/9cd9d437bbb44f72b73ba127e06d8e79\"},\"headline\":\"CHP lideri \u00d6zel: &#8220;Mustafa Kemal&#8217;in askerleriyiz&#8221; diyenleri hedefe koymaya kalkanlar\u0131 affetmeyece\u011fiz\",\"datePublished\":\"2024-09-01T12:47:46+00:00\",\"mainEntityOfPage\":{\"@id\":\"https:\\\/\\\/kibrisdakik.com\\\/?p=58587\"},\"wordCount\":323,\"commentCount\":0,\"image\":{\"@id\":\"https:\\\/\\\/kibrisdakik.com\\\/?p=58587#primaryimage\"},\"thumbnailUrl\":\"https:\\\/\\\/kibrisdakik.com\\\/wp-content\\\/uploads\\\/2024\\\/09\\\/chp-lideri-ozel-mustafa-kemal-in-askerleriyiz-17776508_6557_amp.jpg\",\"articleSection\":[\"Magazin\"],\"inLanguage\":\"tr\",\"potentialAction\":[{\"@type\":\"CommentAction\",\"name\":\"Comment\",\"target\":[\"https:\\\/\\\/kibrisdakik.com\\\/?p=58587#respond\"]}]},{\"@type\":\"WebPage\",\"@id\":\"https:\\\/\\\/kibrisdakik.com\\\/?p=58587\",\"url\":\"https:\\\/\\\/kibrisdakik.com\\\/?p=58587\",\"name\":\"CHP lideri \u00d6zel: \\\"Mustafa Kemal'in askerleriyiz\\\" diyenleri hedefe koymaya kalkanlar\u0131 affetmeyece\u011fiz -\",\"isPartOf\":{\"@id\":\"https:\\\/\\\/kibrisdakik.com\\\/#website\"},\"primaryImageOfPage\":{\"@id\":\"https:\\\/\\\/kibrisdakik.com\\\/?p=58587#primaryimage\"},\"image\":{\"@id\":\"https:\\\/\\\/kibrisdakik.com\\\/?p=58587#primaryimage\"},\"thumbnailUrl\":\"https:\\\/\\\/kibrisdakik.com\\\/wp-content\\\/uploads\\\/2024\\\/09\\\/chp-lideri-ozel-mustafa-kemal-in-askerleriyiz-17776508_6557_amp.jpg\",\"datePublished\":\"2024-09-01T12:47:46+00:00\",\"author\":{\"@id\":\"https:\\\/\\\/kibrisdakik.com\\\/#\\\/schema\\\/person\\\/9cd9d437bbb44f72b73ba127e06d8e79\"},\"breadcrumb\":{\"@id\":\"https:\\\/\\\/kibrisdakik.com\\\/?p=58587#breadcrumb\"},\"inLanguage\":\"tr\",\"potentialAction\":[{\"@type\":\"ReadAction\",\"target\":[\"https:\\\/\\\/kibrisdakik.com\\\/?p=58587\"]}]},{\"@type\":\"ImageObject\",\"inLanguage\":\"tr\",\"@id\":\"https:\\\/\\\/kibrisdakik.com\\\/?p=58587#primaryimage\",\"url\":\"https:\\\/\\\/kibrisdakik.com\\\/wp-content\\\/uploads\\\/2024\\\/09\\\/chp-lideri-ozel-mustafa-kemal-in-askerleriyiz-17776508_6557_amp.jpg\",\"contentUrl\":\"https:\\\/\\\/kibrisdakik.com\\\/wp-content\\\/uploads\\\/2024\\\/09\\\/chp-lideri-ozel-mustafa-kemal-in-askerleriyiz-17776508_6557_amp.jpg\",\"width\":601,\"height\":337},{\"@type\":\"BreadcrumbList\",\"@id\":\"https:\\\/\\\/kibrisdakik.com\\\/?p=58587#breadcrumb\",\"itemListElement\":[{\"@type\":\"ListItem\",\"position\":1,\"name\":\"Home\",\"item\":\"https:\\\/\\\/kibrisdakik.com\\\/\"},{\"@type\":\"ListItem\",\"position\":2,\"name\":\"CHP lideri \u00d6zel: &#8220;Mustafa Kemal&#8217;in askerleriyiz&#8221; diyenleri hedefe koymaya kalkanlar\u0131 affetmeyece\u011fiz\"}]},{\"@type\":\"WebSite\",\"@id\":\"https:\\\/\\\/kibrisdakik.com\\\/#website\",\"url\":\"https:\\\/\\\/kibrisdakik.com\\\/\",\"name\":\"\",\"description\":\"Tam vaktinde haber\",\"potentialAction\":[{\"@type\":\"SearchAction\",\"target\":{\"@type\":\"EntryPoint\",\"urlTemplate\":\"https:\\\/\\\/kibrisdakik.com\\\/?s={search_term_string}\"},\"query-input\":{\"@type\":\"PropertyValueSpecification\",\"valueRequired\":true,\"valueName\":\"search_term_string\"}}],\"inLanguage\":\"tr\"},{\"@type\":\"Person\",\"@id\":\"https:\\\/\\\/kibrisdakik.com\\\/#\\\/schema\\\/person\\\/9cd9d437bbb44f72b73ba127e06d8e79\",\"name\":\"admin\",\"image\":{\"@type\":\"ImageObject\",\"inLanguage\":\"tr\",\"@id\":\"https:\\\/\\\/secure.gravatar.com\\\/avatar\\\/ccc17943b9d660506c869530f897617f7cb1c21a4bf30023f252596d83e1f007?s=96&d=mm&r=g\",\"url\":\"https:\\\/\\\/secure.gravatar.com\\\/avatar\\\/ccc17943b9d660506c869530f897617f7cb1c21a4bf30023f252596d83e1f007?s=96&d=mm&r=g\",\"contentUrl\":\"https:\\\/\\\/secure.gravatar.com\\\/avatar\\\/ccc17943b9d660506c869530f897617f7cb1c21a4bf30023f252596d83e1f007?s=96&d=mm&r=g\",\"caption\":\"admin\"},\"sameAs\":[\"https:\\\/\\\/kibrisdakik.com\"],\"url\":\"https:\\\/\\\/kibrisdakik.com\\\/?author=1\"}]}<\/script>\n<!-- \/ Yoast SEO plugin. -->","yoast_head_json":{"title":"CHP lideri \u00d6zel: \"Mustafa Kemal'in askerleriyiz\" diyenleri hedefe koymaya kalkanlar\u0131 affetmeyece\u011fiz -","robots":{"index":"index","follow":"follow","max-snippet":"max-snippet:-1","max-image-preview":"max-image-preview:large","max-video-preview":"max-video-preview:-1"},"canonical":"https:\/\/kibrisdakik.com\/?p=58587","og_locale":"tr_TR","og_type":"article","og_title":"CHP lideri \u00d6zel: \"Mustafa Kemal'in askerleriyiz\" diyenleri hedefe koymaya kalkanlar\u0131 affetmeyece\u011fiz -","og_description":"Harp okullar\u0131n\u0131n mezuniyet t\u00f6renlerinde te\u011fmenlerin &#8220;Mustafa Kemal&#8217;in askerleriyiz&#8221; slogan\u0131 atmas\u0131n\u0131 ele\u015ftirenlere tepki g\u00f6steren CHP Genel Ba\u015fkan\u0131 \u00d6zg\u00fcr \u00d6zel, &#8220;&#8216;Mustafa Kemal&#8217;in askerleriyiz&#8217; demeyen bir te\u011fmen varsa beka sorunu oradad\u0131r. Mustafa Kemal&#8217;in askerleriyiz diyenleri hedefe koymaya kalkanlar\u0131, bu and\u0131n herhangi bir kelimesiyle \u00e7eli\u015fkili olanlar\u0131 tarih de biz de affetmeyece\u011fiz.&#8221; ifadelerini kulland\u0131. CHP Genel Ba\u015fkan\u0131 \u00d6zg\u00fcr \u00d6zel, Ankara","og_url":"https:\/\/kibrisdakik.com\/?p=58587","article_published_time":"2024-09-01T12:47:46+00:00","og_image":[{"width":601,"height":337,"url":"https:\/\/kibrisdakik.com\/wp-content\/uploads\/2024\/09\/chp-lideri-ozel-mustafa-kemal-in-askerleriyiz-17776508_6557_amp.jpg","type":"image\/jpeg"}],"author":"admin","twitter_card":"summary_large_image","twitter_misc":{"Yazan:":"admin","Tahmini okuma s\u00fcresi":"2 dakika"},"schema":{"@context":"https:\/\/schema.org","@graph":[{"@type":"Article","@id":"https:\/\/kibrisdakik.com\/?p=58587#article","isPartOf":{"@id":"https:\/\/kibrisdakik.com\/?p=58587"},"author":{"name":"admin","@id":"https:\/\/kibrisdakik.com\/#\/schema\/person\/9cd9d437bbb44f72b73ba127e06d8e79"},"headline":"CHP lideri \u00d6zel: &#8220;Mustafa Kemal&#8217;in askerleriyiz&#8221; diyenleri hedefe koymaya kalkanlar\u0131 affetmeyece\u011fiz","datePublished":"2024-09-01T12:47:46+00:00","mainEntityOfPage":{"@id":"https:\/\/kibrisdakik.com\/?p=58587"},"wordCount":323,"commentCount":0,"image":{"@id":"https:\/\/kibrisdakik.com\/?p=58587#primaryimage"},"thumbnailUrl":"https:\/\/kibrisdakik.com\/wp-content\/uploads\/2024\/09\/chp-lideri-ozel-mustafa-kemal-in-askerleriyiz-17776508_6557_amp.jpg","articleSection":["Magazin"],"inLanguage":"tr","potentialAction":[{"@type":"CommentAction","name":"Comment","target":["https:\/\/kibrisdakik.com\/?p=58587#respond"]}]},{"@type":"WebPage","@id":"https:\/\/kibrisdakik.com\/?p=58587","url":"https:\/\/kibrisdakik.com\/?p=58587","name":"CHP lideri \u00d6zel: \"Mustafa Kemal'in askerleriyiz\" diyenleri hedefe koymaya kalkanlar\u0131 affetmeyece\u011fiz -","isPartOf":{"@id":"https:\/\/kibrisdakik.com\/#website"},"primaryImageOfPage":{"@id":"https:\/\/kibrisdakik.com\/?p=58587#primaryimage"},"image":{"@id":"https:\/\/kibrisdakik.com\/?p=58587#primaryimage"},"thumbnailUrl":"https:\/\/kibrisdakik.com\/wp-content\/uploads\/2024\/09\/chp-lideri-ozel-mustafa-kemal-in-askerleriyiz-17776508_6557_amp.jpg","datePublished":"2024-09-01T12:47:46+00:00","author":{"@id":"https:\/\/kibrisdakik.com\/#\/schema\/person\/9cd9d437bbb44f72b73ba127e06d8e79"},"breadcrumb":{"@id":"https:\/\/kibrisdakik.com\/?p=58587#breadcrumb"},"inLanguage":"tr","potentialAction":[{"@type":"ReadAction","target":["https:\/\/kibrisdakik.com\/?p=58587"]}]},{"@type":"ImageObject","inLanguage":"tr","@id":"https:\/\/kibrisdakik.com\/?p=58587#primaryimage","url":"https:\/\/kibrisdakik.com\/wp-content\/uploads\/2024\/09\/chp-lideri-ozel-mustafa-kemal-in-askerleriyiz-17776508_6557_amp.jpg","contentUrl":"https:\/\/kibrisdakik.com\/wp-content\/uploads\/2024\/09\/chp-lideri-ozel-mustafa-kemal-in-askerleriyiz-17776508_6557_amp.jpg","width":601,"height":337},{"@type":"BreadcrumbList","@id":"https:\/\/kibrisdakik.com\/?p=58587#breadcrumb","itemListElement":[{"@type":"ListItem","position":1,"name":"Home","item":"https:\/\/kibrisdakik.com\/"},{"@type":"ListItem","position":2,"name":"CHP lideri \u00d6zel: &#8220;Mustafa Kemal&#8217;in askerleriyiz&#8221; diyenleri hedefe koymaya kalkanlar\u0131 affetmeyece\u011fiz"}]},{"@type":"WebSite","@id":"https:\/\/kibrisdakik.com\/#website","url":"https:\/\/kibrisdakik.com\/","name":"","description":"Tam vaktinde haber","potentialAction":[{"@type":"SearchAction","target":{"@type":"EntryPoint","urlTemplate":"https:\/\/kibrisdakik.com\/?s={search_term_string}"},"query-input":{"@type":"PropertyValueSpecification","valueRequired":true,"valueName":"search_term_string"}}],"inLanguage":"tr"},{"@type":"Person","@id":"https:\/\/kibrisdakik.com\/#\/schema\/person\/9cd9d437bbb44f72b73ba127e06d8e79","name":"admin","image":{"@type":"ImageObject","inLanguage":"tr","@id":"https:\/\/secure.gravatar.com\/avatar\/ccc17943b9d660506c869530f897617f7cb1c21a4bf30023f252596d83e1f007?s=96&d=mm&r=g","url":"https:\/\/secure.gravatar.com\/avatar\/ccc17943b9d660506c869530f897617f7cb1c21a4bf30023f252596d83e1f007?s=96&d=mm&r=g","contentUrl":"https:\/\/secure.gravatar.com\/avatar\/ccc17943b9d660506c869530f897617f7cb1c21a4bf30023f252596d83e1f007?s=96&d=mm&r=g","caption":"admin"},"sameAs":["https:\/\/kibrisdakik.com"],"url":"https:\/\/kibrisdakik.com\/?author=1"}]}},"_links":{"self":[{"href":"https:\/\/kibrisdakik.com\/index.php?rest_route=\/wp\/v2\/posts\/58587","targetHints":{"allow":["GET"]}}],"collection":[{"href":"https:\/\/kibrisdakik.com\/index.php?rest_route=\/wp\/v2\/posts"}],"about":[{"href":"https:\/\/kibrisdakik.com\/index.php?rest_route=\/wp\/v2\/types\/post"}],"author":[{"embeddable":true,"href":"https:\/\/kibrisdakik.com\/index.php?rest_route=\/wp\/v2\/users\/1"}],"replies":[{"embeddable":true,"href":"https:\/\/kibrisdakik.com\/index.php?rest_route=%2Fwp%2Fv2%2Fcomments&post=58587"}],"version-history":[{"count":0,"href":"https:\/\/kibrisdakik.com\/index.php?rest_route=\/wp\/v2\/posts\/58587\/revisions"}],"wp:featuredmedia":[{"embeddable":true,"href":"https:\/\/kibrisdakik.com\/index.php?rest_route=\/wp\/v2\/media\/58588"}],"wp:attachment":[{"href":"https:\/\/kibrisdakik.com\/index.php?rest_route=%2Fwp%2Fv2%2Fmedia&parent=58587"}],"wp:term":[{"taxonomy":"category","embeddable":true,"href":"https:\/\/kibrisdakik.com\/index.php?rest_route=%2Fwp%2Fv2%2Fcategories&post=58587"},{"taxonomy":"post_tag","embeddable":true,"href":"https:\/\/kibrisdakik.com\/index.php?rest_route=%2Fwp%2Fv2%2Ftags&post=58587"}],"curies":[{"name":"wp","href":"https:\/\/api.w.org\/{rel}","templated":true}]}}