{"id":58633,"date":"2024-09-01T22:45:06","date_gmt":"2024-09-01T19:45:06","guid":{"rendered":"https:\/\/kibrisdakik.com\/index.php\/2024\/09\/01\/vounous-pismis-toprak-sempozyumu-basladi\/"},"modified":"2024-09-01T22:45:06","modified_gmt":"2024-09-01T19:45:06","slug":"vounous-pismis-toprak-sempozyumu-basladi","status":"publish","type":"post","link":"https:\/\/kibrisdakik.com\/?p=58633","title":{"rendered":"\u2018Vounous Pi\u015fmi\u015f Toprak Sempozyumu\u2019  ba\u015flad\u0131"},"content":{"rendered":"<p> <br \/>\n<\/p>\n<div>\n<div class=\"mariselle-image-container center\">\n                <img loading=\"lazy\" decoding=\"async\" width=\"2560\" height=\"1438\" class=\"lazy-image\" alt=\"\" sizes=\"auto, (max-width: 2560px) 100vw, 2560px\" src=\"https:\/\/brtk.net\/wp-content\/uploads\/2024\/09\/01\/von-scaled.jpg?ver=439af68e2ab4d12ad5c50b1e1660cdbf\" srcset=\"https:\/\/brtk.net\/wp-content\/uploads\/2024\/09\/01\/von-scaled.jpg?ver=439af68e2ab4d12ad5c50b1e1660cdbf 2560w, https:\/\/brtk.net\/wp-content\/uploads\/2024\/09\/01\/von-300x169.jpg?ver=439af68e2ab4d12ad5c50b1e1660cdbf 300w, https:\/\/brtk.net\/wp-content\/uploads\/2024\/09\/01\/von-1024x575.jpg?ver=3be55d34d2dceca8d96cb9c42d1b571f 1024w, https:\/\/brtk.net\/wp-content\/uploads\/2024\/09\/01\/von-768x431.jpg?ver=305fafc6dc4a57fe825a6dd7a9d96dc1 768w, https:\/\/brtk.net\/wp-content\/uploads\/2024\/09\/01\/von-1536x863.jpg?ver=305fafc6dc4a57fe825a6dd7a9d96dc1 1536w, https:\/\/brtk.net\/wp-content\/uploads\/2024\/09\/01\/von-2048x1150.jpg?ver=8f8416c5175ef55ca48ba0ba6b158038 2048w\"\/>                            <\/div>\n<p>\u00c7atalk\u00f6y Belediyesi taraf\u0131ndan bu y\u0131l 6\u2019nc\u0131s\u0131 \u2018Vounous Pi\u015fmi\u015f Toprak Sempozyumu\u2019 1-16 Eyl\u00fcl tarihleri aras\u0131nda ger\u00e7ekle\u015ftiriliyor.<\/p>\n<p>Sempozyum hakk\u0131nda <a href=\"https:\/\/brtk.net\/\">BRT<\/a>\u2018ye bilgi veren sempozyum k\u00fcrat\u00f6r\u00fc seramik sanat\u00e7\u0131s\u0131 Rauf Ersenal, bu y\u0131lki sempozyuma 8 \u00fclkeden 60 sanat\u00e7\u0131n\u0131n kat\u0131laca\u011f\u0131n\u0131 s\u00f6yledi.<\/p>\n<p>\u00c7atalk\u00f6y de bulunan \u2018Vounous\u2019 tarihi yerle\u015fkesinde \u00e7\u0131kar\u0131lan eserlerin yurt d\u0131\u015f\u0131na ka\u00e7\u0131r\u0131ld\u0131\u011f\u0131n\u0131 an\u0131msatan Ersenal, \u00fclkemize ait bu eserlerin replikalar\u0131n\u0131  yaparak eserlerin yeniden hayat bulmas\u0131n\u0131 sa\u011flad\u0131klar\u0131n\u0131 s\u00f6yledi.<\/p>\n<p>Bu y\u0131l sadece pi\u015fmi\u015f seramik alan\u0131nda de\u011fil,  primitif tekniklerle tun\u00e7 ve bak\u0131r eritme i\u015flemleri yan\u0131 s\u0131ra mozaik \u00e7al\u0131\u015fmalar\u0131 da yap\u0131laca\u011f\u0131n\u0131 dile getiren Rauf Ersenal, devasa k\u00fcpler yaparak d\u00fcnya rekortmeni olan  sanat\u00e7\u0131 Ahmet Ta\u015f\u2019\u0131n da sempozyum i\u00e7in dev boyutlu k\u00fcpler \u00fcretece\u011fini belirtti.<\/p>\n<p>Sempozyum \u00e7er\u00e7evesinde \u00fcretilecek t\u00fcm eserlerin 16 Eyl\u00fcl Pazartesi g\u00fcn\u00fc d\u00fczenlenecek gala gecesiyle vatanda\u015flar\u0131n be\u011fenisine sunulaca\u011f\u0131n\u0131 dile getiren Ersenal, dileyen vatanda\u015flar\u0131n sempozyum s\u00fcresince olu\u015fturulan k\u00f6y\u00fc ziyaret ederek \u00e7al\u0131\u015fmalar\u0131 yak\u0131ndan izleyebilece\u011fini s\u00f6yledi.<\/p>\n<p>Vounous 6\u2019nc\u0131 Pi\u015fmi\u015f Toprak Sempozyumu\u2019na bu y\u0131l Kuzey K\u0131br\u0131s T\u00fcrk Cumhuriyeti, T\u00fcrkiye, Amerika Birle\u015fik Devletleri, Rusya, Letonya, Almanya  ve \u0130talya\u2019dan gibi \u00fclkelerden sanat\u00e7\u0131lar kat\u0131lacak. <\/p>\n<p>Sempozyum 16 Eyl\u00fcl\u2019de sona erecek.<\/p>\n<\/p><\/div>\n<p><script async\n                    defer\n                    crossorigin=\"anonymous\"\n                    src=\"https:\/\/connect.facebook.net\/tr_TR\/sdk.js#xfbml=1&#038;version=v3.3\"\n            ><\/script><br \/>\n<br \/><br \/>\n<br \/><a href=\"https:\/\/brtk.net\/vounous-pismis-toprak-sempozyumu-basladi\/\">kpostasi <\/a><\/p>\n","protected":false},"excerpt":{"rendered":"<p>\u00c7atalk\u00f6y Belediyesi taraf\u0131ndan bu y\u0131l 6\u2019nc\u0131s\u0131 \u2018Vounous Pi\u015fmi\u015f Toprak Sempozyumu\u2019 1-16 Eyl\u00fcl tarihleri aras\u0131nda ger\u00e7ekle\u015ftiriliyor. Sempozyum hakk\u0131nda BRT\u2018ye bilgi veren sempozyum k\u00fcrat\u00f6r\u00fc seramik sanat\u00e7\u0131s\u0131 Rauf Ersenal, bu y\u0131lki sempozyuma 8 \u00fclkeden 60 sanat\u00e7\u0131n\u0131n kat\u0131laca\u011f\u0131n\u0131 s\u00f6yledi. \u00c7atalk\u00f6y de bulunan \u2018Vounous\u2019 tarihi yerle\u015fkesinde \u00e7\u0131kar\u0131lan eserlerin yurt d\u0131\u015f\u0131na ka\u00e7\u0131r\u0131ld\u0131\u011f\u0131n\u0131 an\u0131msatan Ersenal, \u00fclkemize ait bu eserlerin replikalar\u0131n\u0131 yaparak eserlerin<\/p>\n","protected":false},"author":1,"featured_media":58634,"comment_status":"open","ping_status":"open","sticky":false,"template":"","format":"standard","meta":{"footnotes":""},"categories":[1,81],"tags":[],"class_list":["post-58633","post","type-post","status-publish","format-standard","has-post-thumbnail","hentry","category-gundem","category-kibris"],"yoast_head":"<!-- This site is optimized with the Yoast SEO plugin v27.5 - https:\/\/yoast.com\/product\/yoast-seo-wordpress\/ -->\n<title>\u2018Vounous Pi\u015fmi\u015f Toprak Sempozyumu\u2019 ba\u015flad\u0131 -<\/title>\n<meta name=\"robots\" content=\"index, follow, max-snippet:-1, max-image-preview:large, max-video-preview:-1\" \/>\n<link rel=\"canonical\" href=\"https:\/\/kibrisdakik.com\/?p=58633\" \/>\n<meta property=\"og:locale\" content=\"tr_TR\" \/>\n<meta property=\"og:type\" content=\"article\" \/>\n<meta property=\"og:title\" content=\"\u2018Vounous Pi\u015fmi\u015f Toprak Sempozyumu\u2019 ba\u015flad\u0131 -\" \/>\n<meta property=\"og:description\" content=\"\u00c7atalk\u00f6y Belediyesi taraf\u0131ndan bu y\u0131l 6\u2019nc\u0131s\u0131 \u2018Vounous Pi\u015fmi\u015f Toprak Sempozyumu\u2019 1-16 Eyl\u00fcl tarihleri aras\u0131nda ger\u00e7ekle\u015ftiriliyor. Sempozyum hakk\u0131nda BRT\u2018ye bilgi veren sempozyum k\u00fcrat\u00f6r\u00fc seramik sanat\u00e7\u0131s\u0131 Rauf Ersenal, bu y\u0131lki sempozyuma 8 \u00fclkeden 60 sanat\u00e7\u0131n\u0131n kat\u0131laca\u011f\u0131n\u0131 s\u00f6yledi. \u00c7atalk\u00f6y de bulunan \u2018Vounous\u2019 tarihi yerle\u015fkesinde \u00e7\u0131kar\u0131lan eserlerin yurt d\u0131\u015f\u0131na ka\u00e7\u0131r\u0131ld\u0131\u011f\u0131n\u0131 an\u0131msatan Ersenal, \u00fclkemize ait bu eserlerin replikalar\u0131n\u0131 yaparak eserlerin\" \/>\n<meta property=\"og:url\" content=\"https:\/\/kibrisdakik.com\/?p=58633\" \/>\n<meta property=\"article:published_time\" content=\"2024-09-01T19:45:06+00:00\" \/>\n<meta property=\"og:image\" content=\"https:\/\/kibrisdakik.com\/wp-content\/uploads\/2024\/09\/von-scaled-740x420.jpg\" \/>\n\t<meta property=\"og:image:width\" content=\"2560\" \/>\n\t<meta property=\"og:image:height\" content=\"1438\" \/>\n\t<meta property=\"og:image:type\" content=\"image\/jpeg\" \/>\n<meta name=\"author\" content=\"admin\" \/>\n<meta name=\"twitter:card\" content=\"summary_large_image\" \/>\n<meta name=\"twitter:label1\" content=\"Yazan:\" \/>\n\t<meta name=\"twitter:data1\" content=\"admin\" \/>\n\t<meta name=\"twitter:label2\" content=\"Tahmini okuma s\u00fcresi\" \/>\n\t<meta name=\"twitter:data2\" content=\"1 dakika\" \/>\n<script type=\"application\/ld+json\" class=\"yoast-schema-graph\">{\"@context\":\"https:\\\/\\\/schema.org\",\"@graph\":[{\"@type\":\"Article\",\"@id\":\"https:\\\/\\\/kibrisdakik.com\\\/?p=58633#article\",\"isPartOf\":{\"@id\":\"https:\\\/\\\/kibrisdakik.com\\\/?p=58633\"},\"author\":{\"name\":\"admin\",\"@id\":\"https:\\\/\\\/kibrisdakik.com\\\/#\\\/schema\\\/person\\\/9cd9d437bbb44f72b73ba127e06d8e79\"},\"headline\":\"\u2018Vounous Pi\u015fmi\u015f Toprak Sempozyumu\u2019 ba\u015flad\u0131\",\"datePublished\":\"2024-09-01T19:45:06+00:00\",\"mainEntityOfPage\":{\"@id\":\"https:\\\/\\\/kibrisdakik.com\\\/?p=58633\"},\"wordCount\":247,\"commentCount\":0,\"image\":{\"@id\":\"https:\\\/\\\/kibrisdakik.com\\\/?p=58633#primaryimage\"},\"thumbnailUrl\":\"https:\\\/\\\/kibrisdakik.com\\\/wp-content\\\/uploads\\\/2024\\\/09\\\/von-scaled-740x420.jpg\",\"articleSection\":[\"G\u00fcndem\",\"K\u0131br\u0131s\"],\"inLanguage\":\"tr\",\"potentialAction\":[{\"@type\":\"CommentAction\",\"name\":\"Comment\",\"target\":[\"https:\\\/\\\/kibrisdakik.com\\\/?p=58633#respond\"]}]},{\"@type\":\"WebPage\",\"@id\":\"https:\\\/\\\/kibrisdakik.com\\\/?p=58633\",\"url\":\"https:\\\/\\\/kibrisdakik.com\\\/?p=58633\",\"name\":\"\u2018Vounous Pi\u015fmi\u015f Toprak Sempozyumu\u2019 ba\u015flad\u0131 -\",\"isPartOf\":{\"@id\":\"https:\\\/\\\/kibrisdakik.com\\\/#website\"},\"primaryImageOfPage\":{\"@id\":\"https:\\\/\\\/kibrisdakik.com\\\/?p=58633#primaryimage\"},\"image\":{\"@id\":\"https:\\\/\\\/kibrisdakik.com\\\/?p=58633#primaryimage\"},\"thumbnailUrl\":\"https:\\\/\\\/kibrisdakik.com\\\/wp-content\\\/uploads\\\/2024\\\/09\\\/von-scaled-740x420.jpg\",\"datePublished\":\"2024-09-01T19:45:06+00:00\",\"author\":{\"@id\":\"https:\\\/\\\/kibrisdakik.com\\\/#\\\/schema\\\/person\\\/9cd9d437bbb44f72b73ba127e06d8e79\"},\"breadcrumb\":{\"@id\":\"https:\\\/\\\/kibrisdakik.com\\\/?p=58633#breadcrumb\"},\"inLanguage\":\"tr\",\"potentialAction\":[{\"@type\":\"ReadAction\",\"target\":[\"https:\\\/\\\/kibrisdakik.com\\\/?p=58633\"]}]},{\"@type\":\"ImageObject\",\"inLanguage\":\"tr\",\"@id\":\"https:\\\/\\\/kibrisdakik.com\\\/?p=58633#primaryimage\",\"url\":\"https:\\\/\\\/kibrisdakik.com\\\/wp-content\\\/uploads\\\/2024\\\/09\\\/von-scaled-740x420.jpg\",\"contentUrl\":\"https:\\\/\\\/kibrisdakik.com\\\/wp-content\\\/uploads\\\/2024\\\/09\\\/von-scaled-740x420.jpg\",\"width\":2560,\"height\":1438},{\"@type\":\"BreadcrumbList\",\"@id\":\"https:\\\/\\\/kibrisdakik.com\\\/?p=58633#breadcrumb\",\"itemListElement\":[{\"@type\":\"ListItem\",\"position\":1,\"name\":\"Home\",\"item\":\"https:\\\/\\\/kibrisdakik.com\\\/\"},{\"@type\":\"ListItem\",\"position\":2,\"name\":\"\u2018Vounous Pi\u015fmi\u015f Toprak Sempozyumu\u2019 ba\u015flad\u0131\"}]},{\"@type\":\"WebSite\",\"@id\":\"https:\\\/\\\/kibrisdakik.com\\\/#website\",\"url\":\"https:\\\/\\\/kibrisdakik.com\\\/\",\"name\":\"\",\"description\":\"Tam vaktinde haber\",\"potentialAction\":[{\"@type\":\"SearchAction\",\"target\":{\"@type\":\"EntryPoint\",\"urlTemplate\":\"https:\\\/\\\/kibrisdakik.com\\\/?s={search_term_string}\"},\"query-input\":{\"@type\":\"PropertyValueSpecification\",\"valueRequired\":true,\"valueName\":\"search_term_string\"}}],\"inLanguage\":\"tr\"},{\"@type\":\"Person\",\"@id\":\"https:\\\/\\\/kibrisdakik.com\\\/#\\\/schema\\\/person\\\/9cd9d437bbb44f72b73ba127e06d8e79\",\"name\":\"admin\",\"image\":{\"@type\":\"ImageObject\",\"inLanguage\":\"tr\",\"@id\":\"https:\\\/\\\/secure.gravatar.com\\\/avatar\\\/ccc17943b9d660506c869530f897617f7cb1c21a4bf30023f252596d83e1f007?s=96&d=mm&r=g\",\"url\":\"https:\\\/\\\/secure.gravatar.com\\\/avatar\\\/ccc17943b9d660506c869530f897617f7cb1c21a4bf30023f252596d83e1f007?s=96&d=mm&r=g\",\"contentUrl\":\"https:\\\/\\\/secure.gravatar.com\\\/avatar\\\/ccc17943b9d660506c869530f897617f7cb1c21a4bf30023f252596d83e1f007?s=96&d=mm&r=g\",\"caption\":\"admin\"},\"sameAs\":[\"https:\\\/\\\/kibrisdakik.com\"],\"url\":\"https:\\\/\\\/kibrisdakik.com\\\/?author=1\"}]}<\/script>\n<!-- \/ Yoast SEO plugin. -->","yoast_head_json":{"title":"\u2018Vounous Pi\u015fmi\u015f Toprak Sempozyumu\u2019 ba\u015flad\u0131 -","robots":{"index":"index","follow":"follow","max-snippet":"max-snippet:-1","max-image-preview":"max-image-preview:large","max-video-preview":"max-video-preview:-1"},"canonical":"https:\/\/kibrisdakik.com\/?p=58633","og_locale":"tr_TR","og_type":"article","og_title":"\u2018Vounous Pi\u015fmi\u015f Toprak Sempozyumu\u2019 ba\u015flad\u0131 -","og_description":"\u00c7atalk\u00f6y Belediyesi taraf\u0131ndan bu y\u0131l 6\u2019nc\u0131s\u0131 \u2018Vounous Pi\u015fmi\u015f Toprak Sempozyumu\u2019 1-16 Eyl\u00fcl tarihleri aras\u0131nda ger\u00e7ekle\u015ftiriliyor. Sempozyum hakk\u0131nda BRT\u2018ye bilgi veren sempozyum k\u00fcrat\u00f6r\u00fc seramik sanat\u00e7\u0131s\u0131 Rauf Ersenal, bu y\u0131lki sempozyuma 8 \u00fclkeden 60 sanat\u00e7\u0131n\u0131n kat\u0131laca\u011f\u0131n\u0131 s\u00f6yledi. \u00c7atalk\u00f6y de bulunan \u2018Vounous\u2019 tarihi yerle\u015fkesinde \u00e7\u0131kar\u0131lan eserlerin yurt d\u0131\u015f\u0131na ka\u00e7\u0131r\u0131ld\u0131\u011f\u0131n\u0131 an\u0131msatan Ersenal, \u00fclkemize ait bu eserlerin replikalar\u0131n\u0131 yaparak eserlerin","og_url":"https:\/\/kibrisdakik.com\/?p=58633","article_published_time":"2024-09-01T19:45:06+00:00","og_image":[{"width":2560,"height":1438,"url":"https:\/\/kibrisdakik.com\/wp-content\/uploads\/2024\/09\/von-scaled-740x420.jpg","type":"image\/jpeg"}],"author":"admin","twitter_card":"summary_large_image","twitter_misc":{"Yazan:":"admin","Tahmini okuma s\u00fcresi":"1 dakika"},"schema":{"@context":"https:\/\/schema.org","@graph":[{"@type":"Article","@id":"https:\/\/kibrisdakik.com\/?p=58633#article","isPartOf":{"@id":"https:\/\/kibrisdakik.com\/?p=58633"},"author":{"name":"admin","@id":"https:\/\/kibrisdakik.com\/#\/schema\/person\/9cd9d437bbb44f72b73ba127e06d8e79"},"headline":"\u2018Vounous Pi\u015fmi\u015f Toprak Sempozyumu\u2019 ba\u015flad\u0131","datePublished":"2024-09-01T19:45:06+00:00","mainEntityOfPage":{"@id":"https:\/\/kibrisdakik.com\/?p=58633"},"wordCount":247,"commentCount":0,"image":{"@id":"https:\/\/kibrisdakik.com\/?p=58633#primaryimage"},"thumbnailUrl":"https:\/\/kibrisdakik.com\/wp-content\/uploads\/2024\/09\/von-scaled-740x420.jpg","articleSection":["G\u00fcndem","K\u0131br\u0131s"],"inLanguage":"tr","potentialAction":[{"@type":"CommentAction","name":"Comment","target":["https:\/\/kibrisdakik.com\/?p=58633#respond"]}]},{"@type":"WebPage","@id":"https:\/\/kibrisdakik.com\/?p=58633","url":"https:\/\/kibrisdakik.com\/?p=58633","name":"\u2018Vounous Pi\u015fmi\u015f Toprak Sempozyumu\u2019 ba\u015flad\u0131 -","isPartOf":{"@id":"https:\/\/kibrisdakik.com\/#website"},"primaryImageOfPage":{"@id":"https:\/\/kibrisdakik.com\/?p=58633#primaryimage"},"image":{"@id":"https:\/\/kibrisdakik.com\/?p=58633#primaryimage"},"thumbnailUrl":"https:\/\/kibrisdakik.com\/wp-content\/uploads\/2024\/09\/von-scaled-740x420.jpg","datePublished":"2024-09-01T19:45:06+00:00","author":{"@id":"https:\/\/kibrisdakik.com\/#\/schema\/person\/9cd9d437bbb44f72b73ba127e06d8e79"},"breadcrumb":{"@id":"https:\/\/kibrisdakik.com\/?p=58633#breadcrumb"},"inLanguage":"tr","potentialAction":[{"@type":"ReadAction","target":["https:\/\/kibrisdakik.com\/?p=58633"]}]},{"@type":"ImageObject","inLanguage":"tr","@id":"https:\/\/kibrisdakik.com\/?p=58633#primaryimage","url":"https:\/\/kibrisdakik.com\/wp-content\/uploads\/2024\/09\/von-scaled-740x420.jpg","contentUrl":"https:\/\/kibrisdakik.com\/wp-content\/uploads\/2024\/09\/von-scaled-740x420.jpg","width":2560,"height":1438},{"@type":"BreadcrumbList","@id":"https:\/\/kibrisdakik.com\/?p=58633#breadcrumb","itemListElement":[{"@type":"ListItem","position":1,"name":"Home","item":"https:\/\/kibrisdakik.com\/"},{"@type":"ListItem","position":2,"name":"\u2018Vounous Pi\u015fmi\u015f Toprak Sempozyumu\u2019 ba\u015flad\u0131"}]},{"@type":"WebSite","@id":"https:\/\/kibrisdakik.com\/#website","url":"https:\/\/kibrisdakik.com\/","name":"","description":"Tam vaktinde haber","potentialAction":[{"@type":"SearchAction","target":{"@type":"EntryPoint","urlTemplate":"https:\/\/kibrisdakik.com\/?s={search_term_string}"},"query-input":{"@type":"PropertyValueSpecification","valueRequired":true,"valueName":"search_term_string"}}],"inLanguage":"tr"},{"@type":"Person","@id":"https:\/\/kibrisdakik.com\/#\/schema\/person\/9cd9d437bbb44f72b73ba127e06d8e79","name":"admin","image":{"@type":"ImageObject","inLanguage":"tr","@id":"https:\/\/secure.gravatar.com\/avatar\/ccc17943b9d660506c869530f897617f7cb1c21a4bf30023f252596d83e1f007?s=96&d=mm&r=g","url":"https:\/\/secure.gravatar.com\/avatar\/ccc17943b9d660506c869530f897617f7cb1c21a4bf30023f252596d83e1f007?s=96&d=mm&r=g","contentUrl":"https:\/\/secure.gravatar.com\/avatar\/ccc17943b9d660506c869530f897617f7cb1c21a4bf30023f252596d83e1f007?s=96&d=mm&r=g","caption":"admin"},"sameAs":["https:\/\/kibrisdakik.com"],"url":"https:\/\/kibrisdakik.com\/?author=1"}]}},"_links":{"self":[{"href":"https:\/\/kibrisdakik.com\/index.php?rest_route=\/wp\/v2\/posts\/58633","targetHints":{"allow":["GET"]}}],"collection":[{"href":"https:\/\/kibrisdakik.com\/index.php?rest_route=\/wp\/v2\/posts"}],"about":[{"href":"https:\/\/kibrisdakik.com\/index.php?rest_route=\/wp\/v2\/types\/post"}],"author":[{"embeddable":true,"href":"https:\/\/kibrisdakik.com\/index.php?rest_route=\/wp\/v2\/users\/1"}],"replies":[{"embeddable":true,"href":"https:\/\/kibrisdakik.com\/index.php?rest_route=%2Fwp%2Fv2%2Fcomments&post=58633"}],"version-history":[{"count":0,"href":"https:\/\/kibrisdakik.com\/index.php?rest_route=\/wp\/v2\/posts\/58633\/revisions"}],"wp:featuredmedia":[{"embeddable":true,"href":"https:\/\/kibrisdakik.com\/index.php?rest_route=\/wp\/v2\/media\/58634"}],"wp:attachment":[{"href":"https:\/\/kibrisdakik.com\/index.php?rest_route=%2Fwp%2Fv2%2Fmedia&parent=58633"}],"wp:term":[{"taxonomy":"category","embeddable":true,"href":"https:\/\/kibrisdakik.com\/index.php?rest_route=%2Fwp%2Fv2%2Fcategories&post=58633"},{"taxonomy":"post_tag","embeddable":true,"href":"https:\/\/kibrisdakik.com\/index.php?rest_route=%2Fwp%2Fv2%2Ftags&post=58633"}],"curies":[{"name":"wp","href":"https:\/\/api.w.org\/{rel}","templated":true}]}}