{"id":58845,"date":"2024-09-02T18:29:44","date_gmt":"2024-09-02T15:29:44","guid":{"rendered":"https:\/\/kibrisdakik.com\/index.php\/2024\/09\/02\/cumhurbaskani-tatar-emekcilerin-haklarinin-yenmesinden-de-isverenlerin-zorda-birakilmasindan-da-yana-degilim\/"},"modified":"2024-09-02T18:29:44","modified_gmt":"2024-09-02T15:29:44","slug":"cumhurbaskani-tatar-emekcilerin-haklarinin-yenmesinden-de-isverenlerin-zorda-birakilmasindan-da-yana-degilim","status":"publish","type":"post","link":"https:\/\/kibrisdakik.com\/?p=58845","title":{"rendered":"Cumhurba\u015fkan\u0131 Tatar: Emek\u00e7ilerin haklar\u0131n\u0131n yenmesinden de, i\u015fverenlerin zorda b\u0131rak\u0131lmas\u0131ndan da yana de\u011filim"},"content":{"rendered":"<div>\n<div class=\"mariselle-image-container center\">\n                                            <\/div>\n<p>Cumhurba\u015fkan\u0131 Ersin Tatar, K\u0131br\u0131s T\u00fcrk Ticaret Odas\u0131 (KTTO) 61. Ola\u011fan Genel Kurulu\u2019nda asgari \u00fccrete ili\u015fkin yapt\u0131\u011f\u0131 a\u00e7\u0131klaman\u0131n farkl\u0131 noktalara \u00e7ekildi\u011fini ifade ederek s\u00f6zlerine a\u00e7\u0131kl\u0131k getirdi.<\/p>\n<p>\u00dccretlerin, hayat pahal\u0131l\u0131\u011f\u0131 dikkate al\u0131narak d\u00fczenlendi\u011fini, d\u00fczenlenmesi gerekti\u011fini vurgulayan Tatar, bununla birlikte \u00fclkedeki ekonomik yap\u0131n\u0131n, di\u011fer ekonomik g\u00f6stergelerin ve rekabet g\u00fcc\u00fcn\u00fcn de mutlaka dikkate al\u0131nmas\u0131 gerekti\u011fini kaydetti.<\/p>\n<p>Kendisinin halk\u0131n ya\u015fam seviyesi ve ya\u015fam kalitesinin a\u015fa\u011f\u0131ya \u00e7ekilmesinden de\u011fil tam tersine y\u00fckseltilmesinden yana oldu\u011funu vurgulayan Cumhurba\u015fkan\u0131 Tatar,  T\u00fcrk Ajans\u0131 K\u0131br\u0131s\u2019a (TAK) yapt\u0131\u011f\u0131 a\u00e7\u0131klamada, \u201cEmek\u00e7ilerin haklar\u0131n\u0131n yenmesinden de, i\u015fverenlerin zorda b\u0131rak\u0131larak istihdam\u0131n zarar g\u00f6rmesinden de yana de\u011filim. Asgari \u00fccret, ekonomik b\u00fcy\u00fcme, rekabet g\u00fcc\u00fc ve istihdam birlikte de\u011ferlendirilmeli\u201d diye konu\u015ftu.<\/p>\n<p>\u015eu anda genel olarak uygulanan asgari \u00fccretin baz\u0131 Avrupa Birli\u011fi \u00fclkelerinin bile \u00fczerinde oldu\u011funa i\u015faret eden Cumhurba\u015fkan\u0131 Tatar, bu \u00e7er\u00e7evede, zaman zaman g\u00fcndeme gelen, \u00fczerinde \u00e7al\u0131\u015f\u0131lan sekt\u00f6rel asgari \u00fccret uygulamas\u0131n\u0131n hayata ge\u00e7irilmesi gerekti\u011fini belirtti. <\/p>\n<p>Her sekt\u00f6r\u00fcn yap\u0131s\u0131n\u0131n farkl\u0131 oldu\u011funu, bu sebeple her sekt\u00f6r\u00fcn asgari \u00fccretinin ayr\u0131 ayr\u0131 belirlenmesinin daha iyi olaca\u011f\u0131n\u0131 ifade eden Tatar, \u201czorluk derecesine, yap\u0131lan i\u015fe g\u00f6re d\u00fczenlemeler yap\u0131lmas\u0131n\u0131n daha iyi sonu\u00e7lar verece\u011fini\u201d belirtti.  Tatar aksi halde, \u201calan i\u00e7in d\u00fc\u015f\u00fck, veren i\u00e7in y\u00fcksek\u201d bir asgari \u00fccret tablosu ortaya \u00e7\u0131kaca\u011f\u0131n\u0131 bildirdi.<\/p>\n<p>Cumhurba\u015fkan\u0131 Tatar, \u201cKanaatimce sekt\u00f6rlere g\u00f6re farkl\u0131 asgari \u00fccret saptanmas\u0131, \u00fc\u00e7\u00fcnc\u00fc \u00fclkelerden gelen ve bar\u0131nma, beslenme, ula\u015f\u0131m gibi pek \u00e7ok ihtiya\u00e7lar\u0131 i\u015fveren taraf\u0131ndan kar\u015f\u0131lanan \u00e7al\u0131\u015fanlara farkl\u0131 \u00fccret \u00f6denmesi i\u00e7in yap\u0131lan \u00e7al\u0131\u015fmalar\u0131n h\u0131zla ileri g\u00f6t\u00fcr\u00fclmesinin zaman\u0131 gelmi\u015ftir\u201d dedi.<\/p>\n<p>Asgari \u00fccretin, temelde vas\u0131fs\u0131z \u00e7al\u0131\u015fanlar i\u00e7in \u00f6ng\u00f6r\u00fcld\u00fc\u011f\u00fcn\u00fc, t\u00fcm \u00e7al\u0131\u015fanlar i\u00e7in yayg\u0131n olarak kullan\u0131lmamas\u0131 gerekti\u011fini ifade eden Cumhurba\u015fkan\u0131 Tatar, ideal olan\u0131n, \u00f6zellikle de kalifiye \u00e7al\u0131\u015fanlar\u0131n, \u00e7al\u0131\u015ft\u0131\u011f\u0131 i\u015fyerine yapt\u0131\u011f\u0131 katk\u0131 \u00e7er\u00e7evesinde maa\u015f almas\u0131 oldu\u011funu s\u00f6yledi.<\/p>\n<p>\u201cSa\u011fl\u0131kl\u0131 bir ekonomi ancak bu esaslar \u00fczerinde geli\u015febilir ve s\u00fcrd\u00fcr\u00fclebilir\u201d diyen Tatar, \u201caksi halde dengeler bozulur, rekabet g\u00fcc\u00fc kaybolur, i\u015fsizlik artar, g\u00fcn\u00fcn sonunda herkes kaybeder\u201d \u015feklinde konu\u015ftu.<\/p>\n<p>Hem ekonomik dengelerin, hem de \u00e7al\u0131\u015fanlar\u0131n \u00e7\u0131karlar\u0131n\u0131n korunmas\u0131 gerekti\u011fini, \u00e7al\u0131\u015fma bar\u0131\u015f\u0131n\u0131n ancak b\u00f6yle sa\u011flanabilece\u011fini ifade eden Cumhurba\u015fkan\u0131 Tatar, baz\u0131 i\u015fverenlerin \u00e7al\u0131\u015fanlar\u0131n\u0131n yat\u0131r\u0131mlar\u0131n\u0131 ger\u00e7ek maa\u015f de\u011fil, asgari \u00fccret \u00fczerinden yap\u0131lmas\u0131n\u0131 da do\u011fru bulmad\u0131\u011f\u0131n\u0131 vurgulad\u0131.<\/p>\n<p>Cumhurba\u015fkan\u0131 Tatar s\u00f6zlerini \u015f\u00f6yle noktalad\u0131:<\/p>\n<p>\u201cGen\u00e7lerimiz i\u00e7in istihdam olanaklar\u0131 yaratmal\u0131, yat\u0131r\u0131mc\u0131lar\u0131 \u00fcrk\u00fctmeden yeni i\u015f olanaklar\u0131 ortaya koymalar\u0131n\u0131 te\u015fvik etmeli, \u00e7e\u015fitli yasal ve ekonomik yollarla mal ve hizmetlerin a\u015f\u0131r\u0131 fiyatlanmalar\u0131n\u0131n \u00f6n\u00fcne ge\u00e7meliyiz.  K\u0131sacas\u0131, ekonomimizin daha ileri gitmesi i\u00e7in hep birlikte d\u00fcne g\u00f6re daha fazla gayret sarf etmeliyiz. Hatalar\u0131m\u0131z, s\u0131k\u0131nt\u0131lar\u0131m\u0131z varsa geride b\u0131rakmal\u0131y\u0131z. Bu y\u00f6nde bana d\u00fc\u015fen ne varsa yapmaya haz\u0131r\u0131m. Benim anlatmak istedi\u011fim budur.\u201d<\/p>\n<\/p><\/div>\n<p><script async\n                    defer\n                    crossorigin=\"anonymous\"\n                    src=\"https:\/\/connect.facebook.net\/tr_TR\/sdk.js#xfbml=1&#038;version=v3.3\"\n            ><\/script><\/p>\n","protected":false},"excerpt":{"rendered":"<p>Cumhurba\u015fkan\u0131 Ersin Tatar, K\u0131br\u0131s T\u00fcrk Ticaret Odas\u0131 (KTTO) 61. Ola\u011fan Genel Kurulu\u2019nda asgari \u00fccrete ili\u015fkin yapt\u0131\u011f\u0131 a\u00e7\u0131klaman\u0131n farkl\u0131 noktalara \u00e7ekildi\u011fini ifade ederek s\u00f6zlerine a\u00e7\u0131kl\u0131k getirdi. \u00dccretlerin, hayat pahal\u0131l\u0131\u011f\u0131 dikkate al\u0131narak d\u00fczenlendi\u011fini, d\u00fczenlenmesi gerekti\u011fini vurgulayan Tatar, bununla birlikte \u00fclkedeki ekonomik yap\u0131n\u0131n, di\u011fer ekonomik g\u00f6stergelerin ve rekabet g\u00fcc\u00fcn\u00fcn de mutlaka dikkate al\u0131nmas\u0131 gerekti\u011fini kaydetti. Kendisinin halk\u0131n ya\u015fam<\/p>\n","protected":false},"author":1,"featured_media":58846,"comment_status":"open","ping_status":"open","sticky":false,"template":"","format":"standard","meta":{"footnotes":""},"categories":[81],"tags":[],"class_list":["post-58845","post","type-post","status-publish","format-standard","has-post-thumbnail","hentry","category-kibris"],"yoast_head":"<!-- This site is optimized with the Yoast SEO plugin v27.5 - https:\/\/yoast.com\/product\/yoast-seo-wordpress\/ -->\n<title>Cumhurba\u015fkan\u0131 Tatar: Emek\u00e7ilerin haklar\u0131n\u0131n yenmesinden de, i\u015fverenlerin zorda b\u0131rak\u0131lmas\u0131ndan da yana de\u011filim -<\/title>\n<meta name=\"robots\" content=\"index, follow, max-snippet:-1, max-image-preview:large, max-video-preview:-1\" \/>\n<link rel=\"canonical\" href=\"https:\/\/kibrisdakik.com\/?p=58845\" \/>\n<meta property=\"og:locale\" content=\"tr_TR\" \/>\n<meta property=\"og:type\" content=\"article\" \/>\n<meta property=\"og:title\" content=\"Cumhurba\u015fkan\u0131 Tatar: Emek\u00e7ilerin haklar\u0131n\u0131n yenmesinden de, i\u015fverenlerin zorda b\u0131rak\u0131lmas\u0131ndan da yana de\u011filim -\" \/>\n<meta property=\"og:description\" content=\"Cumhurba\u015fkan\u0131 Ersin Tatar, K\u0131br\u0131s T\u00fcrk Ticaret Odas\u0131 (KTTO) 61. Ola\u011fan Genel Kurulu\u2019nda asgari \u00fccrete ili\u015fkin yapt\u0131\u011f\u0131 a\u00e7\u0131klaman\u0131n farkl\u0131 noktalara \u00e7ekildi\u011fini ifade ederek s\u00f6zlerine a\u00e7\u0131kl\u0131k getirdi. \u00dccretlerin, hayat pahal\u0131l\u0131\u011f\u0131 dikkate al\u0131narak d\u00fczenlendi\u011fini, d\u00fczenlenmesi gerekti\u011fini vurgulayan Tatar, bununla birlikte \u00fclkedeki ekonomik yap\u0131n\u0131n, di\u011fer ekonomik g\u00f6stergelerin ve rekabet g\u00fcc\u00fcn\u00fcn de mutlaka dikkate al\u0131nmas\u0131 gerekti\u011fini kaydetti. Kendisinin halk\u0131n ya\u015fam\" \/>\n<meta property=\"og:url\" content=\"https:\/\/kibrisdakik.com\/?p=58845\" \/>\n<meta property=\"article:published_time\" content=\"2024-09-02T15:29:44+00:00\" \/>\n<meta property=\"og:image\" content=\"https:\/\/kibrisdakik.com\/wp-content\/uploads\/2024\/09\/tatar-1115-740x420.jpg\" \/>\n\t<meta property=\"og:image:width\" content=\"1600\" \/>\n\t<meta property=\"og:image:height\" content=\"1066\" \/>\n\t<meta property=\"og:image:type\" content=\"image\/jpeg\" \/>\n<meta name=\"author\" content=\"admin\" \/>\n<meta name=\"twitter:card\" content=\"summary_large_image\" \/>\n<meta name=\"twitter:label1\" content=\"Yazan:\" \/>\n\t<meta name=\"twitter:data1\" content=\"admin\" \/>\n\t<meta name=\"twitter:label2\" content=\"Tahmini okuma s\u00fcresi\" \/>\n\t<meta name=\"twitter:data2\" content=\"3 dakika\" \/>\n<script type=\"application\/ld+json\" class=\"yoast-schema-graph\">{\"@context\":\"https:\\\/\\\/schema.org\",\"@graph\":[{\"@type\":\"Article\",\"@id\":\"https:\\\/\\\/kibrisdakik.com\\\/?p=58845#article\",\"isPartOf\":{\"@id\":\"https:\\\/\\\/kibrisdakik.com\\\/?p=58845\"},\"author\":{\"name\":\"admin\",\"@id\":\"https:\\\/\\\/kibrisdakik.com\\\/#\\\/schema\\\/person\\\/9cd9d437bbb44f72b73ba127e06d8e79\"},\"headline\":\"Cumhurba\u015fkan\u0131 Tatar: Emek\u00e7ilerin haklar\u0131n\u0131n yenmesinden de, i\u015fverenlerin zorda b\u0131rak\u0131lmas\u0131ndan da yana de\u011filim\",\"datePublished\":\"2024-09-02T15:29:44+00:00\",\"mainEntityOfPage\":{\"@id\":\"https:\\\/\\\/kibrisdakik.com\\\/?p=58845\"},\"wordCount\":598,\"commentCount\":0,\"image\":{\"@id\":\"https:\\\/\\\/kibrisdakik.com\\\/?p=58845#primaryimage\"},\"thumbnailUrl\":\"https:\\\/\\\/kibrisdakik.com\\\/wp-content\\\/uploads\\\/2024\\\/09\\\/tatar-1115-740x420.jpg\",\"articleSection\":[\"K\u0131br\u0131s\"],\"inLanguage\":\"tr\",\"potentialAction\":[{\"@type\":\"CommentAction\",\"name\":\"Comment\",\"target\":[\"https:\\\/\\\/kibrisdakik.com\\\/?p=58845#respond\"]}]},{\"@type\":\"WebPage\",\"@id\":\"https:\\\/\\\/kibrisdakik.com\\\/?p=58845\",\"url\":\"https:\\\/\\\/kibrisdakik.com\\\/?p=58845\",\"name\":\"Cumhurba\u015fkan\u0131 Tatar: Emek\u00e7ilerin haklar\u0131n\u0131n yenmesinden de, i\u015fverenlerin zorda b\u0131rak\u0131lmas\u0131ndan da yana de\u011filim -\",\"isPartOf\":{\"@id\":\"https:\\\/\\\/kibrisdakik.com\\\/#website\"},\"primaryImageOfPage\":{\"@id\":\"https:\\\/\\\/kibrisdakik.com\\\/?p=58845#primaryimage\"},\"image\":{\"@id\":\"https:\\\/\\\/kibrisdakik.com\\\/?p=58845#primaryimage\"},\"thumbnailUrl\":\"https:\\\/\\\/kibrisdakik.com\\\/wp-content\\\/uploads\\\/2024\\\/09\\\/tatar-1115-740x420.jpg\",\"datePublished\":\"2024-09-02T15:29:44+00:00\",\"author\":{\"@id\":\"https:\\\/\\\/kibrisdakik.com\\\/#\\\/schema\\\/person\\\/9cd9d437bbb44f72b73ba127e06d8e79\"},\"breadcrumb\":{\"@id\":\"https:\\\/\\\/kibrisdakik.com\\\/?p=58845#breadcrumb\"},\"inLanguage\":\"tr\",\"potentialAction\":[{\"@type\":\"ReadAction\",\"target\":[\"https:\\\/\\\/kibrisdakik.com\\\/?p=58845\"]}]},{\"@type\":\"ImageObject\",\"inLanguage\":\"tr\",\"@id\":\"https:\\\/\\\/kibrisdakik.com\\\/?p=58845#primaryimage\",\"url\":\"https:\\\/\\\/kibrisdakik.com\\\/wp-content\\\/uploads\\\/2024\\\/09\\\/tatar-1115-740x420.jpg\",\"contentUrl\":\"https:\\\/\\\/kibrisdakik.com\\\/wp-content\\\/uploads\\\/2024\\\/09\\\/tatar-1115-740x420.jpg\",\"width\":1600,\"height\":1066},{\"@type\":\"BreadcrumbList\",\"@id\":\"https:\\\/\\\/kibrisdakik.com\\\/?p=58845#breadcrumb\",\"itemListElement\":[{\"@type\":\"ListItem\",\"position\":1,\"name\":\"Home\",\"item\":\"https:\\\/\\\/kibrisdakik.com\\\/\"},{\"@type\":\"ListItem\",\"position\":2,\"name\":\"Cumhurba\u015fkan\u0131 Tatar: Emek\u00e7ilerin haklar\u0131n\u0131n yenmesinden de, i\u015fverenlerin zorda b\u0131rak\u0131lmas\u0131ndan da yana de\u011filim\"}]},{\"@type\":\"WebSite\",\"@id\":\"https:\\\/\\\/kibrisdakik.com\\\/#website\",\"url\":\"https:\\\/\\\/kibrisdakik.com\\\/\",\"name\":\"\",\"description\":\"Tam vaktinde haber\",\"potentialAction\":[{\"@type\":\"SearchAction\",\"target\":{\"@type\":\"EntryPoint\",\"urlTemplate\":\"https:\\\/\\\/kibrisdakik.com\\\/?s={search_term_string}\"},\"query-input\":{\"@type\":\"PropertyValueSpecification\",\"valueRequired\":true,\"valueName\":\"search_term_string\"}}],\"inLanguage\":\"tr\"},{\"@type\":\"Person\",\"@id\":\"https:\\\/\\\/kibrisdakik.com\\\/#\\\/schema\\\/person\\\/9cd9d437bbb44f72b73ba127e06d8e79\",\"name\":\"admin\",\"image\":{\"@type\":\"ImageObject\",\"inLanguage\":\"tr\",\"@id\":\"https:\\\/\\\/secure.gravatar.com\\\/avatar\\\/ccc17943b9d660506c869530f897617f7cb1c21a4bf30023f252596d83e1f007?s=96&d=mm&r=g\",\"url\":\"https:\\\/\\\/secure.gravatar.com\\\/avatar\\\/ccc17943b9d660506c869530f897617f7cb1c21a4bf30023f252596d83e1f007?s=96&d=mm&r=g\",\"contentUrl\":\"https:\\\/\\\/secure.gravatar.com\\\/avatar\\\/ccc17943b9d660506c869530f897617f7cb1c21a4bf30023f252596d83e1f007?s=96&d=mm&r=g\",\"caption\":\"admin\"},\"sameAs\":[\"https:\\\/\\\/kibrisdakik.com\"],\"url\":\"https:\\\/\\\/kibrisdakik.com\\\/?author=1\"}]}<\/script>\n<!-- \/ Yoast SEO plugin. -->","yoast_head_json":{"title":"Cumhurba\u015fkan\u0131 Tatar: Emek\u00e7ilerin haklar\u0131n\u0131n yenmesinden de, i\u015fverenlerin zorda b\u0131rak\u0131lmas\u0131ndan da yana de\u011filim -","robots":{"index":"index","follow":"follow","max-snippet":"max-snippet:-1","max-image-preview":"max-image-preview:large","max-video-preview":"max-video-preview:-1"},"canonical":"https:\/\/kibrisdakik.com\/?p=58845","og_locale":"tr_TR","og_type":"article","og_title":"Cumhurba\u015fkan\u0131 Tatar: Emek\u00e7ilerin haklar\u0131n\u0131n yenmesinden de, i\u015fverenlerin zorda b\u0131rak\u0131lmas\u0131ndan da yana de\u011filim -","og_description":"Cumhurba\u015fkan\u0131 Ersin Tatar, K\u0131br\u0131s T\u00fcrk Ticaret Odas\u0131 (KTTO) 61. Ola\u011fan Genel Kurulu\u2019nda asgari \u00fccrete ili\u015fkin yapt\u0131\u011f\u0131 a\u00e7\u0131klaman\u0131n farkl\u0131 noktalara \u00e7ekildi\u011fini ifade ederek s\u00f6zlerine a\u00e7\u0131kl\u0131k getirdi. \u00dccretlerin, hayat pahal\u0131l\u0131\u011f\u0131 dikkate al\u0131narak d\u00fczenlendi\u011fini, d\u00fczenlenmesi gerekti\u011fini vurgulayan Tatar, bununla birlikte \u00fclkedeki ekonomik yap\u0131n\u0131n, di\u011fer ekonomik g\u00f6stergelerin ve rekabet g\u00fcc\u00fcn\u00fcn de mutlaka dikkate al\u0131nmas\u0131 gerekti\u011fini kaydetti. Kendisinin halk\u0131n ya\u015fam","og_url":"https:\/\/kibrisdakik.com\/?p=58845","article_published_time":"2024-09-02T15:29:44+00:00","og_image":[{"width":1600,"height":1066,"url":"https:\/\/kibrisdakik.com\/wp-content\/uploads\/2024\/09\/tatar-1115-740x420.jpg","type":"image\/jpeg"}],"author":"admin","twitter_card":"summary_large_image","twitter_misc":{"Yazan:":"admin","Tahmini okuma s\u00fcresi":"3 dakika"},"schema":{"@context":"https:\/\/schema.org","@graph":[{"@type":"Article","@id":"https:\/\/kibrisdakik.com\/?p=58845#article","isPartOf":{"@id":"https:\/\/kibrisdakik.com\/?p=58845"},"author":{"name":"admin","@id":"https:\/\/kibrisdakik.com\/#\/schema\/person\/9cd9d437bbb44f72b73ba127e06d8e79"},"headline":"Cumhurba\u015fkan\u0131 Tatar: Emek\u00e7ilerin haklar\u0131n\u0131n yenmesinden de, i\u015fverenlerin zorda b\u0131rak\u0131lmas\u0131ndan da yana de\u011filim","datePublished":"2024-09-02T15:29:44+00:00","mainEntityOfPage":{"@id":"https:\/\/kibrisdakik.com\/?p=58845"},"wordCount":598,"commentCount":0,"image":{"@id":"https:\/\/kibrisdakik.com\/?p=58845#primaryimage"},"thumbnailUrl":"https:\/\/kibrisdakik.com\/wp-content\/uploads\/2024\/09\/tatar-1115-740x420.jpg","articleSection":["K\u0131br\u0131s"],"inLanguage":"tr","potentialAction":[{"@type":"CommentAction","name":"Comment","target":["https:\/\/kibrisdakik.com\/?p=58845#respond"]}]},{"@type":"WebPage","@id":"https:\/\/kibrisdakik.com\/?p=58845","url":"https:\/\/kibrisdakik.com\/?p=58845","name":"Cumhurba\u015fkan\u0131 Tatar: Emek\u00e7ilerin haklar\u0131n\u0131n yenmesinden de, i\u015fverenlerin zorda b\u0131rak\u0131lmas\u0131ndan da yana de\u011filim -","isPartOf":{"@id":"https:\/\/kibrisdakik.com\/#website"},"primaryImageOfPage":{"@id":"https:\/\/kibrisdakik.com\/?p=58845#primaryimage"},"image":{"@id":"https:\/\/kibrisdakik.com\/?p=58845#primaryimage"},"thumbnailUrl":"https:\/\/kibrisdakik.com\/wp-content\/uploads\/2024\/09\/tatar-1115-740x420.jpg","datePublished":"2024-09-02T15:29:44+00:00","author":{"@id":"https:\/\/kibrisdakik.com\/#\/schema\/person\/9cd9d437bbb44f72b73ba127e06d8e79"},"breadcrumb":{"@id":"https:\/\/kibrisdakik.com\/?p=58845#breadcrumb"},"inLanguage":"tr","potentialAction":[{"@type":"ReadAction","target":["https:\/\/kibrisdakik.com\/?p=58845"]}]},{"@type":"ImageObject","inLanguage":"tr","@id":"https:\/\/kibrisdakik.com\/?p=58845#primaryimage","url":"https:\/\/kibrisdakik.com\/wp-content\/uploads\/2024\/09\/tatar-1115-740x420.jpg","contentUrl":"https:\/\/kibrisdakik.com\/wp-content\/uploads\/2024\/09\/tatar-1115-740x420.jpg","width":1600,"height":1066},{"@type":"BreadcrumbList","@id":"https:\/\/kibrisdakik.com\/?p=58845#breadcrumb","itemListElement":[{"@type":"ListItem","position":1,"name":"Home","item":"https:\/\/kibrisdakik.com\/"},{"@type":"ListItem","position":2,"name":"Cumhurba\u015fkan\u0131 Tatar: Emek\u00e7ilerin haklar\u0131n\u0131n yenmesinden de, i\u015fverenlerin zorda b\u0131rak\u0131lmas\u0131ndan da yana de\u011filim"}]},{"@type":"WebSite","@id":"https:\/\/kibrisdakik.com\/#website","url":"https:\/\/kibrisdakik.com\/","name":"","description":"Tam vaktinde haber","potentialAction":[{"@type":"SearchAction","target":{"@type":"EntryPoint","urlTemplate":"https:\/\/kibrisdakik.com\/?s={search_term_string}"},"query-input":{"@type":"PropertyValueSpecification","valueRequired":true,"valueName":"search_term_string"}}],"inLanguage":"tr"},{"@type":"Person","@id":"https:\/\/kibrisdakik.com\/#\/schema\/person\/9cd9d437bbb44f72b73ba127e06d8e79","name":"admin","image":{"@type":"ImageObject","inLanguage":"tr","@id":"https:\/\/secure.gravatar.com\/avatar\/ccc17943b9d660506c869530f897617f7cb1c21a4bf30023f252596d83e1f007?s=96&d=mm&r=g","url":"https:\/\/secure.gravatar.com\/avatar\/ccc17943b9d660506c869530f897617f7cb1c21a4bf30023f252596d83e1f007?s=96&d=mm&r=g","contentUrl":"https:\/\/secure.gravatar.com\/avatar\/ccc17943b9d660506c869530f897617f7cb1c21a4bf30023f252596d83e1f007?s=96&d=mm&r=g","caption":"admin"},"sameAs":["https:\/\/kibrisdakik.com"],"url":"https:\/\/kibrisdakik.com\/?author=1"}]}},"_links":{"self":[{"href":"https:\/\/kibrisdakik.com\/index.php?rest_route=\/wp\/v2\/posts\/58845","targetHints":{"allow":["GET"]}}],"collection":[{"href":"https:\/\/kibrisdakik.com\/index.php?rest_route=\/wp\/v2\/posts"}],"about":[{"href":"https:\/\/kibrisdakik.com\/index.php?rest_route=\/wp\/v2\/types\/post"}],"author":[{"embeddable":true,"href":"https:\/\/kibrisdakik.com\/index.php?rest_route=\/wp\/v2\/users\/1"}],"replies":[{"embeddable":true,"href":"https:\/\/kibrisdakik.com\/index.php?rest_route=%2Fwp%2Fv2%2Fcomments&post=58845"}],"version-history":[{"count":0,"href":"https:\/\/kibrisdakik.com\/index.php?rest_route=\/wp\/v2\/posts\/58845\/revisions"}],"wp:featuredmedia":[{"embeddable":true,"href":"https:\/\/kibrisdakik.com\/index.php?rest_route=\/wp\/v2\/media\/58846"}],"wp:attachment":[{"href":"https:\/\/kibrisdakik.com\/index.php?rest_route=%2Fwp%2Fv2%2Fmedia&parent=58845"}],"wp:term":[{"taxonomy":"category","embeddable":true,"href":"https:\/\/kibrisdakik.com\/index.php?rest_route=%2Fwp%2Fv2%2Fcategories&post=58845"},{"taxonomy":"post_tag","embeddable":true,"href":"https:\/\/kibrisdakik.com\/index.php?rest_route=%2Fwp%2Fv2%2Ftags&post=58845"}],"curies":[{"name":"wp","href":"https:\/\/api.w.org\/{rel}","templated":true}]}}