{"id":58886,"date":"2024-09-02T21:06:26","date_gmt":"2024-09-02T18:06:26","guid":{"rendered":"https:\/\/kibrisdakik.com\/index.php\/2024\/09\/02\/osimhen-ile-ayni-ucaga-binecek-galatasaraya-italyadan-bir-yildiz-daha\/"},"modified":"2024-09-02T21:06:26","modified_gmt":"2024-09-02T18:06:26","slug":"osimhen-ile-ayni-ucaga-binecek-galatasaraya-italyadan-bir-yildiz-daha","status":"publish","type":"post","link":"https:\/\/kibrisdakik.com\/?p=58886","title":{"rendered":"Osimhen ile ayn\u0131 u\u00e7a\u011fa binecek! Galatasaray&#8217;a \u0130talya&#8217;dan bir y\u0131ld\u0131z daha"},"content":{"rendered":"<p><img decoding=\"async\" src=\"https:\/\/foto.haberler.com\/haber\/2024\/09\/02\/osimhen-ile-ayni-ucaga-binecek-galatasaray-a-17780589_2678_amp.jpg\" \/><\/p>\n<div id=\"\">\n<p> <a class=\"keyword\" href=\"https:\/\/www.haberler.com\/napoli\/\" title=\"Napoli Haberleri, Napoli Haberi, Napoli Haber\"><strong>Napoli<\/strong><\/a>&#8216;nin d\u00fcnyaca \u00fcnl\u00fc golc\u00fcs\u00fc Victor Osimhen&#8217;i imza i\u00e7in \u0130stabul&#8217;a getirmeye haz\u0131rlanan  <a class=\"keyword\" href=\"https:\/\/www.haberler.com\/galatasaray\/\" title=\"Galatasaray Haberleri, Galatasaray Haberi, Galatasaray Haber\"><strong>Galatasaray<\/strong><\/a>, \u0130talya&#8217;dan bir y\u0131ld\u0131z\u0131 daha ayn\u0131 u\u00e7a\u011fa bindirmek i\u00e7in \u00e7aba sarf ediyor. Kerem Akt\u00fcrko\u011flu&#8217;nu Benfica&#8217;ya g\u00f6ndermek \u00fczere olan Cimbom, Juventus&#8217;tan Filip Kostic&#8217;i g\u00fcndemine ald\u0131. <\/p>\n<h3>KEREM 11 M\u0130LYON EURO&#8217;YA G\u0130D\u0130YOR<\/h3>\n<p>Benfica&#8217;n\u0131n Kerem Akt\u00fcrko\u011flu i\u00e7in Galatasaray&#8217;a 11 milyon euro teklif etti\u011fi ve g\u00f6r\u00fc\u015fmelerin s\u00fcrd\u00fc\u011f\u00fc belirtildi. Ayn\u0131 haberde Kerem Akt\u00fcrko\u011flu&#8217;nun sa\u011fl\u0131k kontrolleri ve resmi imza i\u00e7in g\u00fcn i\u00e7inde Lizbon&#8217;a gidece\u011fi yaz\u0131ld\u0131. Portekiz&#8217;de transfer d\u00f6nemi bu gece kapanacak. Benfica, transferi yeti\u015ftirmek i\u00e7in yo\u011fun \u00e7aba sarf ediyor.<\/p>\n<h3>KOSTIC \u0130LE G\u00d6R\u00dc\u015eMELER BA\u015eLADI<\/h3>\n<p>Kerem Akt\u00fcrko\u011flu&#8217;nun yerini doldurmak i\u00e7in hemen harekete ge\u00e7en sar\u0131 k\u0131rm\u0131z\u0131l\u0131 tak\u0131m, \u0130talyan devinin 31 ya\u015f\u0131ndaki kanat oyuncusu i\u00e7in g\u00f6r\u00fc\u015fmelere ba\u015flad\u0131. Galatasaray, Juventus&#8217;un ard\u0131ndan Filip Kostic&#8217;in temsilcisiyle de bir g\u00f6r\u00fc\u015fme ger\u00e7ekle\u015ftirdi.<\/p>\n<h3>JUVENTUS KAR\u0130YER\u0130<\/h3>\n<p>2022 yaz\u0131nda yakla\u015f\u0131k 15 milyon euro kar\u015f\u0131l\u0131\u011f\u0131nda Juventus&#8217;a transfer olan Kostic, \u0130talyan devinin formas\u0131n\u0131 87 kez giydi ve 3 gol, 15 asistlik performans sergiledi. S\u0131rp y\u0131ld\u0131z\u0131n tak\u0131m\u0131yla 2026 y\u0131l\u0131na kadar s\u00f6zle\u015fmesi bulunuyor.<\/p>\n<div class=\"editorSade\">Kaynak: Haberler.com \/  <a href=\"https:\/\/www.haberler.com\/spor\/\" title=\"Spor Haberleri\">Spor<\/a> <\/div>\n<h4 id=\"nwsKeywords\"> <a href=\"https:\/\/www.haberler.com\/victor-osimhen\/\" title=\"Victor Osimhen\" class=\"hbptTag\">Victor Osimhen<\/a>  <a href=\"https:\/\/www.haberler.com\/galatasaray\/\" title=\"Galatasaray\" class=\"hbptTag\">Galatasaray<\/a>  <a href=\"https:\/\/www.haberler.com\/juventus\/\" title=\"Juventus\" class=\"hbptTag\">Juventus<\/a>  <a href=\"https:\/\/www.haberler.com\/napoli\/\" title=\"Napoli\" class=\"hbptTag\">Napoli<\/a> <\/h4>\n<\/div>\n","protected":false},"excerpt":{"rendered":"<p>Napoli&#8216;nin d\u00fcnyaca \u00fcnl\u00fc golc\u00fcs\u00fc Victor Osimhen&#8217;i imza i\u00e7in \u0130stabul&#8217;a getirmeye haz\u0131rlanan Galatasaray, \u0130talya&#8217;dan bir y\u0131ld\u0131z\u0131 daha ayn\u0131 u\u00e7a\u011fa bindirmek i\u00e7in \u00e7aba sarf ediyor. Kerem Akt\u00fcrko\u011flu&#8217;nu Benfica&#8217;ya g\u00f6ndermek \u00fczere olan Cimbom, Juventus&#8217;tan Filip Kostic&#8217;i g\u00fcndemine ald\u0131. KEREM 11 M\u0130LYON EURO&#8217;YA G\u0130D\u0130YOR Benfica&#8217;n\u0131n Kerem Akt\u00fcrko\u011flu i\u00e7in Galatasaray&#8217;a 11 milyon euro teklif etti\u011fi ve g\u00f6r\u00fc\u015fmelerin s\u00fcrd\u00fc\u011f\u00fc belirtildi. Ayn\u0131<\/p>\n","protected":false},"author":1,"featured_media":58887,"comment_status":"open","ping_status":"open","sticky":false,"template":"","format":"standard","meta":{"footnotes":""},"categories":[83],"tags":[],"class_list":["post-58886","post","type-post","status-publish","format-standard","has-post-thumbnail","hentry","category-magazin"],"yoast_head":"<!-- This site is optimized with the Yoast SEO plugin v27.4 - https:\/\/yoast.com\/product\/yoast-seo-wordpress\/ -->\n<title>Osimhen ile ayn\u0131 u\u00e7a\u011fa binecek! Galatasaray&#039;a \u0130talya&#039;dan bir y\u0131ld\u0131z daha -<\/title>\n<meta name=\"robots\" content=\"index, follow, max-snippet:-1, max-image-preview:large, max-video-preview:-1\" \/>\n<link rel=\"canonical\" href=\"https:\/\/kibrisdakik.com\/?p=58886\" \/>\n<meta property=\"og:locale\" content=\"tr_TR\" \/>\n<meta property=\"og:type\" content=\"article\" \/>\n<meta property=\"og:title\" content=\"Osimhen ile ayn\u0131 u\u00e7a\u011fa binecek! Galatasaray&#039;a \u0130talya&#039;dan bir y\u0131ld\u0131z daha -\" \/>\n<meta property=\"og:description\" content=\"Napoli&#8216;nin d\u00fcnyaca \u00fcnl\u00fc golc\u00fcs\u00fc Victor Osimhen&#8217;i imza i\u00e7in \u0130stabul&#8217;a getirmeye haz\u0131rlanan Galatasaray, \u0130talya&#8217;dan bir y\u0131ld\u0131z\u0131 daha ayn\u0131 u\u00e7a\u011fa bindirmek i\u00e7in \u00e7aba sarf ediyor. Kerem Akt\u00fcrko\u011flu&#8217;nu Benfica&#8217;ya g\u00f6ndermek \u00fczere olan Cimbom, Juventus&#8217;tan Filip Kostic&#8217;i g\u00fcndemine ald\u0131. KEREM 11 M\u0130LYON EURO&#8217;YA G\u0130D\u0130YOR Benfica&#8217;n\u0131n Kerem Akt\u00fcrko\u011flu i\u00e7in Galatasaray&#8217;a 11 milyon euro teklif etti\u011fi ve g\u00f6r\u00fc\u015fmelerin s\u00fcrd\u00fc\u011f\u00fc belirtildi. Ayn\u0131\" \/>\n<meta property=\"og:url\" content=\"https:\/\/kibrisdakik.com\/?p=58886\" \/>\n<meta property=\"article:published_time\" content=\"2024-09-02T18:06:26+00:00\" \/>\n<meta property=\"og:image\" content=\"https:\/\/kibrisdakik.com\/wp-content\/uploads\/2024\/09\/osimhen-ile-ayni-ucaga-binecek-galatasaray-a-17780589_2678_amp.jpg\" \/>\n\t<meta property=\"og:image:width\" content=\"1202\" \/>\n\t<meta property=\"og:image:height\" content=\"675\" \/>\n\t<meta property=\"og:image:type\" content=\"image\/jpeg\" \/>\n<meta name=\"author\" content=\"admin\" \/>\n<meta name=\"twitter:card\" content=\"summary_large_image\" \/>\n<meta name=\"twitter:label1\" content=\"Yazan:\" \/>\n\t<meta name=\"twitter:data1\" content=\"admin\" \/>\n\t<meta name=\"twitter:label2\" content=\"Tahmini okuma s\u00fcresi\" \/>\n\t<meta name=\"twitter:data2\" content=\"1 dakika\" \/>\n<script type=\"application\/ld+json\" class=\"yoast-schema-graph\">{\"@context\":\"https:\\\/\\\/schema.org\",\"@graph\":[{\"@type\":\"Article\",\"@id\":\"https:\\\/\\\/kibrisdakik.com\\\/?p=58886#article\",\"isPartOf\":{\"@id\":\"https:\\\/\\\/kibrisdakik.com\\\/?p=58886\"},\"author\":{\"name\":\"admin\",\"@id\":\"https:\\\/\\\/kibrisdakik.com\\\/#\\\/schema\\\/person\\\/9cd9d437bbb44f72b73ba127e06d8e79\"},\"headline\":\"Osimhen ile ayn\u0131 u\u00e7a\u011fa binecek! Galatasaray&#8217;a \u0130talya&#8217;dan bir y\u0131ld\u0131z daha\",\"datePublished\":\"2024-09-02T18:06:26+00:00\",\"mainEntityOfPage\":{\"@id\":\"https:\\\/\\\/kibrisdakik.com\\\/?p=58886\"},\"wordCount\":240,\"commentCount\":0,\"image\":{\"@id\":\"https:\\\/\\\/kibrisdakik.com\\\/?p=58886#primaryimage\"},\"thumbnailUrl\":\"https:\\\/\\\/kibrisdakik.com\\\/wp-content\\\/uploads\\\/2024\\\/09\\\/osimhen-ile-ayni-ucaga-binecek-galatasaray-a-17780589_2678_amp.jpg\",\"articleSection\":[\"Magazin\"],\"inLanguage\":\"tr\",\"potentialAction\":[{\"@type\":\"CommentAction\",\"name\":\"Comment\",\"target\":[\"https:\\\/\\\/kibrisdakik.com\\\/?p=58886#respond\"]}]},{\"@type\":\"WebPage\",\"@id\":\"https:\\\/\\\/kibrisdakik.com\\\/?p=58886\",\"url\":\"https:\\\/\\\/kibrisdakik.com\\\/?p=58886\",\"name\":\"Osimhen ile ayn\u0131 u\u00e7a\u011fa binecek! Galatasaray'a \u0130talya'dan bir y\u0131ld\u0131z daha -\",\"isPartOf\":{\"@id\":\"https:\\\/\\\/kibrisdakik.com\\\/#website\"},\"primaryImageOfPage\":{\"@id\":\"https:\\\/\\\/kibrisdakik.com\\\/?p=58886#primaryimage\"},\"image\":{\"@id\":\"https:\\\/\\\/kibrisdakik.com\\\/?p=58886#primaryimage\"},\"thumbnailUrl\":\"https:\\\/\\\/kibrisdakik.com\\\/wp-content\\\/uploads\\\/2024\\\/09\\\/osimhen-ile-ayni-ucaga-binecek-galatasaray-a-17780589_2678_amp.jpg\",\"datePublished\":\"2024-09-02T18:06:26+00:00\",\"author\":{\"@id\":\"https:\\\/\\\/kibrisdakik.com\\\/#\\\/schema\\\/person\\\/9cd9d437bbb44f72b73ba127e06d8e79\"},\"breadcrumb\":{\"@id\":\"https:\\\/\\\/kibrisdakik.com\\\/?p=58886#breadcrumb\"},\"inLanguage\":\"tr\",\"potentialAction\":[{\"@type\":\"ReadAction\",\"target\":[\"https:\\\/\\\/kibrisdakik.com\\\/?p=58886\"]}]},{\"@type\":\"ImageObject\",\"inLanguage\":\"tr\",\"@id\":\"https:\\\/\\\/kibrisdakik.com\\\/?p=58886#primaryimage\",\"url\":\"https:\\\/\\\/kibrisdakik.com\\\/wp-content\\\/uploads\\\/2024\\\/09\\\/osimhen-ile-ayni-ucaga-binecek-galatasaray-a-17780589_2678_amp.jpg\",\"contentUrl\":\"https:\\\/\\\/kibrisdakik.com\\\/wp-content\\\/uploads\\\/2024\\\/09\\\/osimhen-ile-ayni-ucaga-binecek-galatasaray-a-17780589_2678_amp.jpg\",\"width\":1202,\"height\":675},{\"@type\":\"BreadcrumbList\",\"@id\":\"https:\\\/\\\/kibrisdakik.com\\\/?p=58886#breadcrumb\",\"itemListElement\":[{\"@type\":\"ListItem\",\"position\":1,\"name\":\"Home\",\"item\":\"https:\\\/\\\/kibrisdakik.com\\\/\"},{\"@type\":\"ListItem\",\"position\":2,\"name\":\"Osimhen ile ayn\u0131 u\u00e7a\u011fa binecek! Galatasaray&#8217;a \u0130talya&#8217;dan bir y\u0131ld\u0131z daha\"}]},{\"@type\":\"WebSite\",\"@id\":\"https:\\\/\\\/kibrisdakik.com\\\/#website\",\"url\":\"https:\\\/\\\/kibrisdakik.com\\\/\",\"name\":\"\",\"description\":\"Tam vaktinde haber\",\"potentialAction\":[{\"@type\":\"SearchAction\",\"target\":{\"@type\":\"EntryPoint\",\"urlTemplate\":\"https:\\\/\\\/kibrisdakik.com\\\/?s={search_term_string}\"},\"query-input\":{\"@type\":\"PropertyValueSpecification\",\"valueRequired\":true,\"valueName\":\"search_term_string\"}}],\"inLanguage\":\"tr\"},{\"@type\":\"Person\",\"@id\":\"https:\\\/\\\/kibrisdakik.com\\\/#\\\/schema\\\/person\\\/9cd9d437bbb44f72b73ba127e06d8e79\",\"name\":\"admin\",\"image\":{\"@type\":\"ImageObject\",\"inLanguage\":\"tr\",\"@id\":\"https:\\\/\\\/secure.gravatar.com\\\/avatar\\\/ccc17943b9d660506c869530f897617f7cb1c21a4bf30023f252596d83e1f007?s=96&d=mm&r=g\",\"url\":\"https:\\\/\\\/secure.gravatar.com\\\/avatar\\\/ccc17943b9d660506c869530f897617f7cb1c21a4bf30023f252596d83e1f007?s=96&d=mm&r=g\",\"contentUrl\":\"https:\\\/\\\/secure.gravatar.com\\\/avatar\\\/ccc17943b9d660506c869530f897617f7cb1c21a4bf30023f252596d83e1f007?s=96&d=mm&r=g\",\"caption\":\"admin\"},\"sameAs\":[\"https:\\\/\\\/kibrisdakik.com\"],\"url\":\"https:\\\/\\\/kibrisdakik.com\\\/?author=1\"}]}<\/script>\n<!-- \/ Yoast SEO plugin. -->","yoast_head_json":{"title":"Osimhen ile ayn\u0131 u\u00e7a\u011fa binecek! Galatasaray'a \u0130talya'dan bir y\u0131ld\u0131z daha -","robots":{"index":"index","follow":"follow","max-snippet":"max-snippet:-1","max-image-preview":"max-image-preview:large","max-video-preview":"max-video-preview:-1"},"canonical":"https:\/\/kibrisdakik.com\/?p=58886","og_locale":"tr_TR","og_type":"article","og_title":"Osimhen ile ayn\u0131 u\u00e7a\u011fa binecek! Galatasaray'a \u0130talya'dan bir y\u0131ld\u0131z daha -","og_description":"Napoli&#8216;nin d\u00fcnyaca \u00fcnl\u00fc golc\u00fcs\u00fc Victor Osimhen&#8217;i imza i\u00e7in \u0130stabul&#8217;a getirmeye haz\u0131rlanan Galatasaray, \u0130talya&#8217;dan bir y\u0131ld\u0131z\u0131 daha ayn\u0131 u\u00e7a\u011fa bindirmek i\u00e7in \u00e7aba sarf ediyor. Kerem Akt\u00fcrko\u011flu&#8217;nu Benfica&#8217;ya g\u00f6ndermek \u00fczere olan Cimbom, Juventus&#8217;tan Filip Kostic&#8217;i g\u00fcndemine ald\u0131. KEREM 11 M\u0130LYON EURO&#8217;YA G\u0130D\u0130YOR Benfica&#8217;n\u0131n Kerem Akt\u00fcrko\u011flu i\u00e7in Galatasaray&#8217;a 11 milyon euro teklif etti\u011fi ve g\u00f6r\u00fc\u015fmelerin s\u00fcrd\u00fc\u011f\u00fc belirtildi. Ayn\u0131","og_url":"https:\/\/kibrisdakik.com\/?p=58886","article_published_time":"2024-09-02T18:06:26+00:00","og_image":[{"width":1202,"height":675,"url":"https:\/\/kibrisdakik.com\/wp-content\/uploads\/2024\/09\/osimhen-ile-ayni-ucaga-binecek-galatasaray-a-17780589_2678_amp.jpg","type":"image\/jpeg"}],"author":"admin","twitter_card":"summary_large_image","twitter_misc":{"Yazan:":"admin","Tahmini okuma s\u00fcresi":"1 dakika"},"schema":{"@context":"https:\/\/schema.org","@graph":[{"@type":"Article","@id":"https:\/\/kibrisdakik.com\/?p=58886#article","isPartOf":{"@id":"https:\/\/kibrisdakik.com\/?p=58886"},"author":{"name":"admin","@id":"https:\/\/kibrisdakik.com\/#\/schema\/person\/9cd9d437bbb44f72b73ba127e06d8e79"},"headline":"Osimhen ile ayn\u0131 u\u00e7a\u011fa binecek! Galatasaray&#8217;a \u0130talya&#8217;dan bir y\u0131ld\u0131z daha","datePublished":"2024-09-02T18:06:26+00:00","mainEntityOfPage":{"@id":"https:\/\/kibrisdakik.com\/?p=58886"},"wordCount":240,"commentCount":0,"image":{"@id":"https:\/\/kibrisdakik.com\/?p=58886#primaryimage"},"thumbnailUrl":"https:\/\/kibrisdakik.com\/wp-content\/uploads\/2024\/09\/osimhen-ile-ayni-ucaga-binecek-galatasaray-a-17780589_2678_amp.jpg","articleSection":["Magazin"],"inLanguage":"tr","potentialAction":[{"@type":"CommentAction","name":"Comment","target":["https:\/\/kibrisdakik.com\/?p=58886#respond"]}]},{"@type":"WebPage","@id":"https:\/\/kibrisdakik.com\/?p=58886","url":"https:\/\/kibrisdakik.com\/?p=58886","name":"Osimhen ile ayn\u0131 u\u00e7a\u011fa binecek! Galatasaray'a \u0130talya'dan bir y\u0131ld\u0131z daha -","isPartOf":{"@id":"https:\/\/kibrisdakik.com\/#website"},"primaryImageOfPage":{"@id":"https:\/\/kibrisdakik.com\/?p=58886#primaryimage"},"image":{"@id":"https:\/\/kibrisdakik.com\/?p=58886#primaryimage"},"thumbnailUrl":"https:\/\/kibrisdakik.com\/wp-content\/uploads\/2024\/09\/osimhen-ile-ayni-ucaga-binecek-galatasaray-a-17780589_2678_amp.jpg","datePublished":"2024-09-02T18:06:26+00:00","author":{"@id":"https:\/\/kibrisdakik.com\/#\/schema\/person\/9cd9d437bbb44f72b73ba127e06d8e79"},"breadcrumb":{"@id":"https:\/\/kibrisdakik.com\/?p=58886#breadcrumb"},"inLanguage":"tr","potentialAction":[{"@type":"ReadAction","target":["https:\/\/kibrisdakik.com\/?p=58886"]}]},{"@type":"ImageObject","inLanguage":"tr","@id":"https:\/\/kibrisdakik.com\/?p=58886#primaryimage","url":"https:\/\/kibrisdakik.com\/wp-content\/uploads\/2024\/09\/osimhen-ile-ayni-ucaga-binecek-galatasaray-a-17780589_2678_amp.jpg","contentUrl":"https:\/\/kibrisdakik.com\/wp-content\/uploads\/2024\/09\/osimhen-ile-ayni-ucaga-binecek-galatasaray-a-17780589_2678_amp.jpg","width":1202,"height":675},{"@type":"BreadcrumbList","@id":"https:\/\/kibrisdakik.com\/?p=58886#breadcrumb","itemListElement":[{"@type":"ListItem","position":1,"name":"Home","item":"https:\/\/kibrisdakik.com\/"},{"@type":"ListItem","position":2,"name":"Osimhen ile ayn\u0131 u\u00e7a\u011fa binecek! Galatasaray&#8217;a \u0130talya&#8217;dan bir y\u0131ld\u0131z daha"}]},{"@type":"WebSite","@id":"https:\/\/kibrisdakik.com\/#website","url":"https:\/\/kibrisdakik.com\/","name":"","description":"Tam vaktinde haber","potentialAction":[{"@type":"SearchAction","target":{"@type":"EntryPoint","urlTemplate":"https:\/\/kibrisdakik.com\/?s={search_term_string}"},"query-input":{"@type":"PropertyValueSpecification","valueRequired":true,"valueName":"search_term_string"}}],"inLanguage":"tr"},{"@type":"Person","@id":"https:\/\/kibrisdakik.com\/#\/schema\/person\/9cd9d437bbb44f72b73ba127e06d8e79","name":"admin","image":{"@type":"ImageObject","inLanguage":"tr","@id":"https:\/\/secure.gravatar.com\/avatar\/ccc17943b9d660506c869530f897617f7cb1c21a4bf30023f252596d83e1f007?s=96&d=mm&r=g","url":"https:\/\/secure.gravatar.com\/avatar\/ccc17943b9d660506c869530f897617f7cb1c21a4bf30023f252596d83e1f007?s=96&d=mm&r=g","contentUrl":"https:\/\/secure.gravatar.com\/avatar\/ccc17943b9d660506c869530f897617f7cb1c21a4bf30023f252596d83e1f007?s=96&d=mm&r=g","caption":"admin"},"sameAs":["https:\/\/kibrisdakik.com"],"url":"https:\/\/kibrisdakik.com\/?author=1"}]}},"_links":{"self":[{"href":"https:\/\/kibrisdakik.com\/index.php?rest_route=\/wp\/v2\/posts\/58886","targetHints":{"allow":["GET"]}}],"collection":[{"href":"https:\/\/kibrisdakik.com\/index.php?rest_route=\/wp\/v2\/posts"}],"about":[{"href":"https:\/\/kibrisdakik.com\/index.php?rest_route=\/wp\/v2\/types\/post"}],"author":[{"embeddable":true,"href":"https:\/\/kibrisdakik.com\/index.php?rest_route=\/wp\/v2\/users\/1"}],"replies":[{"embeddable":true,"href":"https:\/\/kibrisdakik.com\/index.php?rest_route=%2Fwp%2Fv2%2Fcomments&post=58886"}],"version-history":[{"count":0,"href":"https:\/\/kibrisdakik.com\/index.php?rest_route=\/wp\/v2\/posts\/58886\/revisions"}],"wp:featuredmedia":[{"embeddable":true,"href":"https:\/\/kibrisdakik.com\/index.php?rest_route=\/wp\/v2\/media\/58887"}],"wp:attachment":[{"href":"https:\/\/kibrisdakik.com\/index.php?rest_route=%2Fwp%2Fv2%2Fmedia&parent=58886"}],"wp:term":[{"taxonomy":"category","embeddable":true,"href":"https:\/\/kibrisdakik.com\/index.php?rest_route=%2Fwp%2Fv2%2Fcategories&post=58886"},{"taxonomy":"post_tag","embeddable":true,"href":"https:\/\/kibrisdakik.com\/index.php?rest_route=%2Fwp%2Fv2%2Ftags&post=58886"}],"curies":[{"name":"wp","href":"https:\/\/api.w.org\/{rel}","templated":true}]}}