{"id":5890,"date":"2023-04-28T04:05:11","date_gmt":"2023-04-28T04:05:11","guid":{"rendered":"https:\/\/kibrisdakik.com\/index.php\/2023\/04\/28\/berova-ve-candan-turkiyedeki-depremlerde-hayatini-kaybeden-vatandaslarimizi-akpada-gundeme-tasidilar\/"},"modified":"2023-04-28T04:05:11","modified_gmt":"2023-04-28T04:05:11","slug":"berova-ve-candan-turkiyedeki-depremlerde-hayatini-kaybeden-vatandaslarimizi-akpada-gundeme-tasidilar","status":"publish","type":"post","link":"https:\/\/kibrisdakik.com\/?p=5890","title":{"rendered":"Berova ve Candan, T\u00fcrkiye\u2019deki depremlerde hayat\u0131n\u0131 kaybeden vatanda\u015flar\u0131m\u0131z\u0131 AKPA\u2019da g\u00fcndeme ta\u015f\u0131d\u0131lar"},"content":{"rendered":"<p><\/p>\n<div>\n<div class=\"mariselle-image-container center\">\n                <img width=\"2560\" height=\"1468\" class=\"lazy-image\" alt=\"\" decoding=\"async\" loading=\"lazy\" sizes=\"auto, (max-width: 2560px) 100vw, 2560px\" src=\"https:\/\/brtk.net\/wp-content\/uploads\/2023\/04\/28\/berova-candan-scaled.jpg?ver=0e3449ed504eb9bf7b0e368f81860cae\" srcset=\"https:\/\/brtk.net\/wp-content\/uploads\/2023\/04\/28\/berova-candan-scaled.jpg?ver=0e3449ed504eb9bf7b0e368f81860cae 2560w, https:\/\/brtk.net\/wp-content\/uploads\/2023\/04\/28\/berova-candan-300x172.jpg?ver=0e3449ed504eb9bf7b0e368f81860cae 300w, https:\/\/brtk.net\/wp-content\/uploads\/2023\/04\/28\/berova-candan-1024x587.jpg?ver=d73d882a52ebc4898bf1ca9fe3cf3d67 1024w, https:\/\/brtk.net\/wp-content\/uploads\/2023\/04\/28\/berova-candan-768x440.jpg?ver=93b4ca6181a4a7a0eb5b09a2ef901e87 768w, https:\/\/brtk.net\/wp-content\/uploads\/2023\/04\/28\/berova-candan-1536x881.jpg?ver=8f0bebb2c93aff1f2b8ec7a58a3a919e 1536w, https:\/\/brtk.net\/wp-content\/uploads\/2023\/04\/28\/berova-candan-2048x1175.jpg?ver=895611f6e48af088a61ae36d3b9fac3a 2048w\"\/>                            <\/div>\n<p>Avrupa Konseyi Parlamenter Asamblesi\u2019ne (AKPA) \u00fcye <a href=\"https:\/\/brtk.net\/\"\/><a href=\"https:\/\/brtk.net\/\">UBP<\/a> Girne Milletvekili Dr. \u00d6zdemir Berova ve <a href=\"https:\/\/brtk.net\/\"\/><a href=\"https:\/\/brtk.net\/\">CTP<\/a> G\u00fczelyurt Milletvekili Arma\u011fan Candan\u2019dan olu\u015fan Cumhuriyet Meclisi heyeti, AKPA 2023 Y\u0131l\u0131 \u0130kinci Ola\u011fan Genel Kurul Toplant\u0131lar\u0131na kat\u0131ld\u0131.  <\/p>\n<p>24 \u2013 27 Nisan 2023 tarihleri aras\u0131nda Strazburg\u2019da d\u00fczenlenen AKPA Genel Kurulu\u2019nda a\u011fr\u0131l\u0131kla g\u00f6r\u00fc\u015f\u00fclen konular, T\u00fcrkiye\u2019deki 6 \u015eubat depremi, A\u0130HM Yarg\u0131\u00e7 Se\u00e7imi ve Rusya-Ukrayna \u00e7at\u0131\u015fmalar\u0131 oldu.  <\/p>\n<p>T\u00fcrkiye\u2019deki depremi de konu alan ve Raport\u00f6rl\u00fc\u011f\u00fcn\u00fc Bel\u00e7ikal\u0131 Milletvekili Simon Moutquin\u2019in yapt\u0131\u011f\u0131 \u201cDo\u011fal felaketlerin \u00f6nlenmesi, haz\u0131rl\u0131kl\u0131 olunmas\u0131 ve sonu\u00e7lar\u0131 ile y\u00fczle\u015filmesi i\u00e7in siyasi stratejiler\u201d ba\u015fl\u0131kl\u0131 raporun Genel Kurul\u2019da g\u00f6r\u00fc\u015f\u00fclmesi a\u015famas\u0131na Milletvekillerimiz de m\u00fcdahil olarak depremde hayat\u0131n\u0131 kaybeden vatanda\u015flar\u0131m\u0131z\u0131 ve \u015eampiyon Melekler voleybol tak\u0131m\u0131m\u0131z\u0131 g\u00fcndeme ta\u015f\u0131d\u0131lar.  <\/p>\n<p><a href=\"https:\/\/brtk.net\/\"\/><a href=\"https:\/\/brtk.net\/\">UBP<\/a> Girne Milletvekili ve AKPA Heyet Ba\u015fkan\u0131 Dr. \u00d6zdemir Berova, yaz\u0131l\u0131 olarak aktard\u0131\u011f\u0131 konu\u015fmas\u0131nda, depremin oldu\u011fu ilk andan itibaren, K\u0131br\u0131sl\u0131 T\u00fcrklerin ve <a href=\"https:\/\/brtk.net\/\">KKTC<\/a> H\u00fck\u00fcmeti\u2019nin t\u00fcm imkanlar\u0131n\u0131 seferber ederek T\u00fcrkiye\u2019nin yan\u0131nda oldu\u011funu hat\u0131rlatarak \u201cT\u00fcrkiye\u2019nin Ac\u0131s\u0131 Ac\u0131m\u0131zd\u0131r\u201d dedi. \u00d6zdemir Berova devamla depremde hayat\u0131n\u0131 kaybeden vatanda\u015flar\u0131m\u0131za ve \u015eampiyon Melekler tak\u0131m\u0131na dikkat \u00e7ekti.  <\/p>\n<p>\u00d6zdemir Berova, \u201cBu felakette sorumlulu\u011fu olanlar\u0131n yarg\u0131lanma s\u00fcre\u00e7lerinin bir an \u00f6nce tamamlanmas\u0131 ve hak ettikleri en a\u011f\u0131r cezaya \u00e7arpt\u0131r\u0131lmalar\u0131 gerekir. Hayat\u0131n\u0131 kaybeden ailelere kar\u015f\u0131 bu bizim hem vicdani sorumlulu\u011fumuz hem de gelecek ku\u015faklar\u0131n refah ve g\u00fcvenlik i\u00e7erisinde ya\u015famas\u0131 i\u00e7in en temel insanl\u0131k g\u00f6revimizdir\u201d diye aktard\u0131. Berova konu\u015fmas\u0131n\u0131 \u201cK\u0131br\u0131sl\u0131 T\u00fcrk siyaset\u00e7iler olarak adam\u0131zda ve d\u00fcnyam\u0131zda daha g\u00fcvenli bir gelecek i\u00e7inde ya\u015famak ad\u0131na uluslararas\u0131 camia ile birlikte \u00e7al\u0131\u015fmaya ve i\u015fbirli\u011fine haz\u0131r\u0131z\u201ddiye sonland\u0131rd\u0131.  <\/p>\n<p><a href=\"https:\/\/brtk.net\/\"\/><a href=\"https:\/\/brtk.net\/\">CTP<\/a> G\u00fczelyurt Milletvekili Arma\u011fan Candan ise \u201c\u015eampiyon Melekler Tak\u0131m\u0131\u201d tshirt\u00fc ile \u00e7ocuklar\u0131m\u0131z\u0131n an\u0131s\u0131na aileleri i\u00e7in yapt\u0131\u011f\u0131 konu\u015fmas\u0131nda \u201cdeprem ile \u00e7ocuklar\u0131m\u0131za mezar olan binalar\u0131n yap\u0131m\u0131nda kusuru olanlar\u0131n hakettikleri cezalar\u0131 almalar\u0131 i\u00e7in yarg\u0131lama s\u00fcre\u00e7lerini yak\u0131ndan takip edece\u011fiz\u201d dedi. Candan devamla, depremin ard\u0131ndan uluslararas\u0131 camian\u0131n T\u00fcrkiye ile g\u00f6stermi\u015f oldu\u011fu dayan\u0131\u015fma ve i\u015fbirli\u011fine dikkat \u00e7ekerek, katk\u0131 koyan t\u00fcm \u00fclkelere te\u015fekk\u00fcr etti. Arma\u011fan Candan, \u201ci\u015fbirli\u011fi ve dayan\u0131\u015fma, ancak, sadece deprem gibi afetlerden sonra hat\u0131rlanmamal\u0131, her zaman \u00f6ncelikle\u015ftirilmelidir. \u00dcmit ederim ki depremle b\u00f6lgede geli\u015fen bu dayan\u0131\u015fma ve i\u015fbirli\u011fi ruhu T\u00fcrkiye ve Yunanistan se\u00e7imlerinin ard\u0131ndan artarak devam edecektir\u201d diyerek s\u00f6zlerini sonland\u0131rd\u0131.    <\/p>\n<p>\u00d6zdemir Berova ve Arma\u011fan Candan temaslar\u0131 kapsam\u0131nda ayr\u0131ca AKPA Ba\u015fkan\u0131 Hollandal\u0131 Tiny Kox ile Ba\u015fkan Kox\u2019un makam\u0131nda bir toplant\u0131 yapt\u0131. G\u00f6r\u00fc\u015fmede, AKPA\u2019daki K\u0131br\u0131sl\u0131 T\u00fcrk delegasyonunun \u00e7al\u0131\u015fmalar\u0131n\u0131n nas\u0131l daha i\u015flevsel olabilece\u011fi, K\u0131br\u0131s\u2019taki son siyasi geli\u015fmeler, T\u00fcrkiye ve Yunanistan se\u00e7imleri ile Ba\u015fkan Tiny Kox\u2019un ilerleyen g\u00fcnlerde K\u0131br\u0131s\u2019a ger\u00e7ekle\u015ftirmeyi d\u00fc\u015f\u00fcnd\u00fc\u011f\u00fc ziyaret konular\u0131 ele al\u0131nd\u0131.  <\/p>\n<p>Milletvekilleri Berova ve Candan, AKPA Genel Kurul toplant\u0131lar\u0131 marj\u0131nda toplanan ve Avrupa\u2019n\u0131n muhtelif sorunlar\u0131n\u0131n ele al\u0131nd\u0131\u011f\u0131 Sosyal \u0130\u015fler, Sa\u011fl\u0131k ve S\u00fcrd\u00fcr\u00fclebilir Kalk\u0131nma Komitesi; Siyasi \u0130\u015fler ve Demokrasi Komitesi ve Hukuk \u0130\u015fleri ve \u0130nsan Haklar\u0131 Komitesi toplant\u0131lar\u0131na da kat\u0131ld\u0131lar.   <\/p>\n<p>Berova ve Candan ayr\u0131ca, AKPA nezdindeki siyasi grup toplant\u0131lar\u0131na da kat\u0131ld\u0131. <a href=\"https:\/\/brtk.net\/\"\/><a href=\"https:\/\/brtk.net\/\">UBP<\/a> Milletvekili \u00d6zdemir Berova; Avrupa Muhafazakarlar\/Demokratik Birlik Grup toplant\u0131lar\u0131na kat\u0131l\u0131rken, <a href=\"https:\/\/brtk.net\/\"\/><a href=\"https:\/\/brtk.net\/\">CTP<\/a> Milletvekili Arma\u011fan Candan da Sosyalist, Demokrat ve Ye\u015filler Grup toplant\u0131lar\u0131na kat\u0131ld\u0131.  <\/p>\n<p>Milletvekillerine temaslar\u0131 boyunca Strazburg Temsilcisi Selda \u00c7imen ve I. Sekreter Havva \u00dclgen Ye\u015filada ile birlikte Cumhuriyet Meclisi, Bas\u0131n ve D\u0131\u015fili\u015fkiler Memuru G\u00f6rkem Reis e\u015flik etti.<\/p>\n<\/p><\/div>\n<p><script async\n                    defer\n                    crossorigin=\"anonymous\"\n                    src=\"https:\/\/connect.facebook.net\/tr_TR\/sdk.js#xfbml=1&#038;version=v3.3\"\n            ><\/script><\/p>\n","protected":false},"excerpt":{"rendered":"<p>Avrupa Konseyi Parlamenter Asamblesi\u2019ne (AKPA) \u00fcye UBP Girne Milletvekili Dr. \u00d6zdemir Berova ve CTP G\u00fczelyurt Milletvekili Arma\u011fan Candan\u2019dan olu\u015fan Cumhuriyet Meclisi heyeti, AKPA 2023 Y\u0131l\u0131 \u0130kinci Ola\u011fan Genel Kurul Toplant\u0131lar\u0131na kat\u0131ld\u0131. 24 \u2013 27 Nisan 2023 tarihleri aras\u0131nda Strazburg\u2019da d\u00fczenlenen AKPA Genel Kurulu\u2019nda a\u011fr\u0131l\u0131kla g\u00f6r\u00fc\u015f\u00fclen konular, T\u00fcrkiye\u2019deki 6 \u015eubat depremi, A\u0130HM Yarg\u0131\u00e7 Se\u00e7imi ve Rusya-Ukrayna<\/p>\n","protected":false},"author":1,"featured_media":5891,"comment_status":"open","ping_status":"open","sticky":false,"template":"","format":"standard","meta":{"footnotes":""},"categories":[1],"tags":[],"class_list":["post-5890","post","type-post","status-publish","format-standard","has-post-thumbnail","hentry","category-gundem"],"yoast_head":"<!-- This site is optimized with the Yoast SEO plugin v27.5 - https:\/\/yoast.com\/product\/yoast-seo-wordpress\/ -->\n<title>Berova ve Candan, T\u00fcrkiye\u2019deki depremlerde hayat\u0131n\u0131 kaybeden vatanda\u015flar\u0131m\u0131z\u0131 AKPA\u2019da g\u00fcndeme ta\u015f\u0131d\u0131lar -<\/title>\n<meta name=\"robots\" content=\"index, follow, max-snippet:-1, max-image-preview:large, max-video-preview:-1\" \/>\n<link rel=\"canonical\" href=\"https:\/\/kibrisdakik.com\/?p=5890\" \/>\n<meta property=\"og:locale\" content=\"tr_TR\" \/>\n<meta property=\"og:type\" content=\"article\" \/>\n<meta property=\"og:title\" content=\"Berova ve Candan, T\u00fcrkiye\u2019deki depremlerde hayat\u0131n\u0131 kaybeden vatanda\u015flar\u0131m\u0131z\u0131 AKPA\u2019da g\u00fcndeme ta\u015f\u0131d\u0131lar -\" \/>\n<meta property=\"og:description\" content=\"Avrupa Konseyi Parlamenter Asamblesi\u2019ne (AKPA) \u00fcye UBP Girne Milletvekili Dr. \u00d6zdemir Berova ve CTP G\u00fczelyurt Milletvekili Arma\u011fan Candan\u2019dan olu\u015fan Cumhuriyet Meclisi heyeti, AKPA 2023 Y\u0131l\u0131 \u0130kinci Ola\u011fan Genel Kurul Toplant\u0131lar\u0131na kat\u0131ld\u0131. 24 \u2013 27 Nisan 2023 tarihleri aras\u0131nda Strazburg\u2019da d\u00fczenlenen AKPA Genel Kurulu\u2019nda a\u011fr\u0131l\u0131kla g\u00f6r\u00fc\u015f\u00fclen konular, T\u00fcrkiye\u2019deki 6 \u015eubat depremi, A\u0130HM Yarg\u0131\u00e7 Se\u00e7imi ve Rusya-Ukrayna\" \/>\n<meta property=\"og:url\" content=\"https:\/\/kibrisdakik.com\/?p=5890\" \/>\n<meta property=\"article:published_time\" content=\"2023-04-28T04:05:11+00:00\" \/>\n<meta property=\"og:image\" content=\"https:\/\/kibrisdakik.com\/wp-content\/uploads\/2023\/04\/berova-candan-scaled-740x420.jpg\" \/>\n\t<meta property=\"og:image:width\" content=\"2560\" \/>\n\t<meta property=\"og:image:height\" content=\"1468\" \/>\n\t<meta property=\"og:image:type\" content=\"image\/jpeg\" \/>\n<meta name=\"author\" content=\"admin\" \/>\n<meta name=\"twitter:card\" content=\"summary_large_image\" \/>\n<meta name=\"twitter:label1\" content=\"Yazan:\" \/>\n\t<meta name=\"twitter:data1\" content=\"admin\" \/>\n\t<meta name=\"twitter:label2\" content=\"Tahmini okuma s\u00fcresi\" \/>\n\t<meta name=\"twitter:data2\" content=\"4 dakika\" \/>\n<script type=\"application\/ld+json\" class=\"yoast-schema-graph\">{\"@context\":\"https:\\\/\\\/schema.org\",\"@graph\":[{\"@type\":\"Article\",\"@id\":\"https:\\\/\\\/kibrisdakik.com\\\/?p=5890#article\",\"isPartOf\":{\"@id\":\"https:\\\/\\\/kibrisdakik.com\\\/?p=5890\"},\"author\":{\"name\":\"admin\",\"@id\":\"https:\\\/\\\/kibrisdakik.com\\\/#\\\/schema\\\/person\\\/9cd9d437bbb44f72b73ba127e06d8e79\"},\"headline\":\"Berova ve Candan, T\u00fcrkiye\u2019deki depremlerde hayat\u0131n\u0131 kaybeden vatanda\u015flar\u0131m\u0131z\u0131 AKPA\u2019da g\u00fcndeme ta\u015f\u0131d\u0131lar\",\"datePublished\":\"2023-04-28T04:05:11+00:00\",\"mainEntityOfPage\":{\"@id\":\"https:\\\/\\\/kibrisdakik.com\\\/?p=5890\"},\"wordCount\":722,\"commentCount\":0,\"image\":{\"@id\":\"https:\\\/\\\/kibrisdakik.com\\\/?p=5890#primaryimage\"},\"thumbnailUrl\":\"https:\\\/\\\/kibrisdakik.com\\\/wp-content\\\/uploads\\\/2023\\\/04\\\/berova-candan-scaled-740x420.jpg\",\"articleSection\":[\"G\u00fcndem\"],\"inLanguage\":\"tr\",\"potentialAction\":[{\"@type\":\"CommentAction\",\"name\":\"Comment\",\"target\":[\"https:\\\/\\\/kibrisdakik.com\\\/?p=5890#respond\"]}]},{\"@type\":\"WebPage\",\"@id\":\"https:\\\/\\\/kibrisdakik.com\\\/?p=5890\",\"url\":\"https:\\\/\\\/kibrisdakik.com\\\/?p=5890\",\"name\":\"Berova ve Candan, T\u00fcrkiye\u2019deki depremlerde hayat\u0131n\u0131 kaybeden vatanda\u015flar\u0131m\u0131z\u0131 AKPA\u2019da g\u00fcndeme ta\u015f\u0131d\u0131lar -\",\"isPartOf\":{\"@id\":\"https:\\\/\\\/kibrisdakik.com\\\/#website\"},\"primaryImageOfPage\":{\"@id\":\"https:\\\/\\\/kibrisdakik.com\\\/?p=5890#primaryimage\"},\"image\":{\"@id\":\"https:\\\/\\\/kibrisdakik.com\\\/?p=5890#primaryimage\"},\"thumbnailUrl\":\"https:\\\/\\\/kibrisdakik.com\\\/wp-content\\\/uploads\\\/2023\\\/04\\\/berova-candan-scaled-740x420.jpg\",\"datePublished\":\"2023-04-28T04:05:11+00:00\",\"author\":{\"@id\":\"https:\\\/\\\/kibrisdakik.com\\\/#\\\/schema\\\/person\\\/9cd9d437bbb44f72b73ba127e06d8e79\"},\"breadcrumb\":{\"@id\":\"https:\\\/\\\/kibrisdakik.com\\\/?p=5890#breadcrumb\"},\"inLanguage\":\"tr\",\"potentialAction\":[{\"@type\":\"ReadAction\",\"target\":[\"https:\\\/\\\/kibrisdakik.com\\\/?p=5890\"]}]},{\"@type\":\"ImageObject\",\"inLanguage\":\"tr\",\"@id\":\"https:\\\/\\\/kibrisdakik.com\\\/?p=5890#primaryimage\",\"url\":\"https:\\\/\\\/kibrisdakik.com\\\/wp-content\\\/uploads\\\/2023\\\/04\\\/berova-candan-scaled-740x420.jpg\",\"contentUrl\":\"https:\\\/\\\/kibrisdakik.com\\\/wp-content\\\/uploads\\\/2023\\\/04\\\/berova-candan-scaled-740x420.jpg\",\"width\":2560,\"height\":1468},{\"@type\":\"BreadcrumbList\",\"@id\":\"https:\\\/\\\/kibrisdakik.com\\\/?p=5890#breadcrumb\",\"itemListElement\":[{\"@type\":\"ListItem\",\"position\":1,\"name\":\"Home\",\"item\":\"https:\\\/\\\/kibrisdakik.com\\\/\"},{\"@type\":\"ListItem\",\"position\":2,\"name\":\"Berova ve Candan, T\u00fcrkiye\u2019deki depremlerde hayat\u0131n\u0131 kaybeden vatanda\u015flar\u0131m\u0131z\u0131 AKPA\u2019da g\u00fcndeme ta\u015f\u0131d\u0131lar\"}]},{\"@type\":\"WebSite\",\"@id\":\"https:\\\/\\\/kibrisdakik.com\\\/#website\",\"url\":\"https:\\\/\\\/kibrisdakik.com\\\/\",\"name\":\"\",\"description\":\"Tam vaktinde haber\",\"potentialAction\":[{\"@type\":\"SearchAction\",\"target\":{\"@type\":\"EntryPoint\",\"urlTemplate\":\"https:\\\/\\\/kibrisdakik.com\\\/?s={search_term_string}\"},\"query-input\":{\"@type\":\"PropertyValueSpecification\",\"valueRequired\":true,\"valueName\":\"search_term_string\"}}],\"inLanguage\":\"tr\"},{\"@type\":\"Person\",\"@id\":\"https:\\\/\\\/kibrisdakik.com\\\/#\\\/schema\\\/person\\\/9cd9d437bbb44f72b73ba127e06d8e79\",\"name\":\"admin\",\"image\":{\"@type\":\"ImageObject\",\"inLanguage\":\"tr\",\"@id\":\"https:\\\/\\\/secure.gravatar.com\\\/avatar\\\/ccc17943b9d660506c869530f897617f7cb1c21a4bf30023f252596d83e1f007?s=96&d=mm&r=g\",\"url\":\"https:\\\/\\\/secure.gravatar.com\\\/avatar\\\/ccc17943b9d660506c869530f897617f7cb1c21a4bf30023f252596d83e1f007?s=96&d=mm&r=g\",\"contentUrl\":\"https:\\\/\\\/secure.gravatar.com\\\/avatar\\\/ccc17943b9d660506c869530f897617f7cb1c21a4bf30023f252596d83e1f007?s=96&d=mm&r=g\",\"caption\":\"admin\"},\"sameAs\":[\"https:\\\/\\\/kibrisdakik.com\"],\"url\":\"https:\\\/\\\/kibrisdakik.com\\\/?author=1\"}]}<\/script>\n<!-- \/ Yoast SEO plugin. -->","yoast_head_json":{"title":"Berova ve Candan, T\u00fcrkiye\u2019deki depremlerde hayat\u0131n\u0131 kaybeden vatanda\u015flar\u0131m\u0131z\u0131 AKPA\u2019da g\u00fcndeme ta\u015f\u0131d\u0131lar -","robots":{"index":"index","follow":"follow","max-snippet":"max-snippet:-1","max-image-preview":"max-image-preview:large","max-video-preview":"max-video-preview:-1"},"canonical":"https:\/\/kibrisdakik.com\/?p=5890","og_locale":"tr_TR","og_type":"article","og_title":"Berova ve Candan, T\u00fcrkiye\u2019deki depremlerde hayat\u0131n\u0131 kaybeden vatanda\u015flar\u0131m\u0131z\u0131 AKPA\u2019da g\u00fcndeme ta\u015f\u0131d\u0131lar -","og_description":"Avrupa Konseyi Parlamenter Asamblesi\u2019ne (AKPA) \u00fcye UBP Girne Milletvekili Dr. \u00d6zdemir Berova ve CTP G\u00fczelyurt Milletvekili Arma\u011fan Candan\u2019dan olu\u015fan Cumhuriyet Meclisi heyeti, AKPA 2023 Y\u0131l\u0131 \u0130kinci Ola\u011fan Genel Kurul Toplant\u0131lar\u0131na kat\u0131ld\u0131. 24 \u2013 27 Nisan 2023 tarihleri aras\u0131nda Strazburg\u2019da d\u00fczenlenen AKPA Genel Kurulu\u2019nda a\u011fr\u0131l\u0131kla g\u00f6r\u00fc\u015f\u00fclen konular, T\u00fcrkiye\u2019deki 6 \u015eubat depremi, A\u0130HM Yarg\u0131\u00e7 Se\u00e7imi ve Rusya-Ukrayna","og_url":"https:\/\/kibrisdakik.com\/?p=5890","article_published_time":"2023-04-28T04:05:11+00:00","og_image":[{"width":2560,"height":1468,"url":"https:\/\/kibrisdakik.com\/wp-content\/uploads\/2023\/04\/berova-candan-scaled-740x420.jpg","type":"image\/jpeg"}],"author":"admin","twitter_card":"summary_large_image","twitter_misc":{"Yazan:":"admin","Tahmini okuma s\u00fcresi":"4 dakika"},"schema":{"@context":"https:\/\/schema.org","@graph":[{"@type":"Article","@id":"https:\/\/kibrisdakik.com\/?p=5890#article","isPartOf":{"@id":"https:\/\/kibrisdakik.com\/?p=5890"},"author":{"name":"admin","@id":"https:\/\/kibrisdakik.com\/#\/schema\/person\/9cd9d437bbb44f72b73ba127e06d8e79"},"headline":"Berova ve Candan, T\u00fcrkiye\u2019deki depremlerde hayat\u0131n\u0131 kaybeden vatanda\u015flar\u0131m\u0131z\u0131 AKPA\u2019da g\u00fcndeme ta\u015f\u0131d\u0131lar","datePublished":"2023-04-28T04:05:11+00:00","mainEntityOfPage":{"@id":"https:\/\/kibrisdakik.com\/?p=5890"},"wordCount":722,"commentCount":0,"image":{"@id":"https:\/\/kibrisdakik.com\/?p=5890#primaryimage"},"thumbnailUrl":"https:\/\/kibrisdakik.com\/wp-content\/uploads\/2023\/04\/berova-candan-scaled-740x420.jpg","articleSection":["G\u00fcndem"],"inLanguage":"tr","potentialAction":[{"@type":"CommentAction","name":"Comment","target":["https:\/\/kibrisdakik.com\/?p=5890#respond"]}]},{"@type":"WebPage","@id":"https:\/\/kibrisdakik.com\/?p=5890","url":"https:\/\/kibrisdakik.com\/?p=5890","name":"Berova ve Candan, T\u00fcrkiye\u2019deki depremlerde hayat\u0131n\u0131 kaybeden vatanda\u015flar\u0131m\u0131z\u0131 AKPA\u2019da g\u00fcndeme ta\u015f\u0131d\u0131lar -","isPartOf":{"@id":"https:\/\/kibrisdakik.com\/#website"},"primaryImageOfPage":{"@id":"https:\/\/kibrisdakik.com\/?p=5890#primaryimage"},"image":{"@id":"https:\/\/kibrisdakik.com\/?p=5890#primaryimage"},"thumbnailUrl":"https:\/\/kibrisdakik.com\/wp-content\/uploads\/2023\/04\/berova-candan-scaled-740x420.jpg","datePublished":"2023-04-28T04:05:11+00:00","author":{"@id":"https:\/\/kibrisdakik.com\/#\/schema\/person\/9cd9d437bbb44f72b73ba127e06d8e79"},"breadcrumb":{"@id":"https:\/\/kibrisdakik.com\/?p=5890#breadcrumb"},"inLanguage":"tr","potentialAction":[{"@type":"ReadAction","target":["https:\/\/kibrisdakik.com\/?p=5890"]}]},{"@type":"ImageObject","inLanguage":"tr","@id":"https:\/\/kibrisdakik.com\/?p=5890#primaryimage","url":"https:\/\/kibrisdakik.com\/wp-content\/uploads\/2023\/04\/berova-candan-scaled-740x420.jpg","contentUrl":"https:\/\/kibrisdakik.com\/wp-content\/uploads\/2023\/04\/berova-candan-scaled-740x420.jpg","width":2560,"height":1468},{"@type":"BreadcrumbList","@id":"https:\/\/kibrisdakik.com\/?p=5890#breadcrumb","itemListElement":[{"@type":"ListItem","position":1,"name":"Home","item":"https:\/\/kibrisdakik.com\/"},{"@type":"ListItem","position":2,"name":"Berova ve Candan, T\u00fcrkiye\u2019deki depremlerde hayat\u0131n\u0131 kaybeden vatanda\u015flar\u0131m\u0131z\u0131 AKPA\u2019da g\u00fcndeme ta\u015f\u0131d\u0131lar"}]},{"@type":"WebSite","@id":"https:\/\/kibrisdakik.com\/#website","url":"https:\/\/kibrisdakik.com\/","name":"","description":"Tam vaktinde haber","potentialAction":[{"@type":"SearchAction","target":{"@type":"EntryPoint","urlTemplate":"https:\/\/kibrisdakik.com\/?s={search_term_string}"},"query-input":{"@type":"PropertyValueSpecification","valueRequired":true,"valueName":"search_term_string"}}],"inLanguage":"tr"},{"@type":"Person","@id":"https:\/\/kibrisdakik.com\/#\/schema\/person\/9cd9d437bbb44f72b73ba127e06d8e79","name":"admin","image":{"@type":"ImageObject","inLanguage":"tr","@id":"https:\/\/secure.gravatar.com\/avatar\/ccc17943b9d660506c869530f897617f7cb1c21a4bf30023f252596d83e1f007?s=96&d=mm&r=g","url":"https:\/\/secure.gravatar.com\/avatar\/ccc17943b9d660506c869530f897617f7cb1c21a4bf30023f252596d83e1f007?s=96&d=mm&r=g","contentUrl":"https:\/\/secure.gravatar.com\/avatar\/ccc17943b9d660506c869530f897617f7cb1c21a4bf30023f252596d83e1f007?s=96&d=mm&r=g","caption":"admin"},"sameAs":["https:\/\/kibrisdakik.com"],"url":"https:\/\/kibrisdakik.com\/?author=1"}]}},"_links":{"self":[{"href":"https:\/\/kibrisdakik.com\/index.php?rest_route=\/wp\/v2\/posts\/5890","targetHints":{"allow":["GET"]}}],"collection":[{"href":"https:\/\/kibrisdakik.com\/index.php?rest_route=\/wp\/v2\/posts"}],"about":[{"href":"https:\/\/kibrisdakik.com\/index.php?rest_route=\/wp\/v2\/types\/post"}],"author":[{"embeddable":true,"href":"https:\/\/kibrisdakik.com\/index.php?rest_route=\/wp\/v2\/users\/1"}],"replies":[{"embeddable":true,"href":"https:\/\/kibrisdakik.com\/index.php?rest_route=%2Fwp%2Fv2%2Fcomments&post=5890"}],"version-history":[{"count":0,"href":"https:\/\/kibrisdakik.com\/index.php?rest_route=\/wp\/v2\/posts\/5890\/revisions"}],"wp:featuredmedia":[{"embeddable":true,"href":"https:\/\/kibrisdakik.com\/index.php?rest_route=\/wp\/v2\/media\/5891"}],"wp:attachment":[{"href":"https:\/\/kibrisdakik.com\/index.php?rest_route=%2Fwp%2Fv2%2Fmedia&parent=5890"}],"wp:term":[{"taxonomy":"category","embeddable":true,"href":"https:\/\/kibrisdakik.com\/index.php?rest_route=%2Fwp%2Fv2%2Fcategories&post=5890"},{"taxonomy":"post_tag","embeddable":true,"href":"https:\/\/kibrisdakik.com\/index.php?rest_route=%2Fwp%2Fv2%2Ftags&post=5890"}],"curies":[{"name":"wp","href":"https:\/\/api.w.org\/{rel}","templated":true}]}}