{"id":59005,"date":"2024-09-03T10:46:58","date_gmt":"2024-09-03T07:46:58","guid":{"rendered":"https:\/\/kibrisdakik.com\/index.php\/2024\/09\/03\/ktto-baskanligina-yeniden-turgay-deniz-getirildi\/"},"modified":"2024-09-03T10:46:58","modified_gmt":"2024-09-03T07:46:58","slug":"ktto-baskanligina-yeniden-turgay-deniz-getirildi","status":"publish","type":"post","link":"https:\/\/kibrisdakik.com\/?p=59005","title":{"rendered":"KTTO Ba\u015fkanl\u0131\u011f\u0131na yeniden Turgay Deniz getirildi"},"content":{"rendered":"<div>\n<div class=\"mariselle-image-container none\">\n                                            <\/div>\n<p>K\u0131br\u0131s T\u00fcrk Ticaret Odas\u0131 (KTTO)\u00a0ba\u015fkanl\u0131\u011f\u0131na yeniden Turgay Deniz getirildi.\u00a0<\/p>\n<p>KTTO 61. d\u00f6nem Oda Meclisi, d\u00fcn ilk toplant\u0131s\u0131n\u0131 yaparak Oda Ba\u015fkan\u0131 ve Y\u00f6netim Kurulu \u00fcyelerini belirledi.<\/p>\n<p>Odadan yap\u0131lan yaz\u0131l\u0131 a\u00e7\u0131klamada, ba\u015fkanl\u0131\u011f\u0131na yeniden se\u00e7ilen Turgay Deniz\u2019in, kendisini g\u00f6reve getiren KTTO Meclisi \u00fcyelerine te\u015fekk\u00fcr etti\u011fi belirtildi.<\/p>\n<p>A\u00e7\u0131klamada, KTTO Meclisinin yapt\u0131\u011f\u0131 toplant\u0131yla Ba\u015fkan Vekillerinin Aziz Limasollu ve Ramazan G\u00fcndo\u011fdu; Y\u00f6netim Kurulu \u00dcyelerinin ise Ali Ba\u015fman, Alp Cengiz Alp, Evren G\u00fcnsel Er\u00e7elik, Oma\u00e7 Cin, Yusuf Acemo\u011flu ve Y\u00fcksel Akay olarak belirledi\u011fi kaydedildi.<\/p>\n<\/p><\/div>\n<p><script async\n                    defer\n                    crossorigin=\"anonymous\"\n                    src=\"https:\/\/connect.facebook.net\/tr_TR\/sdk.js#xfbml=1&#038;version=v3.3\"\n            ><\/script><\/p>\n","protected":false},"excerpt":{"rendered":"<p>K\u0131br\u0131s T\u00fcrk Ticaret Odas\u0131 (KTTO)\u00a0ba\u015fkanl\u0131\u011f\u0131na yeniden Turgay Deniz getirildi.\u00a0 KTTO 61. d\u00f6nem Oda Meclisi, d\u00fcn ilk toplant\u0131s\u0131n\u0131 yaparak Oda Ba\u015fkan\u0131 ve Y\u00f6netim Kurulu \u00fcyelerini belirledi. Odadan yap\u0131lan yaz\u0131l\u0131 a\u00e7\u0131klamada, ba\u015fkanl\u0131\u011f\u0131na yeniden se\u00e7ilen Turgay Deniz\u2019in, kendisini g\u00f6reve getiren KTTO Meclisi \u00fcyelerine te\u015fekk\u00fcr etti\u011fi belirtildi. A\u00e7\u0131klamada, KTTO Meclisinin yapt\u0131\u011f\u0131 toplant\u0131yla Ba\u015fkan Vekillerinin Aziz Limasollu ve Ramazan G\u00fcndo\u011fdu;<\/p>\n","protected":false},"author":1,"featured_media":59006,"comment_status":"open","ping_status":"open","sticky":false,"template":"","format":"standard","meta":{"footnotes":""},"categories":[81],"tags":[],"class_list":["post-59005","post","type-post","status-publish","format-standard","has-post-thumbnail","hentry","category-kibris"],"yoast_head":"<!-- This site is optimized with the Yoast SEO plugin v27.5 - https:\/\/yoast.com\/product\/yoast-seo-wordpress\/ -->\n<title>KTTO Ba\u015fkanl\u0131\u011f\u0131na yeniden Turgay Deniz getirildi -<\/title>\n<meta name=\"robots\" content=\"index, follow, max-snippet:-1, max-image-preview:large, max-video-preview:-1\" \/>\n<link rel=\"canonical\" href=\"https:\/\/kibrisdakik.com\/?p=59005\" \/>\n<meta property=\"og:locale\" content=\"tr_TR\" \/>\n<meta property=\"og:type\" content=\"article\" \/>\n<meta property=\"og:title\" content=\"KTTO Ba\u015fkanl\u0131\u011f\u0131na yeniden Turgay Deniz getirildi -\" \/>\n<meta property=\"og:description\" content=\"K\u0131br\u0131s T\u00fcrk Ticaret Odas\u0131 (KTTO)\u00a0ba\u015fkanl\u0131\u011f\u0131na yeniden Turgay Deniz getirildi.\u00a0 KTTO 61. d\u00f6nem Oda Meclisi, d\u00fcn ilk toplant\u0131s\u0131n\u0131 yaparak Oda Ba\u015fkan\u0131 ve Y\u00f6netim Kurulu \u00fcyelerini belirledi. Odadan yap\u0131lan yaz\u0131l\u0131 a\u00e7\u0131klamada, ba\u015fkanl\u0131\u011f\u0131na yeniden se\u00e7ilen Turgay Deniz\u2019in, kendisini g\u00f6reve getiren KTTO Meclisi \u00fcyelerine te\u015fekk\u00fcr etti\u011fi belirtildi. A\u00e7\u0131klamada, KTTO Meclisinin yapt\u0131\u011f\u0131 toplant\u0131yla Ba\u015fkan Vekillerinin Aziz Limasollu ve Ramazan G\u00fcndo\u011fdu;\" \/>\n<meta property=\"og:url\" content=\"https:\/\/kibrisdakik.com\/?p=59005\" \/>\n<meta property=\"article:published_time\" content=\"2024-09-03T07:46:58+00:00\" \/>\n<meta property=\"og:image\" content=\"https:\/\/kibrisdakik.com\/wp-content\/uploads\/2024\/09\/ticaret-odasi-yonetim-kurulu2-740x420.jpg\" \/>\n\t<meta property=\"og:image:width\" content=\"1600\" \/>\n\t<meta property=\"og:image:height\" content=\"1066\" \/>\n\t<meta property=\"og:image:type\" content=\"image\/jpeg\" \/>\n<meta name=\"author\" content=\"admin\" \/>\n<meta name=\"twitter:card\" content=\"summary_large_image\" \/>\n<meta name=\"twitter:label1\" content=\"Yazan:\" \/>\n\t<meta name=\"twitter:data1\" content=\"admin\" \/>\n\t<meta name=\"twitter:label2\" content=\"Tahmini okuma s\u00fcresi\" \/>\n\t<meta name=\"twitter:data2\" content=\"1 dakika\" \/>\n<script type=\"application\/ld+json\" class=\"yoast-schema-graph\">{\"@context\":\"https:\\\/\\\/schema.org\",\"@graph\":[{\"@type\":\"Article\",\"@id\":\"https:\\\/\\\/kibrisdakik.com\\\/?p=59005#article\",\"isPartOf\":{\"@id\":\"https:\\\/\\\/kibrisdakik.com\\\/?p=59005\"},\"author\":{\"name\":\"admin\",\"@id\":\"https:\\\/\\\/kibrisdakik.com\\\/#\\\/schema\\\/person\\\/9cd9d437bbb44f72b73ba127e06d8e79\"},\"headline\":\"KTTO Ba\u015fkanl\u0131\u011f\u0131na yeniden Turgay Deniz getirildi\",\"datePublished\":\"2024-09-03T07:46:58+00:00\",\"mainEntityOfPage\":{\"@id\":\"https:\\\/\\\/kibrisdakik.com\\\/?p=59005\"},\"wordCount\":119,\"commentCount\":0,\"image\":{\"@id\":\"https:\\\/\\\/kibrisdakik.com\\\/?p=59005#primaryimage\"},\"thumbnailUrl\":\"https:\\\/\\\/kibrisdakik.com\\\/wp-content\\\/uploads\\\/2024\\\/09\\\/ticaret-odasi-yonetim-kurulu2-740x420.jpg\",\"articleSection\":[\"K\u0131br\u0131s\"],\"inLanguage\":\"tr\",\"potentialAction\":[{\"@type\":\"CommentAction\",\"name\":\"Comment\",\"target\":[\"https:\\\/\\\/kibrisdakik.com\\\/?p=59005#respond\"]}]},{\"@type\":\"WebPage\",\"@id\":\"https:\\\/\\\/kibrisdakik.com\\\/?p=59005\",\"url\":\"https:\\\/\\\/kibrisdakik.com\\\/?p=59005\",\"name\":\"KTTO Ba\u015fkanl\u0131\u011f\u0131na yeniden Turgay Deniz getirildi -\",\"isPartOf\":{\"@id\":\"https:\\\/\\\/kibrisdakik.com\\\/#website\"},\"primaryImageOfPage\":{\"@id\":\"https:\\\/\\\/kibrisdakik.com\\\/?p=59005#primaryimage\"},\"image\":{\"@id\":\"https:\\\/\\\/kibrisdakik.com\\\/?p=59005#primaryimage\"},\"thumbnailUrl\":\"https:\\\/\\\/kibrisdakik.com\\\/wp-content\\\/uploads\\\/2024\\\/09\\\/ticaret-odasi-yonetim-kurulu2-740x420.jpg\",\"datePublished\":\"2024-09-03T07:46:58+00:00\",\"author\":{\"@id\":\"https:\\\/\\\/kibrisdakik.com\\\/#\\\/schema\\\/person\\\/9cd9d437bbb44f72b73ba127e06d8e79\"},\"breadcrumb\":{\"@id\":\"https:\\\/\\\/kibrisdakik.com\\\/?p=59005#breadcrumb\"},\"inLanguage\":\"tr\",\"potentialAction\":[{\"@type\":\"ReadAction\",\"target\":[\"https:\\\/\\\/kibrisdakik.com\\\/?p=59005\"]}]},{\"@type\":\"ImageObject\",\"inLanguage\":\"tr\",\"@id\":\"https:\\\/\\\/kibrisdakik.com\\\/?p=59005#primaryimage\",\"url\":\"https:\\\/\\\/kibrisdakik.com\\\/wp-content\\\/uploads\\\/2024\\\/09\\\/ticaret-odasi-yonetim-kurulu2-740x420.jpg\",\"contentUrl\":\"https:\\\/\\\/kibrisdakik.com\\\/wp-content\\\/uploads\\\/2024\\\/09\\\/ticaret-odasi-yonetim-kurulu2-740x420.jpg\",\"width\":1600,\"height\":1066},{\"@type\":\"BreadcrumbList\",\"@id\":\"https:\\\/\\\/kibrisdakik.com\\\/?p=59005#breadcrumb\",\"itemListElement\":[{\"@type\":\"ListItem\",\"position\":1,\"name\":\"Home\",\"item\":\"https:\\\/\\\/kibrisdakik.com\\\/\"},{\"@type\":\"ListItem\",\"position\":2,\"name\":\"KTTO Ba\u015fkanl\u0131\u011f\u0131na yeniden Turgay Deniz getirildi\"}]},{\"@type\":\"WebSite\",\"@id\":\"https:\\\/\\\/kibrisdakik.com\\\/#website\",\"url\":\"https:\\\/\\\/kibrisdakik.com\\\/\",\"name\":\"\",\"description\":\"Tam vaktinde haber\",\"potentialAction\":[{\"@type\":\"SearchAction\",\"target\":{\"@type\":\"EntryPoint\",\"urlTemplate\":\"https:\\\/\\\/kibrisdakik.com\\\/?s={search_term_string}\"},\"query-input\":{\"@type\":\"PropertyValueSpecification\",\"valueRequired\":true,\"valueName\":\"search_term_string\"}}],\"inLanguage\":\"tr\"},{\"@type\":\"Person\",\"@id\":\"https:\\\/\\\/kibrisdakik.com\\\/#\\\/schema\\\/person\\\/9cd9d437bbb44f72b73ba127e06d8e79\",\"name\":\"admin\",\"image\":{\"@type\":\"ImageObject\",\"inLanguage\":\"tr\",\"@id\":\"https:\\\/\\\/secure.gravatar.com\\\/avatar\\\/ccc17943b9d660506c869530f897617f7cb1c21a4bf30023f252596d83e1f007?s=96&d=mm&r=g\",\"url\":\"https:\\\/\\\/secure.gravatar.com\\\/avatar\\\/ccc17943b9d660506c869530f897617f7cb1c21a4bf30023f252596d83e1f007?s=96&d=mm&r=g\",\"contentUrl\":\"https:\\\/\\\/secure.gravatar.com\\\/avatar\\\/ccc17943b9d660506c869530f897617f7cb1c21a4bf30023f252596d83e1f007?s=96&d=mm&r=g\",\"caption\":\"admin\"},\"sameAs\":[\"https:\\\/\\\/kibrisdakik.com\"],\"url\":\"https:\\\/\\\/kibrisdakik.com\\\/?author=1\"}]}<\/script>\n<!-- \/ Yoast SEO plugin. -->","yoast_head_json":{"title":"KTTO Ba\u015fkanl\u0131\u011f\u0131na yeniden Turgay Deniz getirildi -","robots":{"index":"index","follow":"follow","max-snippet":"max-snippet:-1","max-image-preview":"max-image-preview:large","max-video-preview":"max-video-preview:-1"},"canonical":"https:\/\/kibrisdakik.com\/?p=59005","og_locale":"tr_TR","og_type":"article","og_title":"KTTO Ba\u015fkanl\u0131\u011f\u0131na yeniden Turgay Deniz getirildi -","og_description":"K\u0131br\u0131s T\u00fcrk Ticaret Odas\u0131 (KTTO)\u00a0ba\u015fkanl\u0131\u011f\u0131na yeniden Turgay Deniz getirildi.\u00a0 KTTO 61. d\u00f6nem Oda Meclisi, d\u00fcn ilk toplant\u0131s\u0131n\u0131 yaparak Oda Ba\u015fkan\u0131 ve Y\u00f6netim Kurulu \u00fcyelerini belirledi. Odadan yap\u0131lan yaz\u0131l\u0131 a\u00e7\u0131klamada, ba\u015fkanl\u0131\u011f\u0131na yeniden se\u00e7ilen Turgay Deniz\u2019in, kendisini g\u00f6reve getiren KTTO Meclisi \u00fcyelerine te\u015fekk\u00fcr etti\u011fi belirtildi. A\u00e7\u0131klamada, KTTO Meclisinin yapt\u0131\u011f\u0131 toplant\u0131yla Ba\u015fkan Vekillerinin Aziz Limasollu ve Ramazan G\u00fcndo\u011fdu;","og_url":"https:\/\/kibrisdakik.com\/?p=59005","article_published_time":"2024-09-03T07:46:58+00:00","og_image":[{"width":1600,"height":1066,"url":"https:\/\/kibrisdakik.com\/wp-content\/uploads\/2024\/09\/ticaret-odasi-yonetim-kurulu2-740x420.jpg","type":"image\/jpeg"}],"author":"admin","twitter_card":"summary_large_image","twitter_misc":{"Yazan:":"admin","Tahmini okuma s\u00fcresi":"1 dakika"},"schema":{"@context":"https:\/\/schema.org","@graph":[{"@type":"Article","@id":"https:\/\/kibrisdakik.com\/?p=59005#article","isPartOf":{"@id":"https:\/\/kibrisdakik.com\/?p=59005"},"author":{"name":"admin","@id":"https:\/\/kibrisdakik.com\/#\/schema\/person\/9cd9d437bbb44f72b73ba127e06d8e79"},"headline":"KTTO Ba\u015fkanl\u0131\u011f\u0131na yeniden Turgay Deniz getirildi","datePublished":"2024-09-03T07:46:58+00:00","mainEntityOfPage":{"@id":"https:\/\/kibrisdakik.com\/?p=59005"},"wordCount":119,"commentCount":0,"image":{"@id":"https:\/\/kibrisdakik.com\/?p=59005#primaryimage"},"thumbnailUrl":"https:\/\/kibrisdakik.com\/wp-content\/uploads\/2024\/09\/ticaret-odasi-yonetim-kurulu2-740x420.jpg","articleSection":["K\u0131br\u0131s"],"inLanguage":"tr","potentialAction":[{"@type":"CommentAction","name":"Comment","target":["https:\/\/kibrisdakik.com\/?p=59005#respond"]}]},{"@type":"WebPage","@id":"https:\/\/kibrisdakik.com\/?p=59005","url":"https:\/\/kibrisdakik.com\/?p=59005","name":"KTTO Ba\u015fkanl\u0131\u011f\u0131na yeniden Turgay Deniz getirildi -","isPartOf":{"@id":"https:\/\/kibrisdakik.com\/#website"},"primaryImageOfPage":{"@id":"https:\/\/kibrisdakik.com\/?p=59005#primaryimage"},"image":{"@id":"https:\/\/kibrisdakik.com\/?p=59005#primaryimage"},"thumbnailUrl":"https:\/\/kibrisdakik.com\/wp-content\/uploads\/2024\/09\/ticaret-odasi-yonetim-kurulu2-740x420.jpg","datePublished":"2024-09-03T07:46:58+00:00","author":{"@id":"https:\/\/kibrisdakik.com\/#\/schema\/person\/9cd9d437bbb44f72b73ba127e06d8e79"},"breadcrumb":{"@id":"https:\/\/kibrisdakik.com\/?p=59005#breadcrumb"},"inLanguage":"tr","potentialAction":[{"@type":"ReadAction","target":["https:\/\/kibrisdakik.com\/?p=59005"]}]},{"@type":"ImageObject","inLanguage":"tr","@id":"https:\/\/kibrisdakik.com\/?p=59005#primaryimage","url":"https:\/\/kibrisdakik.com\/wp-content\/uploads\/2024\/09\/ticaret-odasi-yonetim-kurulu2-740x420.jpg","contentUrl":"https:\/\/kibrisdakik.com\/wp-content\/uploads\/2024\/09\/ticaret-odasi-yonetim-kurulu2-740x420.jpg","width":1600,"height":1066},{"@type":"BreadcrumbList","@id":"https:\/\/kibrisdakik.com\/?p=59005#breadcrumb","itemListElement":[{"@type":"ListItem","position":1,"name":"Home","item":"https:\/\/kibrisdakik.com\/"},{"@type":"ListItem","position":2,"name":"KTTO Ba\u015fkanl\u0131\u011f\u0131na yeniden Turgay Deniz getirildi"}]},{"@type":"WebSite","@id":"https:\/\/kibrisdakik.com\/#website","url":"https:\/\/kibrisdakik.com\/","name":"","description":"Tam vaktinde haber","potentialAction":[{"@type":"SearchAction","target":{"@type":"EntryPoint","urlTemplate":"https:\/\/kibrisdakik.com\/?s={search_term_string}"},"query-input":{"@type":"PropertyValueSpecification","valueRequired":true,"valueName":"search_term_string"}}],"inLanguage":"tr"},{"@type":"Person","@id":"https:\/\/kibrisdakik.com\/#\/schema\/person\/9cd9d437bbb44f72b73ba127e06d8e79","name":"admin","image":{"@type":"ImageObject","inLanguage":"tr","@id":"https:\/\/secure.gravatar.com\/avatar\/ccc17943b9d660506c869530f897617f7cb1c21a4bf30023f252596d83e1f007?s=96&d=mm&r=g","url":"https:\/\/secure.gravatar.com\/avatar\/ccc17943b9d660506c869530f897617f7cb1c21a4bf30023f252596d83e1f007?s=96&d=mm&r=g","contentUrl":"https:\/\/secure.gravatar.com\/avatar\/ccc17943b9d660506c869530f897617f7cb1c21a4bf30023f252596d83e1f007?s=96&d=mm&r=g","caption":"admin"},"sameAs":["https:\/\/kibrisdakik.com"],"url":"https:\/\/kibrisdakik.com\/?author=1"}]}},"_links":{"self":[{"href":"https:\/\/kibrisdakik.com\/index.php?rest_route=\/wp\/v2\/posts\/59005","targetHints":{"allow":["GET"]}}],"collection":[{"href":"https:\/\/kibrisdakik.com\/index.php?rest_route=\/wp\/v2\/posts"}],"about":[{"href":"https:\/\/kibrisdakik.com\/index.php?rest_route=\/wp\/v2\/types\/post"}],"author":[{"embeddable":true,"href":"https:\/\/kibrisdakik.com\/index.php?rest_route=\/wp\/v2\/users\/1"}],"replies":[{"embeddable":true,"href":"https:\/\/kibrisdakik.com\/index.php?rest_route=%2Fwp%2Fv2%2Fcomments&post=59005"}],"version-history":[{"count":0,"href":"https:\/\/kibrisdakik.com\/index.php?rest_route=\/wp\/v2\/posts\/59005\/revisions"}],"wp:featuredmedia":[{"embeddable":true,"href":"https:\/\/kibrisdakik.com\/index.php?rest_route=\/wp\/v2\/media\/59006"}],"wp:attachment":[{"href":"https:\/\/kibrisdakik.com\/index.php?rest_route=%2Fwp%2Fv2%2Fmedia&parent=59005"}],"wp:term":[{"taxonomy":"category","embeddable":true,"href":"https:\/\/kibrisdakik.com\/index.php?rest_route=%2Fwp%2Fv2%2Fcategories&post=59005"},{"taxonomy":"post_tag","embeddable":true,"href":"https:\/\/kibrisdakik.com\/index.php?rest_route=%2Fwp%2Fv2%2Ftags&post=59005"}],"curies":[{"name":"wp","href":"https:\/\/api.w.org\/{rel}","templated":true}]}}