{"id":59050,"date":"2024-09-03T12:58:17","date_gmt":"2024-09-03T09:58:17","guid":{"rendered":"https:\/\/kibrisdakik.com\/index.php\/2024\/09\/03\/yarin-hakim-karsisina-cikacaklar-dilan-polat-durusma-oncesi-solugu-engin-polatin-yaninda-aldi\/"},"modified":"2024-09-03T12:58:17","modified_gmt":"2024-09-03T09:58:17","slug":"yarin-hakim-karsisina-cikacaklar-dilan-polat-durusma-oncesi-solugu-engin-polatin-yaninda-aldi","status":"publish","type":"post","link":"https:\/\/kibrisdakik.com\/?p=59050","title":{"rendered":"Yar\u0131n hakim kar\u015f\u0131s\u0131na \u00e7\u0131kacaklar! Dilan Polat, duru\u015fma \u00f6ncesi solu\u011fu Engin Polat&#8217;\u0131n yan\u0131nda ald\u0131"},"content":{"rendered":"<p><\/p>\n<div id=\"\">\n<p>Kara para aklad\u0131klar\u0131 gerek\u00e7esiyle haklar\u0131nda dava a\u00e7\u0131lan Dilan ve Engin Polat&#8217;\u0131n da aralar\u0131nda bulundu\u011fu 28 ki\u015fi yar\u0131n hakim kar\u015f\u0131s\u0131na \u00e7\u0131kacak. 2 hafta \u00f6nce tahliye edilen Dilan Polat ise duru\u015fma \u00f6ncesi e\u015fini g\u00f6rmeye gitti.<\/p>\n<h3>A\u011eZINI BI\u00c7AK A\u00c7MADI<\/h3>\n<p>Kay\u0131nvalide \u015e\u00fckran Polat, k\u0131z\u0131, o\u011flu ve g\u00f6r\u00fcmcesi K\u00fcbra Mert ile \u00c7orlu Cezaevine giden Dilan Polat, korumalar e\u015fli\u011finde y\u00fcr\u00fcd\u00fc. Tahliye olduktan sonra e\u015fi taraf\u0131ndan &#8220;Konu\u015fmayacaks\u0131n, telefon kullanmayacaks\u0131n&#8221; diyerek uyar\u0131lan Dilan Polat, ziyaret sonras\u0131 cezaevinden \u00e7\u0131k\u0131p araca binerken tek kelime etmedi. K\u0131z\u0131n\u0131n elini s\u0131k\u0131ca tutan Dilan Polat, korumas\u0131 taraf\u0131ndan arac\u0131na bindirilerek uzakla\u015ft\u0131.<\/p>\n<p><img loading=\"lazy\" decoding=\"async\" class=\"hbptMainImage lazyload ImgDetay\" src=\"https:\/\/foto.haberler.com\/haber\/2024\/09\/03\/yarin-hakim-karsisina-cikacaklar-dilan-polat-17782172_2960_m.jpg\" alt=\"Yar\u0131n hakim kar\u015f\u0131s\u0131na \u00e7\u0131kacaklar! Dilan Polat, duru\u015fma \u00f6ncesi solu\u011fu Engin Polat'\u0131n yan\u0131nda ald\u0131\" width=\"640\" height=\"401\"\/><\/p>\n<h3>YARIN HAK\u0130M KAR\u015eISINA \u00c7IKACAKLAR<\/h3>\n<p>&#8220;Su\u00e7 i\u015flemek amac\u0131yla \u00f6rg\u00fct kurma, y\u00f6netme&#8221;, &#8220;su\u00e7tan kaynaklanan mal varl\u0131\u011f\u0131 de\u011ferlerini aklama&#8221; ve &#8220;Futbol ve Di\u011fer  <a class=\"keyword\" href=\"https:\/\/www.haberler.com\/spor\/\" title=\"Spor, Spor Haberleri, Spor Haber\"><strong>Spor<\/strong><\/a> M\u00fcsabakalar\u0131nda Bahis ve \u015eans Oyunlar\u0131 D\u00fczenlenmesi Hakk\u0131nda Kanun&#8217;a muhalefet&#8221; su\u00e7lar\u0131ndan haklar\u0131nda dava a\u00e7\u0131lan Dilan ve Engin Polat&#8217;\u0131n da aralar\u0131nda bulundu\u011fu 28 san\u0131k yar\u0131n Anadolu 2. Asliye Ceza Mahkemesi&#8217;nde yar\u0131n ilk kez hakim kar\u015f\u0131s\u0131na \u00e7\u0131kacak. 5 Kas\u0131m 2023 tarihinde tutuklanan Dilan Polat 19 A\u011fustos 2024 tarihinde tahliye edilmi\u015fti.<\/p>\n<div class=\"orderFlex\">\n<div class=\"hbptItem imgtxtarea\">\n<div class=\"hbptAuthorImg\"><img decoding=\"async\" class=\"lazyload imgelips\" src=\"https:\/\/foto.haberler.com\/genel\/editor\/2024\/01\/11\/editor--168911.jpg\" alt=\"Ecem Altan\"\/><\/div>\n<\/div>\n<\/div>\n<h4 id=\"nwsKeywords\"> <a href=\"https:\/\/www.haberler.com\/engin-polat\/\" title=\"Engin Polat\" class=\"hbptTag\">Engin Polat<\/a>  <a href=\"https:\/\/www.haberler.com\/dilan-polat\/\" title=\"Dilan Polat\" class=\"hbptTag\">Dilan Polat<\/a>  <a href=\"https:\/\/www.haberler.com\/magazin\/\" title=\"Magazin\" class=\"hbptTag\">Magazin<\/a>  <a href=\"https:\/\/www.haberler.com\/hakim\/\" title=\"Hakim\" class=\"hbptTag\">Hakim<\/a>  <a href=\"https:\/\/www.haberler.com\/hukuk\/\" title=\"Hukuk\" class=\"hbptTag\">Hukuk<\/a>  <a href=\"https:\/\/www.haberler.com\/suc\/\" title=\"Su\u00e7\" class=\"hbptTag\">Su\u00e7<\/a> <\/h4>\n<\/div>\n","protected":false},"excerpt":{"rendered":"<p>Kara para aklad\u0131klar\u0131 gerek\u00e7esiyle haklar\u0131nda dava a\u00e7\u0131lan Dilan ve Engin Polat&#8217;\u0131n da aralar\u0131nda bulundu\u011fu 28 ki\u015fi yar\u0131n hakim kar\u015f\u0131s\u0131na \u00e7\u0131kacak. 2 hafta \u00f6nce tahliye edilen Dilan Polat ise duru\u015fma \u00f6ncesi e\u015fini g\u00f6rmeye gitti. A\u011eZINI BI\u00c7AK A\u00c7MADI Kay\u0131nvalide \u015e\u00fckran Polat, k\u0131z\u0131, o\u011flu ve g\u00f6r\u00fcmcesi K\u00fcbra Mert ile \u00c7orlu Cezaevine giden Dilan Polat, korumalar e\u015fli\u011finde y\u00fcr\u00fcd\u00fc. Tahliye<\/p>\n","protected":false},"author":1,"featured_media":59051,"comment_status":"open","ping_status":"open","sticky":false,"template":"","format":"standard","meta":{"footnotes":""},"categories":[83],"tags":[],"class_list":["post-59050","post","type-post","status-publish","format-standard","has-post-thumbnail","hentry","category-magazin"],"yoast_head":"<!-- This site is optimized with the Yoast SEO plugin v27.5 - https:\/\/yoast.com\/product\/yoast-seo-wordpress\/ -->\n<title>Yar\u0131n hakim kar\u015f\u0131s\u0131na \u00e7\u0131kacaklar! Dilan Polat, duru\u015fma \u00f6ncesi solu\u011fu Engin Polat&#039;\u0131n yan\u0131nda ald\u0131 -<\/title>\n<meta name=\"robots\" content=\"index, follow, max-snippet:-1, max-image-preview:large, max-video-preview:-1\" \/>\n<link rel=\"canonical\" href=\"https:\/\/kibrisdakik.com\/?p=59050\" \/>\n<meta property=\"og:locale\" content=\"tr_TR\" \/>\n<meta property=\"og:type\" content=\"article\" \/>\n<meta property=\"og:title\" content=\"Yar\u0131n hakim kar\u015f\u0131s\u0131na \u00e7\u0131kacaklar! Dilan Polat, duru\u015fma \u00f6ncesi solu\u011fu Engin Polat&#039;\u0131n yan\u0131nda ald\u0131 -\" \/>\n<meta property=\"og:description\" content=\"Kara para aklad\u0131klar\u0131 gerek\u00e7esiyle haklar\u0131nda dava a\u00e7\u0131lan Dilan ve Engin Polat&#8217;\u0131n da aralar\u0131nda bulundu\u011fu 28 ki\u015fi yar\u0131n hakim kar\u015f\u0131s\u0131na \u00e7\u0131kacak. 2 hafta \u00f6nce tahliye edilen Dilan Polat ise duru\u015fma \u00f6ncesi e\u015fini g\u00f6rmeye gitti. A\u011eZINI BI\u00c7AK A\u00c7MADI Kay\u0131nvalide \u015e\u00fckran Polat, k\u0131z\u0131, o\u011flu ve g\u00f6r\u00fcmcesi K\u00fcbra Mert ile \u00c7orlu Cezaevine giden Dilan Polat, korumalar e\u015fli\u011finde y\u00fcr\u00fcd\u00fc. Tahliye\" \/>\n<meta property=\"og:url\" content=\"https:\/\/kibrisdakik.com\/?p=59050\" \/>\n<meta property=\"article:published_time\" content=\"2024-09-03T09:58:17+00:00\" \/>\n<meta property=\"og:image\" content=\"https:\/\/kibrisdakik.com\/wp-content\/uploads\/2024\/09\/yarin-hakim-karsisina-cikacaklar-dilan-polat-17782172_2960_m.jpg\" \/>\n\t<meta property=\"og:image:width\" content=\"640\" \/>\n\t<meta property=\"og:image:height\" content=\"401\" \/>\n\t<meta property=\"og:image:type\" content=\"image\/jpeg\" \/>\n<meta name=\"author\" content=\"admin\" \/>\n<meta name=\"twitter:card\" content=\"summary_large_image\" \/>\n<meta name=\"twitter:label1\" content=\"Yazan:\" \/>\n\t<meta name=\"twitter:data1\" content=\"admin\" \/>\n\t<meta name=\"twitter:label2\" content=\"Tahmini okuma s\u00fcresi\" \/>\n\t<meta name=\"twitter:data2\" content=\"1 dakika\" \/>\n<script type=\"application\/ld+json\" class=\"yoast-schema-graph\">{\"@context\":\"https:\\\/\\\/schema.org\",\"@graph\":[{\"@type\":\"Article\",\"@id\":\"https:\\\/\\\/kibrisdakik.com\\\/?p=59050#article\",\"isPartOf\":{\"@id\":\"https:\\\/\\\/kibrisdakik.com\\\/?p=59050\"},\"author\":{\"name\":\"admin\",\"@id\":\"https:\\\/\\\/kibrisdakik.com\\\/#\\\/schema\\\/person\\\/9cd9d437bbb44f72b73ba127e06d8e79\"},\"headline\":\"Yar\u0131n hakim kar\u015f\u0131s\u0131na \u00e7\u0131kacaklar! Dilan Polat, duru\u015fma \u00f6ncesi solu\u011fu Engin Polat&#8217;\u0131n yan\u0131nda ald\u0131\",\"datePublished\":\"2024-09-03T09:58:17+00:00\",\"mainEntityOfPage\":{\"@id\":\"https:\\\/\\\/kibrisdakik.com\\\/?p=59050\"},\"wordCount\":244,\"commentCount\":0,\"image\":{\"@id\":\"https:\\\/\\\/kibrisdakik.com\\\/?p=59050#primaryimage\"},\"thumbnailUrl\":\"https:\\\/\\\/kibrisdakik.com\\\/wp-content\\\/uploads\\\/2024\\\/09\\\/yarin-hakim-karsisina-cikacaklar-dilan-polat-17782172_2960_m.jpg\",\"articleSection\":[\"Magazin\"],\"inLanguage\":\"tr\",\"potentialAction\":[{\"@type\":\"CommentAction\",\"name\":\"Comment\",\"target\":[\"https:\\\/\\\/kibrisdakik.com\\\/?p=59050#respond\"]}]},{\"@type\":\"WebPage\",\"@id\":\"https:\\\/\\\/kibrisdakik.com\\\/?p=59050\",\"url\":\"https:\\\/\\\/kibrisdakik.com\\\/?p=59050\",\"name\":\"Yar\u0131n hakim kar\u015f\u0131s\u0131na \u00e7\u0131kacaklar! Dilan Polat, duru\u015fma \u00f6ncesi solu\u011fu Engin Polat'\u0131n yan\u0131nda ald\u0131 -\",\"isPartOf\":{\"@id\":\"https:\\\/\\\/kibrisdakik.com\\\/#website\"},\"primaryImageOfPage\":{\"@id\":\"https:\\\/\\\/kibrisdakik.com\\\/?p=59050#primaryimage\"},\"image\":{\"@id\":\"https:\\\/\\\/kibrisdakik.com\\\/?p=59050#primaryimage\"},\"thumbnailUrl\":\"https:\\\/\\\/kibrisdakik.com\\\/wp-content\\\/uploads\\\/2024\\\/09\\\/yarin-hakim-karsisina-cikacaklar-dilan-polat-17782172_2960_m.jpg\",\"datePublished\":\"2024-09-03T09:58:17+00:00\",\"author\":{\"@id\":\"https:\\\/\\\/kibrisdakik.com\\\/#\\\/schema\\\/person\\\/9cd9d437bbb44f72b73ba127e06d8e79\"},\"breadcrumb\":{\"@id\":\"https:\\\/\\\/kibrisdakik.com\\\/?p=59050#breadcrumb\"},\"inLanguage\":\"tr\",\"potentialAction\":[{\"@type\":\"ReadAction\",\"target\":[\"https:\\\/\\\/kibrisdakik.com\\\/?p=59050\"]}]},{\"@type\":\"ImageObject\",\"inLanguage\":\"tr\",\"@id\":\"https:\\\/\\\/kibrisdakik.com\\\/?p=59050#primaryimage\",\"url\":\"https:\\\/\\\/kibrisdakik.com\\\/wp-content\\\/uploads\\\/2024\\\/09\\\/yarin-hakim-karsisina-cikacaklar-dilan-polat-17782172_2960_m.jpg\",\"contentUrl\":\"https:\\\/\\\/kibrisdakik.com\\\/wp-content\\\/uploads\\\/2024\\\/09\\\/yarin-hakim-karsisina-cikacaklar-dilan-polat-17782172_2960_m.jpg\",\"width\":640,\"height\":401},{\"@type\":\"BreadcrumbList\",\"@id\":\"https:\\\/\\\/kibrisdakik.com\\\/?p=59050#breadcrumb\",\"itemListElement\":[{\"@type\":\"ListItem\",\"position\":1,\"name\":\"Home\",\"item\":\"https:\\\/\\\/kibrisdakik.com\\\/\"},{\"@type\":\"ListItem\",\"position\":2,\"name\":\"Yar\u0131n hakim kar\u015f\u0131s\u0131na \u00e7\u0131kacaklar! Dilan Polat, duru\u015fma \u00f6ncesi solu\u011fu Engin Polat&#8217;\u0131n yan\u0131nda ald\u0131\"}]},{\"@type\":\"WebSite\",\"@id\":\"https:\\\/\\\/kibrisdakik.com\\\/#website\",\"url\":\"https:\\\/\\\/kibrisdakik.com\\\/\",\"name\":\"\",\"description\":\"Tam vaktinde haber\",\"potentialAction\":[{\"@type\":\"SearchAction\",\"target\":{\"@type\":\"EntryPoint\",\"urlTemplate\":\"https:\\\/\\\/kibrisdakik.com\\\/?s={search_term_string}\"},\"query-input\":{\"@type\":\"PropertyValueSpecification\",\"valueRequired\":true,\"valueName\":\"search_term_string\"}}],\"inLanguage\":\"tr\"},{\"@type\":\"Person\",\"@id\":\"https:\\\/\\\/kibrisdakik.com\\\/#\\\/schema\\\/person\\\/9cd9d437bbb44f72b73ba127e06d8e79\",\"name\":\"admin\",\"image\":{\"@type\":\"ImageObject\",\"inLanguage\":\"tr\",\"@id\":\"https:\\\/\\\/secure.gravatar.com\\\/avatar\\\/ccc17943b9d660506c869530f897617f7cb1c21a4bf30023f252596d83e1f007?s=96&d=mm&r=g\",\"url\":\"https:\\\/\\\/secure.gravatar.com\\\/avatar\\\/ccc17943b9d660506c869530f897617f7cb1c21a4bf30023f252596d83e1f007?s=96&d=mm&r=g\",\"contentUrl\":\"https:\\\/\\\/secure.gravatar.com\\\/avatar\\\/ccc17943b9d660506c869530f897617f7cb1c21a4bf30023f252596d83e1f007?s=96&d=mm&r=g\",\"caption\":\"admin\"},\"sameAs\":[\"https:\\\/\\\/kibrisdakik.com\"],\"url\":\"https:\\\/\\\/kibrisdakik.com\\\/?author=1\"}]}<\/script>\n<!-- \/ Yoast SEO plugin. -->","yoast_head_json":{"title":"Yar\u0131n hakim kar\u015f\u0131s\u0131na \u00e7\u0131kacaklar! Dilan Polat, duru\u015fma \u00f6ncesi solu\u011fu Engin Polat'\u0131n yan\u0131nda ald\u0131 -","robots":{"index":"index","follow":"follow","max-snippet":"max-snippet:-1","max-image-preview":"max-image-preview:large","max-video-preview":"max-video-preview:-1"},"canonical":"https:\/\/kibrisdakik.com\/?p=59050","og_locale":"tr_TR","og_type":"article","og_title":"Yar\u0131n hakim kar\u015f\u0131s\u0131na \u00e7\u0131kacaklar! Dilan Polat, duru\u015fma \u00f6ncesi solu\u011fu Engin Polat'\u0131n yan\u0131nda ald\u0131 -","og_description":"Kara para aklad\u0131klar\u0131 gerek\u00e7esiyle haklar\u0131nda dava a\u00e7\u0131lan Dilan ve Engin Polat&#8217;\u0131n da aralar\u0131nda bulundu\u011fu 28 ki\u015fi yar\u0131n hakim kar\u015f\u0131s\u0131na \u00e7\u0131kacak. 2 hafta \u00f6nce tahliye edilen Dilan Polat ise duru\u015fma \u00f6ncesi e\u015fini g\u00f6rmeye gitti. A\u011eZINI BI\u00c7AK A\u00c7MADI Kay\u0131nvalide \u015e\u00fckran Polat, k\u0131z\u0131, o\u011flu ve g\u00f6r\u00fcmcesi K\u00fcbra Mert ile \u00c7orlu Cezaevine giden Dilan Polat, korumalar e\u015fli\u011finde y\u00fcr\u00fcd\u00fc. Tahliye","og_url":"https:\/\/kibrisdakik.com\/?p=59050","article_published_time":"2024-09-03T09:58:17+00:00","og_image":[{"width":640,"height":401,"url":"https:\/\/kibrisdakik.com\/wp-content\/uploads\/2024\/09\/yarin-hakim-karsisina-cikacaklar-dilan-polat-17782172_2960_m.jpg","type":"image\/jpeg"}],"author":"admin","twitter_card":"summary_large_image","twitter_misc":{"Yazan:":"admin","Tahmini okuma s\u00fcresi":"1 dakika"},"schema":{"@context":"https:\/\/schema.org","@graph":[{"@type":"Article","@id":"https:\/\/kibrisdakik.com\/?p=59050#article","isPartOf":{"@id":"https:\/\/kibrisdakik.com\/?p=59050"},"author":{"name":"admin","@id":"https:\/\/kibrisdakik.com\/#\/schema\/person\/9cd9d437bbb44f72b73ba127e06d8e79"},"headline":"Yar\u0131n hakim kar\u015f\u0131s\u0131na \u00e7\u0131kacaklar! Dilan Polat, duru\u015fma \u00f6ncesi solu\u011fu Engin Polat&#8217;\u0131n yan\u0131nda ald\u0131","datePublished":"2024-09-03T09:58:17+00:00","mainEntityOfPage":{"@id":"https:\/\/kibrisdakik.com\/?p=59050"},"wordCount":244,"commentCount":0,"image":{"@id":"https:\/\/kibrisdakik.com\/?p=59050#primaryimage"},"thumbnailUrl":"https:\/\/kibrisdakik.com\/wp-content\/uploads\/2024\/09\/yarin-hakim-karsisina-cikacaklar-dilan-polat-17782172_2960_m.jpg","articleSection":["Magazin"],"inLanguage":"tr","potentialAction":[{"@type":"CommentAction","name":"Comment","target":["https:\/\/kibrisdakik.com\/?p=59050#respond"]}]},{"@type":"WebPage","@id":"https:\/\/kibrisdakik.com\/?p=59050","url":"https:\/\/kibrisdakik.com\/?p=59050","name":"Yar\u0131n hakim kar\u015f\u0131s\u0131na \u00e7\u0131kacaklar! Dilan Polat, duru\u015fma \u00f6ncesi solu\u011fu Engin Polat'\u0131n yan\u0131nda ald\u0131 -","isPartOf":{"@id":"https:\/\/kibrisdakik.com\/#website"},"primaryImageOfPage":{"@id":"https:\/\/kibrisdakik.com\/?p=59050#primaryimage"},"image":{"@id":"https:\/\/kibrisdakik.com\/?p=59050#primaryimage"},"thumbnailUrl":"https:\/\/kibrisdakik.com\/wp-content\/uploads\/2024\/09\/yarin-hakim-karsisina-cikacaklar-dilan-polat-17782172_2960_m.jpg","datePublished":"2024-09-03T09:58:17+00:00","author":{"@id":"https:\/\/kibrisdakik.com\/#\/schema\/person\/9cd9d437bbb44f72b73ba127e06d8e79"},"breadcrumb":{"@id":"https:\/\/kibrisdakik.com\/?p=59050#breadcrumb"},"inLanguage":"tr","potentialAction":[{"@type":"ReadAction","target":["https:\/\/kibrisdakik.com\/?p=59050"]}]},{"@type":"ImageObject","inLanguage":"tr","@id":"https:\/\/kibrisdakik.com\/?p=59050#primaryimage","url":"https:\/\/kibrisdakik.com\/wp-content\/uploads\/2024\/09\/yarin-hakim-karsisina-cikacaklar-dilan-polat-17782172_2960_m.jpg","contentUrl":"https:\/\/kibrisdakik.com\/wp-content\/uploads\/2024\/09\/yarin-hakim-karsisina-cikacaklar-dilan-polat-17782172_2960_m.jpg","width":640,"height":401},{"@type":"BreadcrumbList","@id":"https:\/\/kibrisdakik.com\/?p=59050#breadcrumb","itemListElement":[{"@type":"ListItem","position":1,"name":"Home","item":"https:\/\/kibrisdakik.com\/"},{"@type":"ListItem","position":2,"name":"Yar\u0131n hakim kar\u015f\u0131s\u0131na \u00e7\u0131kacaklar! Dilan Polat, duru\u015fma \u00f6ncesi solu\u011fu Engin Polat&#8217;\u0131n yan\u0131nda ald\u0131"}]},{"@type":"WebSite","@id":"https:\/\/kibrisdakik.com\/#website","url":"https:\/\/kibrisdakik.com\/","name":"","description":"Tam vaktinde haber","potentialAction":[{"@type":"SearchAction","target":{"@type":"EntryPoint","urlTemplate":"https:\/\/kibrisdakik.com\/?s={search_term_string}"},"query-input":{"@type":"PropertyValueSpecification","valueRequired":true,"valueName":"search_term_string"}}],"inLanguage":"tr"},{"@type":"Person","@id":"https:\/\/kibrisdakik.com\/#\/schema\/person\/9cd9d437bbb44f72b73ba127e06d8e79","name":"admin","image":{"@type":"ImageObject","inLanguage":"tr","@id":"https:\/\/secure.gravatar.com\/avatar\/ccc17943b9d660506c869530f897617f7cb1c21a4bf30023f252596d83e1f007?s=96&d=mm&r=g","url":"https:\/\/secure.gravatar.com\/avatar\/ccc17943b9d660506c869530f897617f7cb1c21a4bf30023f252596d83e1f007?s=96&d=mm&r=g","contentUrl":"https:\/\/secure.gravatar.com\/avatar\/ccc17943b9d660506c869530f897617f7cb1c21a4bf30023f252596d83e1f007?s=96&d=mm&r=g","caption":"admin"},"sameAs":["https:\/\/kibrisdakik.com"],"url":"https:\/\/kibrisdakik.com\/?author=1"}]}},"_links":{"self":[{"href":"https:\/\/kibrisdakik.com\/index.php?rest_route=\/wp\/v2\/posts\/59050","targetHints":{"allow":["GET"]}}],"collection":[{"href":"https:\/\/kibrisdakik.com\/index.php?rest_route=\/wp\/v2\/posts"}],"about":[{"href":"https:\/\/kibrisdakik.com\/index.php?rest_route=\/wp\/v2\/types\/post"}],"author":[{"embeddable":true,"href":"https:\/\/kibrisdakik.com\/index.php?rest_route=\/wp\/v2\/users\/1"}],"replies":[{"embeddable":true,"href":"https:\/\/kibrisdakik.com\/index.php?rest_route=%2Fwp%2Fv2%2Fcomments&post=59050"}],"version-history":[{"count":0,"href":"https:\/\/kibrisdakik.com\/index.php?rest_route=\/wp\/v2\/posts\/59050\/revisions"}],"wp:featuredmedia":[{"embeddable":true,"href":"https:\/\/kibrisdakik.com\/index.php?rest_route=\/wp\/v2\/media\/59051"}],"wp:attachment":[{"href":"https:\/\/kibrisdakik.com\/index.php?rest_route=%2Fwp%2Fv2%2Fmedia&parent=59050"}],"wp:term":[{"taxonomy":"category","embeddable":true,"href":"https:\/\/kibrisdakik.com\/index.php?rest_route=%2Fwp%2Fv2%2Fcategories&post=59050"},{"taxonomy":"post_tag","embeddable":true,"href":"https:\/\/kibrisdakik.com\/index.php?rest_route=%2Fwp%2Fv2%2Ftags&post=59050"}],"curies":[{"name":"wp","href":"https:\/\/api.w.org\/{rel}","templated":true}]}}