{"id":59102,"date":"2024-09-03T15:14:02","date_gmt":"2024-09-03T12:14:02","guid":{"rendered":"https:\/\/kibrisdakik.com\/index.php\/2024\/09\/03\/bakan-oguz-uyusturucu-ile-mucadele-komisyonu-heyetini-kabul-etti\/"},"modified":"2024-09-03T15:14:02","modified_gmt":"2024-09-03T12:14:02","slug":"bakan-oguz-uyusturucu-ile-mucadele-komisyonu-heyetini-kabul-etti","status":"publish","type":"post","link":"https:\/\/kibrisdakik.com\/?p=59102","title":{"rendered":"Bakan O\u011fuz, Uyu\u015fturucu ile M\u00fccadele Komisyonu heyetini kabul etti"},"content":{"rendered":"<div>\n<div class=\"mariselle-image-container none\">\n                                            <\/div>\n<p>\u0130\u00e7i\u015fleri Bakan\u0131 Dursun O\u011fuz, Ba\u015fbakanl\u0131\u011fa ba\u011fl\u0131 Uyu\u015fturucu ile M\u00fccadele Komisyonu Ba\u015fkan\u0131 Teyfide Tecel Hatipo\u011flu ve beraberindeki heyeti kabul etti.<\/p>\n<p>Bakanl\u0131ktan yap\u0131lan a\u00e7\u0131klamaya g\u00f6re g\u00f6r\u00fc\u015fmede, Komisyonun y\u00fcr\u00fctt\u00fc\u011f\u00fc \u00e7al\u0131\u015fmalar ele al\u0131nd\u0131.<\/p>\n<p><strong>-O\u011fuz: \u201cHer t\u00fcrl\u00fc deste\u011fi vermeye haz\u0131r\u0131z\u201d<\/strong><\/p>\n<p>Bakan O\u011fuz kabulde yapt\u0131\u011f\u0131 konu\u015fmada, Komisyonun y\u00fcr\u00fctt\u00fc\u011f\u00fc \u00e7al\u0131\u015fmalar\u0131 takdirle kar\u015f\u0131lad\u0131\u011f\u0131n\u0131 belirtti.<\/p>\n<p>Uyu\u015fturucu ile m\u00fccadelede her t\u00fcrl\u00fc deste\u011fi vermeye haz\u0131r olduklar\u0131n\u0131 ifade eden O\u011fuz, iki kurum aras\u0131ndaki i\u015f birli\u011finin art\u0131r\u0131lmas\u0131 y\u00f6n\u00fcnde at\u0131lacak ad\u0131mlar\u0131 memnuniyetle kar\u015f\u0131layacaklar\u0131n\u0131 s\u00f6yledi.<\/p>\n<p><strong>-Hatipo\u011flu: \u201c2024 y\u0131l\u0131 sonuna kadar strateji ve eylem plan\u0131n\u0131n haz\u0131r olmas\u0131 i\u00e7in yo\u011fun bir \u00e7al\u0131\u015fma y\u00fcr\u00fct\u00fcyoruz\u201d<\/strong><\/p>\n<p>Uyu\u015fturucu ile M\u00fccadele Komisyonu Ba\u015fkan\u0131 Hatipo\u011flu ise, nisan ay\u0131ndan bu yana T\u00fcrkiye Cumhuriyeti Ankara \u00dcniversitesi ve T\u00fcrkiye Cumhuriyeti \u0130\u00e7i\u015fleri Bakanl\u0131\u011f\u0131 Ka\u00e7ak\u00e7\u0131l\u0131k \u0130stihbarat Daire Ba\u015fkanl\u0131\u011f\u0131 ile i\u015f birli\u011fi i\u00e7inde Uyu\u015fturucu ile M\u00fccadele Strateji Belgesi ve Eylem Plan\u0131 \u00fczerinde \u00e7al\u0131\u015ft\u0131klar\u0131n\u0131 belirtti.<\/p>\n<p>KKTC\u2019de bulunan ilgili bakanl\u0131k, kurum ve kurulu\u015flar\u0131n da dahil oldu\u011fu \u00e7al\u0131\u015fmalar hakk\u0131nda bilgi veren Hatipo\u011flu, 2024 y\u0131l\u0131 sonuna kadar strateji ve eylem plan\u0131n\u0131n haz\u0131r olmas\u0131 i\u00e7in yo\u011fun bir \u00e7al\u0131\u015fma y\u00fcr\u00fctt\u00fcklerini s\u00f6yledi.<\/p>\n<p>Uyu\u015fturucu ile M\u00fccadele Komisyonu\u2019nun \u00e7al\u0131\u015fmalar\u0131 sonucunda haz\u0131rlanan kitab\u0131 Bakan O\u011fuz\u2019a takdim eden Hatipo\u011flu, kitab\u0131n, uyu\u015fturucu ile m\u00fccadelede \u00f6nemli bir rehber niteli\u011fi ta\u015f\u0131d\u0131\u011f\u0131n\u0131 vurgulad\u0131.<\/p>\n<p>G\u00f6r\u00fc\u015fmede ayr\u0131ca, uyu\u015fturucu su\u00e7undan mahk\u00fbm olmu\u015f cezaevindeki ki\u015filer i\u00e7in y\u00fcr\u00fct\u00fclen \u00e7al\u0131\u015fmalar da ele al\u0131nd\u0131.<\/p>\n<p>Komisyonun, bu konuda detayl\u0131 bir rapor haz\u0131rlad\u0131\u011f\u0131n\u0131 belirten Hatipo\u011flu, raporun, mahk\u00fbmlar\u0131n rehabilitasyonu ve topluma yeniden entegrasyonunu hedefledi\u011fini kaydetti. Komisyon Ba\u015fkan\u0131 Hatipo\u011flu, bu \u00e7al\u0131\u015fmalar\u0131n, \u00fclke genelinde uyu\u015fturucu ile m\u00fccadelede kritik bir rol oynayaca\u011f\u0131na dikkat \u00e7ekti.<\/p>\n<p>G\u00f6r\u00fc\u015fme, iki kurum aras\u0131nda i\u015f birli\u011fini g\u00fc\u00e7lendirmeye y\u00f6nelik ad\u0131mlar\u0131n de\u011ferlendirilmesiyle sona erdi.<\/p>\n<\/p><\/div>\n<p><script async\n                    defer\n                    crossorigin=\"anonymous\"\n                    src=\"https:\/\/connect.facebook.net\/tr_TR\/sdk.js#xfbml=1&#038;version=v3.3\"\n            ><\/script><\/p>\n","protected":false},"excerpt":{"rendered":"<p>\u0130\u00e7i\u015fleri Bakan\u0131 Dursun O\u011fuz, Ba\u015fbakanl\u0131\u011fa ba\u011fl\u0131 Uyu\u015fturucu ile M\u00fccadele Komisyonu Ba\u015fkan\u0131 Teyfide Tecel Hatipo\u011flu ve beraberindeki heyeti kabul etti. Bakanl\u0131ktan yap\u0131lan a\u00e7\u0131klamaya g\u00f6re g\u00f6r\u00fc\u015fmede, Komisyonun y\u00fcr\u00fctt\u00fc\u011f\u00fc \u00e7al\u0131\u015fmalar ele al\u0131nd\u0131. -O\u011fuz: \u201cHer t\u00fcrl\u00fc deste\u011fi vermeye haz\u0131r\u0131z\u201d Bakan O\u011fuz kabulde yapt\u0131\u011f\u0131 konu\u015fmada, Komisyonun y\u00fcr\u00fctt\u00fc\u011f\u00fc \u00e7al\u0131\u015fmalar\u0131 takdirle kar\u015f\u0131lad\u0131\u011f\u0131n\u0131 belirtti. Uyu\u015fturucu ile m\u00fccadelede her t\u00fcrl\u00fc deste\u011fi vermeye haz\u0131r olduklar\u0131n\u0131<\/p>\n","protected":false},"author":1,"featured_media":59103,"comment_status":"open","ping_status":"open","sticky":false,"template":"","format":"standard","meta":{"footnotes":""},"categories":[81],"tags":[],"class_list":["post-59102","post","type-post","status-publish","format-standard","has-post-thumbnail","hentry","category-kibris"],"yoast_head":"<!-- This site is optimized with the Yoast SEO plugin v27.5 - https:\/\/yoast.com\/product\/yoast-seo-wordpress\/ -->\n<title>Bakan O\u011fuz, Uyu\u015fturucu ile M\u00fccadele Komisyonu heyetini kabul etti -<\/title>\n<meta name=\"robots\" content=\"index, follow, max-snippet:-1, max-image-preview:large, max-video-preview:-1\" \/>\n<link rel=\"canonical\" href=\"https:\/\/kibrisdakik.com\/?p=59102\" \/>\n<meta property=\"og:locale\" content=\"tr_TR\" \/>\n<meta property=\"og:type\" content=\"article\" \/>\n<meta property=\"og:title\" content=\"Bakan O\u011fuz, Uyu\u015fturucu ile M\u00fccadele Komisyonu heyetini kabul etti -\" \/>\n<meta property=\"og:description\" content=\"\u0130\u00e7i\u015fleri Bakan\u0131 Dursun O\u011fuz, Ba\u015fbakanl\u0131\u011fa ba\u011fl\u0131 Uyu\u015fturucu ile M\u00fccadele Komisyonu Ba\u015fkan\u0131 Teyfide Tecel Hatipo\u011flu ve beraberindeki heyeti kabul etti. Bakanl\u0131ktan yap\u0131lan a\u00e7\u0131klamaya g\u00f6re g\u00f6r\u00fc\u015fmede, Komisyonun y\u00fcr\u00fctt\u00fc\u011f\u00fc \u00e7al\u0131\u015fmalar ele al\u0131nd\u0131. -O\u011fuz: \u201cHer t\u00fcrl\u00fc deste\u011fi vermeye haz\u0131r\u0131z\u201d Bakan O\u011fuz kabulde yapt\u0131\u011f\u0131 konu\u015fmada, Komisyonun y\u00fcr\u00fctt\u00fc\u011f\u00fc \u00e7al\u0131\u015fmalar\u0131 takdirle kar\u015f\u0131lad\u0131\u011f\u0131n\u0131 belirtti. Uyu\u015fturucu ile m\u00fccadelede her t\u00fcrl\u00fc deste\u011fi vermeye haz\u0131r olduklar\u0131n\u0131\" \/>\n<meta property=\"og:url\" content=\"https:\/\/kibrisdakik.com\/?p=59102\" \/>\n<meta property=\"article:published_time\" content=\"2024-09-03T12:14:02+00:00\" \/>\n<meta property=\"og:image\" content=\"https:\/\/kibrisdakik.com\/wp-content\/uploads\/2024\/09\/uyusturucu-ile-mucadele2-740x420.jpeg\" \/>\n\t<meta property=\"og:image:width\" content=\"2048\" \/>\n\t<meta property=\"og:image:height\" content=\"1152\" \/>\n\t<meta property=\"og:image:type\" content=\"image\/jpeg\" \/>\n<meta name=\"author\" content=\"admin\" \/>\n<meta name=\"twitter:card\" content=\"summary_large_image\" \/>\n<meta name=\"twitter:label1\" content=\"Yazan:\" \/>\n\t<meta name=\"twitter:data1\" content=\"admin\" \/>\n\t<meta name=\"twitter:label2\" content=\"Tahmini okuma s\u00fcresi\" \/>\n\t<meta name=\"twitter:data2\" content=\"2 dakika\" \/>\n<script type=\"application\/ld+json\" class=\"yoast-schema-graph\">{\"@context\":\"https:\\\/\\\/schema.org\",\"@graph\":[{\"@type\":\"Article\",\"@id\":\"https:\\\/\\\/kibrisdakik.com\\\/?p=59102#article\",\"isPartOf\":{\"@id\":\"https:\\\/\\\/kibrisdakik.com\\\/?p=59102\"},\"author\":{\"name\":\"admin\",\"@id\":\"https:\\\/\\\/kibrisdakik.com\\\/#\\\/schema\\\/person\\\/9cd9d437bbb44f72b73ba127e06d8e79\"},\"headline\":\"Bakan O\u011fuz, Uyu\u015fturucu ile M\u00fccadele Komisyonu heyetini kabul etti\",\"datePublished\":\"2024-09-03T12:14:02+00:00\",\"mainEntityOfPage\":{\"@id\":\"https:\\\/\\\/kibrisdakik.com\\\/?p=59102\"},\"wordCount\":396,\"commentCount\":0,\"image\":{\"@id\":\"https:\\\/\\\/kibrisdakik.com\\\/?p=59102#primaryimage\"},\"thumbnailUrl\":\"https:\\\/\\\/kibrisdakik.com\\\/wp-content\\\/uploads\\\/2024\\\/09\\\/uyusturucu-ile-mucadele2-740x420.jpeg\",\"articleSection\":[\"K\u0131br\u0131s\"],\"inLanguage\":\"tr\",\"potentialAction\":[{\"@type\":\"CommentAction\",\"name\":\"Comment\",\"target\":[\"https:\\\/\\\/kibrisdakik.com\\\/?p=59102#respond\"]}]},{\"@type\":\"WebPage\",\"@id\":\"https:\\\/\\\/kibrisdakik.com\\\/?p=59102\",\"url\":\"https:\\\/\\\/kibrisdakik.com\\\/?p=59102\",\"name\":\"Bakan O\u011fuz, Uyu\u015fturucu ile M\u00fccadele Komisyonu heyetini kabul etti -\",\"isPartOf\":{\"@id\":\"https:\\\/\\\/kibrisdakik.com\\\/#website\"},\"primaryImageOfPage\":{\"@id\":\"https:\\\/\\\/kibrisdakik.com\\\/?p=59102#primaryimage\"},\"image\":{\"@id\":\"https:\\\/\\\/kibrisdakik.com\\\/?p=59102#primaryimage\"},\"thumbnailUrl\":\"https:\\\/\\\/kibrisdakik.com\\\/wp-content\\\/uploads\\\/2024\\\/09\\\/uyusturucu-ile-mucadele2-740x420.jpeg\",\"datePublished\":\"2024-09-03T12:14:02+00:00\",\"author\":{\"@id\":\"https:\\\/\\\/kibrisdakik.com\\\/#\\\/schema\\\/person\\\/9cd9d437bbb44f72b73ba127e06d8e79\"},\"breadcrumb\":{\"@id\":\"https:\\\/\\\/kibrisdakik.com\\\/?p=59102#breadcrumb\"},\"inLanguage\":\"tr\",\"potentialAction\":[{\"@type\":\"ReadAction\",\"target\":[\"https:\\\/\\\/kibrisdakik.com\\\/?p=59102\"]}]},{\"@type\":\"ImageObject\",\"inLanguage\":\"tr\",\"@id\":\"https:\\\/\\\/kibrisdakik.com\\\/?p=59102#primaryimage\",\"url\":\"https:\\\/\\\/kibrisdakik.com\\\/wp-content\\\/uploads\\\/2024\\\/09\\\/uyusturucu-ile-mucadele2-740x420.jpeg\",\"contentUrl\":\"https:\\\/\\\/kibrisdakik.com\\\/wp-content\\\/uploads\\\/2024\\\/09\\\/uyusturucu-ile-mucadele2-740x420.jpeg\",\"width\":2048,\"height\":1152},{\"@type\":\"BreadcrumbList\",\"@id\":\"https:\\\/\\\/kibrisdakik.com\\\/?p=59102#breadcrumb\",\"itemListElement\":[{\"@type\":\"ListItem\",\"position\":1,\"name\":\"Home\",\"item\":\"https:\\\/\\\/kibrisdakik.com\\\/\"},{\"@type\":\"ListItem\",\"position\":2,\"name\":\"Bakan O\u011fuz, Uyu\u015fturucu ile M\u00fccadele Komisyonu heyetini kabul etti\"}]},{\"@type\":\"WebSite\",\"@id\":\"https:\\\/\\\/kibrisdakik.com\\\/#website\",\"url\":\"https:\\\/\\\/kibrisdakik.com\\\/\",\"name\":\"\",\"description\":\"Tam vaktinde haber\",\"potentialAction\":[{\"@type\":\"SearchAction\",\"target\":{\"@type\":\"EntryPoint\",\"urlTemplate\":\"https:\\\/\\\/kibrisdakik.com\\\/?s={search_term_string}\"},\"query-input\":{\"@type\":\"PropertyValueSpecification\",\"valueRequired\":true,\"valueName\":\"search_term_string\"}}],\"inLanguage\":\"tr\"},{\"@type\":\"Person\",\"@id\":\"https:\\\/\\\/kibrisdakik.com\\\/#\\\/schema\\\/person\\\/9cd9d437bbb44f72b73ba127e06d8e79\",\"name\":\"admin\",\"image\":{\"@type\":\"ImageObject\",\"inLanguage\":\"tr\",\"@id\":\"https:\\\/\\\/secure.gravatar.com\\\/avatar\\\/ccc17943b9d660506c869530f897617f7cb1c21a4bf30023f252596d83e1f007?s=96&d=mm&r=g\",\"url\":\"https:\\\/\\\/secure.gravatar.com\\\/avatar\\\/ccc17943b9d660506c869530f897617f7cb1c21a4bf30023f252596d83e1f007?s=96&d=mm&r=g\",\"contentUrl\":\"https:\\\/\\\/secure.gravatar.com\\\/avatar\\\/ccc17943b9d660506c869530f897617f7cb1c21a4bf30023f252596d83e1f007?s=96&d=mm&r=g\",\"caption\":\"admin\"},\"sameAs\":[\"https:\\\/\\\/kibrisdakik.com\"],\"url\":\"https:\\\/\\\/kibrisdakik.com\\\/?author=1\"}]}<\/script>\n<!-- \/ Yoast SEO plugin. -->","yoast_head_json":{"title":"Bakan O\u011fuz, Uyu\u015fturucu ile M\u00fccadele Komisyonu heyetini kabul etti -","robots":{"index":"index","follow":"follow","max-snippet":"max-snippet:-1","max-image-preview":"max-image-preview:large","max-video-preview":"max-video-preview:-1"},"canonical":"https:\/\/kibrisdakik.com\/?p=59102","og_locale":"tr_TR","og_type":"article","og_title":"Bakan O\u011fuz, Uyu\u015fturucu ile M\u00fccadele Komisyonu heyetini kabul etti -","og_description":"\u0130\u00e7i\u015fleri Bakan\u0131 Dursun O\u011fuz, Ba\u015fbakanl\u0131\u011fa ba\u011fl\u0131 Uyu\u015fturucu ile M\u00fccadele Komisyonu Ba\u015fkan\u0131 Teyfide Tecel Hatipo\u011flu ve beraberindeki heyeti kabul etti. Bakanl\u0131ktan yap\u0131lan a\u00e7\u0131klamaya g\u00f6re g\u00f6r\u00fc\u015fmede, Komisyonun y\u00fcr\u00fctt\u00fc\u011f\u00fc \u00e7al\u0131\u015fmalar ele al\u0131nd\u0131. -O\u011fuz: \u201cHer t\u00fcrl\u00fc deste\u011fi vermeye haz\u0131r\u0131z\u201d Bakan O\u011fuz kabulde yapt\u0131\u011f\u0131 konu\u015fmada, Komisyonun y\u00fcr\u00fctt\u00fc\u011f\u00fc \u00e7al\u0131\u015fmalar\u0131 takdirle kar\u015f\u0131lad\u0131\u011f\u0131n\u0131 belirtti. Uyu\u015fturucu ile m\u00fccadelede her t\u00fcrl\u00fc deste\u011fi vermeye haz\u0131r olduklar\u0131n\u0131","og_url":"https:\/\/kibrisdakik.com\/?p=59102","article_published_time":"2024-09-03T12:14:02+00:00","og_image":[{"width":2048,"height":1152,"url":"https:\/\/kibrisdakik.com\/wp-content\/uploads\/2024\/09\/uyusturucu-ile-mucadele2-740x420.jpeg","type":"image\/jpeg"}],"author":"admin","twitter_card":"summary_large_image","twitter_misc":{"Yazan:":"admin","Tahmini okuma s\u00fcresi":"2 dakika"},"schema":{"@context":"https:\/\/schema.org","@graph":[{"@type":"Article","@id":"https:\/\/kibrisdakik.com\/?p=59102#article","isPartOf":{"@id":"https:\/\/kibrisdakik.com\/?p=59102"},"author":{"name":"admin","@id":"https:\/\/kibrisdakik.com\/#\/schema\/person\/9cd9d437bbb44f72b73ba127e06d8e79"},"headline":"Bakan O\u011fuz, Uyu\u015fturucu ile M\u00fccadele Komisyonu heyetini kabul etti","datePublished":"2024-09-03T12:14:02+00:00","mainEntityOfPage":{"@id":"https:\/\/kibrisdakik.com\/?p=59102"},"wordCount":396,"commentCount":0,"image":{"@id":"https:\/\/kibrisdakik.com\/?p=59102#primaryimage"},"thumbnailUrl":"https:\/\/kibrisdakik.com\/wp-content\/uploads\/2024\/09\/uyusturucu-ile-mucadele2-740x420.jpeg","articleSection":["K\u0131br\u0131s"],"inLanguage":"tr","potentialAction":[{"@type":"CommentAction","name":"Comment","target":["https:\/\/kibrisdakik.com\/?p=59102#respond"]}]},{"@type":"WebPage","@id":"https:\/\/kibrisdakik.com\/?p=59102","url":"https:\/\/kibrisdakik.com\/?p=59102","name":"Bakan O\u011fuz, Uyu\u015fturucu ile M\u00fccadele Komisyonu heyetini kabul etti -","isPartOf":{"@id":"https:\/\/kibrisdakik.com\/#website"},"primaryImageOfPage":{"@id":"https:\/\/kibrisdakik.com\/?p=59102#primaryimage"},"image":{"@id":"https:\/\/kibrisdakik.com\/?p=59102#primaryimage"},"thumbnailUrl":"https:\/\/kibrisdakik.com\/wp-content\/uploads\/2024\/09\/uyusturucu-ile-mucadele2-740x420.jpeg","datePublished":"2024-09-03T12:14:02+00:00","author":{"@id":"https:\/\/kibrisdakik.com\/#\/schema\/person\/9cd9d437bbb44f72b73ba127e06d8e79"},"breadcrumb":{"@id":"https:\/\/kibrisdakik.com\/?p=59102#breadcrumb"},"inLanguage":"tr","potentialAction":[{"@type":"ReadAction","target":["https:\/\/kibrisdakik.com\/?p=59102"]}]},{"@type":"ImageObject","inLanguage":"tr","@id":"https:\/\/kibrisdakik.com\/?p=59102#primaryimage","url":"https:\/\/kibrisdakik.com\/wp-content\/uploads\/2024\/09\/uyusturucu-ile-mucadele2-740x420.jpeg","contentUrl":"https:\/\/kibrisdakik.com\/wp-content\/uploads\/2024\/09\/uyusturucu-ile-mucadele2-740x420.jpeg","width":2048,"height":1152},{"@type":"BreadcrumbList","@id":"https:\/\/kibrisdakik.com\/?p=59102#breadcrumb","itemListElement":[{"@type":"ListItem","position":1,"name":"Home","item":"https:\/\/kibrisdakik.com\/"},{"@type":"ListItem","position":2,"name":"Bakan O\u011fuz, Uyu\u015fturucu ile M\u00fccadele Komisyonu heyetini kabul etti"}]},{"@type":"WebSite","@id":"https:\/\/kibrisdakik.com\/#website","url":"https:\/\/kibrisdakik.com\/","name":"","description":"Tam vaktinde haber","potentialAction":[{"@type":"SearchAction","target":{"@type":"EntryPoint","urlTemplate":"https:\/\/kibrisdakik.com\/?s={search_term_string}"},"query-input":{"@type":"PropertyValueSpecification","valueRequired":true,"valueName":"search_term_string"}}],"inLanguage":"tr"},{"@type":"Person","@id":"https:\/\/kibrisdakik.com\/#\/schema\/person\/9cd9d437bbb44f72b73ba127e06d8e79","name":"admin","image":{"@type":"ImageObject","inLanguage":"tr","@id":"https:\/\/secure.gravatar.com\/avatar\/ccc17943b9d660506c869530f897617f7cb1c21a4bf30023f252596d83e1f007?s=96&d=mm&r=g","url":"https:\/\/secure.gravatar.com\/avatar\/ccc17943b9d660506c869530f897617f7cb1c21a4bf30023f252596d83e1f007?s=96&d=mm&r=g","contentUrl":"https:\/\/secure.gravatar.com\/avatar\/ccc17943b9d660506c869530f897617f7cb1c21a4bf30023f252596d83e1f007?s=96&d=mm&r=g","caption":"admin"},"sameAs":["https:\/\/kibrisdakik.com"],"url":"https:\/\/kibrisdakik.com\/?author=1"}]}},"_links":{"self":[{"href":"https:\/\/kibrisdakik.com\/index.php?rest_route=\/wp\/v2\/posts\/59102","targetHints":{"allow":["GET"]}}],"collection":[{"href":"https:\/\/kibrisdakik.com\/index.php?rest_route=\/wp\/v2\/posts"}],"about":[{"href":"https:\/\/kibrisdakik.com\/index.php?rest_route=\/wp\/v2\/types\/post"}],"author":[{"embeddable":true,"href":"https:\/\/kibrisdakik.com\/index.php?rest_route=\/wp\/v2\/users\/1"}],"replies":[{"embeddable":true,"href":"https:\/\/kibrisdakik.com\/index.php?rest_route=%2Fwp%2Fv2%2Fcomments&post=59102"}],"version-history":[{"count":0,"href":"https:\/\/kibrisdakik.com\/index.php?rest_route=\/wp\/v2\/posts\/59102\/revisions"}],"wp:featuredmedia":[{"embeddable":true,"href":"https:\/\/kibrisdakik.com\/index.php?rest_route=\/wp\/v2\/media\/59103"}],"wp:attachment":[{"href":"https:\/\/kibrisdakik.com\/index.php?rest_route=%2Fwp%2Fv2%2Fmedia&parent=59102"}],"wp:term":[{"taxonomy":"category","embeddable":true,"href":"https:\/\/kibrisdakik.com\/index.php?rest_route=%2Fwp%2Fv2%2Fcategories&post=59102"},{"taxonomy":"post_tag","embeddable":true,"href":"https:\/\/kibrisdakik.com\/index.php?rest_route=%2Fwp%2Fv2%2Ftags&post=59102"}],"curies":[{"name":"wp","href":"https:\/\/api.w.org\/{rel}","templated":true}]}}