{"id":59140,"date":"2024-09-03T16:20:27","date_gmt":"2024-09-03T13:20:27","guid":{"rendered":"https:\/\/kibrisdakik.com\/index.php\/2024\/09\/03\/uzman-isim-uyardi-bu-hastalikta-kisi-donuklasiyor-ve-hareketleri-yavasliyor\/"},"modified":"2024-09-03T16:20:27","modified_gmt":"2024-09-03T13:20:27","slug":"uzman-isim-uyardi-bu-hastalikta-kisi-donuklasiyor-ve-hareketleri-yavasliyor","status":"publish","type":"post","link":"https:\/\/kibrisdakik.com\/?p=59140","title":{"rendered":"Uzman isim uyard\u0131! Bu hastal\u0131kta ki\u015fi donukla\u015f\u0131yor ve hareketleri yava\u015fl\u0131yor"},"content":{"rendered":"<p><img decoding=\"async\" src=\"https:\/\/foto.haberler.com\/haber\/2024\/09\/03\/uzman-isim-uyardi-bu-hastalikta-kisi-17783212_9125_amp.jpg\" \/><\/p>\n<div id=\"\">\n<p>Beyin, Sinir ve Omurilik Cerrahisi Uzman\u0131 Prof. Dr. Orhan \u015een Haberler.com st\u00fcdyosunda sunucu Melis Ya\u015far&#8217;\u0131n konu\u011fu oldu.<\/p>\n<h3>&#8220;B\u00dcT\u00dcN D\u00dc\u015e\u00dcND\u00dcKLER\u0130M\u0130Z BA\u011eIRSAKLARA YANSIYOR&#8221;<br \/><\/h3>\n<p>&#8220;Ba\u011f\u0131rsaklara neden ikinci beyin deniyor? srusunu yan\u0131tlayan Beyin, Sinir ve Omurilik Cerrahisi Uzman\u0131 Prof. Dr. Orhan \u015een, &#8220;Ba\u011f\u0131rsaklara ikinci beyin denmesinin nedeni, tamamen beyin gibi ba\u011f\u0131rsaklar\u0131n da kendi ba\u011f\u0131ms\u0131z bir sinir sistemi olmas\u0131d\u0131r, kontrol\u00fcn\u00fc kendisi sa\u011fl\u0131yor. Enterik sinir sistemi olarak adland\u0131r\u0131l\u0131r. Enterik sinir sisteminde beyinle ba\u011f\u0131rsak aras\u0131ndaki ili\u015fkiyi de vagus sinir sa\u011flar. Vagus sinirinde b\u00fct\u00fcn d\u00fc\u015f\u00fcnd\u00fckleriniz ba\u011f\u0131rsaklar\u0131n\u0131za yans\u0131r, ba\u011f\u0131rsak ona g\u00f6re pozisyonu belirler veya ba\u011f\u0131rsaklarda bir inflamasyon olu\u015fmu\u015fa bu da beyindeki hormonlarla ilgili b\u00f6lgelerde hasara yol a\u00e7\u0131yor ve dengeyi bozuyor.&#8221; dedi.<\/p>\n<h3>&#8220;\u0130NFLAMASYON KAYNAKLI K\u0130\u015e\u0130 DONUKLA\u015eIYOR VE HAREKETLER\u0130 YAVA\u015eLIYOR&#8221;<\/h3>\n<p>Ba\u011f\u0131rsakta olu\u015fan inflamasyona dikkat \u00e7eken \u015een, &#8220;Ba\u011f\u0131rsaklardaki inflamasyon sonucunda ba\u011f\u0131rsaklar\u0131n duvar\u0131ndaki emilim bozuluyor. Emilim bozuldu\u011fu zaman kan dola\u015f\u0131ma, sistemik dola\u015f\u0131ma o g\u0131dalardan elde etmeyi umdu\u011fumuz vitam B12,Kalsiyum gibi minerallerin, vitaminlerin al\u0131n\u0131m\u0131 da azal\u0131yor. Dolay\u0131s\u0131yla beyin beslenemiyor. Beyin beslenemedi\u011fi i\u00e7in unutkanl\u0131k ya da bili\u015fsel bozukluklar ortaya \u00e7\u0131k\u0131yor. Entelekt\u00fcel birtak\u0131m eksiklikler ortaya \u00e7\u0131k\u0131yor. Ki\u015fi donukla\u015f\u0131yor ve hareketlerinde yava\u015flama oluyor. Hatta unutkanl\u0131k \u00f6yle bir boyuta var\u0131yor ki bu alzheimer unutkanl\u0131\u011f\u0131 m\u0131 yoksa demans m\u0131 oldu\u011fu anla\u015f\u0131lm\u0131yor.&#8221; ifadelerini kulland\u0131. <\/p>\n<\/div>\n","protected":false},"excerpt":{"rendered":"<p>Beyin, Sinir ve Omurilik Cerrahisi Uzman\u0131 Prof. Dr. Orhan \u015een Haberler.com st\u00fcdyosunda sunucu Melis Ya\u015far&#8217;\u0131n konu\u011fu oldu. &#8220;B\u00dcT\u00dcN D\u00dc\u015e\u00dcND\u00dcKLER\u0130M\u0130Z BA\u011eIRSAKLARA YANSIYOR&#8221; &#8220;Ba\u011f\u0131rsaklara neden ikinci beyin deniyor? srusunu yan\u0131tlayan Beyin, Sinir ve Omurilik Cerrahisi Uzman\u0131 Prof. Dr. Orhan \u015een, &#8220;Ba\u011f\u0131rsaklara ikinci beyin denmesinin nedeni, tamamen beyin gibi ba\u011f\u0131rsaklar\u0131n da kendi ba\u011f\u0131ms\u0131z bir sinir sistemi olmas\u0131d\u0131r, kontrol\u00fcn\u00fc<\/p>\n","protected":false},"author":1,"featured_media":59141,"comment_status":"open","ping_status":"open","sticky":false,"template":"","format":"standard","meta":{"footnotes":""},"categories":[83],"tags":[],"class_list":["post-59140","post","type-post","status-publish","format-standard","has-post-thumbnail","hentry","category-magazin"],"yoast_head":"<!-- This site is optimized with the Yoast SEO plugin v27.4 - https:\/\/yoast.com\/product\/yoast-seo-wordpress\/ -->\n<title>Uzman isim uyard\u0131! Bu hastal\u0131kta ki\u015fi donukla\u015f\u0131yor ve hareketleri yava\u015fl\u0131yor -<\/title>\n<meta name=\"robots\" content=\"index, follow, max-snippet:-1, max-image-preview:large, max-video-preview:-1\" \/>\n<link rel=\"canonical\" href=\"https:\/\/kibrisdakik.com\/?p=59140\" \/>\n<meta property=\"og:locale\" content=\"tr_TR\" \/>\n<meta property=\"og:type\" content=\"article\" \/>\n<meta property=\"og:title\" content=\"Uzman isim uyard\u0131! Bu hastal\u0131kta ki\u015fi donukla\u015f\u0131yor ve hareketleri yava\u015fl\u0131yor -\" \/>\n<meta property=\"og:description\" content=\"Beyin, Sinir ve Omurilik Cerrahisi Uzman\u0131 Prof. Dr. Orhan \u015een Haberler.com st\u00fcdyosunda sunucu Melis Ya\u015far&#8217;\u0131n konu\u011fu oldu. &#8220;B\u00dcT\u00dcN D\u00dc\u015e\u00dcND\u00dcKLER\u0130M\u0130Z BA\u011eIRSAKLARA YANSIYOR&#8221; &#8220;Ba\u011f\u0131rsaklara neden ikinci beyin deniyor? srusunu yan\u0131tlayan Beyin, Sinir ve Omurilik Cerrahisi Uzman\u0131 Prof. Dr. Orhan \u015een, &#8220;Ba\u011f\u0131rsaklara ikinci beyin denmesinin nedeni, tamamen beyin gibi ba\u011f\u0131rsaklar\u0131n da kendi ba\u011f\u0131ms\u0131z bir sinir sistemi olmas\u0131d\u0131r, kontrol\u00fcn\u00fc\" \/>\n<meta property=\"og:url\" content=\"https:\/\/kibrisdakik.com\/?p=59140\" \/>\n<meta property=\"article:published_time\" content=\"2024-09-03T13:20:27+00:00\" \/>\n<meta property=\"og:image\" content=\"https:\/\/kibrisdakik.com\/wp-content\/uploads\/2024\/09\/uzman-isim-uyardi-bu-hastalikta-kisi-17783212_9125_amp.jpg\" \/>\n\t<meta property=\"og:image:width\" content=\"1200\" \/>\n\t<meta property=\"og:image:height\" content=\"679\" \/>\n\t<meta property=\"og:image:type\" content=\"image\/jpeg\" \/>\n<meta name=\"author\" content=\"admin\" \/>\n<meta name=\"twitter:card\" content=\"summary_large_image\" \/>\n<meta name=\"twitter:label1\" content=\"Yazan:\" \/>\n\t<meta name=\"twitter:data1\" content=\"admin\" \/>\n\t<meta name=\"twitter:label2\" content=\"Tahmini okuma s\u00fcresi\" \/>\n\t<meta name=\"twitter:data2\" content=\"1 dakika\" \/>\n<script type=\"application\/ld+json\" class=\"yoast-schema-graph\">{\"@context\":\"https:\\\/\\\/schema.org\",\"@graph\":[{\"@type\":\"Article\",\"@id\":\"https:\\\/\\\/kibrisdakik.com\\\/?p=59140#article\",\"isPartOf\":{\"@id\":\"https:\\\/\\\/kibrisdakik.com\\\/?p=59140\"},\"author\":{\"name\":\"admin\",\"@id\":\"https:\\\/\\\/kibrisdakik.com\\\/#\\\/schema\\\/person\\\/9cd9d437bbb44f72b73ba127e06d8e79\"},\"headline\":\"Uzman isim uyard\u0131! Bu hastal\u0131kta ki\u015fi donukla\u015f\u0131yor ve hareketleri yava\u015fl\u0131yor\",\"datePublished\":\"2024-09-03T13:20:27+00:00\",\"mainEntityOfPage\":{\"@id\":\"https:\\\/\\\/kibrisdakik.com\\\/?p=59140\"},\"wordCount\":280,\"commentCount\":0,\"image\":{\"@id\":\"https:\\\/\\\/kibrisdakik.com\\\/?p=59140#primaryimage\"},\"thumbnailUrl\":\"https:\\\/\\\/kibrisdakik.com\\\/wp-content\\\/uploads\\\/2024\\\/09\\\/uzman-isim-uyardi-bu-hastalikta-kisi-17783212_9125_amp.jpg\",\"articleSection\":[\"Magazin\"],\"inLanguage\":\"tr\",\"potentialAction\":[{\"@type\":\"CommentAction\",\"name\":\"Comment\",\"target\":[\"https:\\\/\\\/kibrisdakik.com\\\/?p=59140#respond\"]}]},{\"@type\":\"WebPage\",\"@id\":\"https:\\\/\\\/kibrisdakik.com\\\/?p=59140\",\"url\":\"https:\\\/\\\/kibrisdakik.com\\\/?p=59140\",\"name\":\"Uzman isim uyard\u0131! Bu hastal\u0131kta ki\u015fi donukla\u015f\u0131yor ve hareketleri yava\u015fl\u0131yor -\",\"isPartOf\":{\"@id\":\"https:\\\/\\\/kibrisdakik.com\\\/#website\"},\"primaryImageOfPage\":{\"@id\":\"https:\\\/\\\/kibrisdakik.com\\\/?p=59140#primaryimage\"},\"image\":{\"@id\":\"https:\\\/\\\/kibrisdakik.com\\\/?p=59140#primaryimage\"},\"thumbnailUrl\":\"https:\\\/\\\/kibrisdakik.com\\\/wp-content\\\/uploads\\\/2024\\\/09\\\/uzman-isim-uyardi-bu-hastalikta-kisi-17783212_9125_amp.jpg\",\"datePublished\":\"2024-09-03T13:20:27+00:00\",\"author\":{\"@id\":\"https:\\\/\\\/kibrisdakik.com\\\/#\\\/schema\\\/person\\\/9cd9d437bbb44f72b73ba127e06d8e79\"},\"breadcrumb\":{\"@id\":\"https:\\\/\\\/kibrisdakik.com\\\/?p=59140#breadcrumb\"},\"inLanguage\":\"tr\",\"potentialAction\":[{\"@type\":\"ReadAction\",\"target\":[\"https:\\\/\\\/kibrisdakik.com\\\/?p=59140\"]}]},{\"@type\":\"ImageObject\",\"inLanguage\":\"tr\",\"@id\":\"https:\\\/\\\/kibrisdakik.com\\\/?p=59140#primaryimage\",\"url\":\"https:\\\/\\\/kibrisdakik.com\\\/wp-content\\\/uploads\\\/2024\\\/09\\\/uzman-isim-uyardi-bu-hastalikta-kisi-17783212_9125_amp.jpg\",\"contentUrl\":\"https:\\\/\\\/kibrisdakik.com\\\/wp-content\\\/uploads\\\/2024\\\/09\\\/uzman-isim-uyardi-bu-hastalikta-kisi-17783212_9125_amp.jpg\",\"width\":1200,\"height\":679},{\"@type\":\"BreadcrumbList\",\"@id\":\"https:\\\/\\\/kibrisdakik.com\\\/?p=59140#breadcrumb\",\"itemListElement\":[{\"@type\":\"ListItem\",\"position\":1,\"name\":\"Home\",\"item\":\"https:\\\/\\\/kibrisdakik.com\\\/\"},{\"@type\":\"ListItem\",\"position\":2,\"name\":\"Uzman isim uyard\u0131! Bu hastal\u0131kta ki\u015fi donukla\u015f\u0131yor ve hareketleri yava\u015fl\u0131yor\"}]},{\"@type\":\"WebSite\",\"@id\":\"https:\\\/\\\/kibrisdakik.com\\\/#website\",\"url\":\"https:\\\/\\\/kibrisdakik.com\\\/\",\"name\":\"\",\"description\":\"Tam vaktinde haber\",\"potentialAction\":[{\"@type\":\"SearchAction\",\"target\":{\"@type\":\"EntryPoint\",\"urlTemplate\":\"https:\\\/\\\/kibrisdakik.com\\\/?s={search_term_string}\"},\"query-input\":{\"@type\":\"PropertyValueSpecification\",\"valueRequired\":true,\"valueName\":\"search_term_string\"}}],\"inLanguage\":\"tr\"},{\"@type\":\"Person\",\"@id\":\"https:\\\/\\\/kibrisdakik.com\\\/#\\\/schema\\\/person\\\/9cd9d437bbb44f72b73ba127e06d8e79\",\"name\":\"admin\",\"image\":{\"@type\":\"ImageObject\",\"inLanguage\":\"tr\",\"@id\":\"https:\\\/\\\/secure.gravatar.com\\\/avatar\\\/ccc17943b9d660506c869530f897617f7cb1c21a4bf30023f252596d83e1f007?s=96&d=mm&r=g\",\"url\":\"https:\\\/\\\/secure.gravatar.com\\\/avatar\\\/ccc17943b9d660506c869530f897617f7cb1c21a4bf30023f252596d83e1f007?s=96&d=mm&r=g\",\"contentUrl\":\"https:\\\/\\\/secure.gravatar.com\\\/avatar\\\/ccc17943b9d660506c869530f897617f7cb1c21a4bf30023f252596d83e1f007?s=96&d=mm&r=g\",\"caption\":\"admin\"},\"sameAs\":[\"https:\\\/\\\/kibrisdakik.com\"],\"url\":\"https:\\\/\\\/kibrisdakik.com\\\/?author=1\"}]}<\/script>\n<!-- \/ Yoast SEO plugin. -->","yoast_head_json":{"title":"Uzman isim uyard\u0131! Bu hastal\u0131kta ki\u015fi donukla\u015f\u0131yor ve hareketleri yava\u015fl\u0131yor -","robots":{"index":"index","follow":"follow","max-snippet":"max-snippet:-1","max-image-preview":"max-image-preview:large","max-video-preview":"max-video-preview:-1"},"canonical":"https:\/\/kibrisdakik.com\/?p=59140","og_locale":"tr_TR","og_type":"article","og_title":"Uzman isim uyard\u0131! Bu hastal\u0131kta ki\u015fi donukla\u015f\u0131yor ve hareketleri yava\u015fl\u0131yor -","og_description":"Beyin, Sinir ve Omurilik Cerrahisi Uzman\u0131 Prof. Dr. Orhan \u015een Haberler.com st\u00fcdyosunda sunucu Melis Ya\u015far&#8217;\u0131n konu\u011fu oldu. &#8220;B\u00dcT\u00dcN D\u00dc\u015e\u00dcND\u00dcKLER\u0130M\u0130Z BA\u011eIRSAKLARA YANSIYOR&#8221; &#8220;Ba\u011f\u0131rsaklara neden ikinci beyin deniyor? srusunu yan\u0131tlayan Beyin, Sinir ve Omurilik Cerrahisi Uzman\u0131 Prof. Dr. Orhan \u015een, &#8220;Ba\u011f\u0131rsaklara ikinci beyin denmesinin nedeni, tamamen beyin gibi ba\u011f\u0131rsaklar\u0131n da kendi ba\u011f\u0131ms\u0131z bir sinir sistemi olmas\u0131d\u0131r, kontrol\u00fcn\u00fc","og_url":"https:\/\/kibrisdakik.com\/?p=59140","article_published_time":"2024-09-03T13:20:27+00:00","og_image":[{"width":1200,"height":679,"url":"https:\/\/kibrisdakik.com\/wp-content\/uploads\/2024\/09\/uzman-isim-uyardi-bu-hastalikta-kisi-17783212_9125_amp.jpg","type":"image\/jpeg"}],"author":"admin","twitter_card":"summary_large_image","twitter_misc":{"Yazan:":"admin","Tahmini okuma s\u00fcresi":"1 dakika"},"schema":{"@context":"https:\/\/schema.org","@graph":[{"@type":"Article","@id":"https:\/\/kibrisdakik.com\/?p=59140#article","isPartOf":{"@id":"https:\/\/kibrisdakik.com\/?p=59140"},"author":{"name":"admin","@id":"https:\/\/kibrisdakik.com\/#\/schema\/person\/9cd9d437bbb44f72b73ba127e06d8e79"},"headline":"Uzman isim uyard\u0131! Bu hastal\u0131kta ki\u015fi donukla\u015f\u0131yor ve hareketleri yava\u015fl\u0131yor","datePublished":"2024-09-03T13:20:27+00:00","mainEntityOfPage":{"@id":"https:\/\/kibrisdakik.com\/?p=59140"},"wordCount":280,"commentCount":0,"image":{"@id":"https:\/\/kibrisdakik.com\/?p=59140#primaryimage"},"thumbnailUrl":"https:\/\/kibrisdakik.com\/wp-content\/uploads\/2024\/09\/uzman-isim-uyardi-bu-hastalikta-kisi-17783212_9125_amp.jpg","articleSection":["Magazin"],"inLanguage":"tr","potentialAction":[{"@type":"CommentAction","name":"Comment","target":["https:\/\/kibrisdakik.com\/?p=59140#respond"]}]},{"@type":"WebPage","@id":"https:\/\/kibrisdakik.com\/?p=59140","url":"https:\/\/kibrisdakik.com\/?p=59140","name":"Uzman isim uyard\u0131! Bu hastal\u0131kta ki\u015fi donukla\u015f\u0131yor ve hareketleri yava\u015fl\u0131yor -","isPartOf":{"@id":"https:\/\/kibrisdakik.com\/#website"},"primaryImageOfPage":{"@id":"https:\/\/kibrisdakik.com\/?p=59140#primaryimage"},"image":{"@id":"https:\/\/kibrisdakik.com\/?p=59140#primaryimage"},"thumbnailUrl":"https:\/\/kibrisdakik.com\/wp-content\/uploads\/2024\/09\/uzman-isim-uyardi-bu-hastalikta-kisi-17783212_9125_amp.jpg","datePublished":"2024-09-03T13:20:27+00:00","author":{"@id":"https:\/\/kibrisdakik.com\/#\/schema\/person\/9cd9d437bbb44f72b73ba127e06d8e79"},"breadcrumb":{"@id":"https:\/\/kibrisdakik.com\/?p=59140#breadcrumb"},"inLanguage":"tr","potentialAction":[{"@type":"ReadAction","target":["https:\/\/kibrisdakik.com\/?p=59140"]}]},{"@type":"ImageObject","inLanguage":"tr","@id":"https:\/\/kibrisdakik.com\/?p=59140#primaryimage","url":"https:\/\/kibrisdakik.com\/wp-content\/uploads\/2024\/09\/uzman-isim-uyardi-bu-hastalikta-kisi-17783212_9125_amp.jpg","contentUrl":"https:\/\/kibrisdakik.com\/wp-content\/uploads\/2024\/09\/uzman-isim-uyardi-bu-hastalikta-kisi-17783212_9125_amp.jpg","width":1200,"height":679},{"@type":"BreadcrumbList","@id":"https:\/\/kibrisdakik.com\/?p=59140#breadcrumb","itemListElement":[{"@type":"ListItem","position":1,"name":"Home","item":"https:\/\/kibrisdakik.com\/"},{"@type":"ListItem","position":2,"name":"Uzman isim uyard\u0131! Bu hastal\u0131kta ki\u015fi donukla\u015f\u0131yor ve hareketleri yava\u015fl\u0131yor"}]},{"@type":"WebSite","@id":"https:\/\/kibrisdakik.com\/#website","url":"https:\/\/kibrisdakik.com\/","name":"","description":"Tam vaktinde haber","potentialAction":[{"@type":"SearchAction","target":{"@type":"EntryPoint","urlTemplate":"https:\/\/kibrisdakik.com\/?s={search_term_string}"},"query-input":{"@type":"PropertyValueSpecification","valueRequired":true,"valueName":"search_term_string"}}],"inLanguage":"tr"},{"@type":"Person","@id":"https:\/\/kibrisdakik.com\/#\/schema\/person\/9cd9d437bbb44f72b73ba127e06d8e79","name":"admin","image":{"@type":"ImageObject","inLanguage":"tr","@id":"https:\/\/secure.gravatar.com\/avatar\/ccc17943b9d660506c869530f897617f7cb1c21a4bf30023f252596d83e1f007?s=96&d=mm&r=g","url":"https:\/\/secure.gravatar.com\/avatar\/ccc17943b9d660506c869530f897617f7cb1c21a4bf30023f252596d83e1f007?s=96&d=mm&r=g","contentUrl":"https:\/\/secure.gravatar.com\/avatar\/ccc17943b9d660506c869530f897617f7cb1c21a4bf30023f252596d83e1f007?s=96&d=mm&r=g","caption":"admin"},"sameAs":["https:\/\/kibrisdakik.com"],"url":"https:\/\/kibrisdakik.com\/?author=1"}]}},"_links":{"self":[{"href":"https:\/\/kibrisdakik.com\/index.php?rest_route=\/wp\/v2\/posts\/59140","targetHints":{"allow":["GET"]}}],"collection":[{"href":"https:\/\/kibrisdakik.com\/index.php?rest_route=\/wp\/v2\/posts"}],"about":[{"href":"https:\/\/kibrisdakik.com\/index.php?rest_route=\/wp\/v2\/types\/post"}],"author":[{"embeddable":true,"href":"https:\/\/kibrisdakik.com\/index.php?rest_route=\/wp\/v2\/users\/1"}],"replies":[{"embeddable":true,"href":"https:\/\/kibrisdakik.com\/index.php?rest_route=%2Fwp%2Fv2%2Fcomments&post=59140"}],"version-history":[{"count":0,"href":"https:\/\/kibrisdakik.com\/index.php?rest_route=\/wp\/v2\/posts\/59140\/revisions"}],"wp:featuredmedia":[{"embeddable":true,"href":"https:\/\/kibrisdakik.com\/index.php?rest_route=\/wp\/v2\/media\/59141"}],"wp:attachment":[{"href":"https:\/\/kibrisdakik.com\/index.php?rest_route=%2Fwp%2Fv2%2Fmedia&parent=59140"}],"wp:term":[{"taxonomy":"category","embeddable":true,"href":"https:\/\/kibrisdakik.com\/index.php?rest_route=%2Fwp%2Fv2%2Fcategories&post=59140"},{"taxonomy":"post_tag","embeddable":true,"href":"https:\/\/kibrisdakik.com\/index.php?rest_route=%2Fwp%2Fv2%2Ftags&post=59140"}],"curies":[{"name":"wp","href":"https:\/\/api.w.org\/{rel}","templated":true}]}}