{"id":59174,"date":"2024-09-03T14:57:03","date_gmt":"2024-09-03T11:57:03","guid":{"rendered":"https:\/\/kibrisdakik.com\/index.php\/2024\/09\/03\/esentepe-ve-catalkoyde-arac-yangini\/"},"modified":"2024-09-03T14:57:03","modified_gmt":"2024-09-03T11:57:03","slug":"esentepe-ve-catalkoyde-arac-yangini","status":"publish","type":"post","link":"https:\/\/kibrisdakik.com\/?p=59174","title":{"rendered":"Esentepe ve \u00c7atalk\u00f6y\u2019de ara\u00e7 yang\u0131n\u0131"},"content":{"rendered":"<p><\/p>\n<div>\n<div class=\"mariselle-image-container none\">\n                <img loading=\"lazy\" decoding=\"async\" width=\"952\" height=\"984\" class=\"lazy-image\" alt=\"\" sizes=\"auto, (max-width: 952px) 100vw, 952px\" src=\"https:\/\/brtk.net\/wp-content\/uploads\/2024\/08\/30\/polis-ok2.jpg?ver=a4c8469df84cbfe445f3f2de017e4c00\" srcset=\"https:\/\/brtk.net\/wp-content\/uploads\/2024\/08\/30\/polis-ok2.jpg?ver=a4c8469df84cbfe445f3f2de017e4c00 952w, https:\/\/brtk.net\/wp-content\/uploads\/2024\/08\/30\/polis-ok2-290x300.jpg?ver=a4c8469df84cbfe445f3f2de017e4c00 290w, https:\/\/brtk.net\/wp-content\/uploads\/2024\/08\/30\/polis-ok2-768x794.jpg?ver=d2e04fda5653dbbd4f204f5d5b38de70 768w\"\/>                            <\/div>\n<p>Esentepe ve \u00c7atalk\u00f6y\u2019de 2 ara\u00e7 yand\u0131.<\/p>\n<p>Polis Bas\u0131n B\u00fclteni\u2019ne g\u00f6re, d\u00fcn saat 17.00 s\u0131ralar\u0131nda, Esentepe\u2019de Uzung\u00f6l Sokak\u2019ta, yol kenar\u0131nda park halinde bulunan Ersin Erek\u2019in kullan\u0131m\u0131ndaki HJ 222 plakal\u0131 ara\u00e7ta, muhtemelen motor b\u00f6l\u00fcm\u00fcndeki elektrik aksamlar\u0131n\u0131n k\u0131sa devre yapmas\u0131 sonucu yang\u0131n meydana geldi. Yang\u0131n \u0130tfaiye ekipleri taraf\u0131ndan s\u00f6nd\u00fcr\u00fcl\u00fcrken, yang\u0131n sonucu ara\u00e7 tamamen yand\u0131.<\/p>\n<p>\u00c7atalk\u00f6y\u2019de de Bufavento Caddesi\u2019nde, Tuncer Soyluo\u011flu\u2019nun kullan\u0131m\u0131ndaki KM 303 plakal\u0131 ara\u00e7ta seyir halinde oldu\u011fu s\u0131rada, muhtemelen motor b\u00f6l\u00fcm\u00fcndeki elektrik aksamlar\u0131n\u0131n k\u0131sa devre yapmas\u0131 sonucu yang\u0131n meydana geldi. Yang\u0131n \u0130tfaiye ekipleri taraf\u0131ndan s\u00f6nd\u00fcr\u00fcld\u00fc. Yang\u0131n sonucu bahse konu ara\u00e7 tamamen yand\u0131. Soru\u015fturma devam ediyor.<\/p>\n<\/p><\/div>\n<p><script async\n                    defer\n                    crossorigin=\"anonymous\"\n                    src=\"https:\/\/connect.facebook.net\/tr_TR\/sdk.js#xfbml=1&#038;version=v3.3\"\n            ><\/script><\/p>\n","protected":false},"excerpt":{"rendered":"<p>Esentepe ve \u00c7atalk\u00f6y\u2019de 2 ara\u00e7 yand\u0131. Polis Bas\u0131n B\u00fclteni\u2019ne g\u00f6re, d\u00fcn saat 17.00 s\u0131ralar\u0131nda, Esentepe\u2019de Uzung\u00f6l Sokak\u2019ta, yol kenar\u0131nda park halinde bulunan Ersin Erek\u2019in kullan\u0131m\u0131ndaki HJ 222 plakal\u0131 ara\u00e7ta, muhtemelen motor b\u00f6l\u00fcm\u00fcndeki elektrik aksamlar\u0131n\u0131n k\u0131sa devre yapmas\u0131 sonucu yang\u0131n meydana geldi. Yang\u0131n \u0130tfaiye ekipleri taraf\u0131ndan s\u00f6nd\u00fcr\u00fcl\u00fcrken, yang\u0131n sonucu ara\u00e7 tamamen yand\u0131. \u00c7atalk\u00f6y\u2019de de Bufavento Caddesi\u2019nde,<\/p>\n","protected":false},"author":1,"featured_media":13103,"comment_status":"open","ping_status":"open","sticky":false,"template":"","format":"standard","meta":{"footnotes":""},"categories":[1],"tags":[],"class_list":["post-59174","post","type-post","status-publish","format-standard","has-post-thumbnail","hentry","category-gundem"],"yoast_head":"<!-- This site is optimized with the Yoast SEO plugin v27.5 - https:\/\/yoast.com\/product\/yoast-seo-wordpress\/ -->\n<title>Esentepe ve \u00c7atalk\u00f6y\u2019de ara\u00e7 yang\u0131n\u0131 -<\/title>\n<meta name=\"robots\" content=\"index, follow, max-snippet:-1, max-image-preview:large, max-video-preview:-1\" \/>\n<link rel=\"canonical\" href=\"https:\/\/kibrisdakik.com\/?p=59174\" \/>\n<meta property=\"og:locale\" content=\"tr_TR\" \/>\n<meta property=\"og:type\" content=\"article\" \/>\n<meta property=\"og:title\" content=\"Esentepe ve \u00c7atalk\u00f6y\u2019de ara\u00e7 yang\u0131n\u0131 -\" \/>\n<meta property=\"og:description\" content=\"Esentepe ve \u00c7atalk\u00f6y\u2019de 2 ara\u00e7 yand\u0131. Polis Bas\u0131n B\u00fclteni\u2019ne g\u00f6re, d\u00fcn saat 17.00 s\u0131ralar\u0131nda, Esentepe\u2019de Uzung\u00f6l Sokak\u2019ta, yol kenar\u0131nda park halinde bulunan Ersin Erek\u2019in kullan\u0131m\u0131ndaki HJ 222 plakal\u0131 ara\u00e7ta, muhtemelen motor b\u00f6l\u00fcm\u00fcndeki elektrik aksamlar\u0131n\u0131n k\u0131sa devre yapmas\u0131 sonucu yang\u0131n meydana geldi. Yang\u0131n \u0130tfaiye ekipleri taraf\u0131ndan s\u00f6nd\u00fcr\u00fcl\u00fcrken, yang\u0131n sonucu ara\u00e7 tamamen yand\u0131. \u00c7atalk\u00f6y\u2019de de Bufavento Caddesi\u2019nde,\" \/>\n<meta property=\"og:url\" content=\"https:\/\/kibrisdakik.com\/?p=59174\" \/>\n<meta property=\"article:published_time\" content=\"2024-09-03T11:57:03+00:00\" \/>\n<meta property=\"og:image\" content=\"https:\/\/kibrisdakik.com\/wp-content\/uploads\/2023\/09\/arac-yangini-3.webp-740x420.webp\" \/>\n\t<meta property=\"og:image:width\" content=\"971\" \/>\n\t<meta property=\"og:image:height\" content=\"551\" \/>\n\t<meta property=\"og:image:type\" content=\"image\/webp\" \/>\n<meta name=\"author\" content=\"admin\" \/>\n<meta name=\"twitter:card\" content=\"summary_large_image\" \/>\n<meta name=\"twitter:label1\" content=\"Yazan:\" \/>\n\t<meta name=\"twitter:data1\" content=\"admin\" \/>\n\t<meta name=\"twitter:label2\" content=\"Tahmini okuma s\u00fcresi\" \/>\n\t<meta name=\"twitter:data2\" content=\"1 dakika\" \/>\n<script type=\"application\/ld+json\" class=\"yoast-schema-graph\">{\"@context\":\"https:\\\/\\\/schema.org\",\"@graph\":[{\"@type\":\"Article\",\"@id\":\"https:\\\/\\\/kibrisdakik.com\\\/?p=59174#article\",\"isPartOf\":{\"@id\":\"https:\\\/\\\/kibrisdakik.com\\\/?p=59174\"},\"author\":{\"name\":\"admin\",\"@id\":\"https:\\\/\\\/kibrisdakik.com\\\/#\\\/schema\\\/person\\\/9cd9d437bbb44f72b73ba127e06d8e79\"},\"headline\":\"Esentepe ve \u00c7atalk\u00f6y\u2019de ara\u00e7 yang\u0131n\u0131\",\"datePublished\":\"2024-09-03T11:57:03+00:00\",\"mainEntityOfPage\":{\"@id\":\"https:\\\/\\\/kibrisdakik.com\\\/?p=59174\"},\"wordCount\":152,\"commentCount\":0,\"image\":{\"@id\":\"https:\\\/\\\/kibrisdakik.com\\\/?p=59174#primaryimage\"},\"thumbnailUrl\":\"https:\\\/\\\/kibrisdakik.com\\\/wp-content\\\/uploads\\\/2023\\\/09\\\/arac-yangini-3.webp-740x420.webp\",\"articleSection\":[\"G\u00fcndem\"],\"inLanguage\":\"tr\",\"potentialAction\":[{\"@type\":\"CommentAction\",\"name\":\"Comment\",\"target\":[\"https:\\\/\\\/kibrisdakik.com\\\/?p=59174#respond\"]}]},{\"@type\":\"WebPage\",\"@id\":\"https:\\\/\\\/kibrisdakik.com\\\/?p=59174\",\"url\":\"https:\\\/\\\/kibrisdakik.com\\\/?p=59174\",\"name\":\"Esentepe ve \u00c7atalk\u00f6y\u2019de ara\u00e7 yang\u0131n\u0131 -\",\"isPartOf\":{\"@id\":\"https:\\\/\\\/kibrisdakik.com\\\/#website\"},\"primaryImageOfPage\":{\"@id\":\"https:\\\/\\\/kibrisdakik.com\\\/?p=59174#primaryimage\"},\"image\":{\"@id\":\"https:\\\/\\\/kibrisdakik.com\\\/?p=59174#primaryimage\"},\"thumbnailUrl\":\"https:\\\/\\\/kibrisdakik.com\\\/wp-content\\\/uploads\\\/2023\\\/09\\\/arac-yangini-3.webp-740x420.webp\",\"datePublished\":\"2024-09-03T11:57:03+00:00\",\"author\":{\"@id\":\"https:\\\/\\\/kibrisdakik.com\\\/#\\\/schema\\\/person\\\/9cd9d437bbb44f72b73ba127e06d8e79\"},\"breadcrumb\":{\"@id\":\"https:\\\/\\\/kibrisdakik.com\\\/?p=59174#breadcrumb\"},\"inLanguage\":\"tr\",\"potentialAction\":[{\"@type\":\"ReadAction\",\"target\":[\"https:\\\/\\\/kibrisdakik.com\\\/?p=59174\"]}]},{\"@type\":\"ImageObject\",\"inLanguage\":\"tr\",\"@id\":\"https:\\\/\\\/kibrisdakik.com\\\/?p=59174#primaryimage\",\"url\":\"https:\\\/\\\/kibrisdakik.com\\\/wp-content\\\/uploads\\\/2023\\\/09\\\/arac-yangini-3.webp-740x420.webp\",\"contentUrl\":\"https:\\\/\\\/kibrisdakik.com\\\/wp-content\\\/uploads\\\/2023\\\/09\\\/arac-yangini-3.webp-740x420.webp\",\"width\":971,\"height\":551},{\"@type\":\"BreadcrumbList\",\"@id\":\"https:\\\/\\\/kibrisdakik.com\\\/?p=59174#breadcrumb\",\"itemListElement\":[{\"@type\":\"ListItem\",\"position\":1,\"name\":\"Home\",\"item\":\"https:\\\/\\\/kibrisdakik.com\\\/\"},{\"@type\":\"ListItem\",\"position\":2,\"name\":\"Esentepe ve \u00c7atalk\u00f6y\u2019de ara\u00e7 yang\u0131n\u0131\"}]},{\"@type\":\"WebSite\",\"@id\":\"https:\\\/\\\/kibrisdakik.com\\\/#website\",\"url\":\"https:\\\/\\\/kibrisdakik.com\\\/\",\"name\":\"\",\"description\":\"Tam vaktinde haber\",\"potentialAction\":[{\"@type\":\"SearchAction\",\"target\":{\"@type\":\"EntryPoint\",\"urlTemplate\":\"https:\\\/\\\/kibrisdakik.com\\\/?s={search_term_string}\"},\"query-input\":{\"@type\":\"PropertyValueSpecification\",\"valueRequired\":true,\"valueName\":\"search_term_string\"}}],\"inLanguage\":\"tr\"},{\"@type\":\"Person\",\"@id\":\"https:\\\/\\\/kibrisdakik.com\\\/#\\\/schema\\\/person\\\/9cd9d437bbb44f72b73ba127e06d8e79\",\"name\":\"admin\",\"image\":{\"@type\":\"ImageObject\",\"inLanguage\":\"tr\",\"@id\":\"https:\\\/\\\/secure.gravatar.com\\\/avatar\\\/ccc17943b9d660506c869530f897617f7cb1c21a4bf30023f252596d83e1f007?s=96&d=mm&r=g\",\"url\":\"https:\\\/\\\/secure.gravatar.com\\\/avatar\\\/ccc17943b9d660506c869530f897617f7cb1c21a4bf30023f252596d83e1f007?s=96&d=mm&r=g\",\"contentUrl\":\"https:\\\/\\\/secure.gravatar.com\\\/avatar\\\/ccc17943b9d660506c869530f897617f7cb1c21a4bf30023f252596d83e1f007?s=96&d=mm&r=g\",\"caption\":\"admin\"},\"sameAs\":[\"https:\\\/\\\/kibrisdakik.com\"],\"url\":\"https:\\\/\\\/kibrisdakik.com\\\/?author=1\"}]}<\/script>\n<!-- \/ Yoast SEO plugin. -->","yoast_head_json":{"title":"Esentepe ve \u00c7atalk\u00f6y\u2019de ara\u00e7 yang\u0131n\u0131 -","robots":{"index":"index","follow":"follow","max-snippet":"max-snippet:-1","max-image-preview":"max-image-preview:large","max-video-preview":"max-video-preview:-1"},"canonical":"https:\/\/kibrisdakik.com\/?p=59174","og_locale":"tr_TR","og_type":"article","og_title":"Esentepe ve \u00c7atalk\u00f6y\u2019de ara\u00e7 yang\u0131n\u0131 -","og_description":"Esentepe ve \u00c7atalk\u00f6y\u2019de 2 ara\u00e7 yand\u0131. Polis Bas\u0131n B\u00fclteni\u2019ne g\u00f6re, d\u00fcn saat 17.00 s\u0131ralar\u0131nda, Esentepe\u2019de Uzung\u00f6l Sokak\u2019ta, yol kenar\u0131nda park halinde bulunan Ersin Erek\u2019in kullan\u0131m\u0131ndaki HJ 222 plakal\u0131 ara\u00e7ta, muhtemelen motor b\u00f6l\u00fcm\u00fcndeki elektrik aksamlar\u0131n\u0131n k\u0131sa devre yapmas\u0131 sonucu yang\u0131n meydana geldi. Yang\u0131n \u0130tfaiye ekipleri taraf\u0131ndan s\u00f6nd\u00fcr\u00fcl\u00fcrken, yang\u0131n sonucu ara\u00e7 tamamen yand\u0131. \u00c7atalk\u00f6y\u2019de de Bufavento Caddesi\u2019nde,","og_url":"https:\/\/kibrisdakik.com\/?p=59174","article_published_time":"2024-09-03T11:57:03+00:00","og_image":[{"width":971,"height":551,"url":"https:\/\/kibrisdakik.com\/wp-content\/uploads\/2023\/09\/arac-yangini-3.webp-740x420.webp","type":"image\/webp"}],"author":"admin","twitter_card":"summary_large_image","twitter_misc":{"Yazan:":"admin","Tahmini okuma s\u00fcresi":"1 dakika"},"schema":{"@context":"https:\/\/schema.org","@graph":[{"@type":"Article","@id":"https:\/\/kibrisdakik.com\/?p=59174#article","isPartOf":{"@id":"https:\/\/kibrisdakik.com\/?p=59174"},"author":{"name":"admin","@id":"https:\/\/kibrisdakik.com\/#\/schema\/person\/9cd9d437bbb44f72b73ba127e06d8e79"},"headline":"Esentepe ve \u00c7atalk\u00f6y\u2019de ara\u00e7 yang\u0131n\u0131","datePublished":"2024-09-03T11:57:03+00:00","mainEntityOfPage":{"@id":"https:\/\/kibrisdakik.com\/?p=59174"},"wordCount":152,"commentCount":0,"image":{"@id":"https:\/\/kibrisdakik.com\/?p=59174#primaryimage"},"thumbnailUrl":"https:\/\/kibrisdakik.com\/wp-content\/uploads\/2023\/09\/arac-yangini-3.webp-740x420.webp","articleSection":["G\u00fcndem"],"inLanguage":"tr","potentialAction":[{"@type":"CommentAction","name":"Comment","target":["https:\/\/kibrisdakik.com\/?p=59174#respond"]}]},{"@type":"WebPage","@id":"https:\/\/kibrisdakik.com\/?p=59174","url":"https:\/\/kibrisdakik.com\/?p=59174","name":"Esentepe ve \u00c7atalk\u00f6y\u2019de ara\u00e7 yang\u0131n\u0131 -","isPartOf":{"@id":"https:\/\/kibrisdakik.com\/#website"},"primaryImageOfPage":{"@id":"https:\/\/kibrisdakik.com\/?p=59174#primaryimage"},"image":{"@id":"https:\/\/kibrisdakik.com\/?p=59174#primaryimage"},"thumbnailUrl":"https:\/\/kibrisdakik.com\/wp-content\/uploads\/2023\/09\/arac-yangini-3.webp-740x420.webp","datePublished":"2024-09-03T11:57:03+00:00","author":{"@id":"https:\/\/kibrisdakik.com\/#\/schema\/person\/9cd9d437bbb44f72b73ba127e06d8e79"},"breadcrumb":{"@id":"https:\/\/kibrisdakik.com\/?p=59174#breadcrumb"},"inLanguage":"tr","potentialAction":[{"@type":"ReadAction","target":["https:\/\/kibrisdakik.com\/?p=59174"]}]},{"@type":"ImageObject","inLanguage":"tr","@id":"https:\/\/kibrisdakik.com\/?p=59174#primaryimage","url":"https:\/\/kibrisdakik.com\/wp-content\/uploads\/2023\/09\/arac-yangini-3.webp-740x420.webp","contentUrl":"https:\/\/kibrisdakik.com\/wp-content\/uploads\/2023\/09\/arac-yangini-3.webp-740x420.webp","width":971,"height":551},{"@type":"BreadcrumbList","@id":"https:\/\/kibrisdakik.com\/?p=59174#breadcrumb","itemListElement":[{"@type":"ListItem","position":1,"name":"Home","item":"https:\/\/kibrisdakik.com\/"},{"@type":"ListItem","position":2,"name":"Esentepe ve \u00c7atalk\u00f6y\u2019de ara\u00e7 yang\u0131n\u0131"}]},{"@type":"WebSite","@id":"https:\/\/kibrisdakik.com\/#website","url":"https:\/\/kibrisdakik.com\/","name":"","description":"Tam vaktinde haber","potentialAction":[{"@type":"SearchAction","target":{"@type":"EntryPoint","urlTemplate":"https:\/\/kibrisdakik.com\/?s={search_term_string}"},"query-input":{"@type":"PropertyValueSpecification","valueRequired":true,"valueName":"search_term_string"}}],"inLanguage":"tr"},{"@type":"Person","@id":"https:\/\/kibrisdakik.com\/#\/schema\/person\/9cd9d437bbb44f72b73ba127e06d8e79","name":"admin","image":{"@type":"ImageObject","inLanguage":"tr","@id":"https:\/\/secure.gravatar.com\/avatar\/ccc17943b9d660506c869530f897617f7cb1c21a4bf30023f252596d83e1f007?s=96&d=mm&r=g","url":"https:\/\/secure.gravatar.com\/avatar\/ccc17943b9d660506c869530f897617f7cb1c21a4bf30023f252596d83e1f007?s=96&d=mm&r=g","contentUrl":"https:\/\/secure.gravatar.com\/avatar\/ccc17943b9d660506c869530f897617f7cb1c21a4bf30023f252596d83e1f007?s=96&d=mm&r=g","caption":"admin"},"sameAs":["https:\/\/kibrisdakik.com"],"url":"https:\/\/kibrisdakik.com\/?author=1"}]}},"_links":{"self":[{"href":"https:\/\/kibrisdakik.com\/index.php?rest_route=\/wp\/v2\/posts\/59174","targetHints":{"allow":["GET"]}}],"collection":[{"href":"https:\/\/kibrisdakik.com\/index.php?rest_route=\/wp\/v2\/posts"}],"about":[{"href":"https:\/\/kibrisdakik.com\/index.php?rest_route=\/wp\/v2\/types\/post"}],"author":[{"embeddable":true,"href":"https:\/\/kibrisdakik.com\/index.php?rest_route=\/wp\/v2\/users\/1"}],"replies":[{"embeddable":true,"href":"https:\/\/kibrisdakik.com\/index.php?rest_route=%2Fwp%2Fv2%2Fcomments&post=59174"}],"version-history":[{"count":0,"href":"https:\/\/kibrisdakik.com\/index.php?rest_route=\/wp\/v2\/posts\/59174\/revisions"}],"wp:featuredmedia":[{"embeddable":true,"href":"https:\/\/kibrisdakik.com\/index.php?rest_route=\/wp\/v2\/media\/13103"}],"wp:attachment":[{"href":"https:\/\/kibrisdakik.com\/index.php?rest_route=%2Fwp%2Fv2%2Fmedia&parent=59174"}],"wp:term":[{"taxonomy":"category","embeddable":true,"href":"https:\/\/kibrisdakik.com\/index.php?rest_route=%2Fwp%2Fv2%2Fcategories&post=59174"},{"taxonomy":"post_tag","embeddable":true,"href":"https:\/\/kibrisdakik.com\/index.php?rest_route=%2Fwp%2Fv2%2Ftags&post=59174"}],"curies":[{"name":"wp","href":"https:\/\/api.w.org\/{rel}","templated":true}]}}