{"id":59223,"date":"2024-09-03T22:09:16","date_gmt":"2024-09-03T19:09:16","guid":{"rendered":"https:\/\/kibrisdakik.com\/index.php\/2024\/09\/03\/yildizlarin-macini-yonetecek-uefada-halil-umut-melere-gorev\/"},"modified":"2024-09-03T22:09:16","modified_gmt":"2024-09-03T19:09:16","slug":"yildizlarin-macini-yonetecek-uefada-halil-umut-melere-gorev","status":"publish","type":"post","link":"https:\/\/kibrisdakik.com\/?p=59223","title":{"rendered":"Y\u0131ld\u0131zlar\u0131n ma\u00e7\u0131n\u0131 y\u00f6netecek! UEFA&#8217;da Halil Umut Meler&#8217;e g\u00f6rev"},"content":{"rendered":"<p><img decoding=\"async\" src=\"https:\/\/foto.haberler.com\/haber\/2024\/09\/03\/yildizlarin-macini-yonetecek-uefa-da-halil-umut-17784253_8027_amp.jpg\" \/><\/p>\n<div id=\"\">\n<p>UEFA, FIFA kokartl\u0131 hakem Halil Umut Meler&#8217;e UEFA Uluslar A Ligi&#8217;nde g\u00f6rev verdi. Meler, kritik bir kar\u015f\u0131la\u015fmada d\u00fcd\u00fck \u00e7alacak.<\/p>\n<h3>PORTEK\u0130Z-HIRVAT\u0130STAN MA\u00c7INI Y\u00d6NETECEK<\/h3>\n<p>Halil Umut Meler, Portekiz ile H\u0131rvatistan aras\u0131nda 5 Eyl\u00fcl Per\u015fembe g\u00fcn\u00fc TS\u0130 21.45&#8217;te oynanacak UEFA Uluslar A Ligi m\u00fcsabakas\u0131n\u0131 y\u00f6netecek.<\/p>\n<p>T\u00fcrkiye Futbol Federasyonundan yap\u0131lan a\u00e7\u0131klamaya g\u00f6re, Portekiz&#8217;in Lizbon \u015fehrindeki Estadio do Benfica Stad\u0131&#8217;nda yap\u0131lacak m\u00fcsabakada, Meler&#8217;in yard\u0131mc\u0131l\u0131klar\u0131n\u0131 Kerem Ersoy ve \u0130brahim \u00c7a\u011flar Uyarcan yapacak.<\/p>\n<p>M\u00fcsabakan\u0131n d\u00f6rd\u00fcnc\u00fc hakemi ise Arda Karde\u015fler olacak. Kar\u015f\u0131la\u015fmada Almanya Futbol Federasyonu&#8217;ndan Bastian Dankert VAR, Katrin Rafalski ise AVAR olarak g\u00f6rev yapacak.<\/p>\n<div class=\"editorSade\">Kaynak: Haberler.com \/  <a href=\"https:\/\/www.haberler.com\/spor\/\" title=\"Spor Haberleri\">Spor<\/a> <\/div>\n<h4 id=\"nwsKeywords\"> <a href=\"https:\/\/www.haberler.com\/halil-umut-meler\/\" title=\"Halil Umut Meler\" class=\"hbptTag\">Halil Umut Meler<\/a>  <a href=\"https:\/\/www.haberler.com\/hirvatistan\/\" title=\"H\u0131rvatistan\" class=\"hbptTag\">H\u0131rvatistan<\/a>  <a href=\"https:\/\/www.haberler.com\/portekiz\/\" title=\"Portekiz\" class=\"hbptTag\">Portekiz<\/a> <\/h4>\n<\/div>\n","protected":false},"excerpt":{"rendered":"<p>UEFA, FIFA kokartl\u0131 hakem Halil Umut Meler&#8217;e UEFA Uluslar A Ligi&#8217;nde g\u00f6rev verdi. Meler, kritik bir kar\u015f\u0131la\u015fmada d\u00fcd\u00fck \u00e7alacak. PORTEK\u0130Z-HIRVAT\u0130STAN MA\u00c7INI Y\u00d6NETECEK Halil Umut Meler, Portekiz ile H\u0131rvatistan aras\u0131nda 5 Eyl\u00fcl Per\u015fembe g\u00fcn\u00fc TS\u0130 21.45&#8217;te oynanacak UEFA Uluslar A Ligi m\u00fcsabakas\u0131n\u0131 y\u00f6netecek. T\u00fcrkiye Futbol Federasyonundan yap\u0131lan a\u00e7\u0131klamaya g\u00f6re, Portekiz&#8217;in Lizbon \u015fehrindeki Estadio do Benfica Stad\u0131&#8217;nda<\/p>\n","protected":false},"author":1,"featured_media":59224,"comment_status":"open","ping_status":"open","sticky":false,"template":"","format":"standard","meta":{"footnotes":""},"categories":[83],"tags":[],"class_list":["post-59223","post","type-post","status-publish","format-standard","has-post-thumbnail","hentry","category-magazin"],"yoast_head":"<!-- This site is optimized with the Yoast SEO plugin v27.5 - https:\/\/yoast.com\/product\/yoast-seo-wordpress\/ -->\n<title>Y\u0131ld\u0131zlar\u0131n ma\u00e7\u0131n\u0131 y\u00f6netecek! UEFA&#039;da Halil Umut Meler&#039;e g\u00f6rev -<\/title>\n<meta name=\"robots\" content=\"index, follow, max-snippet:-1, max-image-preview:large, max-video-preview:-1\" \/>\n<link rel=\"canonical\" href=\"https:\/\/kibrisdakik.com\/?p=59223\" \/>\n<meta property=\"og:locale\" content=\"tr_TR\" \/>\n<meta property=\"og:type\" content=\"article\" \/>\n<meta property=\"og:title\" content=\"Y\u0131ld\u0131zlar\u0131n ma\u00e7\u0131n\u0131 y\u00f6netecek! UEFA&#039;da Halil Umut Meler&#039;e g\u00f6rev -\" \/>\n<meta property=\"og:description\" content=\"UEFA, FIFA kokartl\u0131 hakem Halil Umut Meler&#8217;e UEFA Uluslar A Ligi&#8217;nde g\u00f6rev verdi. Meler, kritik bir kar\u015f\u0131la\u015fmada d\u00fcd\u00fck \u00e7alacak. PORTEK\u0130Z-HIRVAT\u0130STAN MA\u00c7INI Y\u00d6NETECEK Halil Umut Meler, Portekiz ile H\u0131rvatistan aras\u0131nda 5 Eyl\u00fcl Per\u015fembe g\u00fcn\u00fc TS\u0130 21.45&#8217;te oynanacak UEFA Uluslar A Ligi m\u00fcsabakas\u0131n\u0131 y\u00f6netecek. T\u00fcrkiye Futbol Federasyonundan yap\u0131lan a\u00e7\u0131klamaya g\u00f6re, Portekiz&#8217;in Lizbon \u015fehrindeki Estadio do Benfica Stad\u0131&#8217;nda\" \/>\n<meta property=\"og:url\" content=\"https:\/\/kibrisdakik.com\/?p=59223\" \/>\n<meta property=\"article:published_time\" content=\"2024-09-03T19:09:16+00:00\" \/>\n<meta property=\"og:image\" content=\"https:\/\/kibrisdakik.com\/wp-content\/uploads\/2024\/09\/yildizlarin-macini-yonetecek-uefa-da-halil-umut-17784253_8027_amp.jpg\" \/>\n\t<meta property=\"og:image:width\" content=\"1202\" \/>\n\t<meta property=\"og:image:height\" content=\"675\" \/>\n\t<meta property=\"og:image:type\" content=\"image\/jpeg\" \/>\n<meta name=\"author\" content=\"admin\" \/>\n<meta name=\"twitter:card\" content=\"summary_large_image\" \/>\n<meta name=\"twitter:label1\" content=\"Yazan:\" \/>\n\t<meta name=\"twitter:data1\" content=\"admin\" \/>\n\t<meta name=\"twitter:label2\" content=\"Tahmini okuma s\u00fcresi\" \/>\n\t<meta name=\"twitter:data2\" content=\"1 dakika\" \/>\n<script type=\"application\/ld+json\" class=\"yoast-schema-graph\">{\"@context\":\"https:\\\/\\\/schema.org\",\"@graph\":[{\"@type\":\"Article\",\"@id\":\"https:\\\/\\\/kibrisdakik.com\\\/?p=59223#article\",\"isPartOf\":{\"@id\":\"https:\\\/\\\/kibrisdakik.com\\\/?p=59223\"},\"author\":{\"name\":\"admin\",\"@id\":\"https:\\\/\\\/kibrisdakik.com\\\/#\\\/schema\\\/person\\\/9cd9d437bbb44f72b73ba127e06d8e79\"},\"headline\":\"Y\u0131ld\u0131zlar\u0131n ma\u00e7\u0131n\u0131 y\u00f6netecek! UEFA&#8217;da Halil Umut Meler&#8217;e g\u00f6rev\",\"datePublished\":\"2024-09-03T19:09:16+00:00\",\"mainEntityOfPage\":{\"@id\":\"https:\\\/\\\/kibrisdakik.com\\\/?p=59223\"},\"wordCount\":147,\"commentCount\":0,\"image\":{\"@id\":\"https:\\\/\\\/kibrisdakik.com\\\/?p=59223#primaryimage\"},\"thumbnailUrl\":\"https:\\\/\\\/kibrisdakik.com\\\/wp-content\\\/uploads\\\/2024\\\/09\\\/yildizlarin-macini-yonetecek-uefa-da-halil-umut-17784253_8027_amp.jpg\",\"articleSection\":[\"Magazin\"],\"inLanguage\":\"tr\",\"potentialAction\":[{\"@type\":\"CommentAction\",\"name\":\"Comment\",\"target\":[\"https:\\\/\\\/kibrisdakik.com\\\/?p=59223#respond\"]}]},{\"@type\":\"WebPage\",\"@id\":\"https:\\\/\\\/kibrisdakik.com\\\/?p=59223\",\"url\":\"https:\\\/\\\/kibrisdakik.com\\\/?p=59223\",\"name\":\"Y\u0131ld\u0131zlar\u0131n ma\u00e7\u0131n\u0131 y\u00f6netecek! UEFA'da Halil Umut Meler'e g\u00f6rev -\",\"isPartOf\":{\"@id\":\"https:\\\/\\\/kibrisdakik.com\\\/#website\"},\"primaryImageOfPage\":{\"@id\":\"https:\\\/\\\/kibrisdakik.com\\\/?p=59223#primaryimage\"},\"image\":{\"@id\":\"https:\\\/\\\/kibrisdakik.com\\\/?p=59223#primaryimage\"},\"thumbnailUrl\":\"https:\\\/\\\/kibrisdakik.com\\\/wp-content\\\/uploads\\\/2024\\\/09\\\/yildizlarin-macini-yonetecek-uefa-da-halil-umut-17784253_8027_amp.jpg\",\"datePublished\":\"2024-09-03T19:09:16+00:00\",\"author\":{\"@id\":\"https:\\\/\\\/kibrisdakik.com\\\/#\\\/schema\\\/person\\\/9cd9d437bbb44f72b73ba127e06d8e79\"},\"breadcrumb\":{\"@id\":\"https:\\\/\\\/kibrisdakik.com\\\/?p=59223#breadcrumb\"},\"inLanguage\":\"tr\",\"potentialAction\":[{\"@type\":\"ReadAction\",\"target\":[\"https:\\\/\\\/kibrisdakik.com\\\/?p=59223\"]}]},{\"@type\":\"ImageObject\",\"inLanguage\":\"tr\",\"@id\":\"https:\\\/\\\/kibrisdakik.com\\\/?p=59223#primaryimage\",\"url\":\"https:\\\/\\\/kibrisdakik.com\\\/wp-content\\\/uploads\\\/2024\\\/09\\\/yildizlarin-macini-yonetecek-uefa-da-halil-umut-17784253_8027_amp.jpg\",\"contentUrl\":\"https:\\\/\\\/kibrisdakik.com\\\/wp-content\\\/uploads\\\/2024\\\/09\\\/yildizlarin-macini-yonetecek-uefa-da-halil-umut-17784253_8027_amp.jpg\",\"width\":1202,\"height\":675},{\"@type\":\"BreadcrumbList\",\"@id\":\"https:\\\/\\\/kibrisdakik.com\\\/?p=59223#breadcrumb\",\"itemListElement\":[{\"@type\":\"ListItem\",\"position\":1,\"name\":\"Home\",\"item\":\"https:\\\/\\\/kibrisdakik.com\\\/\"},{\"@type\":\"ListItem\",\"position\":2,\"name\":\"Y\u0131ld\u0131zlar\u0131n ma\u00e7\u0131n\u0131 y\u00f6netecek! UEFA&#8217;da Halil Umut Meler&#8217;e g\u00f6rev\"}]},{\"@type\":\"WebSite\",\"@id\":\"https:\\\/\\\/kibrisdakik.com\\\/#website\",\"url\":\"https:\\\/\\\/kibrisdakik.com\\\/\",\"name\":\"\",\"description\":\"Tam vaktinde haber\",\"potentialAction\":[{\"@type\":\"SearchAction\",\"target\":{\"@type\":\"EntryPoint\",\"urlTemplate\":\"https:\\\/\\\/kibrisdakik.com\\\/?s={search_term_string}\"},\"query-input\":{\"@type\":\"PropertyValueSpecification\",\"valueRequired\":true,\"valueName\":\"search_term_string\"}}],\"inLanguage\":\"tr\"},{\"@type\":\"Person\",\"@id\":\"https:\\\/\\\/kibrisdakik.com\\\/#\\\/schema\\\/person\\\/9cd9d437bbb44f72b73ba127e06d8e79\",\"name\":\"admin\",\"image\":{\"@type\":\"ImageObject\",\"inLanguage\":\"tr\",\"@id\":\"https:\\\/\\\/secure.gravatar.com\\\/avatar\\\/ccc17943b9d660506c869530f897617f7cb1c21a4bf30023f252596d83e1f007?s=96&d=mm&r=g\",\"url\":\"https:\\\/\\\/secure.gravatar.com\\\/avatar\\\/ccc17943b9d660506c869530f897617f7cb1c21a4bf30023f252596d83e1f007?s=96&d=mm&r=g\",\"contentUrl\":\"https:\\\/\\\/secure.gravatar.com\\\/avatar\\\/ccc17943b9d660506c869530f897617f7cb1c21a4bf30023f252596d83e1f007?s=96&d=mm&r=g\",\"caption\":\"admin\"},\"sameAs\":[\"https:\\\/\\\/kibrisdakik.com\"],\"url\":\"https:\\\/\\\/kibrisdakik.com\\\/?author=1\"}]}<\/script>\n<!-- \/ Yoast SEO plugin. -->","yoast_head_json":{"title":"Y\u0131ld\u0131zlar\u0131n ma\u00e7\u0131n\u0131 y\u00f6netecek! UEFA'da Halil Umut Meler'e g\u00f6rev -","robots":{"index":"index","follow":"follow","max-snippet":"max-snippet:-1","max-image-preview":"max-image-preview:large","max-video-preview":"max-video-preview:-1"},"canonical":"https:\/\/kibrisdakik.com\/?p=59223","og_locale":"tr_TR","og_type":"article","og_title":"Y\u0131ld\u0131zlar\u0131n ma\u00e7\u0131n\u0131 y\u00f6netecek! UEFA'da Halil Umut Meler'e g\u00f6rev -","og_description":"UEFA, FIFA kokartl\u0131 hakem Halil Umut Meler&#8217;e UEFA Uluslar A Ligi&#8217;nde g\u00f6rev verdi. Meler, kritik bir kar\u015f\u0131la\u015fmada d\u00fcd\u00fck \u00e7alacak. PORTEK\u0130Z-HIRVAT\u0130STAN MA\u00c7INI Y\u00d6NETECEK Halil Umut Meler, Portekiz ile H\u0131rvatistan aras\u0131nda 5 Eyl\u00fcl Per\u015fembe g\u00fcn\u00fc TS\u0130 21.45&#8217;te oynanacak UEFA Uluslar A Ligi m\u00fcsabakas\u0131n\u0131 y\u00f6netecek. T\u00fcrkiye Futbol Federasyonundan yap\u0131lan a\u00e7\u0131klamaya g\u00f6re, Portekiz&#8217;in Lizbon \u015fehrindeki Estadio do Benfica Stad\u0131&#8217;nda","og_url":"https:\/\/kibrisdakik.com\/?p=59223","article_published_time":"2024-09-03T19:09:16+00:00","og_image":[{"width":1202,"height":675,"url":"https:\/\/kibrisdakik.com\/wp-content\/uploads\/2024\/09\/yildizlarin-macini-yonetecek-uefa-da-halil-umut-17784253_8027_amp.jpg","type":"image\/jpeg"}],"author":"admin","twitter_card":"summary_large_image","twitter_misc":{"Yazan:":"admin","Tahmini okuma s\u00fcresi":"1 dakika"},"schema":{"@context":"https:\/\/schema.org","@graph":[{"@type":"Article","@id":"https:\/\/kibrisdakik.com\/?p=59223#article","isPartOf":{"@id":"https:\/\/kibrisdakik.com\/?p=59223"},"author":{"name":"admin","@id":"https:\/\/kibrisdakik.com\/#\/schema\/person\/9cd9d437bbb44f72b73ba127e06d8e79"},"headline":"Y\u0131ld\u0131zlar\u0131n ma\u00e7\u0131n\u0131 y\u00f6netecek! UEFA&#8217;da Halil Umut Meler&#8217;e g\u00f6rev","datePublished":"2024-09-03T19:09:16+00:00","mainEntityOfPage":{"@id":"https:\/\/kibrisdakik.com\/?p=59223"},"wordCount":147,"commentCount":0,"image":{"@id":"https:\/\/kibrisdakik.com\/?p=59223#primaryimage"},"thumbnailUrl":"https:\/\/kibrisdakik.com\/wp-content\/uploads\/2024\/09\/yildizlarin-macini-yonetecek-uefa-da-halil-umut-17784253_8027_amp.jpg","articleSection":["Magazin"],"inLanguage":"tr","potentialAction":[{"@type":"CommentAction","name":"Comment","target":["https:\/\/kibrisdakik.com\/?p=59223#respond"]}]},{"@type":"WebPage","@id":"https:\/\/kibrisdakik.com\/?p=59223","url":"https:\/\/kibrisdakik.com\/?p=59223","name":"Y\u0131ld\u0131zlar\u0131n ma\u00e7\u0131n\u0131 y\u00f6netecek! UEFA'da Halil Umut Meler'e g\u00f6rev -","isPartOf":{"@id":"https:\/\/kibrisdakik.com\/#website"},"primaryImageOfPage":{"@id":"https:\/\/kibrisdakik.com\/?p=59223#primaryimage"},"image":{"@id":"https:\/\/kibrisdakik.com\/?p=59223#primaryimage"},"thumbnailUrl":"https:\/\/kibrisdakik.com\/wp-content\/uploads\/2024\/09\/yildizlarin-macini-yonetecek-uefa-da-halil-umut-17784253_8027_amp.jpg","datePublished":"2024-09-03T19:09:16+00:00","author":{"@id":"https:\/\/kibrisdakik.com\/#\/schema\/person\/9cd9d437bbb44f72b73ba127e06d8e79"},"breadcrumb":{"@id":"https:\/\/kibrisdakik.com\/?p=59223#breadcrumb"},"inLanguage":"tr","potentialAction":[{"@type":"ReadAction","target":["https:\/\/kibrisdakik.com\/?p=59223"]}]},{"@type":"ImageObject","inLanguage":"tr","@id":"https:\/\/kibrisdakik.com\/?p=59223#primaryimage","url":"https:\/\/kibrisdakik.com\/wp-content\/uploads\/2024\/09\/yildizlarin-macini-yonetecek-uefa-da-halil-umut-17784253_8027_amp.jpg","contentUrl":"https:\/\/kibrisdakik.com\/wp-content\/uploads\/2024\/09\/yildizlarin-macini-yonetecek-uefa-da-halil-umut-17784253_8027_amp.jpg","width":1202,"height":675},{"@type":"BreadcrumbList","@id":"https:\/\/kibrisdakik.com\/?p=59223#breadcrumb","itemListElement":[{"@type":"ListItem","position":1,"name":"Home","item":"https:\/\/kibrisdakik.com\/"},{"@type":"ListItem","position":2,"name":"Y\u0131ld\u0131zlar\u0131n ma\u00e7\u0131n\u0131 y\u00f6netecek! UEFA&#8217;da Halil Umut Meler&#8217;e g\u00f6rev"}]},{"@type":"WebSite","@id":"https:\/\/kibrisdakik.com\/#website","url":"https:\/\/kibrisdakik.com\/","name":"","description":"Tam vaktinde haber","potentialAction":[{"@type":"SearchAction","target":{"@type":"EntryPoint","urlTemplate":"https:\/\/kibrisdakik.com\/?s={search_term_string}"},"query-input":{"@type":"PropertyValueSpecification","valueRequired":true,"valueName":"search_term_string"}}],"inLanguage":"tr"},{"@type":"Person","@id":"https:\/\/kibrisdakik.com\/#\/schema\/person\/9cd9d437bbb44f72b73ba127e06d8e79","name":"admin","image":{"@type":"ImageObject","inLanguage":"tr","@id":"https:\/\/secure.gravatar.com\/avatar\/ccc17943b9d660506c869530f897617f7cb1c21a4bf30023f252596d83e1f007?s=96&d=mm&r=g","url":"https:\/\/secure.gravatar.com\/avatar\/ccc17943b9d660506c869530f897617f7cb1c21a4bf30023f252596d83e1f007?s=96&d=mm&r=g","contentUrl":"https:\/\/secure.gravatar.com\/avatar\/ccc17943b9d660506c869530f897617f7cb1c21a4bf30023f252596d83e1f007?s=96&d=mm&r=g","caption":"admin"},"sameAs":["https:\/\/kibrisdakik.com"],"url":"https:\/\/kibrisdakik.com\/?author=1"}]}},"_links":{"self":[{"href":"https:\/\/kibrisdakik.com\/index.php?rest_route=\/wp\/v2\/posts\/59223","targetHints":{"allow":["GET"]}}],"collection":[{"href":"https:\/\/kibrisdakik.com\/index.php?rest_route=\/wp\/v2\/posts"}],"about":[{"href":"https:\/\/kibrisdakik.com\/index.php?rest_route=\/wp\/v2\/types\/post"}],"author":[{"embeddable":true,"href":"https:\/\/kibrisdakik.com\/index.php?rest_route=\/wp\/v2\/users\/1"}],"replies":[{"embeddable":true,"href":"https:\/\/kibrisdakik.com\/index.php?rest_route=%2Fwp%2Fv2%2Fcomments&post=59223"}],"version-history":[{"count":0,"href":"https:\/\/kibrisdakik.com\/index.php?rest_route=\/wp\/v2\/posts\/59223\/revisions"}],"wp:featuredmedia":[{"embeddable":true,"href":"https:\/\/kibrisdakik.com\/index.php?rest_route=\/wp\/v2\/media\/59224"}],"wp:attachment":[{"href":"https:\/\/kibrisdakik.com\/index.php?rest_route=%2Fwp%2Fv2%2Fmedia&parent=59223"}],"wp:term":[{"taxonomy":"category","embeddable":true,"href":"https:\/\/kibrisdakik.com\/index.php?rest_route=%2Fwp%2Fv2%2Fcategories&post=59223"},{"taxonomy":"post_tag","embeddable":true,"href":"https:\/\/kibrisdakik.com\/index.php?rest_route=%2Fwp%2Fv2%2Ftags&post=59223"}],"curies":[{"name":"wp","href":"https:\/\/api.w.org\/{rel}","templated":true}]}}