{"id":59230,"date":"2024-09-04T01:41:26","date_gmt":"2024-09-03T22:41:26","guid":{"rendered":"https:\/\/kibrisdakik.com\/?p=59230"},"modified":"2024-09-04T01:41:26","modified_gmt":"2024-09-03T22:41:26","slug":"performansiyla-sac-bas-yolduruyordu-rade-krunic-bonservisiyle-birlikte-fenerbahceden-ayrildi","status":"publish","type":"post","link":"https:\/\/kibrisdakik.com\/?p=59230","title":{"rendered":"Performans\u0131yla sa\u00e7 ba\u015f yolduruyordu! Rade Krunic, bonservisiyle birlikte Fenerbah\u00e7e&#8217;den ayr\u0131ld\u0131"},"content":{"rendered":"<p><img decoding=\"async\" src=\"https:\/\/foto.haberler.com\/haber\/2024\/09\/03\/performansiyla-sac-bas-yolduruyordu-rade-krunic-17784290_1456_amp.jpg\" \/><\/p>\n<div id=\"\">\n<p> <a class=\"keyword\" href=\"https:\/\/www.haberler.com\/fenerbahce\/\" title=\"Fenerbah\u00e7e Haberleri, Fenerbah\u00e7e Haberi, Fenerbah\u00e7e Haber\"><strong>Fenerbah\u00e7e<\/strong><\/a>&#8216;de beklenen ayr\u0131l\u0131klardan biri ger\u00e7ekle\u015fti. K\u00f6t\u00fc performans\u0131yla sar\u0131-lacivertli taraftarlara sa\u00e7 ba\u015f yoldurn ve teknik direkt\u00f6r Jose Mourinho&#8217;nun da g\u00f6z\u00fcne giremeyen Bosna Hersekli orta saha Rade Krunic&#8217;in S\u0131rbistan ekibi K\u0131z\u0131ly\u0131ld\u0131z&#8217;a transfer oldu.<\/p>\n<h3>BONSERV\u0130S\u0130YLE G\u0130TT\u0130<\/h3>\n<p>Kul\u00fcpten yap\u0131lan a\u00e7\u0131klamada, &#8220;Profesyonel Futbol A Tak\u0131m Futbolcular\u0131m\u0131zdan Rade Krunic&#8217;in kal\u0131c\u0131 transferi konusunda S\u0131rbistan&#8217;\u0131n K\u0131z\u0131ly\u0131ld\u0131z Kul\u00fcb\u00fc ile anla\u015fmaya var\u0131lm\u0131\u015ft\u0131r. Oyuncunun bundan sonraki kariyerinde kendisine ba\u015far\u0131lar dileriz.&#8221; ifadeleri kullan\u0131ld\u0131. <\/p>\n<h3>FENERBAH\u00c7E PERFORMANSI<\/h3>\n<p> <a class=\"keyword\" href=\"https:\/\/www.haberler.com\/fenerbahce\/\" title=\"Fenerbah\u00e7e Haberleri, Fenerbah\u00e7e Haberi, Fenerbah\u00e7e Haber\"><strong>Fenerbah\u00e7e<\/strong><\/a>, Rade Krunic&#8217;i ge\u00e7en sezonun devre aras\u0131nda Milan&#8217;dan zorunlu sat\u0131n alma opsiyonuyla kiral\u0131k olarak kadrosuna katm\u0131\u015ft\u0131. Sar\u0131-lacivertliler, zorunlu opsiyon nedeniyle bu sezon ba\u015f\u0131nda 30 ya\u015f\u0131ndaki futbolcunun bonservisini 3.5 milyon euro kar\u015f\u0131l\u0131\u011f\u0131nda alm\u0131\u015ft\u0131. Fenerbah\u00e7e formas\u0131 alt\u0131nda 22 ma\u00e7a \u00e7\u0131kan Krunic, yaln\u0131zca 1 asist yapt\u0131.<\/p>\n<h3>MOURINHO NE DEM\u0130\u015eT\u0130?<\/h3>\n<p>Sar\u0131-lacivertlilerin teknik direkt\u00f6r\u00fc Jose Mourinho, Sofyan Amrabat transferiyle birlikte Alanyaspor ma\u00e7\u0131n\u0131n ard\u0131ndan, &#8220;Krunic ve Zajc (Toulouse&#8217;ye kiraland\u0131) benim fikirlerime uymad\u0131\u011f\u0131 i\u00e7in orada eksi\u011fimiz vard\u0131. \u015eimdi oraya oyuncu al\u0131yoruz. Amrabat i\u00e7in \u0130smail ya da Fred&#8217;in pozisyonu diyemeyiz, biz 3 orta saha oynuyoruz. \u0130yi bir kadromuz olacak.&#8221; \u015feklinde konu\u015fmu\u015ftu.<\/p>\n<div class=\"editorSade\">Kaynak: Haberler.com \/  <a href=\"https:\/\/www.haberler.com\/spor\/\" title=\"Spor Haberleri\">Spor<\/a> <\/div>\n<h4 id=\"nwsKeywords\"> <a href=\"https:\/\/www.haberler.com\/jose-mourinho\/\" title=\"Jose Mourinho\" class=\"hbptTag\">Jose Mourinho<\/a>  <a href=\"https:\/\/www.haberler.com\/rade-krunic\/\" title=\"Rade Krunic\" class=\"hbptTag\">Rade Krunic<\/a>  <a href=\"https:\/\/www.haberler.com\/fenerbahce\/\" title=\"Fenerbah\u00e7e\" class=\"hbptTag\">Fenerbah\u00e7e<\/a> <\/h4>\n<\/div>\n","protected":false},"excerpt":{"rendered":"<p>Fenerbah\u00e7e&#8216;de beklenen ayr\u0131l\u0131klardan biri ger\u00e7ekle\u015fti. K\u00f6t\u00fc performans\u0131yla sar\u0131-lacivertli taraftarlara sa\u00e7 ba\u015f yoldurn ve teknik direkt\u00f6r Jose Mourinho&#8217;nun da g\u00f6z\u00fcne giremeyen Bosna Hersekli orta saha Rade Krunic&#8217;in S\u0131rbistan ekibi K\u0131z\u0131ly\u0131ld\u0131z&#8217;a transfer oldu. BONSERV\u0130S\u0130YLE G\u0130TT\u0130 Kul\u00fcpten yap\u0131lan a\u00e7\u0131klamada, &#8220;Profesyonel Futbol A Tak\u0131m Futbolcular\u0131m\u0131zdan Rade Krunic&#8217;in kal\u0131c\u0131 transferi konusunda S\u0131rbistan&#8217;\u0131n K\u0131z\u0131ly\u0131ld\u0131z Kul\u00fcb\u00fc ile anla\u015fmaya var\u0131lm\u0131\u015ft\u0131r. Oyuncunun bundan sonraki<\/p>\n","protected":false},"author":1,"featured_media":59231,"comment_status":"open","ping_status":"open","sticky":false,"template":"","format":"standard","meta":{"footnotes":""},"categories":[83],"tags":[],"class_list":["post-59230","post","type-post","status-publish","format-standard","has-post-thumbnail","hentry","category-magazin"],"yoast_head":"<!-- This site is optimized with the Yoast SEO plugin v27.5 - https:\/\/yoast.com\/product\/yoast-seo-wordpress\/ -->\n<title>Performans\u0131yla sa\u00e7 ba\u015f yolduruyordu! Rade Krunic, bonservisiyle birlikte Fenerbah\u00e7e&#039;den ayr\u0131ld\u0131 -<\/title>\n<meta name=\"robots\" content=\"index, follow, max-snippet:-1, max-image-preview:large, max-video-preview:-1\" \/>\n<link rel=\"canonical\" href=\"https:\/\/kibrisdakik.com\/?p=59230\" \/>\n<meta property=\"og:locale\" content=\"tr_TR\" \/>\n<meta property=\"og:type\" content=\"article\" \/>\n<meta property=\"og:title\" content=\"Performans\u0131yla sa\u00e7 ba\u015f yolduruyordu! Rade Krunic, bonservisiyle birlikte Fenerbah\u00e7e&#039;den ayr\u0131ld\u0131 -\" \/>\n<meta property=\"og:description\" content=\"Fenerbah\u00e7e&#8216;de beklenen ayr\u0131l\u0131klardan biri ger\u00e7ekle\u015fti. K\u00f6t\u00fc performans\u0131yla sar\u0131-lacivertli taraftarlara sa\u00e7 ba\u015f yoldurn ve teknik direkt\u00f6r Jose Mourinho&#8217;nun da g\u00f6z\u00fcne giremeyen Bosna Hersekli orta saha Rade Krunic&#8217;in S\u0131rbistan ekibi K\u0131z\u0131ly\u0131ld\u0131z&#8217;a transfer oldu. BONSERV\u0130S\u0130YLE G\u0130TT\u0130 Kul\u00fcpten yap\u0131lan a\u00e7\u0131klamada, &#8220;Profesyonel Futbol A Tak\u0131m Futbolcular\u0131m\u0131zdan Rade Krunic&#8217;in kal\u0131c\u0131 transferi konusunda S\u0131rbistan&#8217;\u0131n K\u0131z\u0131ly\u0131ld\u0131z Kul\u00fcb\u00fc ile anla\u015fmaya var\u0131lm\u0131\u015ft\u0131r. Oyuncunun bundan sonraki\" \/>\n<meta property=\"og:url\" content=\"https:\/\/kibrisdakik.com\/?p=59230\" \/>\n<meta property=\"article:published_time\" content=\"2024-09-03T22:41:26+00:00\" \/>\n<meta property=\"og:image\" content=\"https:\/\/kibrisdakik.com\/wp-content\/uploads\/2024\/09\/performansiyla-sac-bas-yolduruyordu-rade-krunic-17784290_1456_amp.jpg\" \/>\n\t<meta property=\"og:image:width\" content=\"1202\" \/>\n\t<meta property=\"og:image:height\" content=\"675\" \/>\n\t<meta property=\"og:image:type\" content=\"image\/jpeg\" \/>\n<meta name=\"author\" content=\"admin\" \/>\n<meta name=\"twitter:card\" content=\"summary_large_image\" \/>\n<meta name=\"twitter:label1\" content=\"Yazan:\" \/>\n\t<meta name=\"twitter:data1\" content=\"admin\" \/>\n\t<meta name=\"twitter:label2\" content=\"Tahmini okuma s\u00fcresi\" \/>\n\t<meta name=\"twitter:data2\" content=\"1 dakika\" \/>\n<script type=\"application\/ld+json\" class=\"yoast-schema-graph\">{\"@context\":\"https:\\\/\\\/schema.org\",\"@graph\":[{\"@type\":\"Article\",\"@id\":\"https:\\\/\\\/kibrisdakik.com\\\/?p=59230#article\",\"isPartOf\":{\"@id\":\"https:\\\/\\\/kibrisdakik.com\\\/?p=59230\"},\"author\":{\"name\":\"admin\",\"@id\":\"https:\\\/\\\/kibrisdakik.com\\\/#\\\/schema\\\/person\\\/9cd9d437bbb44f72b73ba127e06d8e79\"},\"headline\":\"Performans\u0131yla sa\u00e7 ba\u015f yolduruyordu! Rade Krunic, bonservisiyle birlikte Fenerbah\u00e7e&#8217;den ayr\u0131ld\u0131\",\"datePublished\":\"2024-09-03T22:41:26+00:00\",\"mainEntityOfPage\":{\"@id\":\"https:\\\/\\\/kibrisdakik.com\\\/?p=59230\"},\"wordCount\":244,\"commentCount\":0,\"image\":{\"@id\":\"https:\\\/\\\/kibrisdakik.com\\\/?p=59230#primaryimage\"},\"thumbnailUrl\":\"https:\\\/\\\/kibrisdakik.com\\\/wp-content\\\/uploads\\\/2024\\\/09\\\/performansiyla-sac-bas-yolduruyordu-rade-krunic-17784290_1456_amp.jpg\",\"articleSection\":[\"Magazin\"],\"inLanguage\":\"tr\",\"potentialAction\":[{\"@type\":\"CommentAction\",\"name\":\"Comment\",\"target\":[\"https:\\\/\\\/kibrisdakik.com\\\/?p=59230#respond\"]}]},{\"@type\":\"WebPage\",\"@id\":\"https:\\\/\\\/kibrisdakik.com\\\/?p=59230\",\"url\":\"https:\\\/\\\/kibrisdakik.com\\\/?p=59230\",\"name\":\"Performans\u0131yla sa\u00e7 ba\u015f yolduruyordu! Rade Krunic, bonservisiyle birlikte Fenerbah\u00e7e'den ayr\u0131ld\u0131 -\",\"isPartOf\":{\"@id\":\"https:\\\/\\\/kibrisdakik.com\\\/#website\"},\"primaryImageOfPage\":{\"@id\":\"https:\\\/\\\/kibrisdakik.com\\\/?p=59230#primaryimage\"},\"image\":{\"@id\":\"https:\\\/\\\/kibrisdakik.com\\\/?p=59230#primaryimage\"},\"thumbnailUrl\":\"https:\\\/\\\/kibrisdakik.com\\\/wp-content\\\/uploads\\\/2024\\\/09\\\/performansiyla-sac-bas-yolduruyordu-rade-krunic-17784290_1456_amp.jpg\",\"datePublished\":\"2024-09-03T22:41:26+00:00\",\"author\":{\"@id\":\"https:\\\/\\\/kibrisdakik.com\\\/#\\\/schema\\\/person\\\/9cd9d437bbb44f72b73ba127e06d8e79\"},\"breadcrumb\":{\"@id\":\"https:\\\/\\\/kibrisdakik.com\\\/?p=59230#breadcrumb\"},\"inLanguage\":\"tr\",\"potentialAction\":[{\"@type\":\"ReadAction\",\"target\":[\"https:\\\/\\\/kibrisdakik.com\\\/?p=59230\"]}]},{\"@type\":\"ImageObject\",\"inLanguage\":\"tr\",\"@id\":\"https:\\\/\\\/kibrisdakik.com\\\/?p=59230#primaryimage\",\"url\":\"https:\\\/\\\/kibrisdakik.com\\\/wp-content\\\/uploads\\\/2024\\\/09\\\/performansiyla-sac-bas-yolduruyordu-rade-krunic-17784290_1456_amp.jpg\",\"contentUrl\":\"https:\\\/\\\/kibrisdakik.com\\\/wp-content\\\/uploads\\\/2024\\\/09\\\/performansiyla-sac-bas-yolduruyordu-rade-krunic-17784290_1456_amp.jpg\",\"width\":1202,\"height\":675},{\"@type\":\"BreadcrumbList\",\"@id\":\"https:\\\/\\\/kibrisdakik.com\\\/?p=59230#breadcrumb\",\"itemListElement\":[{\"@type\":\"ListItem\",\"position\":1,\"name\":\"Home\",\"item\":\"https:\\\/\\\/kibrisdakik.com\\\/\"},{\"@type\":\"ListItem\",\"position\":2,\"name\":\"Performans\u0131yla sa\u00e7 ba\u015f yolduruyordu! Rade Krunic, bonservisiyle birlikte Fenerbah\u00e7e&#8217;den ayr\u0131ld\u0131\"}]},{\"@type\":\"WebSite\",\"@id\":\"https:\\\/\\\/kibrisdakik.com\\\/#website\",\"url\":\"https:\\\/\\\/kibrisdakik.com\\\/\",\"name\":\"\",\"description\":\"Tam vaktinde haber\",\"potentialAction\":[{\"@type\":\"SearchAction\",\"target\":{\"@type\":\"EntryPoint\",\"urlTemplate\":\"https:\\\/\\\/kibrisdakik.com\\\/?s={search_term_string}\"},\"query-input\":{\"@type\":\"PropertyValueSpecification\",\"valueRequired\":true,\"valueName\":\"search_term_string\"}}],\"inLanguage\":\"tr\"},{\"@type\":\"Person\",\"@id\":\"https:\\\/\\\/kibrisdakik.com\\\/#\\\/schema\\\/person\\\/9cd9d437bbb44f72b73ba127e06d8e79\",\"name\":\"admin\",\"image\":{\"@type\":\"ImageObject\",\"inLanguage\":\"tr\",\"@id\":\"https:\\\/\\\/secure.gravatar.com\\\/avatar\\\/ccc17943b9d660506c869530f897617f7cb1c21a4bf30023f252596d83e1f007?s=96&d=mm&r=g\",\"url\":\"https:\\\/\\\/secure.gravatar.com\\\/avatar\\\/ccc17943b9d660506c869530f897617f7cb1c21a4bf30023f252596d83e1f007?s=96&d=mm&r=g\",\"contentUrl\":\"https:\\\/\\\/secure.gravatar.com\\\/avatar\\\/ccc17943b9d660506c869530f897617f7cb1c21a4bf30023f252596d83e1f007?s=96&d=mm&r=g\",\"caption\":\"admin\"},\"sameAs\":[\"https:\\\/\\\/kibrisdakik.com\"],\"url\":\"https:\\\/\\\/kibrisdakik.com\\\/?author=1\"}]}<\/script>\n<!-- \/ Yoast SEO plugin. -->","yoast_head_json":{"title":"Performans\u0131yla sa\u00e7 ba\u015f yolduruyordu! Rade Krunic, bonservisiyle birlikte Fenerbah\u00e7e'den ayr\u0131ld\u0131 -","robots":{"index":"index","follow":"follow","max-snippet":"max-snippet:-1","max-image-preview":"max-image-preview:large","max-video-preview":"max-video-preview:-1"},"canonical":"https:\/\/kibrisdakik.com\/?p=59230","og_locale":"tr_TR","og_type":"article","og_title":"Performans\u0131yla sa\u00e7 ba\u015f yolduruyordu! Rade Krunic, bonservisiyle birlikte Fenerbah\u00e7e'den ayr\u0131ld\u0131 -","og_description":"Fenerbah\u00e7e&#8216;de beklenen ayr\u0131l\u0131klardan biri ger\u00e7ekle\u015fti. K\u00f6t\u00fc performans\u0131yla sar\u0131-lacivertli taraftarlara sa\u00e7 ba\u015f yoldurn ve teknik direkt\u00f6r Jose Mourinho&#8217;nun da g\u00f6z\u00fcne giremeyen Bosna Hersekli orta saha Rade Krunic&#8217;in S\u0131rbistan ekibi K\u0131z\u0131ly\u0131ld\u0131z&#8217;a transfer oldu. BONSERV\u0130S\u0130YLE G\u0130TT\u0130 Kul\u00fcpten yap\u0131lan a\u00e7\u0131klamada, &#8220;Profesyonel Futbol A Tak\u0131m Futbolcular\u0131m\u0131zdan Rade Krunic&#8217;in kal\u0131c\u0131 transferi konusunda S\u0131rbistan&#8217;\u0131n K\u0131z\u0131ly\u0131ld\u0131z Kul\u00fcb\u00fc ile anla\u015fmaya var\u0131lm\u0131\u015ft\u0131r. Oyuncunun bundan sonraki","og_url":"https:\/\/kibrisdakik.com\/?p=59230","article_published_time":"2024-09-03T22:41:26+00:00","og_image":[{"width":1202,"height":675,"url":"https:\/\/kibrisdakik.com\/wp-content\/uploads\/2024\/09\/performansiyla-sac-bas-yolduruyordu-rade-krunic-17784290_1456_amp.jpg","type":"image\/jpeg"}],"author":"admin","twitter_card":"summary_large_image","twitter_misc":{"Yazan:":"admin","Tahmini okuma s\u00fcresi":"1 dakika"},"schema":{"@context":"https:\/\/schema.org","@graph":[{"@type":"Article","@id":"https:\/\/kibrisdakik.com\/?p=59230#article","isPartOf":{"@id":"https:\/\/kibrisdakik.com\/?p=59230"},"author":{"name":"admin","@id":"https:\/\/kibrisdakik.com\/#\/schema\/person\/9cd9d437bbb44f72b73ba127e06d8e79"},"headline":"Performans\u0131yla sa\u00e7 ba\u015f yolduruyordu! Rade Krunic, bonservisiyle birlikte Fenerbah\u00e7e&#8217;den ayr\u0131ld\u0131","datePublished":"2024-09-03T22:41:26+00:00","mainEntityOfPage":{"@id":"https:\/\/kibrisdakik.com\/?p=59230"},"wordCount":244,"commentCount":0,"image":{"@id":"https:\/\/kibrisdakik.com\/?p=59230#primaryimage"},"thumbnailUrl":"https:\/\/kibrisdakik.com\/wp-content\/uploads\/2024\/09\/performansiyla-sac-bas-yolduruyordu-rade-krunic-17784290_1456_amp.jpg","articleSection":["Magazin"],"inLanguage":"tr","potentialAction":[{"@type":"CommentAction","name":"Comment","target":["https:\/\/kibrisdakik.com\/?p=59230#respond"]}]},{"@type":"WebPage","@id":"https:\/\/kibrisdakik.com\/?p=59230","url":"https:\/\/kibrisdakik.com\/?p=59230","name":"Performans\u0131yla sa\u00e7 ba\u015f yolduruyordu! Rade Krunic, bonservisiyle birlikte Fenerbah\u00e7e'den ayr\u0131ld\u0131 -","isPartOf":{"@id":"https:\/\/kibrisdakik.com\/#website"},"primaryImageOfPage":{"@id":"https:\/\/kibrisdakik.com\/?p=59230#primaryimage"},"image":{"@id":"https:\/\/kibrisdakik.com\/?p=59230#primaryimage"},"thumbnailUrl":"https:\/\/kibrisdakik.com\/wp-content\/uploads\/2024\/09\/performansiyla-sac-bas-yolduruyordu-rade-krunic-17784290_1456_amp.jpg","datePublished":"2024-09-03T22:41:26+00:00","author":{"@id":"https:\/\/kibrisdakik.com\/#\/schema\/person\/9cd9d437bbb44f72b73ba127e06d8e79"},"breadcrumb":{"@id":"https:\/\/kibrisdakik.com\/?p=59230#breadcrumb"},"inLanguage":"tr","potentialAction":[{"@type":"ReadAction","target":["https:\/\/kibrisdakik.com\/?p=59230"]}]},{"@type":"ImageObject","inLanguage":"tr","@id":"https:\/\/kibrisdakik.com\/?p=59230#primaryimage","url":"https:\/\/kibrisdakik.com\/wp-content\/uploads\/2024\/09\/performansiyla-sac-bas-yolduruyordu-rade-krunic-17784290_1456_amp.jpg","contentUrl":"https:\/\/kibrisdakik.com\/wp-content\/uploads\/2024\/09\/performansiyla-sac-bas-yolduruyordu-rade-krunic-17784290_1456_amp.jpg","width":1202,"height":675},{"@type":"BreadcrumbList","@id":"https:\/\/kibrisdakik.com\/?p=59230#breadcrumb","itemListElement":[{"@type":"ListItem","position":1,"name":"Home","item":"https:\/\/kibrisdakik.com\/"},{"@type":"ListItem","position":2,"name":"Performans\u0131yla sa\u00e7 ba\u015f yolduruyordu! Rade Krunic, bonservisiyle birlikte Fenerbah\u00e7e&#8217;den ayr\u0131ld\u0131"}]},{"@type":"WebSite","@id":"https:\/\/kibrisdakik.com\/#website","url":"https:\/\/kibrisdakik.com\/","name":"","description":"Tam vaktinde haber","potentialAction":[{"@type":"SearchAction","target":{"@type":"EntryPoint","urlTemplate":"https:\/\/kibrisdakik.com\/?s={search_term_string}"},"query-input":{"@type":"PropertyValueSpecification","valueRequired":true,"valueName":"search_term_string"}}],"inLanguage":"tr"},{"@type":"Person","@id":"https:\/\/kibrisdakik.com\/#\/schema\/person\/9cd9d437bbb44f72b73ba127e06d8e79","name":"admin","image":{"@type":"ImageObject","inLanguage":"tr","@id":"https:\/\/secure.gravatar.com\/avatar\/ccc17943b9d660506c869530f897617f7cb1c21a4bf30023f252596d83e1f007?s=96&d=mm&r=g","url":"https:\/\/secure.gravatar.com\/avatar\/ccc17943b9d660506c869530f897617f7cb1c21a4bf30023f252596d83e1f007?s=96&d=mm&r=g","contentUrl":"https:\/\/secure.gravatar.com\/avatar\/ccc17943b9d660506c869530f897617f7cb1c21a4bf30023f252596d83e1f007?s=96&d=mm&r=g","caption":"admin"},"sameAs":["https:\/\/kibrisdakik.com"],"url":"https:\/\/kibrisdakik.com\/?author=1"}]}},"_links":{"self":[{"href":"https:\/\/kibrisdakik.com\/index.php?rest_route=\/wp\/v2\/posts\/59230","targetHints":{"allow":["GET"]}}],"collection":[{"href":"https:\/\/kibrisdakik.com\/index.php?rest_route=\/wp\/v2\/posts"}],"about":[{"href":"https:\/\/kibrisdakik.com\/index.php?rest_route=\/wp\/v2\/types\/post"}],"author":[{"embeddable":true,"href":"https:\/\/kibrisdakik.com\/index.php?rest_route=\/wp\/v2\/users\/1"}],"replies":[{"embeddable":true,"href":"https:\/\/kibrisdakik.com\/index.php?rest_route=%2Fwp%2Fv2%2Fcomments&post=59230"}],"version-history":[{"count":1,"href":"https:\/\/kibrisdakik.com\/index.php?rest_route=\/wp\/v2\/posts\/59230\/revisions"}],"predecessor-version":[{"id":59251,"href":"https:\/\/kibrisdakik.com\/index.php?rest_route=\/wp\/v2\/posts\/59230\/revisions\/59251"}],"wp:featuredmedia":[{"embeddable":true,"href":"https:\/\/kibrisdakik.com\/index.php?rest_route=\/wp\/v2\/media\/59231"}],"wp:attachment":[{"href":"https:\/\/kibrisdakik.com\/index.php?rest_route=%2Fwp%2Fv2%2Fmedia&parent=59230"}],"wp:term":[{"taxonomy":"category","embeddable":true,"href":"https:\/\/kibrisdakik.com\/index.php?rest_route=%2Fwp%2Fv2%2Fcategories&post=59230"},{"taxonomy":"post_tag","embeddable":true,"href":"https:\/\/kibrisdakik.com\/index.php?rest_route=%2Fwp%2Fv2%2Ftags&post=59230"}],"curies":[{"name":"wp","href":"https:\/\/api.w.org\/{rel}","templated":true}]}}