{"id":59254,"date":"2024-09-03T22:50:50","date_gmt":"2024-09-03T19:50:50","guid":{"rendered":"https:\/\/kibrisdakik.com\/index.php\/2024\/09\/03\/burdurda-alacak-verecek-meselesinde-kan-akti-baba-ve-ogluna-kursun-yagmuru\/"},"modified":"2024-09-03T22:50:50","modified_gmt":"2024-09-03T19:50:50","slug":"burdurda-alacak-verecek-meselesinde-kan-akti-baba-ve-ogluna-kursun-yagmuru","status":"publish","type":"post","link":"https:\/\/kibrisdakik.com\/?p=59254","title":{"rendered":"Burdur&#8217;da alacak verecek meselesinde kan akt\u0131! Baba ve o\u011fluna kur\u015fun ya\u011fmuru"},"content":{"rendered":"<p><\/p>\n<div id=\"\">\n<p>Ac\u0131 olay, saat 19.00 s\u0131ralar\u0131nda Burdur&#8217;un G\u00f6lhisar il\u00e7esi Konak Mahallesi Mehmet Akif Ersoy Bulvar\u0131 \u00fczerinde meydana geldi. Edinilen bilgilere g\u00f6re, Ramazan Tin (53) ve o\u011flu Muharrem Tin (32) ile alacak verecek meselesi y\u00fcz\u00fcnden husumetli olan M.K. (42) Antalya&#8217;n\u0131n Korkuteli il\u00e7esinden 07 BST 882 plakal\u0131 otomobiliyle Muharrem Tin&#8217;in G\u00f6lhisar&#8217;daki i\u015f yerinin \u00f6n\u00fcne geldi. <\/p>\n<p><img loading=\"lazy\" decoding=\"async\" class=\"hbptMainImage lazyload ImgDetay\" src=\"https:\/\/foto.haberler.com\/haber\/2024\/09\/03\/burdur-da-is-yeri-onunde-baba-ogula-silahli-2-17784306_o.jpg\" alt=\"Burdur'da alacak verecek meselesinde kan akt\u0131! Baba ve o\u011flunu kur\u015fun ya\u011fmuruna tuttular\" width=\"640\" height=\"360\"\/><\/p>\n<p>Burada i\u015f yeri \u00f6n\u00fcnde bekleyen baba o\u011fulun yan\u0131na y\u00fcr\u00fcyerek gelen M.K. pompal\u0131 t\u00fcfe\u011fiyle Ramazan Tin ve o\u011flu Muharrem Tin&#8217;i vurarak olay yerinden h\u0131zla ka\u00e7t\u0131. V\u00fccudunun \u00e7e\u015fitli yerlerinden vurulan baba o\u011ful a\u011f\u0131r yaraland\u0131. \u00c7evredekilerin 112 Acil \u00c7a\u011fr\u0131 Merkezine ihbar\u0131 \u00fczerine olay yerine \u00e7ok say\u0131da sa\u011fl\u0131k ve polis ekipleri sevk edildi.<\/p>\n<p><img loading=\"lazy\" decoding=\"async\" class=\"hbptMainImage lazyload ImgDetay\" src=\"https:\/\/foto.haberler.com\/haber\/2024\/09\/03\/burdur-da-is-yeri-onunde-baba-ogula-silahli-12-17784306_o.jpg\" alt=\"Burdur'da alacak verecek meselesinde kan akt\u0131! Baba ve o\u011flunu kur\u015fun ya\u011fmuruna tuttular\" width=\"640\" height=\"640\"\/><\/p>\n<h3>BABA VE O\u011eLU HAYATINI KAYBETT\u0130<\/h3>\n<p>Olay yerine gelen sa\u011fl\u0131k ekipleri taraf\u0131ndan yap\u0131lan kontrollerde baba Ramazan Tin&#8217;in hayat\u0131n\u0131 kaybetti\u011fi belirlenirken o\u011flu Muharrem Tin ise burada yap\u0131lan ilk m\u00fcdahalenin ard\u0131ndan ambulans ile G\u00f6lhisar Devlet Hastanesi&#8217;ne kald\u0131r\u0131ld\u0131. A\u011f\u0131r yaralanan Tin sevk edildi\u011fi hastanede yap\u0131lan t\u00fcm m\u00fcdahalelere ra\u011fmen kurtar\u0131lamad\u0131. Otomobiliyle olay yerinden ka\u00e7an M.K.&#8217;y\u0131 yakalamak i\u00e7in \u00e7al\u0131\u015fma ba\u015flatan polis ekipleri \u00e7ok ge\u00e7meden Tefenni il\u00e7esinde k\u0131sk\u0131vrak yakalayarak g\u00f6zalt\u0131na ald\u0131.<\/p>\n<p><img loading=\"lazy\" decoding=\"async\" class=\"hbptMainImage lazyload ImgDetay\" src=\"https:\/\/foto.haberler.com\/haber\/2024\/09\/03\/burdur-da-is-yeri-onunde-baba-ogula-silahli-10-17784306_o.jpg\" alt=\"Burdur'da alacak verecek meselesinde kan akt\u0131! Baba ve o\u011flunu kur\u015fun ya\u011fmuruna tuttular\" width=\"640\" height=\"295\"\/><\/p>\n<h3>OLAYLA \u0130LG\u0130L\u0130 SORU\u015eTURMA BA\u015eLATILDI<\/h3>\n<p>\u00d6te yandan hayat\u0131n\u0131 kaybeden baba Ramazan Tin&#8217;in cenazesi savc\u0131 ve olay yeri inceleme ekiplerinin \u00e7al\u0131\u015fmalar\u0131n\u0131n ard\u0131ndan otopsi yap\u0131lmak \u00fczere G\u00f6lhisar Devlet Hastanesi morguna kald\u0131r\u0131ld\u0131.Olayla ilgili soru\u015fturma ba\u015flat\u0131ld\u0131.<\/p>\n<p><img loading=\"lazy\" decoding=\"async\" class=\"hbptMainImage lazyload ImgDetay\" src=\"https:\/\/foto.haberler.com\/haber\/2024\/09\/03\/burdur-da-is-yeri-onunde-baba-ogula-silahli-7-17784306_o.jpg\" alt=\"Burdur'da alacak verecek meselesinde kan akt\u0131! Baba ve o\u011flunu kur\u015fun ya\u011fmuruna tuttular\" width=\"640\" height=\"360\"\/><\/p>\n<h3>C\u0130NAYET ANI KAMERALARA YANSIDI <\/h3>\n<p>Silahl\u0131 sald\u0131r\u0131 an\u0131 \u00e7evrede bulunan bir i\u015f yerinin g\u00fcvenlik kameras\u0131na yans\u0131rken g\u00f6r\u00fcnt\u00fclerde elinde t\u00fcfekle y\u00fcr\u00fcyerek gelen M.K.&#8217;n\u0131n hi\u00e7 konu\u015fmadan ve tart\u0131\u015fmaya girmeden \u00f6nce baba Ramazan Tin&#8217;i vurdu\u011fu ard\u0131ndan da araban\u0131n arkas\u0131nda bulunan o\u011ful Muharrem Tin&#8217;i vurarak arac\u0131na binip olay yerinden ka\u00e7t\u0131\u011f\u0131 g\u00f6r\u00fcl\u00fcyor. <\/p>\n<figure class=\"type:primaryimage hbhOrder\" style=\"margin-bottom: 20px;\"><img loading=\"lazy\" decoding=\"async\" width=\"1202\" height=\"675\" class=\"hbptMainImage\" id=\"HaberImage\" src=\"https:\/\/foto.haberler.com\/resize\/601x337\/haber\/2024\/09\/04\/burdur-da-alacak-verecek-meselesinde-kan-akti-17784306_620_amp.jpg\"\/><\/figure>\n<div class=\"editorSade\">Kaynak: \u0130hlas Haber Ajans\u0131 \/  <a href=\"https:\/\/www.haberler.com\/3-sayfa\/\" title=\"3.Sayfa Haberleri\">3.Sayfa<\/a> <\/div>\n<h4 id=\"nwsKeywords\"> <a href=\"https:\/\/www.haberler.com\/golhisar\/\" title=\"G\u00f6lhisar\" class=\"hbptTag\">G\u00f6lhisar<\/a>  <a href=\"https:\/\/www.haberler.com\/guvenlik\/\" title=\"G\u00fcvenlik\" class=\"hbptTag\">G\u00fcvenlik<\/a>  <a href=\"https:\/\/www.haberler.com\/tefenni\/\" title=\"Tefenni\" class=\"hbptTag\">Tefenni<\/a>  <a href=\"https:\/\/www.haberler.com\/3-sayfa\/\" title=\"3-sayfa\" class=\"hbptTag\">3-sayfa<\/a>  <a href=\"https:\/\/www.haberler.com\/cinayet\/\" title=\"Cinayet\" class=\"hbptTag\">Cinayet<\/a>  <a href=\"https:\/\/www.haberler.com\/burdur\/\" title=\"burdur\" class=\"hbptTag\">burdur<\/a>  <a href=\"https:\/\/www.haberler.com\/guncel\/\" title=\"G\u00fcncel\" class=\"hbptTag\">G\u00fcncel<\/a>  <a href=\"https:\/\/www.haberler.com\/hukuk\/\" title=\"Hukuk\" class=\"hbptTag\">Hukuk<\/a>  <a href=\"https:\/\/www.haberler.com\/baba\/\" title=\"Baba\" class=\"hbptTag\">Baba<\/a> <\/h4>\n<\/div>\n","protected":false},"excerpt":{"rendered":"<p>Ac\u0131 olay, saat 19.00 s\u0131ralar\u0131nda Burdur&#8217;un G\u00f6lhisar il\u00e7esi Konak Mahallesi Mehmet Akif Ersoy Bulvar\u0131 \u00fczerinde meydana geldi. Edinilen bilgilere g\u00f6re, Ramazan Tin (53) ve o\u011flu Muharrem Tin (32) ile alacak verecek meselesi y\u00fcz\u00fcnden husumetli olan M.K. (42) Antalya&#8217;n\u0131n Korkuteli il\u00e7esinden 07 BST 882 plakal\u0131 otomobiliyle Muharrem Tin&#8217;in G\u00f6lhisar&#8217;daki i\u015f yerinin \u00f6n\u00fcne geldi. Burada i\u015f yeri<\/p>\n","protected":false},"author":1,"featured_media":59255,"comment_status":"open","ping_status":"open","sticky":false,"template":"","format":"standard","meta":{"footnotes":""},"categories":[83],"tags":[],"class_list":["post-59254","post","type-post","status-publish","format-standard","has-post-thumbnail","hentry","category-magazin"],"yoast_head":"<!-- This site is optimized with the Yoast SEO plugin v27.5 - https:\/\/yoast.com\/product\/yoast-seo-wordpress\/ -->\n<title>Burdur&#039;da alacak verecek meselesinde kan akt\u0131! Baba ve o\u011fluna kur\u015fun ya\u011fmuru -<\/title>\n<meta name=\"robots\" content=\"index, follow, max-snippet:-1, max-image-preview:large, max-video-preview:-1\" \/>\n<link rel=\"canonical\" href=\"https:\/\/kibrisdakik.com\/?p=59254\" \/>\n<meta property=\"og:locale\" content=\"tr_TR\" \/>\n<meta property=\"og:type\" content=\"article\" \/>\n<meta property=\"og:title\" content=\"Burdur&#039;da alacak verecek meselesinde kan akt\u0131! Baba ve o\u011fluna kur\u015fun ya\u011fmuru -\" \/>\n<meta property=\"og:description\" content=\"Ac\u0131 olay, saat 19.00 s\u0131ralar\u0131nda Burdur&#8217;un G\u00f6lhisar il\u00e7esi Konak Mahallesi Mehmet Akif Ersoy Bulvar\u0131 \u00fczerinde meydana geldi. Edinilen bilgilere g\u00f6re, Ramazan Tin (53) ve o\u011flu Muharrem Tin (32) ile alacak verecek meselesi y\u00fcz\u00fcnden husumetli olan M.K. (42) Antalya&#8217;n\u0131n Korkuteli il\u00e7esinden 07 BST 882 plakal\u0131 otomobiliyle Muharrem Tin&#8217;in G\u00f6lhisar&#8217;daki i\u015f yerinin \u00f6n\u00fcne geldi. Burada i\u015f yeri\" \/>\n<meta property=\"og:url\" content=\"https:\/\/kibrisdakik.com\/?p=59254\" \/>\n<meta property=\"article:published_time\" content=\"2024-09-03T19:50:50+00:00\" \/>\n<meta property=\"og:image\" content=\"https:\/\/kibrisdakik.com\/wp-content\/uploads\/2024\/09\/burdur-da-is-yeri-onunde-baba-ogula-silahli-2-17784306_o.jpg\" \/>\n\t<meta property=\"og:image:width\" content=\"640\" \/>\n\t<meta property=\"og:image:height\" content=\"360\" \/>\n\t<meta property=\"og:image:type\" content=\"image\/jpeg\" \/>\n<meta name=\"author\" content=\"admin\" \/>\n<meta name=\"twitter:card\" content=\"summary_large_image\" \/>\n<meta name=\"twitter:label1\" content=\"Yazan:\" \/>\n\t<meta name=\"twitter:data1\" content=\"admin\" \/>\n\t<meta name=\"twitter:label2\" content=\"Tahmini okuma s\u00fcresi\" \/>\n\t<meta name=\"twitter:data2\" content=\"2 dakika\" \/>\n<script type=\"application\/ld+json\" class=\"yoast-schema-graph\">{\"@context\":\"https:\\\/\\\/schema.org\",\"@graph\":[{\"@type\":\"Article\",\"@id\":\"https:\\\/\\\/kibrisdakik.com\\\/?p=59254#article\",\"isPartOf\":{\"@id\":\"https:\\\/\\\/kibrisdakik.com\\\/?p=59254\"},\"author\":{\"name\":\"admin\",\"@id\":\"https:\\\/\\\/kibrisdakik.com\\\/#\\\/schema\\\/person\\\/9cd9d437bbb44f72b73ba127e06d8e79\"},\"headline\":\"Burdur&#8217;da alacak verecek meselesinde kan akt\u0131! Baba ve o\u011fluna kur\u015fun ya\u011fmuru\",\"datePublished\":\"2024-09-03T19:50:50+00:00\",\"mainEntityOfPage\":{\"@id\":\"https:\\\/\\\/kibrisdakik.com\\\/?p=59254\"},\"wordCount\":373,\"commentCount\":0,\"image\":{\"@id\":\"https:\\\/\\\/kibrisdakik.com\\\/?p=59254#primaryimage\"},\"thumbnailUrl\":\"https:\\\/\\\/kibrisdakik.com\\\/wp-content\\\/uploads\\\/2024\\\/09\\\/burdur-da-is-yeri-onunde-baba-ogula-silahli-2-17784306_o.jpg\",\"articleSection\":[\"Magazin\"],\"inLanguage\":\"tr\",\"potentialAction\":[{\"@type\":\"CommentAction\",\"name\":\"Comment\",\"target\":[\"https:\\\/\\\/kibrisdakik.com\\\/?p=59254#respond\"]}]},{\"@type\":\"WebPage\",\"@id\":\"https:\\\/\\\/kibrisdakik.com\\\/?p=59254\",\"url\":\"https:\\\/\\\/kibrisdakik.com\\\/?p=59254\",\"name\":\"Burdur'da alacak verecek meselesinde kan akt\u0131! Baba ve o\u011fluna kur\u015fun ya\u011fmuru -\",\"isPartOf\":{\"@id\":\"https:\\\/\\\/kibrisdakik.com\\\/#website\"},\"primaryImageOfPage\":{\"@id\":\"https:\\\/\\\/kibrisdakik.com\\\/?p=59254#primaryimage\"},\"image\":{\"@id\":\"https:\\\/\\\/kibrisdakik.com\\\/?p=59254#primaryimage\"},\"thumbnailUrl\":\"https:\\\/\\\/kibrisdakik.com\\\/wp-content\\\/uploads\\\/2024\\\/09\\\/burdur-da-is-yeri-onunde-baba-ogula-silahli-2-17784306_o.jpg\",\"datePublished\":\"2024-09-03T19:50:50+00:00\",\"author\":{\"@id\":\"https:\\\/\\\/kibrisdakik.com\\\/#\\\/schema\\\/person\\\/9cd9d437bbb44f72b73ba127e06d8e79\"},\"breadcrumb\":{\"@id\":\"https:\\\/\\\/kibrisdakik.com\\\/?p=59254#breadcrumb\"},\"inLanguage\":\"tr\",\"potentialAction\":[{\"@type\":\"ReadAction\",\"target\":[\"https:\\\/\\\/kibrisdakik.com\\\/?p=59254\"]}]},{\"@type\":\"ImageObject\",\"inLanguage\":\"tr\",\"@id\":\"https:\\\/\\\/kibrisdakik.com\\\/?p=59254#primaryimage\",\"url\":\"https:\\\/\\\/kibrisdakik.com\\\/wp-content\\\/uploads\\\/2024\\\/09\\\/burdur-da-is-yeri-onunde-baba-ogula-silahli-2-17784306_o.jpg\",\"contentUrl\":\"https:\\\/\\\/kibrisdakik.com\\\/wp-content\\\/uploads\\\/2024\\\/09\\\/burdur-da-is-yeri-onunde-baba-ogula-silahli-2-17784306_o.jpg\",\"width\":640,\"height\":360},{\"@type\":\"BreadcrumbList\",\"@id\":\"https:\\\/\\\/kibrisdakik.com\\\/?p=59254#breadcrumb\",\"itemListElement\":[{\"@type\":\"ListItem\",\"position\":1,\"name\":\"Home\",\"item\":\"https:\\\/\\\/kibrisdakik.com\\\/\"},{\"@type\":\"ListItem\",\"position\":2,\"name\":\"Burdur&#8217;da alacak verecek meselesinde kan akt\u0131! Baba ve o\u011fluna kur\u015fun ya\u011fmuru\"}]},{\"@type\":\"WebSite\",\"@id\":\"https:\\\/\\\/kibrisdakik.com\\\/#website\",\"url\":\"https:\\\/\\\/kibrisdakik.com\\\/\",\"name\":\"\",\"description\":\"Tam vaktinde haber\",\"potentialAction\":[{\"@type\":\"SearchAction\",\"target\":{\"@type\":\"EntryPoint\",\"urlTemplate\":\"https:\\\/\\\/kibrisdakik.com\\\/?s={search_term_string}\"},\"query-input\":{\"@type\":\"PropertyValueSpecification\",\"valueRequired\":true,\"valueName\":\"search_term_string\"}}],\"inLanguage\":\"tr\"},{\"@type\":\"Person\",\"@id\":\"https:\\\/\\\/kibrisdakik.com\\\/#\\\/schema\\\/person\\\/9cd9d437bbb44f72b73ba127e06d8e79\",\"name\":\"admin\",\"image\":{\"@type\":\"ImageObject\",\"inLanguage\":\"tr\",\"@id\":\"https:\\\/\\\/secure.gravatar.com\\\/avatar\\\/ccc17943b9d660506c869530f897617f7cb1c21a4bf30023f252596d83e1f007?s=96&d=mm&r=g\",\"url\":\"https:\\\/\\\/secure.gravatar.com\\\/avatar\\\/ccc17943b9d660506c869530f897617f7cb1c21a4bf30023f252596d83e1f007?s=96&d=mm&r=g\",\"contentUrl\":\"https:\\\/\\\/secure.gravatar.com\\\/avatar\\\/ccc17943b9d660506c869530f897617f7cb1c21a4bf30023f252596d83e1f007?s=96&d=mm&r=g\",\"caption\":\"admin\"},\"sameAs\":[\"https:\\\/\\\/kibrisdakik.com\"],\"url\":\"https:\\\/\\\/kibrisdakik.com\\\/?author=1\"}]}<\/script>\n<!-- \/ Yoast SEO plugin. -->","yoast_head_json":{"title":"Burdur'da alacak verecek meselesinde kan akt\u0131! Baba ve o\u011fluna kur\u015fun ya\u011fmuru -","robots":{"index":"index","follow":"follow","max-snippet":"max-snippet:-1","max-image-preview":"max-image-preview:large","max-video-preview":"max-video-preview:-1"},"canonical":"https:\/\/kibrisdakik.com\/?p=59254","og_locale":"tr_TR","og_type":"article","og_title":"Burdur'da alacak verecek meselesinde kan akt\u0131! Baba ve o\u011fluna kur\u015fun ya\u011fmuru -","og_description":"Ac\u0131 olay, saat 19.00 s\u0131ralar\u0131nda Burdur&#8217;un G\u00f6lhisar il\u00e7esi Konak Mahallesi Mehmet Akif Ersoy Bulvar\u0131 \u00fczerinde meydana geldi. Edinilen bilgilere g\u00f6re, Ramazan Tin (53) ve o\u011flu Muharrem Tin (32) ile alacak verecek meselesi y\u00fcz\u00fcnden husumetli olan M.K. (42) Antalya&#8217;n\u0131n Korkuteli il\u00e7esinden 07 BST 882 plakal\u0131 otomobiliyle Muharrem Tin&#8217;in G\u00f6lhisar&#8217;daki i\u015f yerinin \u00f6n\u00fcne geldi. Burada i\u015f yeri","og_url":"https:\/\/kibrisdakik.com\/?p=59254","article_published_time":"2024-09-03T19:50:50+00:00","og_image":[{"width":640,"height":360,"url":"https:\/\/kibrisdakik.com\/wp-content\/uploads\/2024\/09\/burdur-da-is-yeri-onunde-baba-ogula-silahli-2-17784306_o.jpg","type":"image\/jpeg"}],"author":"admin","twitter_card":"summary_large_image","twitter_misc":{"Yazan:":"admin","Tahmini okuma s\u00fcresi":"2 dakika"},"schema":{"@context":"https:\/\/schema.org","@graph":[{"@type":"Article","@id":"https:\/\/kibrisdakik.com\/?p=59254#article","isPartOf":{"@id":"https:\/\/kibrisdakik.com\/?p=59254"},"author":{"name":"admin","@id":"https:\/\/kibrisdakik.com\/#\/schema\/person\/9cd9d437bbb44f72b73ba127e06d8e79"},"headline":"Burdur&#8217;da alacak verecek meselesinde kan akt\u0131! Baba ve o\u011fluna kur\u015fun ya\u011fmuru","datePublished":"2024-09-03T19:50:50+00:00","mainEntityOfPage":{"@id":"https:\/\/kibrisdakik.com\/?p=59254"},"wordCount":373,"commentCount":0,"image":{"@id":"https:\/\/kibrisdakik.com\/?p=59254#primaryimage"},"thumbnailUrl":"https:\/\/kibrisdakik.com\/wp-content\/uploads\/2024\/09\/burdur-da-is-yeri-onunde-baba-ogula-silahli-2-17784306_o.jpg","articleSection":["Magazin"],"inLanguage":"tr","potentialAction":[{"@type":"CommentAction","name":"Comment","target":["https:\/\/kibrisdakik.com\/?p=59254#respond"]}]},{"@type":"WebPage","@id":"https:\/\/kibrisdakik.com\/?p=59254","url":"https:\/\/kibrisdakik.com\/?p=59254","name":"Burdur'da alacak verecek meselesinde kan akt\u0131! Baba ve o\u011fluna kur\u015fun ya\u011fmuru -","isPartOf":{"@id":"https:\/\/kibrisdakik.com\/#website"},"primaryImageOfPage":{"@id":"https:\/\/kibrisdakik.com\/?p=59254#primaryimage"},"image":{"@id":"https:\/\/kibrisdakik.com\/?p=59254#primaryimage"},"thumbnailUrl":"https:\/\/kibrisdakik.com\/wp-content\/uploads\/2024\/09\/burdur-da-is-yeri-onunde-baba-ogula-silahli-2-17784306_o.jpg","datePublished":"2024-09-03T19:50:50+00:00","author":{"@id":"https:\/\/kibrisdakik.com\/#\/schema\/person\/9cd9d437bbb44f72b73ba127e06d8e79"},"breadcrumb":{"@id":"https:\/\/kibrisdakik.com\/?p=59254#breadcrumb"},"inLanguage":"tr","potentialAction":[{"@type":"ReadAction","target":["https:\/\/kibrisdakik.com\/?p=59254"]}]},{"@type":"ImageObject","inLanguage":"tr","@id":"https:\/\/kibrisdakik.com\/?p=59254#primaryimage","url":"https:\/\/kibrisdakik.com\/wp-content\/uploads\/2024\/09\/burdur-da-is-yeri-onunde-baba-ogula-silahli-2-17784306_o.jpg","contentUrl":"https:\/\/kibrisdakik.com\/wp-content\/uploads\/2024\/09\/burdur-da-is-yeri-onunde-baba-ogula-silahli-2-17784306_o.jpg","width":640,"height":360},{"@type":"BreadcrumbList","@id":"https:\/\/kibrisdakik.com\/?p=59254#breadcrumb","itemListElement":[{"@type":"ListItem","position":1,"name":"Home","item":"https:\/\/kibrisdakik.com\/"},{"@type":"ListItem","position":2,"name":"Burdur&#8217;da alacak verecek meselesinde kan akt\u0131! Baba ve o\u011fluna kur\u015fun ya\u011fmuru"}]},{"@type":"WebSite","@id":"https:\/\/kibrisdakik.com\/#website","url":"https:\/\/kibrisdakik.com\/","name":"","description":"Tam vaktinde haber","potentialAction":[{"@type":"SearchAction","target":{"@type":"EntryPoint","urlTemplate":"https:\/\/kibrisdakik.com\/?s={search_term_string}"},"query-input":{"@type":"PropertyValueSpecification","valueRequired":true,"valueName":"search_term_string"}}],"inLanguage":"tr"},{"@type":"Person","@id":"https:\/\/kibrisdakik.com\/#\/schema\/person\/9cd9d437bbb44f72b73ba127e06d8e79","name":"admin","image":{"@type":"ImageObject","inLanguage":"tr","@id":"https:\/\/secure.gravatar.com\/avatar\/ccc17943b9d660506c869530f897617f7cb1c21a4bf30023f252596d83e1f007?s=96&d=mm&r=g","url":"https:\/\/secure.gravatar.com\/avatar\/ccc17943b9d660506c869530f897617f7cb1c21a4bf30023f252596d83e1f007?s=96&d=mm&r=g","contentUrl":"https:\/\/secure.gravatar.com\/avatar\/ccc17943b9d660506c869530f897617f7cb1c21a4bf30023f252596d83e1f007?s=96&d=mm&r=g","caption":"admin"},"sameAs":["https:\/\/kibrisdakik.com"],"url":"https:\/\/kibrisdakik.com\/?author=1"}]}},"_links":{"self":[{"href":"https:\/\/kibrisdakik.com\/index.php?rest_route=\/wp\/v2\/posts\/59254","targetHints":{"allow":["GET"]}}],"collection":[{"href":"https:\/\/kibrisdakik.com\/index.php?rest_route=\/wp\/v2\/posts"}],"about":[{"href":"https:\/\/kibrisdakik.com\/index.php?rest_route=\/wp\/v2\/types\/post"}],"author":[{"embeddable":true,"href":"https:\/\/kibrisdakik.com\/index.php?rest_route=\/wp\/v2\/users\/1"}],"replies":[{"embeddable":true,"href":"https:\/\/kibrisdakik.com\/index.php?rest_route=%2Fwp%2Fv2%2Fcomments&post=59254"}],"version-history":[{"count":0,"href":"https:\/\/kibrisdakik.com\/index.php?rest_route=\/wp\/v2\/posts\/59254\/revisions"}],"wp:featuredmedia":[{"embeddable":true,"href":"https:\/\/kibrisdakik.com\/index.php?rest_route=\/wp\/v2\/media\/59255"}],"wp:attachment":[{"href":"https:\/\/kibrisdakik.com\/index.php?rest_route=%2Fwp%2Fv2%2Fmedia&parent=59254"}],"wp:term":[{"taxonomy":"category","embeddable":true,"href":"https:\/\/kibrisdakik.com\/index.php?rest_route=%2Fwp%2Fv2%2Fcategories&post=59254"},{"taxonomy":"post_tag","embeddable":true,"href":"https:\/\/kibrisdakik.com\/index.php?rest_route=%2Fwp%2Fv2%2Ftags&post=59254"}],"curies":[{"name":"wp","href":"https:\/\/api.w.org\/{rel}","templated":true}]}}