{"id":59256,"date":"2024-09-03T21:40:49","date_gmt":"2024-09-03T18:40:49","guid":{"rendered":"https:\/\/kibrisdakik.com\/index.php\/2024\/09\/03\/silvanda-kaza-kursunuyla-yaralanan-asker-yavuz-guney-sehit-oldu\/"},"modified":"2024-09-03T21:40:49","modified_gmt":"2024-09-03T18:40:49","slug":"silvanda-kaza-kursunuyla-yaralanan-asker-yavuz-guney-sehit-oldu","status":"publish","type":"post","link":"https:\/\/kibrisdakik.com\/?p=59256","title":{"rendered":"Silvan&#8217;da kaza kur\u015funuyla yaralanan asker Yavuz G\u00fcney \u015fehit oldu"},"content":{"rendered":"<p><\/p>\n<div id=\"\">\n<p>Diyarbak\u0131r&#8217;\u0131n Silvan il\u00e7esinde Jandarma Uzaman \u00c7avu\u015f Yavuz G\u00fcney, arkada\u015f\u0131n\u0131n silah\u0131ndan \u00e7\u0131kan kaza kur\u015funuyla hayat\u0131n\u0131 kaybetti\u011fi \u00f6\u011frenildi. Konuyla ilgili a\u00e7\u0131klama yapan \u0130\u00e7i\u015fleri Bakan\u0131 Ali Yerlikaya, &#8220;Silvan Komando Alay Komutanl\u0131\u011f\u0131 emrinde g\u00f6revli Jandarma Uzaman \u00c7avu\u015f Yavuz G\u00fcney, silah kazas\u0131 sonucu hastanede yap\u0131lan t\u00fcm m\u00fcdahalelere ra\u011fmen kurtar\u0131lamayarak \u015fehit olmu\u015ftur&#8221; dedi.<\/p>\n<h3>A\u011eIR YARALANAN ASKER KURTARILAMADI<\/h3>\n<p>Al\u0131nan bilgilere g\u00f6re, Silvan il\u00e7esinde Yavuz G\u00fcney isimli asker, arkada\u015f\u0131 silah\u0131n\u0131 temizledi\u011fi s\u0131rada silah kazara ate\u015f al\u0131nca vuruldu. \u0130hbar \u00fczerine olay yerine sa\u011fl\u0131k ekibi sevk edildi. A\u011f\u0131r yaralanan asker, sevk edildi\u011fi Dicle \u00dcniversitesi Hastanesi&#8217;nde yap\u0131lan t\u00fcm m\u00fcdahalelere ra\u011fmen kurtar\u0131lamad\u0131. Olayla ilgili soru\u015fturma ba\u015flat\u0131ld\u0131.<\/p>\n<p><img loading=\"lazy\" decoding=\"async\" class=\"hbptMainImage lazyload ImgDetay\" src=\"https:\/\/foto.haberler.com\/haber\/2024\/09\/04\/silvan-da-kaza-kursunuyla-yaralanan-asker-yavuz-17784200_7472_m.jpg\" alt=\"Silvan'da kaza kur\u015funuyla yaralanan asker Yavuz G\u00fcney \u015fehit oldu\" width=\"640\" height=\"640\"\/><\/p>\n<h3>\u0130\u00c7\u0130\u015eLER\u0130 BAKANI YERL\u0130KAYA&#8217;DAN A\u00c7IKLAMA<\/h3>\n<p>\u0130\u00e7i\u015fleri Bakan\u0131 Ali Yerlikaya, sosyal medya hesab\u0131ndan yapt\u0131\u011f\u0131 a\u00e7\u0131klamada, &#8220;Silvan Komando Alay Komutanl\u0131\u011f\u0131 emrinde g\u00f6revli Jandarma Uzaman \u00c7avu\u015f Yavuz G\u00fcney, silah kazas\u0131 sonucu hastanede yap\u0131lan t\u00fcm m\u00fcdahalelere ra\u011fmen kurtar\u0131lamayarak \u015fehit olmu\u015ftur. Kahraman jandarmam\u0131za Allah&#8217;tan rahmet; kederli ailesine, Jandarma te\u015fkilat\u0131m\u0131za ve Milletimize ba\u015fsa\u011fl\u0131\u011f\u0131 diliyorum. Makam\u0131 ali olsun&#8221; ifadelerini kulland\u0131.<\/p>\n<div class=\"editorSade\">Kaynak: \u0130hlas Haber Ajans\u0131 \/  <a href=\"https:\/\/www.haberler.com\/3-sayfa\/\" title=\"3.Sayfa Haberleri\">3.Sayfa<\/a> <\/div>\n<h4 id=\"nwsKeywords\"> <a href=\"https:\/\/www.haberler.com\/jandarma\/\" title=\"Jandarma\" class=\"hbptTag\">Jandarma<\/a>  <a href=\"https:\/\/www.haberler.com\/3-sayfa\/\" title=\"3-sayfa\" class=\"hbptTag\">3-sayfa<\/a>  <a href=\"https:\/\/www.haberler.com\/komando\/\" title=\"Komando\" class=\"hbptTag\">Komando<\/a>  <a href=\"https:\/\/www.haberler.com\/silvan\/\" title=\"Silvan\" class=\"hbptTag\">Silvan<\/a>  <a href=\"https:\/\/www.haberler.com\/guncel\/\" title=\"G\u00fcncel\" class=\"hbptTag\">G\u00fcncel<\/a>  <a href=\"https:\/\/www.haberler.com\/dunya\/\" title=\"D\u00fcnya\" class=\"hbptTag\">D\u00fcnya<\/a>  <a href=\"https:\/\/www.haberler.com\/kaza\/\" title=\"Kaza\" class=\"hbptTag\">Kaza<\/a> <\/h4>\n<\/div>\n","protected":false},"excerpt":{"rendered":"<p>Diyarbak\u0131r&#8217;\u0131n Silvan il\u00e7esinde Jandarma Uzaman \u00c7avu\u015f Yavuz G\u00fcney, arkada\u015f\u0131n\u0131n silah\u0131ndan \u00e7\u0131kan kaza kur\u015funuyla hayat\u0131n\u0131 kaybetti\u011fi \u00f6\u011frenildi. Konuyla ilgili a\u00e7\u0131klama yapan \u0130\u00e7i\u015fleri Bakan\u0131 Ali Yerlikaya, &#8220;Silvan Komando Alay Komutanl\u0131\u011f\u0131 emrinde g\u00f6revli Jandarma Uzaman \u00c7avu\u015f Yavuz G\u00fcney, silah kazas\u0131 sonucu hastanede yap\u0131lan t\u00fcm m\u00fcdahalelere ra\u011fmen kurtar\u0131lamayarak \u015fehit olmu\u015ftur&#8221; dedi. A\u011eIR YARALANAN ASKER KURTARILAMADI Al\u0131nan bilgilere g\u00f6re, Silvan<\/p>\n","protected":false},"author":1,"featured_media":59257,"comment_status":"open","ping_status":"open","sticky":false,"template":"","format":"standard","meta":{"footnotes":""},"categories":[83],"tags":[],"class_list":["post-59256","post","type-post","status-publish","format-standard","has-post-thumbnail","hentry","category-magazin"],"yoast_head":"<!-- This site is optimized with the Yoast SEO plugin v28.3 - https:\/\/yoast.com\/product\/yoast-seo-wordpress\/ -->\n<title>Silvan&#039;da kaza kur\u015funuyla yaralanan asker Yavuz G\u00fcney \u015fehit oldu -<\/title>\n<meta name=\"robots\" content=\"index, follow, max-snippet:-1, max-image-preview:large, max-video-preview:-1\" \/>\n<link rel=\"canonical\" href=\"https:\/\/kibrisdakik.com\/?p=59256\" \/>\n<meta property=\"og:locale\" content=\"tr_TR\" \/>\n<meta property=\"og:type\" content=\"article\" \/>\n<meta property=\"og:title\" content=\"Silvan&#039;da kaza kur\u015funuyla yaralanan asker Yavuz G\u00fcney \u015fehit oldu -\" \/>\n<meta property=\"og:description\" content=\"Diyarbak\u0131r&#8217;\u0131n Silvan il\u00e7esinde Jandarma Uzaman \u00c7avu\u015f Yavuz G\u00fcney, arkada\u015f\u0131n\u0131n silah\u0131ndan \u00e7\u0131kan kaza kur\u015funuyla hayat\u0131n\u0131 kaybetti\u011fi \u00f6\u011frenildi. Konuyla ilgili a\u00e7\u0131klama yapan \u0130\u00e7i\u015fleri Bakan\u0131 Ali Yerlikaya, &#8220;Silvan Komando Alay Komutanl\u0131\u011f\u0131 emrinde g\u00f6revli Jandarma Uzaman \u00c7avu\u015f Yavuz G\u00fcney, silah kazas\u0131 sonucu hastanede yap\u0131lan t\u00fcm m\u00fcdahalelere ra\u011fmen kurtar\u0131lamayarak \u015fehit olmu\u015ftur&#8221; dedi. A\u011eIR YARALANAN ASKER KURTARILAMADI Al\u0131nan bilgilere g\u00f6re, Silvan\" \/>\n<meta property=\"og:url\" content=\"https:\/\/kibrisdakik.com\/?p=59256\" \/>\n<meta property=\"article:published_time\" content=\"2024-09-03T18:40:49+00:00\" \/>\n<meta property=\"og:image\" content=\"https:\/\/kibrisdakik.com\/wp-content\/uploads\/2024\/09\/silvan-da-kaza-kursunuyla-yaralanan-asker-yavuz-17784200_7472_m-640x420.jpg\" \/>\n\t<meta property=\"og:image:width\" content=\"640\" \/>\n\t<meta property=\"og:image:height\" content=\"639\" \/>\n\t<meta property=\"og:image:type\" content=\"image\/jpeg\" \/>\n<meta name=\"author\" content=\"admin\" \/>\n<meta name=\"twitter:card\" content=\"summary_large_image\" \/>\n<meta name=\"twitter:label1\" content=\"Yazan:\" \/>\n\t<meta name=\"twitter:data1\" content=\"admin\" \/>\n\t<meta name=\"twitter:label2\" content=\"Tahmini okuma s\u00fcresi\" \/>\n\t<meta name=\"twitter:data2\" content=\"1 dakika\" \/>\n<script type=\"application\/ld+json\" class=\"yoast-schema-graph\">{\"@context\":\"https:\\\/\\\/schema.org\",\"@graph\":[{\"@type\":\"Article\",\"@id\":\"https:\\\/\\\/kibrisdakik.com\\\/?p=59256#article\",\"isPartOf\":{\"@id\":\"https:\\\/\\\/kibrisdakik.com\\\/?p=59256\"},\"author\":{\"name\":\"admin\",\"@id\":\"https:\\\/\\\/kibrisdakik.com\\\/#\\\/schema\\\/person\\\/9cd9d437bbb44f72b73ba127e06d8e79\"},\"headline\":\"Silvan&#8217;da kaza kur\u015funuyla yaralanan asker Yavuz G\u00fcney \u015fehit oldu\",\"datePublished\":\"2024-09-03T18:40:49+00:00\",\"mainEntityOfPage\":{\"@id\":\"https:\\\/\\\/kibrisdakik.com\\\/?p=59256\"},\"wordCount\":235,\"commentCount\":0,\"publisher\":{\"@id\":\"https:\\\/\\\/kibrisdakik.com\\\/#organization\"},\"image\":{\"@id\":\"https:\\\/\\\/kibrisdakik.com\\\/?p=59256#primaryimage\"},\"thumbnailUrl\":\"https:\\\/\\\/kibrisdakik.com\\\/wp-content\\\/uploads\\\/2024\\\/09\\\/silvan-da-kaza-kursunuyla-yaralanan-asker-yavuz-17784200_7472_m-640x420.jpg\",\"articleSection\":[\"Magazin\"],\"inLanguage\":\"tr\",\"potentialAction\":[{\"@type\":\"CommentAction\",\"name\":\"Comment\",\"target\":[\"https:\\\/\\\/kibrisdakik.com\\\/?p=59256#respond\"]}]},{\"@type\":\"WebPage\",\"@id\":\"https:\\\/\\\/kibrisdakik.com\\\/?p=59256\",\"url\":\"https:\\\/\\\/kibrisdakik.com\\\/?p=59256\",\"name\":\"Silvan'da kaza kur\u015funuyla yaralanan asker Yavuz G\u00fcney \u015fehit oldu -\",\"isPartOf\":{\"@id\":\"https:\\\/\\\/kibrisdakik.com\\\/#website\"},\"primaryImageOfPage\":{\"@id\":\"https:\\\/\\\/kibrisdakik.com\\\/?p=59256#primaryimage\"},\"image\":{\"@id\":\"https:\\\/\\\/kibrisdakik.com\\\/?p=59256#primaryimage\"},\"thumbnailUrl\":\"https:\\\/\\\/kibrisdakik.com\\\/wp-content\\\/uploads\\\/2024\\\/09\\\/silvan-da-kaza-kursunuyla-yaralanan-asker-yavuz-17784200_7472_m-640x420.jpg\",\"datePublished\":\"2024-09-03T18:40:49+00:00\",\"breadcrumb\":{\"@id\":\"https:\\\/\\\/kibrisdakik.com\\\/?p=59256#breadcrumb\"},\"inLanguage\":\"tr\",\"potentialAction\":[{\"@type\":\"ReadAction\",\"target\":[\"https:\\\/\\\/kibrisdakik.com\\\/?p=59256\"]}]},{\"@type\":\"ImageObject\",\"inLanguage\":\"tr\",\"@id\":\"https:\\\/\\\/kibrisdakik.com\\\/?p=59256#primaryimage\",\"url\":\"https:\\\/\\\/kibrisdakik.com\\\/wp-content\\\/uploads\\\/2024\\\/09\\\/silvan-da-kaza-kursunuyla-yaralanan-asker-yavuz-17784200_7472_m-640x420.jpg\",\"contentUrl\":\"https:\\\/\\\/kibrisdakik.com\\\/wp-content\\\/uploads\\\/2024\\\/09\\\/silvan-da-kaza-kursunuyla-yaralanan-asker-yavuz-17784200_7472_m-640x420.jpg\",\"width\":640,\"height\":639},{\"@type\":\"BreadcrumbList\",\"@id\":\"https:\\\/\\\/kibrisdakik.com\\\/?p=59256#breadcrumb\",\"itemListElement\":[{\"@type\":\"ListItem\",\"position\":1,\"name\":\"Home\",\"item\":\"https:\\\/\\\/kibrisdakik.com\\\/\"},{\"@type\":\"ListItem\",\"position\":2,\"name\":\"Silvan&#8217;da kaza kur\u015funuyla yaralanan asker Yavuz G\u00fcney \u015fehit oldu\"}]},{\"@type\":\"WebSite\",\"@id\":\"https:\\\/\\\/kibrisdakik.com\\\/#website\",\"url\":\"https:\\\/\\\/kibrisdakik.com\\\/\",\"name\":\"K\u0131br\u0131s Dakik\",\"description\":\"Tam vaktinde haber\",\"publisher\":{\"@id\":\"https:\\\/\\\/kibrisdakik.com\\\/#organization\"},\"potentialAction\":[{\"@type\":\"SearchAction\",\"target\":{\"@type\":\"EntryPoint\",\"urlTemplate\":\"https:\\\/\\\/kibrisdakik.com\\\/?s={search_term_string}\"},\"query-input\":{\"@type\":\"PropertyValueSpecification\",\"valueRequired\":true,\"valueName\":\"search_term_string\"}}],\"inLanguage\":\"tr\"},{\"@type\":\"Organization\",\"@id\":\"https:\\\/\\\/kibrisdakik.com\\\/#organization\",\"name\":\"K\u0131br\u0131s Dakik\",\"url\":\"https:\\\/\\\/kibrisdakik.com\\\/\",\"logo\":{\"@type\":\"ImageObject\",\"inLanguage\":\"tr\",\"@id\":\"https:\\\/\\\/kibrisdakik.com\\\/#\\\/schema\\\/logo\\\/image\\\/\",\"url\":\"https:\\\/\\\/kibrisdakik.com\\\/wp-content\\\/uploads\\\/2025\\\/10\\\/cropped-WhatsApp-Image-2025-10-02-at-12.58.31.jpeg\",\"contentUrl\":\"https:\\\/\\\/kibrisdakik.com\\\/wp-content\\\/uploads\\\/2025\\\/10\\\/cropped-WhatsApp-Image-2025-10-02-at-12.58.31.jpeg\",\"width\":1237,\"height\":190,\"caption\":\"K\u0131br\u0131s Dakik\"},\"image\":{\"@id\":\"https:\\\/\\\/kibrisdakik.com\\\/#\\\/schema\\\/logo\\\/image\\\/\"}},{\"@type\":\"Person\",\"@id\":\"https:\\\/\\\/kibrisdakik.com\\\/#\\\/schema\\\/person\\\/9cd9d437bbb44f72b73ba127e06d8e79\",\"name\":\"admin\",\"image\":{\"@type\":\"ImageObject\",\"inLanguage\":\"tr\",\"@id\":\"https:\\\/\\\/secure.gravatar.com\\\/avatar\\\/ccc17943b9d660506c869530f897617f7cb1c21a4bf30023f252596d83e1f007?s=96&d=mm&r=g\",\"url\":\"https:\\\/\\\/secure.gravatar.com\\\/avatar\\\/ccc17943b9d660506c869530f897617f7cb1c21a4bf30023f252596d83e1f007?s=96&d=mm&r=g\",\"contentUrl\":\"https:\\\/\\\/secure.gravatar.com\\\/avatar\\\/ccc17943b9d660506c869530f897617f7cb1c21a4bf30023f252596d83e1f007?s=96&d=mm&r=g\",\"caption\":\"admin\"},\"sameAs\":[\"https:\\\/\\\/kibrisdakik.com\"],\"url\":\"https:\\\/\\\/kibrisdakik.com\\\/?author=1\"}]}<\/script>\n<!-- \/ Yoast SEO plugin. -->","yoast_head_json":{"title":"Silvan'da kaza kur\u015funuyla yaralanan asker Yavuz G\u00fcney \u015fehit oldu -","robots":{"index":"index","follow":"follow","max-snippet":"max-snippet:-1","max-image-preview":"max-image-preview:large","max-video-preview":"max-video-preview:-1"},"canonical":"https:\/\/kibrisdakik.com\/?p=59256","og_locale":"tr_TR","og_type":"article","og_title":"Silvan'da kaza kur\u015funuyla yaralanan asker Yavuz G\u00fcney \u015fehit oldu -","og_description":"Diyarbak\u0131r&#8217;\u0131n Silvan il\u00e7esinde Jandarma Uzaman \u00c7avu\u015f Yavuz G\u00fcney, arkada\u015f\u0131n\u0131n silah\u0131ndan \u00e7\u0131kan kaza kur\u015funuyla hayat\u0131n\u0131 kaybetti\u011fi \u00f6\u011frenildi. Konuyla ilgili a\u00e7\u0131klama yapan \u0130\u00e7i\u015fleri Bakan\u0131 Ali Yerlikaya, &#8220;Silvan Komando Alay Komutanl\u0131\u011f\u0131 emrinde g\u00f6revli Jandarma Uzaman \u00c7avu\u015f Yavuz G\u00fcney, silah kazas\u0131 sonucu hastanede yap\u0131lan t\u00fcm m\u00fcdahalelere ra\u011fmen kurtar\u0131lamayarak \u015fehit olmu\u015ftur&#8221; dedi. A\u011eIR YARALANAN ASKER KURTARILAMADI Al\u0131nan bilgilere g\u00f6re, Silvan","og_url":"https:\/\/kibrisdakik.com\/?p=59256","article_published_time":"2024-09-03T18:40:49+00:00","og_image":[{"width":640,"height":639,"url":"https:\/\/kibrisdakik.com\/wp-content\/uploads\/2024\/09\/silvan-da-kaza-kursunuyla-yaralanan-asker-yavuz-17784200_7472_m-640x420.jpg","type":"image\/jpeg"}],"author":"admin","twitter_card":"summary_large_image","twitter_misc":{"Yazan:":"admin","Tahmini okuma s\u00fcresi":"1 dakika"},"schema":{"@context":"https:\/\/schema.org","@graph":[{"@type":"Article","@id":"https:\/\/kibrisdakik.com\/?p=59256#article","isPartOf":{"@id":"https:\/\/kibrisdakik.com\/?p=59256"},"author":{"name":"admin","@id":"https:\/\/kibrisdakik.com\/#\/schema\/person\/9cd9d437bbb44f72b73ba127e06d8e79"},"headline":"Silvan&#8217;da kaza kur\u015funuyla yaralanan asker Yavuz G\u00fcney \u015fehit oldu","datePublished":"2024-09-03T18:40:49+00:00","mainEntityOfPage":{"@id":"https:\/\/kibrisdakik.com\/?p=59256"},"wordCount":235,"commentCount":0,"publisher":{"@id":"https:\/\/kibrisdakik.com\/#organization"},"image":{"@id":"https:\/\/kibrisdakik.com\/?p=59256#primaryimage"},"thumbnailUrl":"https:\/\/kibrisdakik.com\/wp-content\/uploads\/2024\/09\/silvan-da-kaza-kursunuyla-yaralanan-asker-yavuz-17784200_7472_m-640x420.jpg","articleSection":["Magazin"],"inLanguage":"tr","potentialAction":[{"@type":"CommentAction","name":"Comment","target":["https:\/\/kibrisdakik.com\/?p=59256#respond"]}]},{"@type":"WebPage","@id":"https:\/\/kibrisdakik.com\/?p=59256","url":"https:\/\/kibrisdakik.com\/?p=59256","name":"Silvan'da kaza kur\u015funuyla yaralanan asker Yavuz G\u00fcney \u015fehit oldu -","isPartOf":{"@id":"https:\/\/kibrisdakik.com\/#website"},"primaryImageOfPage":{"@id":"https:\/\/kibrisdakik.com\/?p=59256#primaryimage"},"image":{"@id":"https:\/\/kibrisdakik.com\/?p=59256#primaryimage"},"thumbnailUrl":"https:\/\/kibrisdakik.com\/wp-content\/uploads\/2024\/09\/silvan-da-kaza-kursunuyla-yaralanan-asker-yavuz-17784200_7472_m-640x420.jpg","datePublished":"2024-09-03T18:40:49+00:00","breadcrumb":{"@id":"https:\/\/kibrisdakik.com\/?p=59256#breadcrumb"},"inLanguage":"tr","potentialAction":[{"@type":"ReadAction","target":["https:\/\/kibrisdakik.com\/?p=59256"]}]},{"@type":"ImageObject","inLanguage":"tr","@id":"https:\/\/kibrisdakik.com\/?p=59256#primaryimage","url":"https:\/\/kibrisdakik.com\/wp-content\/uploads\/2024\/09\/silvan-da-kaza-kursunuyla-yaralanan-asker-yavuz-17784200_7472_m-640x420.jpg","contentUrl":"https:\/\/kibrisdakik.com\/wp-content\/uploads\/2024\/09\/silvan-da-kaza-kursunuyla-yaralanan-asker-yavuz-17784200_7472_m-640x420.jpg","width":640,"height":639},{"@type":"BreadcrumbList","@id":"https:\/\/kibrisdakik.com\/?p=59256#breadcrumb","itemListElement":[{"@type":"ListItem","position":1,"name":"Home","item":"https:\/\/kibrisdakik.com\/"},{"@type":"ListItem","position":2,"name":"Silvan&#8217;da kaza kur\u015funuyla yaralanan asker Yavuz G\u00fcney \u015fehit oldu"}]},{"@type":"WebSite","@id":"https:\/\/kibrisdakik.com\/#website","url":"https:\/\/kibrisdakik.com\/","name":"K\u0131br\u0131s Dakik","description":"Tam vaktinde haber","publisher":{"@id":"https:\/\/kibrisdakik.com\/#organization"},"potentialAction":[{"@type":"SearchAction","target":{"@type":"EntryPoint","urlTemplate":"https:\/\/kibrisdakik.com\/?s={search_term_string}"},"query-input":{"@type":"PropertyValueSpecification","valueRequired":true,"valueName":"search_term_string"}}],"inLanguage":"tr"},{"@type":"Organization","@id":"https:\/\/kibrisdakik.com\/#organization","name":"K\u0131br\u0131s Dakik","url":"https:\/\/kibrisdakik.com\/","logo":{"@type":"ImageObject","inLanguage":"tr","@id":"https:\/\/kibrisdakik.com\/#\/schema\/logo\/image\/","url":"https:\/\/kibrisdakik.com\/wp-content\/uploads\/2025\/10\/cropped-WhatsApp-Image-2025-10-02-at-12.58.31.jpeg","contentUrl":"https:\/\/kibrisdakik.com\/wp-content\/uploads\/2025\/10\/cropped-WhatsApp-Image-2025-10-02-at-12.58.31.jpeg","width":1237,"height":190,"caption":"K\u0131br\u0131s Dakik"},"image":{"@id":"https:\/\/kibrisdakik.com\/#\/schema\/logo\/image\/"}},{"@type":"Person","@id":"https:\/\/kibrisdakik.com\/#\/schema\/person\/9cd9d437bbb44f72b73ba127e06d8e79","name":"admin","image":{"@type":"ImageObject","inLanguage":"tr","@id":"https:\/\/secure.gravatar.com\/avatar\/ccc17943b9d660506c869530f897617f7cb1c21a4bf30023f252596d83e1f007?s=96&d=mm&r=g","url":"https:\/\/secure.gravatar.com\/avatar\/ccc17943b9d660506c869530f897617f7cb1c21a4bf30023f252596d83e1f007?s=96&d=mm&r=g","contentUrl":"https:\/\/secure.gravatar.com\/avatar\/ccc17943b9d660506c869530f897617f7cb1c21a4bf30023f252596d83e1f007?s=96&d=mm&r=g","caption":"admin"},"sameAs":["https:\/\/kibrisdakik.com"],"url":"https:\/\/kibrisdakik.com\/?author=1"}]}},"_links":{"self":[{"href":"https:\/\/kibrisdakik.com\/index.php?rest_route=\/wp\/v2\/posts\/59256","targetHints":{"allow":["GET"]}}],"collection":[{"href":"https:\/\/kibrisdakik.com\/index.php?rest_route=\/wp\/v2\/posts"}],"about":[{"href":"https:\/\/kibrisdakik.com\/index.php?rest_route=\/wp\/v2\/types\/post"}],"author":[{"embeddable":true,"href":"https:\/\/kibrisdakik.com\/index.php?rest_route=\/wp\/v2\/users\/1"}],"replies":[{"embeddable":true,"href":"https:\/\/kibrisdakik.com\/index.php?rest_route=%2Fwp%2Fv2%2Fcomments&post=59256"}],"version-history":[{"count":0,"href":"https:\/\/kibrisdakik.com\/index.php?rest_route=\/wp\/v2\/posts\/59256\/revisions"}],"wp:featuredmedia":[{"embeddable":true,"href":"https:\/\/kibrisdakik.com\/index.php?rest_route=\/wp\/v2\/media\/59257"}],"wp:attachment":[{"href":"https:\/\/kibrisdakik.com\/index.php?rest_route=%2Fwp%2Fv2%2Fmedia&parent=59256"}],"wp:term":[{"taxonomy":"category","embeddable":true,"href":"https:\/\/kibrisdakik.com\/index.php?rest_route=%2Fwp%2Fv2%2Fcategories&post=59256"},{"taxonomy":"post_tag","embeddable":true,"href":"https:\/\/kibrisdakik.com\/index.php?rest_route=%2Fwp%2Fv2%2Ftags&post=59256"}],"curies":[{"name":"wp","href":"https:\/\/api.w.org\/{rel}","templated":true}]}}