{"id":59276,"date":"2024-09-04T08:58:47","date_gmt":"2024-09-04T05:58:47","guid":{"rendered":"https:\/\/kibrisdakik.com\/index.php\/2024\/09\/04\/mebden-yeni-duzenleme-ogrenciler-artik-okullarda-cep-telefonu-bulunduramayacak\/"},"modified":"2024-09-04T08:58:47","modified_gmt":"2024-09-04T05:58:47","slug":"mebden-yeni-duzenleme-ogrenciler-artik-okullarda-cep-telefonu-bulunduramayacak","status":"publish","type":"post","link":"https:\/\/kibrisdakik.com\/?p=59276","title":{"rendered":"MEB&#8217;den yeni d\u00fczenleme! \u00d6\u011frenciler art\u0131k okullarda cep telefonu bulunduramayacak"},"content":{"rendered":"<p><img decoding=\"async\" src=\"https:\/\/foto.haberler.com\/haber\/2024\/09\/04\/meb-den-yeni-duzenleme-ogrenciler-artik-17784651_3540_amp.jpg\" \/><\/p>\n<div id=\"\">\n<p> <a class=\"keyword\" href=\"https:\/\/www.haberler.com\/milli-egitim-bakanligi\/\" title=\"Milli E\u011fitim Bakanl\u0131\u011f\u0131 Haberleri, Milli E\u011fitim Bakanl\u0131\u011f\u0131 Haberi, Milli E\u011fitim Bakanl\u0131\u011f\u0131 Haber\"><strong>Milli E\u011fitim Bakanl\u0131\u011f\u0131<\/strong><\/a>&#8216;na ba\u011fl\u0131 ilk ve orta\u00f6\u011fretim kurumlar\u0131ndaki yakla\u015f\u0131k 20 milyon \u00f6\u011frenci i\u00e7in ders zili 9 Eyl\u00fcl&#8217;de \u00e7alacak. Okul\u00f6ncesi ve ilkokul 1. s\u0131n\u0131flar ise 2 Eyl\u00fcl&#8217;de uyum program\u0131na ba\u015flad\u0131. Tatilde g\u00fcnlerinin \u00e7o\u011funu tablet ve telefonla ge\u00e7iren \u00f6\u011frenciler, okula d\u00f6n\u00fc\u015fte olduk\u00e7a zorlanacaklar. \u00c7\u00fcnk\u00fc MEB&#8217;in 2023-2024 e\u011fitim \u00f6\u011fretim y\u0131l\u0131nda getirdi\u011fi d\u00fczenlemeyle s\u0131n\u0131f i\u00e7inde cep telefonu ba\u015fta olmak \u00fczere bili\u015fim ara\u00e7lar\u0131 bulundurmak art\u0131k yasak. Asl\u0131nda sadece T\u00fcrkiye&#8217;de de\u011fil pek \u00e7ok \u00fclkede okullarda cep telefonu yasa\u011f\u0131 uygulan\u0131yor.<\/p>\n<h3>UNESCO, RAPOR YAYINLAMI\u015eTI <\/h3>\n<p>UNESCO, &#8220;2023 K\u00fcresel E\u011fitim \u0130zleme&#8221; raporunda, \u00f6\u011frencilerin okullarda ak\u0131ll\u0131 telefon kullanmas\u0131n\u0131n yasaklanmas\u0131 i\u00e7in k\u00fcresel \u00e7a\u011fr\u0131da bulunmu\u015ftu. Raporda, fazla cep telefonu kullan\u0131m\u0131n\u0131n d\u00fc\u015f\u00fck e\u011fitim performans\u0131na, y\u00fcksek ekran s\u00fcresinin de \u00e7ocuklar\u0131n duygusal istikrar\u0131 \u00fczerinde olumsuz etkiye sahip oldu\u011fu a\u00e7\u0131klanm\u0131\u015ft\u0131. \u00dclkelerin yasaklama gerek\u00e7eleri de ayn\u0131. Peki, okulda cep telefonu kullan\u0131m\u0131, \u00e7ocuklar\u0131 ve gen\u00e7leri ger\u00e7ekten bu kadar olumsuz etkiliyor mu?<\/p>\n<h3>\u0130\u015e\u0130N UZMANI \u0130K\u0130 NOKTAYA D\u0130KKAT \u00c7EKT\u0130 <\/h3>\n<p>T\u00fcm d\u00fcnyada izlemeye al\u0131nan konuyla ilgili Milliyet gazetesine a\u00e7\u0131klamalarda bulunan MEF \u00dcniversitesi Psikoloji B\u00f6l\u00fcm\u00fc \u00d6\u011fretim \u00dcyesi, Klinik Psikolog Prof. Dr. Ay\u015fe Bilge Sel\u00e7uk, &#8220;Okulda cep telefonu kullan\u0131lmas\u0131 hem \u00e7ocu\u011fun dikkatini derse odaklayabilmesi hem de arkada\u015f ili\u015fkileri bak\u0131m\u0131ndan mahsurlu. Psikoloji ara\u015ft\u0131rmalar\u0131n\u0131n sonu\u00e7lar\u0131, okulda telefon yasakland\u0131\u011f\u0131 zaman hem akademik hem psikolojik bak\u0131mdan hem dikkati y\u00f6netmek hem de sosyal ili\u015fkiler bak\u0131m\u0131ndan \u00e7ok daha olumlu bir sonu\u00e7 al\u0131nd\u0131\u011f\u0131n\u0131 g\u00f6steriyor. Okullarda telefonun yasaklanmas\u0131 do\u011fru bir karar fakat bu, e\u011fitimde dijital teknolojiden yararlanmayaca\u011f\u0131z anlam\u0131na gelmiyor. Bilakis mutlaka yararlanmak ve dijital okuryazarl\u0131k konusuna e\u011fitim sistemi i\u00e7erisinde kuvvetli bir \u015fekilde yer vermek gerekiyor&#8221; dedi. <\/p>\n<h4 id=\"nwsKeywords\"> <a href=\"https:\/\/www.haberler.com\/milli-egitim-bakanligi\/\" title=\"Milli E\u011fitim Bakanl\u0131\u011f\u0131\" class=\"hbptTag\">Milli E\u011fitim Bakanl\u0131\u011f\u0131<\/a>  <a href=\"https:\/\/www.haberler.com\/milli-egitim-bakani\/\" title=\"Milli E\u011fitim Bakan\u0131\" class=\"hbptTag\">Milli E\u011fitim Bakan\u0131<\/a>  <a href=\"https:\/\/www.haberler.com\/cep-telefonu\/\" title=\"Cep Telefonu\" class=\"hbptTag\">Cep Telefonu<\/a>  <a href=\"https:\/\/www.haberler.com\/cep-telefonu\/\" title=\"Cep Telefonu\" class=\"hbptTag\">Cep Telefonu<\/a> <\/h4>\n<\/div>\n","protected":false},"excerpt":{"rendered":"<p>Milli E\u011fitim Bakanl\u0131\u011f\u0131&#8216;na ba\u011fl\u0131 ilk ve orta\u00f6\u011fretim kurumlar\u0131ndaki yakla\u015f\u0131k 20 milyon \u00f6\u011frenci i\u00e7in ders zili 9 Eyl\u00fcl&#8217;de \u00e7alacak. Okul\u00f6ncesi ve ilkokul 1. s\u0131n\u0131flar ise 2 Eyl\u00fcl&#8217;de uyum program\u0131na ba\u015flad\u0131. Tatilde g\u00fcnlerinin \u00e7o\u011funu tablet ve telefonla ge\u00e7iren \u00f6\u011frenciler, okula d\u00f6n\u00fc\u015fte olduk\u00e7a zorlanacaklar. \u00c7\u00fcnk\u00fc MEB&#8217;in 2023-2024 e\u011fitim \u00f6\u011fretim y\u0131l\u0131nda getirdi\u011fi d\u00fczenlemeyle s\u0131n\u0131f i\u00e7inde cep telefonu ba\u015fta olmak<\/p>\n","protected":false},"author":1,"featured_media":59277,"comment_status":"open","ping_status":"open","sticky":false,"template":"","format":"standard","meta":{"footnotes":""},"categories":[83],"tags":[],"class_list":["post-59276","post","type-post","status-publish","format-standard","has-post-thumbnail","hentry","category-magazin"],"yoast_head":"<!-- This site is optimized with the Yoast SEO plugin v27.4 - https:\/\/yoast.com\/product\/yoast-seo-wordpress\/ -->\n<title>MEB&#039;den yeni d\u00fczenleme! \u00d6\u011frenciler art\u0131k okullarda cep telefonu bulunduramayacak -<\/title>\n<meta name=\"robots\" content=\"index, follow, max-snippet:-1, max-image-preview:large, max-video-preview:-1\" \/>\n<link rel=\"canonical\" href=\"https:\/\/kibrisdakik.com\/?p=59276\" \/>\n<meta property=\"og:locale\" content=\"tr_TR\" \/>\n<meta property=\"og:type\" content=\"article\" \/>\n<meta property=\"og:title\" content=\"MEB&#039;den yeni d\u00fczenleme! \u00d6\u011frenciler art\u0131k okullarda cep telefonu bulunduramayacak -\" \/>\n<meta property=\"og:description\" content=\"Milli E\u011fitim Bakanl\u0131\u011f\u0131&#8216;na ba\u011fl\u0131 ilk ve orta\u00f6\u011fretim kurumlar\u0131ndaki yakla\u015f\u0131k 20 milyon \u00f6\u011frenci i\u00e7in ders zili 9 Eyl\u00fcl&#8217;de \u00e7alacak. Okul\u00f6ncesi ve ilkokul 1. s\u0131n\u0131flar ise 2 Eyl\u00fcl&#8217;de uyum program\u0131na ba\u015flad\u0131. Tatilde g\u00fcnlerinin \u00e7o\u011funu tablet ve telefonla ge\u00e7iren \u00f6\u011frenciler, okula d\u00f6n\u00fc\u015fte olduk\u00e7a zorlanacaklar. \u00c7\u00fcnk\u00fc MEB&#8217;in 2023-2024 e\u011fitim \u00f6\u011fretim y\u0131l\u0131nda getirdi\u011fi d\u00fczenlemeyle s\u0131n\u0131f i\u00e7inde cep telefonu ba\u015fta olmak\" \/>\n<meta property=\"og:url\" content=\"https:\/\/kibrisdakik.com\/?p=59276\" \/>\n<meta property=\"article:published_time\" content=\"2024-09-04T05:58:47+00:00\" \/>\n<meta property=\"og:image\" content=\"https:\/\/kibrisdakik.com\/wp-content\/uploads\/2024\/09\/meb-den-yeni-duzenleme-ogrenciler-artik-17784651_3540_amp.jpg\" \/>\n\t<meta property=\"og:image:width\" content=\"1202\" \/>\n\t<meta property=\"og:image:height\" content=\"675\" \/>\n\t<meta property=\"og:image:type\" content=\"image\/jpeg\" \/>\n<meta name=\"author\" content=\"admin\" \/>\n<meta name=\"twitter:card\" content=\"summary_large_image\" \/>\n<meta name=\"twitter:label1\" content=\"Yazan:\" \/>\n\t<meta name=\"twitter:data1\" content=\"admin\" \/>\n\t<meta name=\"twitter:label2\" content=\"Tahmini okuma s\u00fcresi\" \/>\n\t<meta name=\"twitter:data2\" content=\"2 dakika\" \/>\n<script type=\"application\/ld+json\" class=\"yoast-schema-graph\">{\"@context\":\"https:\\\/\\\/schema.org\",\"@graph\":[{\"@type\":\"Article\",\"@id\":\"https:\\\/\\\/kibrisdakik.com\\\/?p=59276#article\",\"isPartOf\":{\"@id\":\"https:\\\/\\\/kibrisdakik.com\\\/?p=59276\"},\"author\":{\"name\":\"admin\",\"@id\":\"https:\\\/\\\/kibrisdakik.com\\\/#\\\/schema\\\/person\\\/9cd9d437bbb44f72b73ba127e06d8e79\"},\"headline\":\"MEB&#8217;den yeni d\u00fczenleme! \u00d6\u011frenciler art\u0131k okullarda cep telefonu bulunduramayacak\",\"datePublished\":\"2024-09-04T05:58:47+00:00\",\"mainEntityOfPage\":{\"@id\":\"https:\\\/\\\/kibrisdakik.com\\\/?p=59276\"},\"wordCount\":349,\"commentCount\":0,\"image\":{\"@id\":\"https:\\\/\\\/kibrisdakik.com\\\/?p=59276#primaryimage\"},\"thumbnailUrl\":\"https:\\\/\\\/kibrisdakik.com\\\/wp-content\\\/uploads\\\/2024\\\/09\\\/meb-den-yeni-duzenleme-ogrenciler-artik-17784651_3540_amp.jpg\",\"articleSection\":[\"Magazin\"],\"inLanguage\":\"tr\",\"potentialAction\":[{\"@type\":\"CommentAction\",\"name\":\"Comment\",\"target\":[\"https:\\\/\\\/kibrisdakik.com\\\/?p=59276#respond\"]}]},{\"@type\":\"WebPage\",\"@id\":\"https:\\\/\\\/kibrisdakik.com\\\/?p=59276\",\"url\":\"https:\\\/\\\/kibrisdakik.com\\\/?p=59276\",\"name\":\"MEB'den yeni d\u00fczenleme! \u00d6\u011frenciler art\u0131k okullarda cep telefonu bulunduramayacak -\",\"isPartOf\":{\"@id\":\"https:\\\/\\\/kibrisdakik.com\\\/#website\"},\"primaryImageOfPage\":{\"@id\":\"https:\\\/\\\/kibrisdakik.com\\\/?p=59276#primaryimage\"},\"image\":{\"@id\":\"https:\\\/\\\/kibrisdakik.com\\\/?p=59276#primaryimage\"},\"thumbnailUrl\":\"https:\\\/\\\/kibrisdakik.com\\\/wp-content\\\/uploads\\\/2024\\\/09\\\/meb-den-yeni-duzenleme-ogrenciler-artik-17784651_3540_amp.jpg\",\"datePublished\":\"2024-09-04T05:58:47+00:00\",\"author\":{\"@id\":\"https:\\\/\\\/kibrisdakik.com\\\/#\\\/schema\\\/person\\\/9cd9d437bbb44f72b73ba127e06d8e79\"},\"breadcrumb\":{\"@id\":\"https:\\\/\\\/kibrisdakik.com\\\/?p=59276#breadcrumb\"},\"inLanguage\":\"tr\",\"potentialAction\":[{\"@type\":\"ReadAction\",\"target\":[\"https:\\\/\\\/kibrisdakik.com\\\/?p=59276\"]}]},{\"@type\":\"ImageObject\",\"inLanguage\":\"tr\",\"@id\":\"https:\\\/\\\/kibrisdakik.com\\\/?p=59276#primaryimage\",\"url\":\"https:\\\/\\\/kibrisdakik.com\\\/wp-content\\\/uploads\\\/2024\\\/09\\\/meb-den-yeni-duzenleme-ogrenciler-artik-17784651_3540_amp.jpg\",\"contentUrl\":\"https:\\\/\\\/kibrisdakik.com\\\/wp-content\\\/uploads\\\/2024\\\/09\\\/meb-den-yeni-duzenleme-ogrenciler-artik-17784651_3540_amp.jpg\",\"width\":1202,\"height\":675},{\"@type\":\"BreadcrumbList\",\"@id\":\"https:\\\/\\\/kibrisdakik.com\\\/?p=59276#breadcrumb\",\"itemListElement\":[{\"@type\":\"ListItem\",\"position\":1,\"name\":\"Home\",\"item\":\"https:\\\/\\\/kibrisdakik.com\\\/\"},{\"@type\":\"ListItem\",\"position\":2,\"name\":\"MEB&#8217;den yeni d\u00fczenleme! \u00d6\u011frenciler art\u0131k okullarda cep telefonu bulunduramayacak\"}]},{\"@type\":\"WebSite\",\"@id\":\"https:\\\/\\\/kibrisdakik.com\\\/#website\",\"url\":\"https:\\\/\\\/kibrisdakik.com\\\/\",\"name\":\"\",\"description\":\"Tam vaktinde haber\",\"potentialAction\":[{\"@type\":\"SearchAction\",\"target\":{\"@type\":\"EntryPoint\",\"urlTemplate\":\"https:\\\/\\\/kibrisdakik.com\\\/?s={search_term_string}\"},\"query-input\":{\"@type\":\"PropertyValueSpecification\",\"valueRequired\":true,\"valueName\":\"search_term_string\"}}],\"inLanguage\":\"tr\"},{\"@type\":\"Person\",\"@id\":\"https:\\\/\\\/kibrisdakik.com\\\/#\\\/schema\\\/person\\\/9cd9d437bbb44f72b73ba127e06d8e79\",\"name\":\"admin\",\"image\":{\"@type\":\"ImageObject\",\"inLanguage\":\"tr\",\"@id\":\"https:\\\/\\\/secure.gravatar.com\\\/avatar\\\/ccc17943b9d660506c869530f897617f7cb1c21a4bf30023f252596d83e1f007?s=96&d=mm&r=g\",\"url\":\"https:\\\/\\\/secure.gravatar.com\\\/avatar\\\/ccc17943b9d660506c869530f897617f7cb1c21a4bf30023f252596d83e1f007?s=96&d=mm&r=g\",\"contentUrl\":\"https:\\\/\\\/secure.gravatar.com\\\/avatar\\\/ccc17943b9d660506c869530f897617f7cb1c21a4bf30023f252596d83e1f007?s=96&d=mm&r=g\",\"caption\":\"admin\"},\"sameAs\":[\"https:\\\/\\\/kibrisdakik.com\"],\"url\":\"https:\\\/\\\/kibrisdakik.com\\\/?author=1\"}]}<\/script>\n<!-- \/ Yoast SEO plugin. -->","yoast_head_json":{"title":"MEB'den yeni d\u00fczenleme! \u00d6\u011frenciler art\u0131k okullarda cep telefonu bulunduramayacak -","robots":{"index":"index","follow":"follow","max-snippet":"max-snippet:-1","max-image-preview":"max-image-preview:large","max-video-preview":"max-video-preview:-1"},"canonical":"https:\/\/kibrisdakik.com\/?p=59276","og_locale":"tr_TR","og_type":"article","og_title":"MEB'den yeni d\u00fczenleme! \u00d6\u011frenciler art\u0131k okullarda cep telefonu bulunduramayacak -","og_description":"Milli E\u011fitim Bakanl\u0131\u011f\u0131&#8216;na ba\u011fl\u0131 ilk ve orta\u00f6\u011fretim kurumlar\u0131ndaki yakla\u015f\u0131k 20 milyon \u00f6\u011frenci i\u00e7in ders zili 9 Eyl\u00fcl&#8217;de \u00e7alacak. Okul\u00f6ncesi ve ilkokul 1. s\u0131n\u0131flar ise 2 Eyl\u00fcl&#8217;de uyum program\u0131na ba\u015flad\u0131. Tatilde g\u00fcnlerinin \u00e7o\u011funu tablet ve telefonla ge\u00e7iren \u00f6\u011frenciler, okula d\u00f6n\u00fc\u015fte olduk\u00e7a zorlanacaklar. \u00c7\u00fcnk\u00fc MEB&#8217;in 2023-2024 e\u011fitim \u00f6\u011fretim y\u0131l\u0131nda getirdi\u011fi d\u00fczenlemeyle s\u0131n\u0131f i\u00e7inde cep telefonu ba\u015fta olmak","og_url":"https:\/\/kibrisdakik.com\/?p=59276","article_published_time":"2024-09-04T05:58:47+00:00","og_image":[{"width":1202,"height":675,"url":"https:\/\/kibrisdakik.com\/wp-content\/uploads\/2024\/09\/meb-den-yeni-duzenleme-ogrenciler-artik-17784651_3540_amp.jpg","type":"image\/jpeg"}],"author":"admin","twitter_card":"summary_large_image","twitter_misc":{"Yazan:":"admin","Tahmini okuma s\u00fcresi":"2 dakika"},"schema":{"@context":"https:\/\/schema.org","@graph":[{"@type":"Article","@id":"https:\/\/kibrisdakik.com\/?p=59276#article","isPartOf":{"@id":"https:\/\/kibrisdakik.com\/?p=59276"},"author":{"name":"admin","@id":"https:\/\/kibrisdakik.com\/#\/schema\/person\/9cd9d437bbb44f72b73ba127e06d8e79"},"headline":"MEB&#8217;den yeni d\u00fczenleme! \u00d6\u011frenciler art\u0131k okullarda cep telefonu bulunduramayacak","datePublished":"2024-09-04T05:58:47+00:00","mainEntityOfPage":{"@id":"https:\/\/kibrisdakik.com\/?p=59276"},"wordCount":349,"commentCount":0,"image":{"@id":"https:\/\/kibrisdakik.com\/?p=59276#primaryimage"},"thumbnailUrl":"https:\/\/kibrisdakik.com\/wp-content\/uploads\/2024\/09\/meb-den-yeni-duzenleme-ogrenciler-artik-17784651_3540_amp.jpg","articleSection":["Magazin"],"inLanguage":"tr","potentialAction":[{"@type":"CommentAction","name":"Comment","target":["https:\/\/kibrisdakik.com\/?p=59276#respond"]}]},{"@type":"WebPage","@id":"https:\/\/kibrisdakik.com\/?p=59276","url":"https:\/\/kibrisdakik.com\/?p=59276","name":"MEB'den yeni d\u00fczenleme! \u00d6\u011frenciler art\u0131k okullarda cep telefonu bulunduramayacak -","isPartOf":{"@id":"https:\/\/kibrisdakik.com\/#website"},"primaryImageOfPage":{"@id":"https:\/\/kibrisdakik.com\/?p=59276#primaryimage"},"image":{"@id":"https:\/\/kibrisdakik.com\/?p=59276#primaryimage"},"thumbnailUrl":"https:\/\/kibrisdakik.com\/wp-content\/uploads\/2024\/09\/meb-den-yeni-duzenleme-ogrenciler-artik-17784651_3540_amp.jpg","datePublished":"2024-09-04T05:58:47+00:00","author":{"@id":"https:\/\/kibrisdakik.com\/#\/schema\/person\/9cd9d437bbb44f72b73ba127e06d8e79"},"breadcrumb":{"@id":"https:\/\/kibrisdakik.com\/?p=59276#breadcrumb"},"inLanguage":"tr","potentialAction":[{"@type":"ReadAction","target":["https:\/\/kibrisdakik.com\/?p=59276"]}]},{"@type":"ImageObject","inLanguage":"tr","@id":"https:\/\/kibrisdakik.com\/?p=59276#primaryimage","url":"https:\/\/kibrisdakik.com\/wp-content\/uploads\/2024\/09\/meb-den-yeni-duzenleme-ogrenciler-artik-17784651_3540_amp.jpg","contentUrl":"https:\/\/kibrisdakik.com\/wp-content\/uploads\/2024\/09\/meb-den-yeni-duzenleme-ogrenciler-artik-17784651_3540_amp.jpg","width":1202,"height":675},{"@type":"BreadcrumbList","@id":"https:\/\/kibrisdakik.com\/?p=59276#breadcrumb","itemListElement":[{"@type":"ListItem","position":1,"name":"Home","item":"https:\/\/kibrisdakik.com\/"},{"@type":"ListItem","position":2,"name":"MEB&#8217;den yeni d\u00fczenleme! \u00d6\u011frenciler art\u0131k okullarda cep telefonu bulunduramayacak"}]},{"@type":"WebSite","@id":"https:\/\/kibrisdakik.com\/#website","url":"https:\/\/kibrisdakik.com\/","name":"","description":"Tam vaktinde haber","potentialAction":[{"@type":"SearchAction","target":{"@type":"EntryPoint","urlTemplate":"https:\/\/kibrisdakik.com\/?s={search_term_string}"},"query-input":{"@type":"PropertyValueSpecification","valueRequired":true,"valueName":"search_term_string"}}],"inLanguage":"tr"},{"@type":"Person","@id":"https:\/\/kibrisdakik.com\/#\/schema\/person\/9cd9d437bbb44f72b73ba127e06d8e79","name":"admin","image":{"@type":"ImageObject","inLanguage":"tr","@id":"https:\/\/secure.gravatar.com\/avatar\/ccc17943b9d660506c869530f897617f7cb1c21a4bf30023f252596d83e1f007?s=96&d=mm&r=g","url":"https:\/\/secure.gravatar.com\/avatar\/ccc17943b9d660506c869530f897617f7cb1c21a4bf30023f252596d83e1f007?s=96&d=mm&r=g","contentUrl":"https:\/\/secure.gravatar.com\/avatar\/ccc17943b9d660506c869530f897617f7cb1c21a4bf30023f252596d83e1f007?s=96&d=mm&r=g","caption":"admin"},"sameAs":["https:\/\/kibrisdakik.com"],"url":"https:\/\/kibrisdakik.com\/?author=1"}]}},"_links":{"self":[{"href":"https:\/\/kibrisdakik.com\/index.php?rest_route=\/wp\/v2\/posts\/59276","targetHints":{"allow":["GET"]}}],"collection":[{"href":"https:\/\/kibrisdakik.com\/index.php?rest_route=\/wp\/v2\/posts"}],"about":[{"href":"https:\/\/kibrisdakik.com\/index.php?rest_route=\/wp\/v2\/types\/post"}],"author":[{"embeddable":true,"href":"https:\/\/kibrisdakik.com\/index.php?rest_route=\/wp\/v2\/users\/1"}],"replies":[{"embeddable":true,"href":"https:\/\/kibrisdakik.com\/index.php?rest_route=%2Fwp%2Fv2%2Fcomments&post=59276"}],"version-history":[{"count":0,"href":"https:\/\/kibrisdakik.com\/index.php?rest_route=\/wp\/v2\/posts\/59276\/revisions"}],"wp:featuredmedia":[{"embeddable":true,"href":"https:\/\/kibrisdakik.com\/index.php?rest_route=\/wp\/v2\/media\/59277"}],"wp:attachment":[{"href":"https:\/\/kibrisdakik.com\/index.php?rest_route=%2Fwp%2Fv2%2Fmedia&parent=59276"}],"wp:term":[{"taxonomy":"category","embeddable":true,"href":"https:\/\/kibrisdakik.com\/index.php?rest_route=%2Fwp%2Fv2%2Fcategories&post=59276"},{"taxonomy":"post_tag","embeddable":true,"href":"https:\/\/kibrisdakik.com\/index.php?rest_route=%2Fwp%2Fv2%2Ftags&post=59276"}],"curies":[{"name":"wp","href":"https:\/\/api.w.org\/{rel}","templated":true}]}}