{"id":59302,"date":"2024-09-04T10:19:51","date_gmt":"2024-09-04T07:19:51","guid":{"rendered":"https:\/\/kibrisdakik.com\/index.php\/2024\/09\/04\/meteorolojiden-deprem-aciklamasi\/"},"modified":"2024-09-04T10:19:51","modified_gmt":"2024-09-04T07:19:51","slug":"meteorolojiden-deprem-aciklamasi","status":"publish","type":"post","link":"https:\/\/kibrisdakik.com\/?p=59302","title":{"rendered":"Meteoroloji\u2019den deprem a\u00e7\u0131klamas\u0131\u2026"},"content":{"rendered":"<div>\n<div class=\"mariselle-image-container center\">\n                                            <\/div>\n<p>Meteoroloji Dairesi, d\u00fcn ak\u015fam meydana gelen depremin Baf a\u00e7\u0131klar\u0131nda yakla\u015f\u0131k 3.5 km derinlikte oldu\u011funu a\u00e7\u0131klad\u0131. <\/p>\n<p>Meteoroloji Dairesi M\u00fcd\u00fcrl\u00fc\u011f\u00fc\u2019nden yap\u0131lan a\u00e7\u0131klamada, saat 00:29 lokalde, Lefke Deprem \u0130stasyonu\u2019ndan yakla\u015f\u0131k 82km uzakl\u0131kta, Orta \u015eiddette ve aletsel b\u00fcy\u00fckl\u00fc\u011f\u00fc Richter \u00d6l\u00e7e\u011fine g\u00f6re 4.9 olan bir deprem kaydedildi\u011fi belirtildi.<\/p>\n<p>Yap\u0131lan ilk de\u011ferlendirme sonucunda depremin merkez \u00fcss\u00fcn\u00fcn 34.56 Kuzey ve 32.23 Do\u011fu Koordinatlar\u0131nda, yakla\u015f\u0131k 3.5km derinli\u011finde Baf a\u00e7\u0131klar\u0131nda oldu\u011fu saptand\u0131.<\/p>\n<\/p><\/div>\n<p><script async\n                    defer\n                    crossorigin=\"anonymous\"\n                    src=\"https:\/\/connect.facebook.net\/tr_TR\/sdk.js#xfbml=1&#038;version=v3.3\"\n            ><\/script><\/p>\n","protected":false},"excerpt":{"rendered":"<p>Meteoroloji Dairesi, d\u00fcn ak\u015fam meydana gelen depremin Baf a\u00e7\u0131klar\u0131nda yakla\u015f\u0131k 3.5 km derinlikte oldu\u011funu a\u00e7\u0131klad\u0131. Meteoroloji Dairesi M\u00fcd\u00fcrl\u00fc\u011f\u00fc\u2019nden yap\u0131lan a\u00e7\u0131klamada, saat 00:29 lokalde, Lefke Deprem \u0130stasyonu\u2019ndan yakla\u015f\u0131k 82km uzakl\u0131kta, Orta \u015eiddette ve aletsel b\u00fcy\u00fckl\u00fc\u011f\u00fc Richter \u00d6l\u00e7e\u011fine g\u00f6re 4.9 olan bir deprem kaydedildi\u011fi belirtildi. Yap\u0131lan ilk de\u011ferlendirme sonucunda depremin merkez \u00fcss\u00fcn\u00fcn 34.56 Kuzey ve 32.23 Do\u011fu<\/p>\n","protected":false},"author":1,"featured_media":59303,"comment_status":"open","ping_status":"open","sticky":false,"template":"","format":"standard","meta":{"footnotes":""},"categories":[81],"tags":[],"class_list":["post-59302","post","type-post","status-publish","format-standard","has-post-thumbnail","hentry","category-kibris"],"yoast_head":"<!-- This site is optimized with the Yoast SEO plugin v27.4 - https:\/\/yoast.com\/product\/yoast-seo-wordpress\/ -->\n<title>Meteoroloji\u2019den deprem a\u00e7\u0131klamas\u0131\u2026 -<\/title>\n<meta name=\"robots\" content=\"index, follow, max-snippet:-1, max-image-preview:large, max-video-preview:-1\" \/>\n<link rel=\"canonical\" href=\"https:\/\/kibrisdakik.com\/?p=59302\" \/>\n<meta property=\"og:locale\" content=\"tr_TR\" \/>\n<meta property=\"og:type\" content=\"article\" \/>\n<meta property=\"og:title\" content=\"Meteoroloji\u2019den deprem a\u00e7\u0131klamas\u0131\u2026 -\" \/>\n<meta property=\"og:description\" content=\"Meteoroloji Dairesi, d\u00fcn ak\u015fam meydana gelen depremin Baf a\u00e7\u0131klar\u0131nda yakla\u015f\u0131k 3.5 km derinlikte oldu\u011funu a\u00e7\u0131klad\u0131. Meteoroloji Dairesi M\u00fcd\u00fcrl\u00fc\u011f\u00fc\u2019nden yap\u0131lan a\u00e7\u0131klamada, saat 00:29 lokalde, Lefke Deprem \u0130stasyonu\u2019ndan yakla\u015f\u0131k 82km uzakl\u0131kta, Orta \u015eiddette ve aletsel b\u00fcy\u00fckl\u00fc\u011f\u00fc Richter \u00d6l\u00e7e\u011fine g\u00f6re 4.9 olan bir deprem kaydedildi\u011fi belirtildi. Yap\u0131lan ilk de\u011ferlendirme sonucunda depremin merkez \u00fcss\u00fcn\u00fcn 34.56 Kuzey ve 32.23 Do\u011fu\" \/>\n<meta property=\"og:url\" content=\"https:\/\/kibrisdakik.com\/?p=59302\" \/>\n<meta property=\"article:published_time\" content=\"2024-09-04T07:19:51+00:00\" \/>\n<meta property=\"og:image\" content=\"https:\/\/kibrisdakik.com\/wp-content\/uploads\/2024\/09\/Meteoroloji-Dairesi-740x363.jpg\" \/>\n\t<meta property=\"og:image:width\" content=\"800\" \/>\n\t<meta property=\"og:image:height\" content=\"363\" \/>\n\t<meta property=\"og:image:type\" content=\"image\/jpeg\" \/>\n<meta name=\"author\" content=\"admin\" \/>\n<meta name=\"twitter:card\" content=\"summary_large_image\" \/>\n<meta name=\"twitter:label1\" content=\"Yazan:\" \/>\n\t<meta name=\"twitter:data1\" content=\"admin\" \/>\n<script type=\"application\/ld+json\" class=\"yoast-schema-graph\">{\"@context\":\"https:\\\/\\\/schema.org\",\"@graph\":[{\"@type\":\"Article\",\"@id\":\"https:\\\/\\\/kibrisdakik.com\\\/?p=59302#article\",\"isPartOf\":{\"@id\":\"https:\\\/\\\/kibrisdakik.com\\\/?p=59302\"},\"author\":{\"name\":\"admin\",\"@id\":\"https:\\\/\\\/kibrisdakik.com\\\/#\\\/schema\\\/person\\\/9cd9d437bbb44f72b73ba127e06d8e79\"},\"headline\":\"Meteoroloji\u2019den deprem a\u00e7\u0131klamas\u0131\u2026\",\"datePublished\":\"2024-09-04T07:19:51+00:00\",\"mainEntityOfPage\":{\"@id\":\"https:\\\/\\\/kibrisdakik.com\\\/?p=59302\"},\"wordCount\":95,\"commentCount\":0,\"image\":{\"@id\":\"https:\\\/\\\/kibrisdakik.com\\\/?p=59302#primaryimage\"},\"thumbnailUrl\":\"https:\\\/\\\/kibrisdakik.com\\\/wp-content\\\/uploads\\\/2024\\\/09\\\/Meteoroloji-Dairesi-740x363.jpg\",\"articleSection\":[\"K\u0131br\u0131s\"],\"inLanguage\":\"tr\",\"potentialAction\":[{\"@type\":\"CommentAction\",\"name\":\"Comment\",\"target\":[\"https:\\\/\\\/kibrisdakik.com\\\/?p=59302#respond\"]}]},{\"@type\":\"WebPage\",\"@id\":\"https:\\\/\\\/kibrisdakik.com\\\/?p=59302\",\"url\":\"https:\\\/\\\/kibrisdakik.com\\\/?p=59302\",\"name\":\"Meteoroloji\u2019den deprem a\u00e7\u0131klamas\u0131\u2026 -\",\"isPartOf\":{\"@id\":\"https:\\\/\\\/kibrisdakik.com\\\/#website\"},\"primaryImageOfPage\":{\"@id\":\"https:\\\/\\\/kibrisdakik.com\\\/?p=59302#primaryimage\"},\"image\":{\"@id\":\"https:\\\/\\\/kibrisdakik.com\\\/?p=59302#primaryimage\"},\"thumbnailUrl\":\"https:\\\/\\\/kibrisdakik.com\\\/wp-content\\\/uploads\\\/2024\\\/09\\\/Meteoroloji-Dairesi-740x363.jpg\",\"datePublished\":\"2024-09-04T07:19:51+00:00\",\"author\":{\"@id\":\"https:\\\/\\\/kibrisdakik.com\\\/#\\\/schema\\\/person\\\/9cd9d437bbb44f72b73ba127e06d8e79\"},\"breadcrumb\":{\"@id\":\"https:\\\/\\\/kibrisdakik.com\\\/?p=59302#breadcrumb\"},\"inLanguage\":\"tr\",\"potentialAction\":[{\"@type\":\"ReadAction\",\"target\":[\"https:\\\/\\\/kibrisdakik.com\\\/?p=59302\"]}]},{\"@type\":\"ImageObject\",\"inLanguage\":\"tr\",\"@id\":\"https:\\\/\\\/kibrisdakik.com\\\/?p=59302#primaryimage\",\"url\":\"https:\\\/\\\/kibrisdakik.com\\\/wp-content\\\/uploads\\\/2024\\\/09\\\/Meteoroloji-Dairesi-740x363.jpg\",\"contentUrl\":\"https:\\\/\\\/kibrisdakik.com\\\/wp-content\\\/uploads\\\/2024\\\/09\\\/Meteoroloji-Dairesi-740x363.jpg\",\"width\":800,\"height\":363},{\"@type\":\"BreadcrumbList\",\"@id\":\"https:\\\/\\\/kibrisdakik.com\\\/?p=59302#breadcrumb\",\"itemListElement\":[{\"@type\":\"ListItem\",\"position\":1,\"name\":\"Home\",\"item\":\"https:\\\/\\\/kibrisdakik.com\\\/\"},{\"@type\":\"ListItem\",\"position\":2,\"name\":\"Meteoroloji\u2019den deprem a\u00e7\u0131klamas\u0131\u2026\"}]},{\"@type\":\"WebSite\",\"@id\":\"https:\\\/\\\/kibrisdakik.com\\\/#website\",\"url\":\"https:\\\/\\\/kibrisdakik.com\\\/\",\"name\":\"\",\"description\":\"Tam vaktinde haber\",\"potentialAction\":[{\"@type\":\"SearchAction\",\"target\":{\"@type\":\"EntryPoint\",\"urlTemplate\":\"https:\\\/\\\/kibrisdakik.com\\\/?s={search_term_string}\"},\"query-input\":{\"@type\":\"PropertyValueSpecification\",\"valueRequired\":true,\"valueName\":\"search_term_string\"}}],\"inLanguage\":\"tr\"},{\"@type\":\"Person\",\"@id\":\"https:\\\/\\\/kibrisdakik.com\\\/#\\\/schema\\\/person\\\/9cd9d437bbb44f72b73ba127e06d8e79\",\"name\":\"admin\",\"image\":{\"@type\":\"ImageObject\",\"inLanguage\":\"tr\",\"@id\":\"https:\\\/\\\/secure.gravatar.com\\\/avatar\\\/ccc17943b9d660506c869530f897617f7cb1c21a4bf30023f252596d83e1f007?s=96&d=mm&r=g\",\"url\":\"https:\\\/\\\/secure.gravatar.com\\\/avatar\\\/ccc17943b9d660506c869530f897617f7cb1c21a4bf30023f252596d83e1f007?s=96&d=mm&r=g\",\"contentUrl\":\"https:\\\/\\\/secure.gravatar.com\\\/avatar\\\/ccc17943b9d660506c869530f897617f7cb1c21a4bf30023f252596d83e1f007?s=96&d=mm&r=g\",\"caption\":\"admin\"},\"sameAs\":[\"https:\\\/\\\/kibrisdakik.com\"],\"url\":\"https:\\\/\\\/kibrisdakik.com\\\/?author=1\"}]}<\/script>\n<!-- \/ Yoast SEO plugin. -->","yoast_head_json":{"title":"Meteoroloji\u2019den deprem a\u00e7\u0131klamas\u0131\u2026 -","robots":{"index":"index","follow":"follow","max-snippet":"max-snippet:-1","max-image-preview":"max-image-preview:large","max-video-preview":"max-video-preview:-1"},"canonical":"https:\/\/kibrisdakik.com\/?p=59302","og_locale":"tr_TR","og_type":"article","og_title":"Meteoroloji\u2019den deprem a\u00e7\u0131klamas\u0131\u2026 -","og_description":"Meteoroloji Dairesi, d\u00fcn ak\u015fam meydana gelen depremin Baf a\u00e7\u0131klar\u0131nda yakla\u015f\u0131k 3.5 km derinlikte oldu\u011funu a\u00e7\u0131klad\u0131. Meteoroloji Dairesi M\u00fcd\u00fcrl\u00fc\u011f\u00fc\u2019nden yap\u0131lan a\u00e7\u0131klamada, saat 00:29 lokalde, Lefke Deprem \u0130stasyonu\u2019ndan yakla\u015f\u0131k 82km uzakl\u0131kta, Orta \u015eiddette ve aletsel b\u00fcy\u00fckl\u00fc\u011f\u00fc Richter \u00d6l\u00e7e\u011fine g\u00f6re 4.9 olan bir deprem kaydedildi\u011fi belirtildi. Yap\u0131lan ilk de\u011ferlendirme sonucunda depremin merkez \u00fcss\u00fcn\u00fcn 34.56 Kuzey ve 32.23 Do\u011fu","og_url":"https:\/\/kibrisdakik.com\/?p=59302","article_published_time":"2024-09-04T07:19:51+00:00","og_image":[{"width":800,"height":363,"url":"https:\/\/kibrisdakik.com\/wp-content\/uploads\/2024\/09\/Meteoroloji-Dairesi-740x363.jpg","type":"image\/jpeg"}],"author":"admin","twitter_card":"summary_large_image","twitter_misc":{"Yazan:":"admin"},"schema":{"@context":"https:\/\/schema.org","@graph":[{"@type":"Article","@id":"https:\/\/kibrisdakik.com\/?p=59302#article","isPartOf":{"@id":"https:\/\/kibrisdakik.com\/?p=59302"},"author":{"name":"admin","@id":"https:\/\/kibrisdakik.com\/#\/schema\/person\/9cd9d437bbb44f72b73ba127e06d8e79"},"headline":"Meteoroloji\u2019den deprem a\u00e7\u0131klamas\u0131\u2026","datePublished":"2024-09-04T07:19:51+00:00","mainEntityOfPage":{"@id":"https:\/\/kibrisdakik.com\/?p=59302"},"wordCount":95,"commentCount":0,"image":{"@id":"https:\/\/kibrisdakik.com\/?p=59302#primaryimage"},"thumbnailUrl":"https:\/\/kibrisdakik.com\/wp-content\/uploads\/2024\/09\/Meteoroloji-Dairesi-740x363.jpg","articleSection":["K\u0131br\u0131s"],"inLanguage":"tr","potentialAction":[{"@type":"CommentAction","name":"Comment","target":["https:\/\/kibrisdakik.com\/?p=59302#respond"]}]},{"@type":"WebPage","@id":"https:\/\/kibrisdakik.com\/?p=59302","url":"https:\/\/kibrisdakik.com\/?p=59302","name":"Meteoroloji\u2019den deprem a\u00e7\u0131klamas\u0131\u2026 -","isPartOf":{"@id":"https:\/\/kibrisdakik.com\/#website"},"primaryImageOfPage":{"@id":"https:\/\/kibrisdakik.com\/?p=59302#primaryimage"},"image":{"@id":"https:\/\/kibrisdakik.com\/?p=59302#primaryimage"},"thumbnailUrl":"https:\/\/kibrisdakik.com\/wp-content\/uploads\/2024\/09\/Meteoroloji-Dairesi-740x363.jpg","datePublished":"2024-09-04T07:19:51+00:00","author":{"@id":"https:\/\/kibrisdakik.com\/#\/schema\/person\/9cd9d437bbb44f72b73ba127e06d8e79"},"breadcrumb":{"@id":"https:\/\/kibrisdakik.com\/?p=59302#breadcrumb"},"inLanguage":"tr","potentialAction":[{"@type":"ReadAction","target":["https:\/\/kibrisdakik.com\/?p=59302"]}]},{"@type":"ImageObject","inLanguage":"tr","@id":"https:\/\/kibrisdakik.com\/?p=59302#primaryimage","url":"https:\/\/kibrisdakik.com\/wp-content\/uploads\/2024\/09\/Meteoroloji-Dairesi-740x363.jpg","contentUrl":"https:\/\/kibrisdakik.com\/wp-content\/uploads\/2024\/09\/Meteoroloji-Dairesi-740x363.jpg","width":800,"height":363},{"@type":"BreadcrumbList","@id":"https:\/\/kibrisdakik.com\/?p=59302#breadcrumb","itemListElement":[{"@type":"ListItem","position":1,"name":"Home","item":"https:\/\/kibrisdakik.com\/"},{"@type":"ListItem","position":2,"name":"Meteoroloji\u2019den deprem a\u00e7\u0131klamas\u0131\u2026"}]},{"@type":"WebSite","@id":"https:\/\/kibrisdakik.com\/#website","url":"https:\/\/kibrisdakik.com\/","name":"","description":"Tam vaktinde haber","potentialAction":[{"@type":"SearchAction","target":{"@type":"EntryPoint","urlTemplate":"https:\/\/kibrisdakik.com\/?s={search_term_string}"},"query-input":{"@type":"PropertyValueSpecification","valueRequired":true,"valueName":"search_term_string"}}],"inLanguage":"tr"},{"@type":"Person","@id":"https:\/\/kibrisdakik.com\/#\/schema\/person\/9cd9d437bbb44f72b73ba127e06d8e79","name":"admin","image":{"@type":"ImageObject","inLanguage":"tr","@id":"https:\/\/secure.gravatar.com\/avatar\/ccc17943b9d660506c869530f897617f7cb1c21a4bf30023f252596d83e1f007?s=96&d=mm&r=g","url":"https:\/\/secure.gravatar.com\/avatar\/ccc17943b9d660506c869530f897617f7cb1c21a4bf30023f252596d83e1f007?s=96&d=mm&r=g","contentUrl":"https:\/\/secure.gravatar.com\/avatar\/ccc17943b9d660506c869530f897617f7cb1c21a4bf30023f252596d83e1f007?s=96&d=mm&r=g","caption":"admin"},"sameAs":["https:\/\/kibrisdakik.com"],"url":"https:\/\/kibrisdakik.com\/?author=1"}]}},"_links":{"self":[{"href":"https:\/\/kibrisdakik.com\/index.php?rest_route=\/wp\/v2\/posts\/59302","targetHints":{"allow":["GET"]}}],"collection":[{"href":"https:\/\/kibrisdakik.com\/index.php?rest_route=\/wp\/v2\/posts"}],"about":[{"href":"https:\/\/kibrisdakik.com\/index.php?rest_route=\/wp\/v2\/types\/post"}],"author":[{"embeddable":true,"href":"https:\/\/kibrisdakik.com\/index.php?rest_route=\/wp\/v2\/users\/1"}],"replies":[{"embeddable":true,"href":"https:\/\/kibrisdakik.com\/index.php?rest_route=%2Fwp%2Fv2%2Fcomments&post=59302"}],"version-history":[{"count":0,"href":"https:\/\/kibrisdakik.com\/index.php?rest_route=\/wp\/v2\/posts\/59302\/revisions"}],"wp:featuredmedia":[{"embeddable":true,"href":"https:\/\/kibrisdakik.com\/index.php?rest_route=\/wp\/v2\/media\/59303"}],"wp:attachment":[{"href":"https:\/\/kibrisdakik.com\/index.php?rest_route=%2Fwp%2Fv2%2Fmedia&parent=59302"}],"wp:term":[{"taxonomy":"category","embeddable":true,"href":"https:\/\/kibrisdakik.com\/index.php?rest_route=%2Fwp%2Fv2%2Fcategories&post=59302"},{"taxonomy":"post_tag","embeddable":true,"href":"https:\/\/kibrisdakik.com\/index.php?rest_route=%2Fwp%2Fv2%2Ftags&post=59302"}],"curies":[{"name":"wp","href":"https:\/\/api.w.org\/{rel}","templated":true}]}}