{"id":59306,"date":"2024-09-04T10:24:40","date_gmt":"2024-09-04T07:24:40","guid":{"rendered":"https:\/\/kibrisdakik.com\/index.php\/2024\/09\/04\/serim-yararli-bir-gorusme-gerceklestirdik\/"},"modified":"2024-09-04T10:24:40","modified_gmt":"2024-09-04T07:24:40","slug":"serim-yararli-bir-gorusme-gerceklestirdik","status":"publish","type":"post","link":"https:\/\/kibrisdakik.com\/?p=59306","title":{"rendered":"Serim: Yararl\u0131 bir g\u00f6r\u00fc\u015fme ger\u00e7ekle\u015ftirdik"},"content":{"rendered":"<div>\n<div class=\"mariselle-image-container center\">\n                                            <\/div>\n<p>T\u00fcrkiye\u2019nin Lefko\u015fa B\u00fcy\u00fckel\u00e7isi Yasin Ekrem Serim, \u00fclkede \u00f6nde gelen sivil toplum \u00f6rg\u00fctlerinin temsilcileriyle bir araya geldi. Yapt\u0131\u011f\u0131 payla\u015f\u0131mda, sivil toplum \u00f6rg\u00fctlerinin temsilcilerinden, in\u015faat ve emlak sekt\u00f6r\u00fcnde son d\u00f6nemde ya\u015fanan \u00f6nemli geli\u015fmelerle ilgili bilgi ald\u0131klar\u0131n\u0131 ve g\u00f6r\u00fc\u015f al\u0131\u015fveri\u015finde bulunduklar\u0131n\u0131 belirtti.<\/p>\n<p>Serim\u2019in payla\u015f\u0131m\u0131 \u015f\u00f6yle:<\/p>\n<p>\u201cKuzey K\u0131br\u0131s T\u00fcrk Cumhuriyeti\u2019nin \u00f6nde gelen sivil toplum kurulu\u015flar\u0131n\u0131n temsilcileriyle yararl\u0131 bir g\u00f6r\u00fc\u015fme ger\u00e7ekle\u015ftirdik. \u0130n\u015faat ve emlak sekt\u00f6rlerinde son d\u00f6nemde ya\u015fanan geli\u015fmeler hakk\u0131nda bilgi ald\u0131k, g\u00f6r\u00fc\u015f al\u0131\u015fveri\u015finde bulunduk.\u201d<\/p>\n<\/p><\/div>\n<p><script async\n                    defer\n                    crossorigin=\"anonymous\"\n                    src=\"https:\/\/connect.facebook.net\/tr_TR\/sdk.js#xfbml=1&#038;version=v3.3\"\n            ><\/script><\/p>\n","protected":false},"excerpt":{"rendered":"<p>T\u00fcrkiye\u2019nin Lefko\u015fa B\u00fcy\u00fckel\u00e7isi Yasin Ekrem Serim, \u00fclkede \u00f6nde gelen sivil toplum \u00f6rg\u00fctlerinin temsilcileriyle bir araya geldi. Yapt\u0131\u011f\u0131 payla\u015f\u0131mda, sivil toplum \u00f6rg\u00fctlerinin temsilcilerinden, in\u015faat ve emlak sekt\u00f6r\u00fcnde son d\u00f6nemde ya\u015fanan \u00f6nemli geli\u015fmelerle ilgili bilgi ald\u0131klar\u0131n\u0131 ve g\u00f6r\u00fc\u015f al\u0131\u015fveri\u015finde bulunduklar\u0131n\u0131 belirtti. Serim\u2019in payla\u015f\u0131m\u0131 \u015f\u00f6yle: \u201cKuzey K\u0131br\u0131s T\u00fcrk Cumhuriyeti\u2019nin \u00f6nde gelen sivil toplum kurulu\u015flar\u0131n\u0131n temsilcileriyle yararl\u0131 bir g\u00f6r\u00fc\u015fme<\/p>\n","protected":false},"author":1,"featured_media":59307,"comment_status":"open","ping_status":"open","sticky":false,"template":"","format":"standard","meta":{"footnotes":""},"categories":[81],"tags":[],"class_list":["post-59306","post","type-post","status-publish","format-standard","has-post-thumbnail","hentry","category-kibris"],"yoast_head":"<!-- This site is optimized with the Yoast SEO plugin v27.4 - https:\/\/yoast.com\/product\/yoast-seo-wordpress\/ -->\n<title>Serim: Yararl\u0131 bir g\u00f6r\u00fc\u015fme ger\u00e7ekle\u015ftirdik -<\/title>\n<meta name=\"robots\" content=\"index, follow, max-snippet:-1, max-image-preview:large, max-video-preview:-1\" \/>\n<link rel=\"canonical\" href=\"https:\/\/kibrisdakik.com\/?p=59306\" \/>\n<meta property=\"og:locale\" content=\"tr_TR\" \/>\n<meta property=\"og:type\" content=\"article\" \/>\n<meta property=\"og:title\" content=\"Serim: Yararl\u0131 bir g\u00f6r\u00fc\u015fme ger\u00e7ekle\u015ftirdik -\" \/>\n<meta property=\"og:description\" content=\"T\u00fcrkiye\u2019nin Lefko\u015fa B\u00fcy\u00fckel\u00e7isi Yasin Ekrem Serim, \u00fclkede \u00f6nde gelen sivil toplum \u00f6rg\u00fctlerinin temsilcileriyle bir araya geldi. Yapt\u0131\u011f\u0131 payla\u015f\u0131mda, sivil toplum \u00f6rg\u00fctlerinin temsilcilerinden, in\u015faat ve emlak sekt\u00f6r\u00fcnde son d\u00f6nemde ya\u015fanan \u00f6nemli geli\u015fmelerle ilgili bilgi ald\u0131klar\u0131n\u0131 ve g\u00f6r\u00fc\u015f al\u0131\u015fveri\u015finde bulunduklar\u0131n\u0131 belirtti. Serim\u2019in payla\u015f\u0131m\u0131 \u015f\u00f6yle: \u201cKuzey K\u0131br\u0131s T\u00fcrk Cumhuriyeti\u2019nin \u00f6nde gelen sivil toplum kurulu\u015flar\u0131n\u0131n temsilcileriyle yararl\u0131 bir g\u00f6r\u00fc\u015fme\" \/>\n<meta property=\"og:url\" content=\"https:\/\/kibrisdakik.com\/?p=59306\" \/>\n<meta property=\"article:published_time\" content=\"2024-09-04T07:24:40+00:00\" \/>\n<meta property=\"og:image\" content=\"https:\/\/kibrisdakik.com\/wp-content\/uploads\/2024\/09\/458075748_456745827351711_3942257142125543224_n-740x420.jpg\" \/>\n\t<meta property=\"og:image:width\" content=\"1089\" \/>\n\t<meta property=\"og:image:height\" content=\"640\" \/>\n\t<meta property=\"og:image:type\" content=\"image\/jpeg\" \/>\n<meta name=\"author\" content=\"admin\" \/>\n<meta name=\"twitter:card\" content=\"summary_large_image\" \/>\n<meta name=\"twitter:label1\" content=\"Yazan:\" \/>\n\t<meta name=\"twitter:data1\" content=\"admin\" \/>\n\t<meta name=\"twitter:label2\" content=\"Tahmini okuma s\u00fcresi\" \/>\n\t<meta name=\"twitter:data2\" content=\"1 dakika\" \/>\n<script type=\"application\/ld+json\" class=\"yoast-schema-graph\">{\"@context\":\"https:\\\/\\\/schema.org\",\"@graph\":[{\"@type\":\"Article\",\"@id\":\"https:\\\/\\\/kibrisdakik.com\\\/?p=59306#article\",\"isPartOf\":{\"@id\":\"https:\\\/\\\/kibrisdakik.com\\\/?p=59306\"},\"author\":{\"name\":\"admin\",\"@id\":\"https:\\\/\\\/kibrisdakik.com\\\/#\\\/schema\\\/person\\\/9cd9d437bbb44f72b73ba127e06d8e79\"},\"headline\":\"Serim: Yararl\u0131 bir g\u00f6r\u00fc\u015fme ger\u00e7ekle\u015ftirdik\",\"datePublished\":\"2024-09-04T07:24:40+00:00\",\"mainEntityOfPage\":{\"@id\":\"https:\\\/\\\/kibrisdakik.com\\\/?p=59306\"},\"wordCount\":123,\"commentCount\":0,\"image\":{\"@id\":\"https:\\\/\\\/kibrisdakik.com\\\/?p=59306#primaryimage\"},\"thumbnailUrl\":\"https:\\\/\\\/kibrisdakik.com\\\/wp-content\\\/uploads\\\/2024\\\/09\\\/458075748_456745827351711_3942257142125543224_n-740x420.jpg\",\"articleSection\":[\"K\u0131br\u0131s\"],\"inLanguage\":\"tr\",\"potentialAction\":[{\"@type\":\"CommentAction\",\"name\":\"Comment\",\"target\":[\"https:\\\/\\\/kibrisdakik.com\\\/?p=59306#respond\"]}]},{\"@type\":\"WebPage\",\"@id\":\"https:\\\/\\\/kibrisdakik.com\\\/?p=59306\",\"url\":\"https:\\\/\\\/kibrisdakik.com\\\/?p=59306\",\"name\":\"Serim: Yararl\u0131 bir g\u00f6r\u00fc\u015fme ger\u00e7ekle\u015ftirdik -\",\"isPartOf\":{\"@id\":\"https:\\\/\\\/kibrisdakik.com\\\/#website\"},\"primaryImageOfPage\":{\"@id\":\"https:\\\/\\\/kibrisdakik.com\\\/?p=59306#primaryimage\"},\"image\":{\"@id\":\"https:\\\/\\\/kibrisdakik.com\\\/?p=59306#primaryimage\"},\"thumbnailUrl\":\"https:\\\/\\\/kibrisdakik.com\\\/wp-content\\\/uploads\\\/2024\\\/09\\\/458075748_456745827351711_3942257142125543224_n-740x420.jpg\",\"datePublished\":\"2024-09-04T07:24:40+00:00\",\"author\":{\"@id\":\"https:\\\/\\\/kibrisdakik.com\\\/#\\\/schema\\\/person\\\/9cd9d437bbb44f72b73ba127e06d8e79\"},\"breadcrumb\":{\"@id\":\"https:\\\/\\\/kibrisdakik.com\\\/?p=59306#breadcrumb\"},\"inLanguage\":\"tr\",\"potentialAction\":[{\"@type\":\"ReadAction\",\"target\":[\"https:\\\/\\\/kibrisdakik.com\\\/?p=59306\"]}]},{\"@type\":\"ImageObject\",\"inLanguage\":\"tr\",\"@id\":\"https:\\\/\\\/kibrisdakik.com\\\/?p=59306#primaryimage\",\"url\":\"https:\\\/\\\/kibrisdakik.com\\\/wp-content\\\/uploads\\\/2024\\\/09\\\/458075748_456745827351711_3942257142125543224_n-740x420.jpg\",\"contentUrl\":\"https:\\\/\\\/kibrisdakik.com\\\/wp-content\\\/uploads\\\/2024\\\/09\\\/458075748_456745827351711_3942257142125543224_n-740x420.jpg\",\"width\":1089,\"height\":640},{\"@type\":\"BreadcrumbList\",\"@id\":\"https:\\\/\\\/kibrisdakik.com\\\/?p=59306#breadcrumb\",\"itemListElement\":[{\"@type\":\"ListItem\",\"position\":1,\"name\":\"Home\",\"item\":\"https:\\\/\\\/kibrisdakik.com\\\/\"},{\"@type\":\"ListItem\",\"position\":2,\"name\":\"Serim: Yararl\u0131 bir g\u00f6r\u00fc\u015fme ger\u00e7ekle\u015ftirdik\"}]},{\"@type\":\"WebSite\",\"@id\":\"https:\\\/\\\/kibrisdakik.com\\\/#website\",\"url\":\"https:\\\/\\\/kibrisdakik.com\\\/\",\"name\":\"\",\"description\":\"Tam vaktinde haber\",\"potentialAction\":[{\"@type\":\"SearchAction\",\"target\":{\"@type\":\"EntryPoint\",\"urlTemplate\":\"https:\\\/\\\/kibrisdakik.com\\\/?s={search_term_string}\"},\"query-input\":{\"@type\":\"PropertyValueSpecification\",\"valueRequired\":true,\"valueName\":\"search_term_string\"}}],\"inLanguage\":\"tr\"},{\"@type\":\"Person\",\"@id\":\"https:\\\/\\\/kibrisdakik.com\\\/#\\\/schema\\\/person\\\/9cd9d437bbb44f72b73ba127e06d8e79\",\"name\":\"admin\",\"image\":{\"@type\":\"ImageObject\",\"inLanguage\":\"tr\",\"@id\":\"https:\\\/\\\/secure.gravatar.com\\\/avatar\\\/ccc17943b9d660506c869530f897617f7cb1c21a4bf30023f252596d83e1f007?s=96&d=mm&r=g\",\"url\":\"https:\\\/\\\/secure.gravatar.com\\\/avatar\\\/ccc17943b9d660506c869530f897617f7cb1c21a4bf30023f252596d83e1f007?s=96&d=mm&r=g\",\"contentUrl\":\"https:\\\/\\\/secure.gravatar.com\\\/avatar\\\/ccc17943b9d660506c869530f897617f7cb1c21a4bf30023f252596d83e1f007?s=96&d=mm&r=g\",\"caption\":\"admin\"},\"sameAs\":[\"https:\\\/\\\/kibrisdakik.com\"],\"url\":\"https:\\\/\\\/kibrisdakik.com\\\/?author=1\"}]}<\/script>\n<!-- \/ Yoast SEO plugin. -->","yoast_head_json":{"title":"Serim: Yararl\u0131 bir g\u00f6r\u00fc\u015fme ger\u00e7ekle\u015ftirdik -","robots":{"index":"index","follow":"follow","max-snippet":"max-snippet:-1","max-image-preview":"max-image-preview:large","max-video-preview":"max-video-preview:-1"},"canonical":"https:\/\/kibrisdakik.com\/?p=59306","og_locale":"tr_TR","og_type":"article","og_title":"Serim: Yararl\u0131 bir g\u00f6r\u00fc\u015fme ger\u00e7ekle\u015ftirdik -","og_description":"T\u00fcrkiye\u2019nin Lefko\u015fa B\u00fcy\u00fckel\u00e7isi Yasin Ekrem Serim, \u00fclkede \u00f6nde gelen sivil toplum \u00f6rg\u00fctlerinin temsilcileriyle bir araya geldi. Yapt\u0131\u011f\u0131 payla\u015f\u0131mda, sivil toplum \u00f6rg\u00fctlerinin temsilcilerinden, in\u015faat ve emlak sekt\u00f6r\u00fcnde son d\u00f6nemde ya\u015fanan \u00f6nemli geli\u015fmelerle ilgili bilgi ald\u0131klar\u0131n\u0131 ve g\u00f6r\u00fc\u015f al\u0131\u015fveri\u015finde bulunduklar\u0131n\u0131 belirtti. Serim\u2019in payla\u015f\u0131m\u0131 \u015f\u00f6yle: \u201cKuzey K\u0131br\u0131s T\u00fcrk Cumhuriyeti\u2019nin \u00f6nde gelen sivil toplum kurulu\u015flar\u0131n\u0131n temsilcileriyle yararl\u0131 bir g\u00f6r\u00fc\u015fme","og_url":"https:\/\/kibrisdakik.com\/?p=59306","article_published_time":"2024-09-04T07:24:40+00:00","og_image":[{"width":1089,"height":640,"url":"https:\/\/kibrisdakik.com\/wp-content\/uploads\/2024\/09\/458075748_456745827351711_3942257142125543224_n-740x420.jpg","type":"image\/jpeg"}],"author":"admin","twitter_card":"summary_large_image","twitter_misc":{"Yazan:":"admin","Tahmini okuma s\u00fcresi":"1 dakika"},"schema":{"@context":"https:\/\/schema.org","@graph":[{"@type":"Article","@id":"https:\/\/kibrisdakik.com\/?p=59306#article","isPartOf":{"@id":"https:\/\/kibrisdakik.com\/?p=59306"},"author":{"name":"admin","@id":"https:\/\/kibrisdakik.com\/#\/schema\/person\/9cd9d437bbb44f72b73ba127e06d8e79"},"headline":"Serim: Yararl\u0131 bir g\u00f6r\u00fc\u015fme ger\u00e7ekle\u015ftirdik","datePublished":"2024-09-04T07:24:40+00:00","mainEntityOfPage":{"@id":"https:\/\/kibrisdakik.com\/?p=59306"},"wordCount":123,"commentCount":0,"image":{"@id":"https:\/\/kibrisdakik.com\/?p=59306#primaryimage"},"thumbnailUrl":"https:\/\/kibrisdakik.com\/wp-content\/uploads\/2024\/09\/458075748_456745827351711_3942257142125543224_n-740x420.jpg","articleSection":["K\u0131br\u0131s"],"inLanguage":"tr","potentialAction":[{"@type":"CommentAction","name":"Comment","target":["https:\/\/kibrisdakik.com\/?p=59306#respond"]}]},{"@type":"WebPage","@id":"https:\/\/kibrisdakik.com\/?p=59306","url":"https:\/\/kibrisdakik.com\/?p=59306","name":"Serim: Yararl\u0131 bir g\u00f6r\u00fc\u015fme ger\u00e7ekle\u015ftirdik -","isPartOf":{"@id":"https:\/\/kibrisdakik.com\/#website"},"primaryImageOfPage":{"@id":"https:\/\/kibrisdakik.com\/?p=59306#primaryimage"},"image":{"@id":"https:\/\/kibrisdakik.com\/?p=59306#primaryimage"},"thumbnailUrl":"https:\/\/kibrisdakik.com\/wp-content\/uploads\/2024\/09\/458075748_456745827351711_3942257142125543224_n-740x420.jpg","datePublished":"2024-09-04T07:24:40+00:00","author":{"@id":"https:\/\/kibrisdakik.com\/#\/schema\/person\/9cd9d437bbb44f72b73ba127e06d8e79"},"breadcrumb":{"@id":"https:\/\/kibrisdakik.com\/?p=59306#breadcrumb"},"inLanguage":"tr","potentialAction":[{"@type":"ReadAction","target":["https:\/\/kibrisdakik.com\/?p=59306"]}]},{"@type":"ImageObject","inLanguage":"tr","@id":"https:\/\/kibrisdakik.com\/?p=59306#primaryimage","url":"https:\/\/kibrisdakik.com\/wp-content\/uploads\/2024\/09\/458075748_456745827351711_3942257142125543224_n-740x420.jpg","contentUrl":"https:\/\/kibrisdakik.com\/wp-content\/uploads\/2024\/09\/458075748_456745827351711_3942257142125543224_n-740x420.jpg","width":1089,"height":640},{"@type":"BreadcrumbList","@id":"https:\/\/kibrisdakik.com\/?p=59306#breadcrumb","itemListElement":[{"@type":"ListItem","position":1,"name":"Home","item":"https:\/\/kibrisdakik.com\/"},{"@type":"ListItem","position":2,"name":"Serim: Yararl\u0131 bir g\u00f6r\u00fc\u015fme ger\u00e7ekle\u015ftirdik"}]},{"@type":"WebSite","@id":"https:\/\/kibrisdakik.com\/#website","url":"https:\/\/kibrisdakik.com\/","name":"","description":"Tam vaktinde haber","potentialAction":[{"@type":"SearchAction","target":{"@type":"EntryPoint","urlTemplate":"https:\/\/kibrisdakik.com\/?s={search_term_string}"},"query-input":{"@type":"PropertyValueSpecification","valueRequired":true,"valueName":"search_term_string"}}],"inLanguage":"tr"},{"@type":"Person","@id":"https:\/\/kibrisdakik.com\/#\/schema\/person\/9cd9d437bbb44f72b73ba127e06d8e79","name":"admin","image":{"@type":"ImageObject","inLanguage":"tr","@id":"https:\/\/secure.gravatar.com\/avatar\/ccc17943b9d660506c869530f897617f7cb1c21a4bf30023f252596d83e1f007?s=96&d=mm&r=g","url":"https:\/\/secure.gravatar.com\/avatar\/ccc17943b9d660506c869530f897617f7cb1c21a4bf30023f252596d83e1f007?s=96&d=mm&r=g","contentUrl":"https:\/\/secure.gravatar.com\/avatar\/ccc17943b9d660506c869530f897617f7cb1c21a4bf30023f252596d83e1f007?s=96&d=mm&r=g","caption":"admin"},"sameAs":["https:\/\/kibrisdakik.com"],"url":"https:\/\/kibrisdakik.com\/?author=1"}]}},"_links":{"self":[{"href":"https:\/\/kibrisdakik.com\/index.php?rest_route=\/wp\/v2\/posts\/59306","targetHints":{"allow":["GET"]}}],"collection":[{"href":"https:\/\/kibrisdakik.com\/index.php?rest_route=\/wp\/v2\/posts"}],"about":[{"href":"https:\/\/kibrisdakik.com\/index.php?rest_route=\/wp\/v2\/types\/post"}],"author":[{"embeddable":true,"href":"https:\/\/kibrisdakik.com\/index.php?rest_route=\/wp\/v2\/users\/1"}],"replies":[{"embeddable":true,"href":"https:\/\/kibrisdakik.com\/index.php?rest_route=%2Fwp%2Fv2%2Fcomments&post=59306"}],"version-history":[{"count":0,"href":"https:\/\/kibrisdakik.com\/index.php?rest_route=\/wp\/v2\/posts\/59306\/revisions"}],"wp:featuredmedia":[{"embeddable":true,"href":"https:\/\/kibrisdakik.com\/index.php?rest_route=\/wp\/v2\/media\/59307"}],"wp:attachment":[{"href":"https:\/\/kibrisdakik.com\/index.php?rest_route=%2Fwp%2Fv2%2Fmedia&parent=59306"}],"wp:term":[{"taxonomy":"category","embeddable":true,"href":"https:\/\/kibrisdakik.com\/index.php?rest_route=%2Fwp%2Fv2%2Fcategories&post=59306"},{"taxonomy":"post_tag","embeddable":true,"href":"https:\/\/kibrisdakik.com\/index.php?rest_route=%2Fwp%2Fv2%2Ftags&post=59306"}],"curies":[{"name":"wp","href":"https:\/\/api.w.org\/{rel}","templated":true}]}}