{"id":59312,"date":"2024-09-04T10:13:59","date_gmt":"2024-09-04T07:13:59","guid":{"rendered":"https:\/\/kibrisdakik.com\/index.php\/2024\/09\/04\/ukrayna-disisleri-bakani-kuleba-istifa-dilekcesini-parlamentoya-sundu\/"},"modified":"2024-09-04T10:13:59","modified_gmt":"2024-09-04T07:13:59","slug":"ukrayna-disisleri-bakani-kuleba-istifa-dilekcesini-parlamentoya-sundu","status":"publish","type":"post","link":"https:\/\/kibrisdakik.com\/?p=59312","title":{"rendered":"Ukrayna D\u0131\u015fi\u015fleri Bakan\u0131 Kuleba istifa dilek\u00e7esini parlamentoya sundu"},"content":{"rendered":"<p><\/p>\n<div>\n<div class=\"mariselle-image-container center\">\n                <img loading=\"lazy\" decoding=\"async\" width=\"864\" height=\"486\" class=\"lazy-image\" alt=\"\" sizes=\"auto, (max-width: 864px) 100vw, 864px\" src=\"https:\/\/brtk.net\/wp-content\/uploads\/2024\/09\/04\/8989.jpg?ver=9625f151b25ae79ff0a562aa44024063\" srcset=\"https:\/\/brtk.net\/wp-content\/uploads\/2024\/09\/04\/8989.jpg?ver=9625f151b25ae79ff0a562aa44024063 864w, https:\/\/brtk.net\/wp-content\/uploads\/2024\/09\/04\/8989-300x169.jpg?ver=9625f151b25ae79ff0a562aa44024063 300w, https:\/\/brtk.net\/wp-content\/uploads\/2024\/09\/04\/8989-768x432.jpg?ver=169514878f4f95260e2cd32903ba27be 768w\"\/>                            <\/div>\n<p>Ukrayna Parlamentosu Ba\u015fkan\u0131 Ruslan Stefan\u00e7uk, D\u0131\u015fi\u015fleri Bakan\u0131 Dmitro Kuleba\u2019n\u0131n istifa dilek\u00e7esini parlamentoya sundu\u011funu duyurdu.<\/p>\n<p>Stefan\u00e7uk, sosyal medya hesab\u0131ndan yapt\u0131\u011f\u0131 a\u00e7\u0131klamada, Bakan Kuleba\u2019dan istifa dilek\u00e7esi ald\u0131klar\u0131n\u0131 belirterek, istifan\u0131n bir sonraki genel kurul oturumlar\u0131n\u0131n birinde de\u011ferlendirilece\u011fini ifade etti.<\/p>\n<p>Gece saatlerinde yapt\u0131\u011f\u0131 bir ba\u015fka payla\u015f\u0131mda Stefan\u00e7uk, Ukrayna Ba\u015fbakan Yard\u0131mc\u0131s\u0131 ve Ge\u00e7ici \u0130\u015fgal Alt\u0131ndaki Topraklar\u0131n Yeniden Entegrasyonu Bakan\u0131 \u0130rina Vere\u015f\u00e7uk ile Avrupa ve Avrupa-Atlantik Entegrasyonundan Sorumlu Ba\u015fbakan Yard\u0131mc\u0131s\u0131 Olha Stefani\u015fina\u2019n\u0131n da parlamentoya istifa dilek\u00e7elerini sundu\u011funu bildirdi.<\/p>\n<p>D\u00fcn Ukrayna Stratejik End\u00fcstriler Bakan\u0131 Oleksandr Kamyshin, Adalet Bakan\u0131 Denis Malyushka, \u00c7evre Koruma ve Do\u011fal Kaynaklar Bakan\u0131 Ruslan Strelets ile Ukrayna Devlet M\u00fclkiyet Fonu Ba\u015fkan\u0131 Vitali Koval parlamentoya istifa i\u00e7in ba\u015fvuru yapm\u0131\u015ft\u0131.<\/p>\n<\/p><\/div>\n<p><script async\n                    defer\n                    crossorigin=\"anonymous\"\n                    src=\"https:\/\/connect.facebook.net\/tr_TR\/sdk.js#xfbml=1&#038;version=v3.3\"\n            ><\/script><\/p>\n","protected":false},"excerpt":{"rendered":"<p>Ukrayna Parlamentosu Ba\u015fkan\u0131 Ruslan Stefan\u00e7uk, D\u0131\u015fi\u015fleri Bakan\u0131 Dmitro Kuleba\u2019n\u0131n istifa dilek\u00e7esini parlamentoya sundu\u011funu duyurdu. Stefan\u00e7uk, sosyal medya hesab\u0131ndan yapt\u0131\u011f\u0131 a\u00e7\u0131klamada, Bakan Kuleba\u2019dan istifa dilek\u00e7esi ald\u0131klar\u0131n\u0131 belirterek, istifan\u0131n bir sonraki genel kurul oturumlar\u0131n\u0131n birinde de\u011ferlendirilece\u011fini ifade etti. Gece saatlerinde yapt\u0131\u011f\u0131 bir ba\u015fka payla\u015f\u0131mda Stefan\u00e7uk, Ukrayna Ba\u015fbakan Yard\u0131mc\u0131s\u0131 ve Ge\u00e7ici \u0130\u015fgal Alt\u0131ndaki Topraklar\u0131n Yeniden Entegrasyonu Bakan\u0131 \u0130rina<\/p>\n","protected":false},"author":1,"featured_media":59313,"comment_status":"open","ping_status":"open","sticky":false,"template":"","format":"standard","meta":{"footnotes":""},"categories":[1],"tags":[],"class_list":["post-59312","post","type-post","status-publish","format-standard","has-post-thumbnail","hentry","category-gundem"],"yoast_head":"<!-- This site is optimized with the Yoast SEO plugin v27.4 - https:\/\/yoast.com\/product\/yoast-seo-wordpress\/ -->\n<title>Ukrayna D\u0131\u015fi\u015fleri Bakan\u0131 Kuleba istifa dilek\u00e7esini parlamentoya sundu -<\/title>\n<meta name=\"robots\" content=\"index, follow, max-snippet:-1, max-image-preview:large, max-video-preview:-1\" \/>\n<link rel=\"canonical\" href=\"https:\/\/kibrisdakik.com\/?p=59312\" \/>\n<meta property=\"og:locale\" content=\"tr_TR\" \/>\n<meta property=\"og:type\" content=\"article\" \/>\n<meta property=\"og:title\" content=\"Ukrayna D\u0131\u015fi\u015fleri Bakan\u0131 Kuleba istifa dilek\u00e7esini parlamentoya sundu -\" \/>\n<meta property=\"og:description\" content=\"Ukrayna Parlamentosu Ba\u015fkan\u0131 Ruslan Stefan\u00e7uk, D\u0131\u015fi\u015fleri Bakan\u0131 Dmitro Kuleba\u2019n\u0131n istifa dilek\u00e7esini parlamentoya sundu\u011funu duyurdu. Stefan\u00e7uk, sosyal medya hesab\u0131ndan yapt\u0131\u011f\u0131 a\u00e7\u0131klamada, Bakan Kuleba\u2019dan istifa dilek\u00e7esi ald\u0131klar\u0131n\u0131 belirterek, istifan\u0131n bir sonraki genel kurul oturumlar\u0131n\u0131n birinde de\u011ferlendirilece\u011fini ifade etti. Gece saatlerinde yapt\u0131\u011f\u0131 bir ba\u015fka payla\u015f\u0131mda Stefan\u00e7uk, Ukrayna Ba\u015fbakan Yard\u0131mc\u0131s\u0131 ve Ge\u00e7ici \u0130\u015fgal Alt\u0131ndaki Topraklar\u0131n Yeniden Entegrasyonu Bakan\u0131 \u0130rina\" \/>\n<meta property=\"og:url\" content=\"https:\/\/kibrisdakik.com\/?p=59312\" \/>\n<meta property=\"article:published_time\" content=\"2024-09-04T07:13:59+00:00\" \/>\n<meta property=\"og:image\" content=\"https:\/\/kibrisdakik.com\/wp-content\/uploads\/2024\/09\/8989-740x420.jpg\" \/>\n\t<meta property=\"og:image:width\" content=\"864\" \/>\n\t<meta property=\"og:image:height\" content=\"486\" \/>\n\t<meta property=\"og:image:type\" content=\"image\/jpeg\" \/>\n<meta name=\"author\" content=\"admin\" \/>\n<meta name=\"twitter:card\" content=\"summary_large_image\" \/>\n<meta name=\"twitter:label1\" content=\"Yazan:\" \/>\n\t<meta name=\"twitter:data1\" content=\"admin\" \/>\n\t<meta name=\"twitter:label2\" content=\"Tahmini okuma s\u00fcresi\" \/>\n\t<meta name=\"twitter:data2\" content=\"1 dakika\" \/>\n<script type=\"application\/ld+json\" class=\"yoast-schema-graph\">{\"@context\":\"https:\\\/\\\/schema.org\",\"@graph\":[{\"@type\":\"Article\",\"@id\":\"https:\\\/\\\/kibrisdakik.com\\\/?p=59312#article\",\"isPartOf\":{\"@id\":\"https:\\\/\\\/kibrisdakik.com\\\/?p=59312\"},\"author\":{\"name\":\"admin\",\"@id\":\"https:\\\/\\\/kibrisdakik.com\\\/#\\\/schema\\\/person\\\/9cd9d437bbb44f72b73ba127e06d8e79\"},\"headline\":\"Ukrayna D\u0131\u015fi\u015fleri Bakan\u0131 Kuleba istifa dilek\u00e7esini parlamentoya sundu\",\"datePublished\":\"2024-09-04T07:13:59+00:00\",\"mainEntityOfPage\":{\"@id\":\"https:\\\/\\\/kibrisdakik.com\\\/?p=59312\"},\"wordCount\":161,\"commentCount\":0,\"image\":{\"@id\":\"https:\\\/\\\/kibrisdakik.com\\\/?p=59312#primaryimage\"},\"thumbnailUrl\":\"https:\\\/\\\/kibrisdakik.com\\\/wp-content\\\/uploads\\\/2024\\\/09\\\/8989-740x420.jpg\",\"articleSection\":[\"G\u00fcndem\"],\"inLanguage\":\"tr\",\"potentialAction\":[{\"@type\":\"CommentAction\",\"name\":\"Comment\",\"target\":[\"https:\\\/\\\/kibrisdakik.com\\\/?p=59312#respond\"]}]},{\"@type\":\"WebPage\",\"@id\":\"https:\\\/\\\/kibrisdakik.com\\\/?p=59312\",\"url\":\"https:\\\/\\\/kibrisdakik.com\\\/?p=59312\",\"name\":\"Ukrayna D\u0131\u015fi\u015fleri Bakan\u0131 Kuleba istifa dilek\u00e7esini parlamentoya sundu -\",\"isPartOf\":{\"@id\":\"https:\\\/\\\/kibrisdakik.com\\\/#website\"},\"primaryImageOfPage\":{\"@id\":\"https:\\\/\\\/kibrisdakik.com\\\/?p=59312#primaryimage\"},\"image\":{\"@id\":\"https:\\\/\\\/kibrisdakik.com\\\/?p=59312#primaryimage\"},\"thumbnailUrl\":\"https:\\\/\\\/kibrisdakik.com\\\/wp-content\\\/uploads\\\/2024\\\/09\\\/8989-740x420.jpg\",\"datePublished\":\"2024-09-04T07:13:59+00:00\",\"author\":{\"@id\":\"https:\\\/\\\/kibrisdakik.com\\\/#\\\/schema\\\/person\\\/9cd9d437bbb44f72b73ba127e06d8e79\"},\"breadcrumb\":{\"@id\":\"https:\\\/\\\/kibrisdakik.com\\\/?p=59312#breadcrumb\"},\"inLanguage\":\"tr\",\"potentialAction\":[{\"@type\":\"ReadAction\",\"target\":[\"https:\\\/\\\/kibrisdakik.com\\\/?p=59312\"]}]},{\"@type\":\"ImageObject\",\"inLanguage\":\"tr\",\"@id\":\"https:\\\/\\\/kibrisdakik.com\\\/?p=59312#primaryimage\",\"url\":\"https:\\\/\\\/kibrisdakik.com\\\/wp-content\\\/uploads\\\/2024\\\/09\\\/8989-740x420.jpg\",\"contentUrl\":\"https:\\\/\\\/kibrisdakik.com\\\/wp-content\\\/uploads\\\/2024\\\/09\\\/8989-740x420.jpg\",\"width\":864,\"height\":486},{\"@type\":\"BreadcrumbList\",\"@id\":\"https:\\\/\\\/kibrisdakik.com\\\/?p=59312#breadcrumb\",\"itemListElement\":[{\"@type\":\"ListItem\",\"position\":1,\"name\":\"Home\",\"item\":\"https:\\\/\\\/kibrisdakik.com\\\/\"},{\"@type\":\"ListItem\",\"position\":2,\"name\":\"Ukrayna D\u0131\u015fi\u015fleri Bakan\u0131 Kuleba istifa dilek\u00e7esini parlamentoya sundu\"}]},{\"@type\":\"WebSite\",\"@id\":\"https:\\\/\\\/kibrisdakik.com\\\/#website\",\"url\":\"https:\\\/\\\/kibrisdakik.com\\\/\",\"name\":\"\",\"description\":\"Tam vaktinde haber\",\"potentialAction\":[{\"@type\":\"SearchAction\",\"target\":{\"@type\":\"EntryPoint\",\"urlTemplate\":\"https:\\\/\\\/kibrisdakik.com\\\/?s={search_term_string}\"},\"query-input\":{\"@type\":\"PropertyValueSpecification\",\"valueRequired\":true,\"valueName\":\"search_term_string\"}}],\"inLanguage\":\"tr\"},{\"@type\":\"Person\",\"@id\":\"https:\\\/\\\/kibrisdakik.com\\\/#\\\/schema\\\/person\\\/9cd9d437bbb44f72b73ba127e06d8e79\",\"name\":\"admin\",\"image\":{\"@type\":\"ImageObject\",\"inLanguage\":\"tr\",\"@id\":\"https:\\\/\\\/secure.gravatar.com\\\/avatar\\\/ccc17943b9d660506c869530f897617f7cb1c21a4bf30023f252596d83e1f007?s=96&d=mm&r=g\",\"url\":\"https:\\\/\\\/secure.gravatar.com\\\/avatar\\\/ccc17943b9d660506c869530f897617f7cb1c21a4bf30023f252596d83e1f007?s=96&d=mm&r=g\",\"contentUrl\":\"https:\\\/\\\/secure.gravatar.com\\\/avatar\\\/ccc17943b9d660506c869530f897617f7cb1c21a4bf30023f252596d83e1f007?s=96&d=mm&r=g\",\"caption\":\"admin\"},\"sameAs\":[\"https:\\\/\\\/kibrisdakik.com\"],\"url\":\"https:\\\/\\\/kibrisdakik.com\\\/?author=1\"}]}<\/script>\n<!-- \/ Yoast SEO plugin. -->","yoast_head_json":{"title":"Ukrayna D\u0131\u015fi\u015fleri Bakan\u0131 Kuleba istifa dilek\u00e7esini parlamentoya sundu -","robots":{"index":"index","follow":"follow","max-snippet":"max-snippet:-1","max-image-preview":"max-image-preview:large","max-video-preview":"max-video-preview:-1"},"canonical":"https:\/\/kibrisdakik.com\/?p=59312","og_locale":"tr_TR","og_type":"article","og_title":"Ukrayna D\u0131\u015fi\u015fleri Bakan\u0131 Kuleba istifa dilek\u00e7esini parlamentoya sundu -","og_description":"Ukrayna Parlamentosu Ba\u015fkan\u0131 Ruslan Stefan\u00e7uk, D\u0131\u015fi\u015fleri Bakan\u0131 Dmitro Kuleba\u2019n\u0131n istifa dilek\u00e7esini parlamentoya sundu\u011funu duyurdu. Stefan\u00e7uk, sosyal medya hesab\u0131ndan yapt\u0131\u011f\u0131 a\u00e7\u0131klamada, Bakan Kuleba\u2019dan istifa dilek\u00e7esi ald\u0131klar\u0131n\u0131 belirterek, istifan\u0131n bir sonraki genel kurul oturumlar\u0131n\u0131n birinde de\u011ferlendirilece\u011fini ifade etti. Gece saatlerinde yapt\u0131\u011f\u0131 bir ba\u015fka payla\u015f\u0131mda Stefan\u00e7uk, Ukrayna Ba\u015fbakan Yard\u0131mc\u0131s\u0131 ve Ge\u00e7ici \u0130\u015fgal Alt\u0131ndaki Topraklar\u0131n Yeniden Entegrasyonu Bakan\u0131 \u0130rina","og_url":"https:\/\/kibrisdakik.com\/?p=59312","article_published_time":"2024-09-04T07:13:59+00:00","og_image":[{"width":864,"height":486,"url":"https:\/\/kibrisdakik.com\/wp-content\/uploads\/2024\/09\/8989-740x420.jpg","type":"image\/jpeg"}],"author":"admin","twitter_card":"summary_large_image","twitter_misc":{"Yazan:":"admin","Tahmini okuma s\u00fcresi":"1 dakika"},"schema":{"@context":"https:\/\/schema.org","@graph":[{"@type":"Article","@id":"https:\/\/kibrisdakik.com\/?p=59312#article","isPartOf":{"@id":"https:\/\/kibrisdakik.com\/?p=59312"},"author":{"name":"admin","@id":"https:\/\/kibrisdakik.com\/#\/schema\/person\/9cd9d437bbb44f72b73ba127e06d8e79"},"headline":"Ukrayna D\u0131\u015fi\u015fleri Bakan\u0131 Kuleba istifa dilek\u00e7esini parlamentoya sundu","datePublished":"2024-09-04T07:13:59+00:00","mainEntityOfPage":{"@id":"https:\/\/kibrisdakik.com\/?p=59312"},"wordCount":161,"commentCount":0,"image":{"@id":"https:\/\/kibrisdakik.com\/?p=59312#primaryimage"},"thumbnailUrl":"https:\/\/kibrisdakik.com\/wp-content\/uploads\/2024\/09\/8989-740x420.jpg","articleSection":["G\u00fcndem"],"inLanguage":"tr","potentialAction":[{"@type":"CommentAction","name":"Comment","target":["https:\/\/kibrisdakik.com\/?p=59312#respond"]}]},{"@type":"WebPage","@id":"https:\/\/kibrisdakik.com\/?p=59312","url":"https:\/\/kibrisdakik.com\/?p=59312","name":"Ukrayna D\u0131\u015fi\u015fleri Bakan\u0131 Kuleba istifa dilek\u00e7esini parlamentoya sundu -","isPartOf":{"@id":"https:\/\/kibrisdakik.com\/#website"},"primaryImageOfPage":{"@id":"https:\/\/kibrisdakik.com\/?p=59312#primaryimage"},"image":{"@id":"https:\/\/kibrisdakik.com\/?p=59312#primaryimage"},"thumbnailUrl":"https:\/\/kibrisdakik.com\/wp-content\/uploads\/2024\/09\/8989-740x420.jpg","datePublished":"2024-09-04T07:13:59+00:00","author":{"@id":"https:\/\/kibrisdakik.com\/#\/schema\/person\/9cd9d437bbb44f72b73ba127e06d8e79"},"breadcrumb":{"@id":"https:\/\/kibrisdakik.com\/?p=59312#breadcrumb"},"inLanguage":"tr","potentialAction":[{"@type":"ReadAction","target":["https:\/\/kibrisdakik.com\/?p=59312"]}]},{"@type":"ImageObject","inLanguage":"tr","@id":"https:\/\/kibrisdakik.com\/?p=59312#primaryimage","url":"https:\/\/kibrisdakik.com\/wp-content\/uploads\/2024\/09\/8989-740x420.jpg","contentUrl":"https:\/\/kibrisdakik.com\/wp-content\/uploads\/2024\/09\/8989-740x420.jpg","width":864,"height":486},{"@type":"BreadcrumbList","@id":"https:\/\/kibrisdakik.com\/?p=59312#breadcrumb","itemListElement":[{"@type":"ListItem","position":1,"name":"Home","item":"https:\/\/kibrisdakik.com\/"},{"@type":"ListItem","position":2,"name":"Ukrayna D\u0131\u015fi\u015fleri Bakan\u0131 Kuleba istifa dilek\u00e7esini parlamentoya sundu"}]},{"@type":"WebSite","@id":"https:\/\/kibrisdakik.com\/#website","url":"https:\/\/kibrisdakik.com\/","name":"","description":"Tam vaktinde haber","potentialAction":[{"@type":"SearchAction","target":{"@type":"EntryPoint","urlTemplate":"https:\/\/kibrisdakik.com\/?s={search_term_string}"},"query-input":{"@type":"PropertyValueSpecification","valueRequired":true,"valueName":"search_term_string"}}],"inLanguage":"tr"},{"@type":"Person","@id":"https:\/\/kibrisdakik.com\/#\/schema\/person\/9cd9d437bbb44f72b73ba127e06d8e79","name":"admin","image":{"@type":"ImageObject","inLanguage":"tr","@id":"https:\/\/secure.gravatar.com\/avatar\/ccc17943b9d660506c869530f897617f7cb1c21a4bf30023f252596d83e1f007?s=96&d=mm&r=g","url":"https:\/\/secure.gravatar.com\/avatar\/ccc17943b9d660506c869530f897617f7cb1c21a4bf30023f252596d83e1f007?s=96&d=mm&r=g","contentUrl":"https:\/\/secure.gravatar.com\/avatar\/ccc17943b9d660506c869530f897617f7cb1c21a4bf30023f252596d83e1f007?s=96&d=mm&r=g","caption":"admin"},"sameAs":["https:\/\/kibrisdakik.com"],"url":"https:\/\/kibrisdakik.com\/?author=1"}]}},"_links":{"self":[{"href":"https:\/\/kibrisdakik.com\/index.php?rest_route=\/wp\/v2\/posts\/59312","targetHints":{"allow":["GET"]}}],"collection":[{"href":"https:\/\/kibrisdakik.com\/index.php?rest_route=\/wp\/v2\/posts"}],"about":[{"href":"https:\/\/kibrisdakik.com\/index.php?rest_route=\/wp\/v2\/types\/post"}],"author":[{"embeddable":true,"href":"https:\/\/kibrisdakik.com\/index.php?rest_route=\/wp\/v2\/users\/1"}],"replies":[{"embeddable":true,"href":"https:\/\/kibrisdakik.com\/index.php?rest_route=%2Fwp%2Fv2%2Fcomments&post=59312"}],"version-history":[{"count":0,"href":"https:\/\/kibrisdakik.com\/index.php?rest_route=\/wp\/v2\/posts\/59312\/revisions"}],"wp:featuredmedia":[{"embeddable":true,"href":"https:\/\/kibrisdakik.com\/index.php?rest_route=\/wp\/v2\/media\/59313"}],"wp:attachment":[{"href":"https:\/\/kibrisdakik.com\/index.php?rest_route=%2Fwp%2Fv2%2Fmedia&parent=59312"}],"wp:term":[{"taxonomy":"category","embeddable":true,"href":"https:\/\/kibrisdakik.com\/index.php?rest_route=%2Fwp%2Fv2%2Fcategories&post=59312"},{"taxonomy":"post_tag","embeddable":true,"href":"https:\/\/kibrisdakik.com\/index.php?rest_route=%2Fwp%2Fv2%2Ftags&post=59312"}],"curies":[{"name":"wp","href":"https:\/\/api.w.org\/{rel}","templated":true}]}}