{"id":59320,"date":"2024-09-04T10:52:20","date_gmt":"2024-09-04T07:52:20","guid":{"rendered":"https:\/\/kibrisdakik.com\/index.php\/2024\/09\/04\/unlu-anketci-ilk-cumhurbaskani-adayini-simdiden-ilan-etti-aday-adayidir-demiyorum-adaydir\/"},"modified":"2024-09-04T10:52:20","modified_gmt":"2024-09-04T07:52:20","slug":"unlu-anketci-ilk-cumhurbaskani-adayini-simdiden-ilan-etti-aday-adayidir-demiyorum-adaydir","status":"publish","type":"post","link":"https:\/\/kibrisdakik.com\/?p=59320","title":{"rendered":"\u00dcnl\u00fc anket\u00e7i, ilk cumhurba\u015fkan\u0131 aday\u0131n\u0131 \u015fimdiden ilan etti: Aday aday\u0131d\u0131r demiyorum, adayd\u0131r"},"content":{"rendered":"<p><\/p>\n<div id=\"\">\n<p>Erken  <a class=\"keyword\" href=\"https:\/\/www.haberler.com\/secim\/\" title=\"Se\u00e7im, Se\u00e7im Sonu\u00e7lar\u0131, Se\u00e7im Sonu\u00e7lar\u0131 2023\"><strong>se\u00e7im<\/strong><\/a> \u00e7a\u011fr\u0131lar\u0131n\u0131 yineleyen ve Cumhurba\u015fkan\u0131 Erdo\u011fan&#8217;\u0131n yeniden aday olmas\u0131 gerekti\u011fini belirten CHP Genel Ba\u015fkan\u0131 \u00d6zg\u00fcr \u00d6zel&#8217;in &#8220;Erdo\u011fan&#8217;\u0131n aday olmas\u0131n\u0131 ve onu yenerek bu s\u00fcrecin tamamlanmas\u0131n\u0131 T\u00fcrkiye demokrasisi a\u00e7\u0131s\u0131ndan sa\u011fl\u0131kl\u0131 g\u00f6r\u00fcyorum&#8221; \u015feklindeki s\u00f6zleri g\u00fcndeme bomba gibi d\u00fc\u015ft\u00fc. <\/p>\n<h3>&#8220;ADAY ADAYIDIR DEM\u0130YORUM KES\u0130NL\u0130KLE ADAYDIR&#8221;<\/h3>\n<p>Bu s\u00f6zlerin yank\u0131lar\u0131 s\u00fcrerken Kamuoyu Ara\u015ft\u0131rmac\u0131s\u0131 Mehmet Ali Kulat&#8217;tan \u00e7ok konu\u015fulacak bir \u00e7\u0131k\u0131\u015f geldi. TGRT Haber&#8217;deki G\u00fcndem \u00d6zel program\u0131nda muhalefetin \u015fimdiden tart\u0131\u015f\u0131lmaya ba\u015flanan cumhurba\u015fkan\u0131 aday\u0131 ile ilgili dikkat \u00e7eken a\u00e7\u0131klamalarda bulunan Kulat, &#8220;\u00c7ok net olarak s\u00f6yl\u00fcyorum, Mansur Yava\u015f cumhurba\u015fkan\u0131 aday\u0131d\u0131r. &#8216;Aday aday\u0131d\u0131r&#8217; demiyorum kesinlikle adayd\u0131r&#8221; ifadelerini kullanarak Yava\u015f&#8217;\u0131n adayl\u0131k s\u00fcrecinin net oldu\u011funu belirtti.<\/p>\n<p><img loading=\"lazy\" decoding=\"async\" class=\"hbptMainImage lazyload ImgDetay\" src=\"https:\/\/foto.haberler.com\/haber\/2024\/09\/04\/unlu-anketci-ilk-cumhurbaskani-adayini-simdiden-17785078_7632_m.jpg\" alt=\"\u00dcnl\u00fc anket\u00e7i, ilk cumhurba\u015fkan\u0131 aday\u0131n\u0131 \u015fimdiden ilan etti: Aday aday\u0131d\u0131r demiyorum, adayd\u0131r\" width=\"640\" height=\"447\"\/><\/p>\n<h3>&#8220;CHP ADAY G\u00d6STERMESE B\u0130LE&#8230;&#8221;<\/h3>\n<p>CHP&#8217;nin Mansur Yava\u015f&#8217;\u0131 aday g\u00f6stermemesi durumunda bile, Yava\u015f&#8217;\u0131n se\u00e7menden 100 bin imza toplayarak ba\u011f\u0131ms\u0131z aday olarak cumhurba\u015fkanl\u0131\u011f\u0131 yar\u0131\u015f\u0131na kat\u0131labilece\u011fini dile getiren Kulat, vatanda\u015flar aras\u0131nda Yava\u015f&#8217;a y\u00f6nelik ciddi bir tevecc\u00fch oldu\u011funu belirtti.<\/p>\n<p><img loading=\"lazy\" decoding=\"async\" class=\"hbptMainImage lazyload ImgDetay\" src=\"https:\/\/foto.haberler.com\/haber\/2024\/09\/04\/unlu-anketci-ilk-cumhurbaskani-adayini-simdiden-17785078_1821_m.jpg\" alt=\"\u00dcnl\u00fc anket\u00e7i, ilk cumhurba\u015fkan\u0131 aday\u0131n\u0131 \u015fimdiden ilan etti: Aday aday\u0131d\u0131r demiyorum, adayd\u0131r\" width=\"640\" height=\"442\"\/><\/p>\n<h3>&#8220;2023&#8217;TE ADAY OLSAM KAZANIRDIM&#8221; DEM\u0130\u015eT\u0130 <\/h3>\n<p>ABB Ba\u015fkan\u0131 Mansur Yava\u015f, daha \u00f6nce kat\u0131ld\u0131\u011f\u0131 bir televizyon program\u0131nda 2023 y\u0131l\u0131nda aday olmas\u0131 durumunda se\u00e7imi kazanacaklar\u0131n\u0131 belirterek \u015fu ifadelere yer vermi\u015fti: &#8220;Alt\u0131l\u0131 Masa&#8217;n\u0131n karar almas\u0131 halinde aday olaca\u011f\u0131n\u0131 s\u00f6yledi\u011fini hat\u0131rlatan Mansur Yava\u015f, &#8220;Bu s\u00fcre\u00e7te adayl\u0131\u011f\u0131mla ilgili her yerde \u015funu s\u00f6yledim, &#8216;Alt\u0131l\u0131 Masa aday g\u00f6sterirse aday olurum&#8217;. Zaten s\u00f6yledim oybirli\u011fi olsayd\u0131 olurdum. Kazanaca\u011f\u0131m\u0131 d\u00fc\u015f\u00fcn\u00fcyorum. Daha fazla konu\u015fmak istemiyorum. Mahalli se\u00e7im ortam\u0131nday\u0131z. \u0130n\u015fallah May\u0131s ay\u0131nda yapaca\u011f\u0131m\u0131z g\u00f6r\u00fc\u015fmede kamuoyunun bilmedi\u011fi konular\u0131 bir kez konu\u015furum, bir daha konu\u015fmam.&#8221; <\/p>\n<h4 id=\"nwsKeywords\"> <a href=\"https:\/\/www.haberler.com\/mansur-yavas\/\" title=\"Mansur Yava\u015f\" class=\"hbptTag\">Mansur Yava\u015f<\/a> <\/h4>\n<\/div>\n","protected":false},"excerpt":{"rendered":"<p>Erken se\u00e7im \u00e7a\u011fr\u0131lar\u0131n\u0131 yineleyen ve Cumhurba\u015fkan\u0131 Erdo\u011fan&#8217;\u0131n yeniden aday olmas\u0131 gerekti\u011fini belirten CHP Genel Ba\u015fkan\u0131 \u00d6zg\u00fcr \u00d6zel&#8217;in &#8220;Erdo\u011fan&#8217;\u0131n aday olmas\u0131n\u0131 ve onu yenerek bu s\u00fcrecin tamamlanmas\u0131n\u0131 T\u00fcrkiye demokrasisi a\u00e7\u0131s\u0131ndan sa\u011fl\u0131kl\u0131 g\u00f6r\u00fcyorum&#8221; \u015feklindeki s\u00f6zleri g\u00fcndeme bomba gibi d\u00fc\u015ft\u00fc. &#8220;ADAY ADAYIDIR DEM\u0130YORUM KES\u0130NL\u0130KLE ADAYDIR&#8221; Bu s\u00f6zlerin yank\u0131lar\u0131 s\u00fcrerken Kamuoyu Ara\u015ft\u0131rmac\u0131s\u0131 Mehmet Ali Kulat&#8217;tan \u00e7ok konu\u015fulacak bir \u00e7\u0131k\u0131\u015f<\/p>\n","protected":false},"author":1,"featured_media":59321,"comment_status":"open","ping_status":"open","sticky":false,"template":"","format":"standard","meta":{"footnotes":""},"categories":[83],"tags":[],"class_list":["post-59320","post","type-post","status-publish","format-standard","has-post-thumbnail","hentry","category-magazin"],"yoast_head":"<!-- This site is optimized with the Yoast SEO plugin v28.4 - https:\/\/yoast.com\/product\/yoast-seo-wordpress\/ -->\n<title>\u00dcnl\u00fc anket\u00e7i, ilk cumhurba\u015fkan\u0131 aday\u0131n\u0131 \u015fimdiden ilan etti: Aday aday\u0131d\u0131r demiyorum, adayd\u0131r -<\/title>\n<meta name=\"robots\" content=\"index, follow, max-snippet:-1, max-image-preview:large, max-video-preview:-1\" \/>\n<link rel=\"canonical\" href=\"https:\/\/kibrisdakik.com\/?p=59320\" \/>\n<meta property=\"og:locale\" content=\"tr_TR\" \/>\n<meta property=\"og:type\" content=\"article\" \/>\n<meta property=\"og:title\" content=\"\u00dcnl\u00fc anket\u00e7i, ilk cumhurba\u015fkan\u0131 aday\u0131n\u0131 \u015fimdiden ilan etti: Aday aday\u0131d\u0131r demiyorum, adayd\u0131r -\" \/>\n<meta property=\"og:description\" content=\"Erken se\u00e7im \u00e7a\u011fr\u0131lar\u0131n\u0131 yineleyen ve Cumhurba\u015fkan\u0131 Erdo\u011fan&#8217;\u0131n yeniden aday olmas\u0131 gerekti\u011fini belirten CHP Genel Ba\u015fkan\u0131 \u00d6zg\u00fcr \u00d6zel&#8217;in &#8220;Erdo\u011fan&#8217;\u0131n aday olmas\u0131n\u0131 ve onu yenerek bu s\u00fcrecin tamamlanmas\u0131n\u0131 T\u00fcrkiye demokrasisi a\u00e7\u0131s\u0131ndan sa\u011fl\u0131kl\u0131 g\u00f6r\u00fcyorum&#8221; \u015feklindeki s\u00f6zleri g\u00fcndeme bomba gibi d\u00fc\u015ft\u00fc. &#8220;ADAY ADAYIDIR DEM\u0130YORUM KES\u0130NL\u0130KLE ADAYDIR&#8221; Bu s\u00f6zlerin yank\u0131lar\u0131 s\u00fcrerken Kamuoyu Ara\u015ft\u0131rmac\u0131s\u0131 Mehmet Ali Kulat&#8217;tan \u00e7ok konu\u015fulacak bir \u00e7\u0131k\u0131\u015f\" \/>\n<meta property=\"og:url\" content=\"https:\/\/kibrisdakik.com\/?p=59320\" \/>\n<meta property=\"article:published_time\" content=\"2024-09-04T07:52:20+00:00\" \/>\n<meta property=\"og:image\" content=\"https:\/\/kibrisdakik.com\/wp-content\/uploads\/2024\/09\/unlu-anketci-ilk-cumhurbaskani-adayini-simdiden-17785078_7632_m-640x420.jpg\" \/>\n\t<meta property=\"og:image:width\" content=\"640\" \/>\n\t<meta property=\"og:image:height\" content=\"446\" \/>\n\t<meta property=\"og:image:type\" content=\"image\/jpeg\" \/>\n<meta name=\"author\" content=\"admin\" \/>\n<meta name=\"twitter:card\" content=\"summary_large_image\" \/>\n<meta name=\"twitter:label1\" content=\"Yazan:\" \/>\n\t<meta name=\"twitter:data1\" content=\"admin\" \/>\n\t<meta name=\"twitter:label2\" content=\"Tahmini okuma s\u00fcresi\" \/>\n\t<meta name=\"twitter:data2\" content=\"2 dakika\" \/>\n<script type=\"application\/ld+json\" class=\"yoast-schema-graph\">{\"@context\":\"https:\\\/\\\/schema.org\",\"@graph\":[{\"@type\":\"Article\",\"@id\":\"https:\\\/\\\/kibrisdakik.com\\\/?p=59320#article\",\"isPartOf\":{\"@id\":\"https:\\\/\\\/kibrisdakik.com\\\/?p=59320\"},\"author\":{\"name\":\"admin\",\"@id\":\"https:\\\/\\\/kibrisdakik.com\\\/#\\\/schema\\\/person\\\/9cd9d437bbb44f72b73ba127e06d8e79\"},\"headline\":\"\u00dcnl\u00fc anket\u00e7i, ilk cumhurba\u015fkan\u0131 aday\u0131n\u0131 \u015fimdiden ilan etti: Aday aday\u0131d\u0131r demiyorum, adayd\u0131r\",\"datePublished\":\"2024-09-04T07:52:20+00:00\",\"mainEntityOfPage\":{\"@id\":\"https:\\\/\\\/kibrisdakik.com\\\/?p=59320\"},\"wordCount\":343,\"commentCount\":0,\"publisher\":{\"@id\":\"https:\\\/\\\/kibrisdakik.com\\\/#organization\"},\"image\":{\"@id\":\"https:\\\/\\\/kibrisdakik.com\\\/?p=59320#primaryimage\"},\"thumbnailUrl\":\"https:\\\/\\\/kibrisdakik.com\\\/wp-content\\\/uploads\\\/2024\\\/09\\\/unlu-anketci-ilk-cumhurbaskani-adayini-simdiden-17785078_7632_m-640x420.jpg\",\"articleSection\":[\"Magazin\"],\"inLanguage\":\"tr\",\"potentialAction\":[{\"@type\":\"CommentAction\",\"name\":\"Comment\",\"target\":[\"https:\\\/\\\/kibrisdakik.com\\\/?p=59320#respond\"]}]},{\"@type\":\"WebPage\",\"@id\":\"https:\\\/\\\/kibrisdakik.com\\\/?p=59320\",\"url\":\"https:\\\/\\\/kibrisdakik.com\\\/?p=59320\",\"name\":\"\u00dcnl\u00fc anket\u00e7i, ilk cumhurba\u015fkan\u0131 aday\u0131n\u0131 \u015fimdiden ilan etti: Aday aday\u0131d\u0131r demiyorum, adayd\u0131r -\",\"isPartOf\":{\"@id\":\"https:\\\/\\\/kibrisdakik.com\\\/#website\"},\"primaryImageOfPage\":{\"@id\":\"https:\\\/\\\/kibrisdakik.com\\\/?p=59320#primaryimage\"},\"image\":{\"@id\":\"https:\\\/\\\/kibrisdakik.com\\\/?p=59320#primaryimage\"},\"thumbnailUrl\":\"https:\\\/\\\/kibrisdakik.com\\\/wp-content\\\/uploads\\\/2024\\\/09\\\/unlu-anketci-ilk-cumhurbaskani-adayini-simdiden-17785078_7632_m-640x420.jpg\",\"datePublished\":\"2024-09-04T07:52:20+00:00\",\"breadcrumb\":{\"@id\":\"https:\\\/\\\/kibrisdakik.com\\\/?p=59320#breadcrumb\"},\"inLanguage\":\"tr\",\"potentialAction\":[{\"@type\":\"ReadAction\",\"target\":[\"https:\\\/\\\/kibrisdakik.com\\\/?p=59320\"]}]},{\"@type\":\"ImageObject\",\"inLanguage\":\"tr\",\"@id\":\"https:\\\/\\\/kibrisdakik.com\\\/?p=59320#primaryimage\",\"url\":\"https:\\\/\\\/kibrisdakik.com\\\/wp-content\\\/uploads\\\/2024\\\/09\\\/unlu-anketci-ilk-cumhurbaskani-adayini-simdiden-17785078_7632_m-640x420.jpg\",\"contentUrl\":\"https:\\\/\\\/kibrisdakik.com\\\/wp-content\\\/uploads\\\/2024\\\/09\\\/unlu-anketci-ilk-cumhurbaskani-adayini-simdiden-17785078_7632_m-640x420.jpg\",\"width\":640,\"height\":446},{\"@type\":\"BreadcrumbList\",\"@id\":\"https:\\\/\\\/kibrisdakik.com\\\/?p=59320#breadcrumb\",\"itemListElement\":[{\"@type\":\"ListItem\",\"position\":1,\"name\":\"Home\",\"item\":\"https:\\\/\\\/kibrisdakik.com\\\/\"},{\"@type\":\"ListItem\",\"position\":2,\"name\":\"\u00dcnl\u00fc anket\u00e7i, ilk cumhurba\u015fkan\u0131 aday\u0131n\u0131 \u015fimdiden ilan etti: Aday aday\u0131d\u0131r demiyorum, adayd\u0131r\"}]},{\"@type\":\"WebSite\",\"@id\":\"https:\\\/\\\/kibrisdakik.com\\\/#website\",\"url\":\"https:\\\/\\\/kibrisdakik.com\\\/\",\"name\":\"K\u0131br\u0131s Dakik\",\"description\":\"Tam vaktinde haber\",\"publisher\":{\"@id\":\"https:\\\/\\\/kibrisdakik.com\\\/#organization\"},\"potentialAction\":[{\"@type\":\"SearchAction\",\"target\":{\"@type\":\"EntryPoint\",\"urlTemplate\":\"https:\\\/\\\/kibrisdakik.com\\\/?s={search_term_string}\"},\"query-input\":{\"@type\":\"PropertyValueSpecification\",\"valueRequired\":true,\"valueName\":\"search_term_string\"}}],\"inLanguage\":\"tr\"},{\"@type\":\"Organization\",\"@id\":\"https:\\\/\\\/kibrisdakik.com\\\/#organization\",\"name\":\"K\u0131br\u0131s Dakik\",\"url\":\"https:\\\/\\\/kibrisdakik.com\\\/\",\"logo\":{\"@type\":\"ImageObject\",\"inLanguage\":\"tr\",\"@id\":\"https:\\\/\\\/kibrisdakik.com\\\/#\\\/schema\\\/logo\\\/image\\\/\",\"url\":\"https:\\\/\\\/kibrisdakik.com\\\/wp-content\\\/uploads\\\/2025\\\/10\\\/cropped-WhatsApp-Image-2025-10-02-at-12.58.31.jpeg\",\"contentUrl\":\"https:\\\/\\\/kibrisdakik.com\\\/wp-content\\\/uploads\\\/2025\\\/10\\\/cropped-WhatsApp-Image-2025-10-02-at-12.58.31.jpeg\",\"width\":1237,\"height\":190,\"caption\":\"K\u0131br\u0131s Dakik\"},\"image\":{\"@id\":\"https:\\\/\\\/kibrisdakik.com\\\/#\\\/schema\\\/logo\\\/image\\\/\"}},{\"@type\":\"Person\",\"@id\":\"https:\\\/\\\/kibrisdakik.com\\\/#\\\/schema\\\/person\\\/9cd9d437bbb44f72b73ba127e06d8e79\",\"name\":\"admin\",\"image\":{\"@type\":\"ImageObject\",\"inLanguage\":\"tr\",\"@id\":\"https:\\\/\\\/secure.gravatar.com\\\/avatar\\\/ccc17943b9d660506c869530f897617f7cb1c21a4bf30023f252596d83e1f007?s=96&d=mm&r=g\",\"url\":\"https:\\\/\\\/secure.gravatar.com\\\/avatar\\\/ccc17943b9d660506c869530f897617f7cb1c21a4bf30023f252596d83e1f007?s=96&d=mm&r=g\",\"contentUrl\":\"https:\\\/\\\/secure.gravatar.com\\\/avatar\\\/ccc17943b9d660506c869530f897617f7cb1c21a4bf30023f252596d83e1f007?s=96&d=mm&r=g\",\"caption\":\"admin\"},\"sameAs\":[\"https:\\\/\\\/kibrisdakik.com\"],\"url\":\"https:\\\/\\\/kibrisdakik.com\\\/?author=1\"}]}<\/script>\n<!-- \/ Yoast SEO plugin. -->","yoast_head_json":{"title":"\u00dcnl\u00fc anket\u00e7i, ilk cumhurba\u015fkan\u0131 aday\u0131n\u0131 \u015fimdiden ilan etti: Aday aday\u0131d\u0131r demiyorum, adayd\u0131r -","robots":{"index":"index","follow":"follow","max-snippet":"max-snippet:-1","max-image-preview":"max-image-preview:large","max-video-preview":"max-video-preview:-1"},"canonical":"https:\/\/kibrisdakik.com\/?p=59320","og_locale":"tr_TR","og_type":"article","og_title":"\u00dcnl\u00fc anket\u00e7i, ilk cumhurba\u015fkan\u0131 aday\u0131n\u0131 \u015fimdiden ilan etti: Aday aday\u0131d\u0131r demiyorum, adayd\u0131r -","og_description":"Erken se\u00e7im \u00e7a\u011fr\u0131lar\u0131n\u0131 yineleyen ve Cumhurba\u015fkan\u0131 Erdo\u011fan&#8217;\u0131n yeniden aday olmas\u0131 gerekti\u011fini belirten CHP Genel Ba\u015fkan\u0131 \u00d6zg\u00fcr \u00d6zel&#8217;in &#8220;Erdo\u011fan&#8217;\u0131n aday olmas\u0131n\u0131 ve onu yenerek bu s\u00fcrecin tamamlanmas\u0131n\u0131 T\u00fcrkiye demokrasisi a\u00e7\u0131s\u0131ndan sa\u011fl\u0131kl\u0131 g\u00f6r\u00fcyorum&#8221; \u015feklindeki s\u00f6zleri g\u00fcndeme bomba gibi d\u00fc\u015ft\u00fc. &#8220;ADAY ADAYIDIR DEM\u0130YORUM KES\u0130NL\u0130KLE ADAYDIR&#8221; Bu s\u00f6zlerin yank\u0131lar\u0131 s\u00fcrerken Kamuoyu Ara\u015ft\u0131rmac\u0131s\u0131 Mehmet Ali Kulat&#8217;tan \u00e7ok konu\u015fulacak bir \u00e7\u0131k\u0131\u015f","og_url":"https:\/\/kibrisdakik.com\/?p=59320","article_published_time":"2024-09-04T07:52:20+00:00","og_image":[{"width":640,"height":446,"url":"https:\/\/kibrisdakik.com\/wp-content\/uploads\/2024\/09\/unlu-anketci-ilk-cumhurbaskani-adayini-simdiden-17785078_7632_m-640x420.jpg","type":"image\/jpeg"}],"author":"admin","twitter_card":"summary_large_image","twitter_misc":{"Yazan:":"admin","Tahmini okuma s\u00fcresi":"2 dakika"},"schema":{"@context":"https:\/\/schema.org","@graph":[{"@type":"Article","@id":"https:\/\/kibrisdakik.com\/?p=59320#article","isPartOf":{"@id":"https:\/\/kibrisdakik.com\/?p=59320"},"author":{"name":"admin","@id":"https:\/\/kibrisdakik.com\/#\/schema\/person\/9cd9d437bbb44f72b73ba127e06d8e79"},"headline":"\u00dcnl\u00fc anket\u00e7i, ilk cumhurba\u015fkan\u0131 aday\u0131n\u0131 \u015fimdiden ilan etti: Aday aday\u0131d\u0131r demiyorum, adayd\u0131r","datePublished":"2024-09-04T07:52:20+00:00","mainEntityOfPage":{"@id":"https:\/\/kibrisdakik.com\/?p=59320"},"wordCount":343,"commentCount":0,"publisher":{"@id":"https:\/\/kibrisdakik.com\/#organization"},"image":{"@id":"https:\/\/kibrisdakik.com\/?p=59320#primaryimage"},"thumbnailUrl":"https:\/\/kibrisdakik.com\/wp-content\/uploads\/2024\/09\/unlu-anketci-ilk-cumhurbaskani-adayini-simdiden-17785078_7632_m-640x420.jpg","articleSection":["Magazin"],"inLanguage":"tr","potentialAction":[{"@type":"CommentAction","name":"Comment","target":["https:\/\/kibrisdakik.com\/?p=59320#respond"]}]},{"@type":"WebPage","@id":"https:\/\/kibrisdakik.com\/?p=59320","url":"https:\/\/kibrisdakik.com\/?p=59320","name":"\u00dcnl\u00fc anket\u00e7i, ilk cumhurba\u015fkan\u0131 aday\u0131n\u0131 \u015fimdiden ilan etti: Aday aday\u0131d\u0131r demiyorum, adayd\u0131r -","isPartOf":{"@id":"https:\/\/kibrisdakik.com\/#website"},"primaryImageOfPage":{"@id":"https:\/\/kibrisdakik.com\/?p=59320#primaryimage"},"image":{"@id":"https:\/\/kibrisdakik.com\/?p=59320#primaryimage"},"thumbnailUrl":"https:\/\/kibrisdakik.com\/wp-content\/uploads\/2024\/09\/unlu-anketci-ilk-cumhurbaskani-adayini-simdiden-17785078_7632_m-640x420.jpg","datePublished":"2024-09-04T07:52:20+00:00","breadcrumb":{"@id":"https:\/\/kibrisdakik.com\/?p=59320#breadcrumb"},"inLanguage":"tr","potentialAction":[{"@type":"ReadAction","target":["https:\/\/kibrisdakik.com\/?p=59320"]}]},{"@type":"ImageObject","inLanguage":"tr","@id":"https:\/\/kibrisdakik.com\/?p=59320#primaryimage","url":"https:\/\/kibrisdakik.com\/wp-content\/uploads\/2024\/09\/unlu-anketci-ilk-cumhurbaskani-adayini-simdiden-17785078_7632_m-640x420.jpg","contentUrl":"https:\/\/kibrisdakik.com\/wp-content\/uploads\/2024\/09\/unlu-anketci-ilk-cumhurbaskani-adayini-simdiden-17785078_7632_m-640x420.jpg","width":640,"height":446},{"@type":"BreadcrumbList","@id":"https:\/\/kibrisdakik.com\/?p=59320#breadcrumb","itemListElement":[{"@type":"ListItem","position":1,"name":"Home","item":"https:\/\/kibrisdakik.com\/"},{"@type":"ListItem","position":2,"name":"\u00dcnl\u00fc anket\u00e7i, ilk cumhurba\u015fkan\u0131 aday\u0131n\u0131 \u015fimdiden ilan etti: Aday aday\u0131d\u0131r demiyorum, adayd\u0131r"}]},{"@type":"WebSite","@id":"https:\/\/kibrisdakik.com\/#website","url":"https:\/\/kibrisdakik.com\/","name":"K\u0131br\u0131s Dakik","description":"Tam vaktinde haber","publisher":{"@id":"https:\/\/kibrisdakik.com\/#organization"},"potentialAction":[{"@type":"SearchAction","target":{"@type":"EntryPoint","urlTemplate":"https:\/\/kibrisdakik.com\/?s={search_term_string}"},"query-input":{"@type":"PropertyValueSpecification","valueRequired":true,"valueName":"search_term_string"}}],"inLanguage":"tr"},{"@type":"Organization","@id":"https:\/\/kibrisdakik.com\/#organization","name":"K\u0131br\u0131s Dakik","url":"https:\/\/kibrisdakik.com\/","logo":{"@type":"ImageObject","inLanguage":"tr","@id":"https:\/\/kibrisdakik.com\/#\/schema\/logo\/image\/","url":"https:\/\/kibrisdakik.com\/wp-content\/uploads\/2025\/10\/cropped-WhatsApp-Image-2025-10-02-at-12.58.31.jpeg","contentUrl":"https:\/\/kibrisdakik.com\/wp-content\/uploads\/2025\/10\/cropped-WhatsApp-Image-2025-10-02-at-12.58.31.jpeg","width":1237,"height":190,"caption":"K\u0131br\u0131s Dakik"},"image":{"@id":"https:\/\/kibrisdakik.com\/#\/schema\/logo\/image\/"}},{"@type":"Person","@id":"https:\/\/kibrisdakik.com\/#\/schema\/person\/9cd9d437bbb44f72b73ba127e06d8e79","name":"admin","image":{"@type":"ImageObject","inLanguage":"tr","@id":"https:\/\/secure.gravatar.com\/avatar\/ccc17943b9d660506c869530f897617f7cb1c21a4bf30023f252596d83e1f007?s=96&d=mm&r=g","url":"https:\/\/secure.gravatar.com\/avatar\/ccc17943b9d660506c869530f897617f7cb1c21a4bf30023f252596d83e1f007?s=96&d=mm&r=g","contentUrl":"https:\/\/secure.gravatar.com\/avatar\/ccc17943b9d660506c869530f897617f7cb1c21a4bf30023f252596d83e1f007?s=96&d=mm&r=g","caption":"admin"},"sameAs":["https:\/\/kibrisdakik.com"],"url":"https:\/\/kibrisdakik.com\/?author=1"}]}},"_links":{"self":[{"href":"https:\/\/kibrisdakik.com\/index.php?rest_route=\/wp\/v2\/posts\/59320","targetHints":{"allow":["GET"]}}],"collection":[{"href":"https:\/\/kibrisdakik.com\/index.php?rest_route=\/wp\/v2\/posts"}],"about":[{"href":"https:\/\/kibrisdakik.com\/index.php?rest_route=\/wp\/v2\/types\/post"}],"author":[{"embeddable":true,"href":"https:\/\/kibrisdakik.com\/index.php?rest_route=\/wp\/v2\/users\/1"}],"replies":[{"embeddable":true,"href":"https:\/\/kibrisdakik.com\/index.php?rest_route=%2Fwp%2Fv2%2Fcomments&post=59320"}],"version-history":[{"count":0,"href":"https:\/\/kibrisdakik.com\/index.php?rest_route=\/wp\/v2\/posts\/59320\/revisions"}],"wp:featuredmedia":[{"embeddable":true,"href":"https:\/\/kibrisdakik.com\/index.php?rest_route=\/wp\/v2\/media\/59321"}],"wp:attachment":[{"href":"https:\/\/kibrisdakik.com\/index.php?rest_route=%2Fwp%2Fv2%2Fmedia&parent=59320"}],"wp:term":[{"taxonomy":"category","embeddable":true,"href":"https:\/\/kibrisdakik.com\/index.php?rest_route=%2Fwp%2Fv2%2Fcategories&post=59320"},{"taxonomy":"post_tag","embeddable":true,"href":"https:\/\/kibrisdakik.com\/index.php?rest_route=%2Fwp%2Fv2%2Ftags&post=59320"}],"curies":[{"name":"wp","href":"https:\/\/api.w.org\/{rel}","templated":true}]}}