{"id":59424,"date":"2024-09-04T14:36:13","date_gmt":"2024-09-04T11:36:13","guid":{"rendered":"https:\/\/kibrisdakik.com\/index.php\/2024\/09\/04\/evlilik-yil-donumunde-bogazi-kesilmis-halde-bulunan-genc-hemsirenin-intihar-ettigi-belirlendi\/"},"modified":"2024-09-04T14:36:13","modified_gmt":"2024-09-04T11:36:13","slug":"evlilik-yil-donumunde-bogazi-kesilmis-halde-bulunan-genc-hemsirenin-intihar-ettigi-belirlendi","status":"publish","type":"post","link":"https:\/\/kibrisdakik.com\/?p=59424","title":{"rendered":"Evlilik y\u0131l d\u00f6n\u00fcm\u00fcnde bo\u011faz\u0131 kesilmi\u015f halde bulunan gen\u00e7 hem\u015firenin intihar etti\u011fi belirlendi"},"content":{"rendered":"<p><\/p>\n<div id=\"\">\n<p>D\u00fcn Eski\u015fehir&#8217;in Odunpazar\u0131 il\u00e7esinde26 AIC 139 plakal\u0131 arac\u0131n arka koltu\u011funda hem\u015fire Tu\u011fba Ko\u00e7&#8217;un (25) \u00f6l\u00fc bulunmas\u0131 \u00fczerine ba\u015flat\u0131lan soru\u015fturma kapsam\u0131nda g\u00f6zalt\u0131na al\u0131nan e\u015fi A.K&#8217;nin emniyetteki i\u015flemleri tamamland\u0131. <\/p>\n<p>Sa\u011fl\u0131k kontrol\u00fcn\u00fcn ard\u0131ndan adliyeye getirilen A.K, cumhuriyet savc\u0131l\u0131\u011f\u0131nca sorguland\u0131. A.K&#8217;nin sorgusunda, e\u015finin ya\u015fad\u0131\u011f\u0131 uyku sorunu nedeniyle psikolojik tedavi g\u00f6rd\u00fc\u011f\u00fcn\u00fc ve bunal\u0131ma girdi\u011fini s\u00f6yledi\u011fi \u00f6\u011frenildi. N\u00f6bet\u00e7i sulh ceza hakimli\u011fine \u00e7\u0131kar\u0131lan A.K, adli kontrol \u015fart\u0131yla serbest b\u0131rak\u0131ld\u0131.<\/p>\n<h3>\u0130NT\u0130HAR ETT\u0130\u011e\u0130 Y\u00d6N\u00dcNDE EMARELER VAR<\/h3>\n<p>\u00d6te yandan Tu\u011fba Ko\u00e7&#8217;un Eski\u015fehir \u015eehir Hastanesi&#8217;nde yap\u0131lan otopsisinde, intihar etti\u011fine ili\u015fkin emarelerin tespit edildi\u011fi \u00f6\u011frenildi. Tu\u011fba Ko\u00e7&#8217;un cenazesi, ailesi taraf\u0131ndan Eski\u015fehir \u015eehir Hastanesi morgundan teslim al\u0131nd\u0131. Bu s\u0131rada Ko\u00e7&#8217;un yak\u0131nlar\u0131 g\u00f6zya\u015flar\u0131n\u0131 tutamad\u0131. Ko\u00e7&#8217;un cenazesinin, Alpu il\u00e7esine ba\u011fl\u0131 k\u0131rsal Alap\u0131nar Mahallesi&#8217;nde \u00f6\u011fle vakti k\u0131l\u0131nacak cenaze namaz\u0131 sonras\u0131 topra\u011fa verilece\u011fi \u00f6\u011frenildi.<\/p>\n<figure class=\"type:primaryimage hbhOrder\" style=\"margin-bottom: 20px;\"><img loading=\"lazy\" decoding=\"async\" width=\"1202\" height=\"675\" class=\"hbptMainImage\" id=\"HaberImage\" src=\"https:\/\/foto.haberler.com\/resize\/601x337\/haber\/2024\/09\/04\/evlilik-yildonumunde-bogazi-kesilmis-halde-17786156_7600_amp.jpg\"\/><\/figure>\n<h4 id=\"nwsKeywords\"> <a href=\"https:\/\/www.haberler.com\/evlilik\/\" title=\"Evlilik\" class=\"hbptTag\">Evlilik<\/a>  <a href=\"https:\/\/www.haberler.com\/3-sayfa\/\" title=\"3-sayfa\" class=\"hbptTag\">3-sayfa<\/a>  <a href=\"https:\/\/www.haberler.com\/guncel\/\" title=\"G\u00fcncel\" class=\"hbptTag\">G\u00fcncel<\/a>  <a href=\"https:\/\/www.haberler.com\/otopsi\/\" title=\"Otopsi\" class=\"hbptTag\">Otopsi<\/a> <\/h4>\n<\/div>\n","protected":false},"excerpt":{"rendered":"<p>D\u00fcn Eski\u015fehir&#8217;in Odunpazar\u0131 il\u00e7esinde26 AIC 139 plakal\u0131 arac\u0131n arka koltu\u011funda hem\u015fire Tu\u011fba Ko\u00e7&#8217;un (25) \u00f6l\u00fc bulunmas\u0131 \u00fczerine ba\u015flat\u0131lan soru\u015fturma kapsam\u0131nda g\u00f6zalt\u0131na al\u0131nan e\u015fi A.K&#8217;nin emniyetteki i\u015flemleri tamamland\u0131. Sa\u011fl\u0131k kontrol\u00fcn\u00fcn ard\u0131ndan adliyeye getirilen A.K, cumhuriyet savc\u0131l\u0131\u011f\u0131nca sorguland\u0131. A.K&#8217;nin sorgusunda, e\u015finin ya\u015fad\u0131\u011f\u0131 uyku sorunu nedeniyle psikolojik tedavi g\u00f6rd\u00fc\u011f\u00fcn\u00fc ve bunal\u0131ma girdi\u011fini s\u00f6yledi\u011fi \u00f6\u011frenildi. N\u00f6bet\u00e7i sulh ceza hakimli\u011fine<\/p>\n","protected":false},"author":1,"featured_media":59425,"comment_status":"open","ping_status":"open","sticky":false,"template":"","format":"standard","meta":{"footnotes":""},"categories":[83],"tags":[],"class_list":["post-59424","post","type-post","status-publish","format-standard","has-post-thumbnail","hentry","category-magazin"],"yoast_head":"<!-- This site is optimized with the Yoast SEO plugin v27.4 - https:\/\/yoast.com\/product\/yoast-seo-wordpress\/ -->\n<title>Evlilik y\u0131l d\u00f6n\u00fcm\u00fcnde bo\u011faz\u0131 kesilmi\u015f halde bulunan gen\u00e7 hem\u015firenin intihar etti\u011fi belirlendi -<\/title>\n<meta name=\"robots\" content=\"index, follow, max-snippet:-1, max-image-preview:large, max-video-preview:-1\" \/>\n<link rel=\"canonical\" href=\"https:\/\/kibrisdakik.com\/?p=59424\" \/>\n<meta property=\"og:locale\" content=\"tr_TR\" \/>\n<meta property=\"og:type\" content=\"article\" \/>\n<meta property=\"og:title\" content=\"Evlilik y\u0131l d\u00f6n\u00fcm\u00fcnde bo\u011faz\u0131 kesilmi\u015f halde bulunan gen\u00e7 hem\u015firenin intihar etti\u011fi belirlendi -\" \/>\n<meta property=\"og:description\" content=\"D\u00fcn Eski\u015fehir&#8217;in Odunpazar\u0131 il\u00e7esinde26 AIC 139 plakal\u0131 arac\u0131n arka koltu\u011funda hem\u015fire Tu\u011fba Ko\u00e7&#8217;un (25) \u00f6l\u00fc bulunmas\u0131 \u00fczerine ba\u015flat\u0131lan soru\u015fturma kapsam\u0131nda g\u00f6zalt\u0131na al\u0131nan e\u015fi A.K&#8217;nin emniyetteki i\u015flemleri tamamland\u0131. Sa\u011fl\u0131k kontrol\u00fcn\u00fcn ard\u0131ndan adliyeye getirilen A.K, cumhuriyet savc\u0131l\u0131\u011f\u0131nca sorguland\u0131. A.K&#8217;nin sorgusunda, e\u015finin ya\u015fad\u0131\u011f\u0131 uyku sorunu nedeniyle psikolojik tedavi g\u00f6rd\u00fc\u011f\u00fcn\u00fc ve bunal\u0131ma girdi\u011fini s\u00f6yledi\u011fi \u00f6\u011frenildi. N\u00f6bet\u00e7i sulh ceza hakimli\u011fine\" \/>\n<meta property=\"og:url\" content=\"https:\/\/kibrisdakik.com\/?p=59424\" \/>\n<meta property=\"article:published_time\" content=\"2024-09-04T11:36:13+00:00\" \/>\n<meta property=\"og:image\" content=\"https:\/\/kibrisdakik.com\/wp-content\/uploads\/2024\/09\/evlilik-yildonumunde-bogazi-kesilmis-halde-17786156_7600_amp.jpg\" \/>\n\t<meta property=\"og:image:width\" content=\"601\" \/>\n\t<meta property=\"og:image:height\" content=\"337\" \/>\n\t<meta property=\"og:image:type\" content=\"image\/jpeg\" \/>\n<meta name=\"author\" content=\"admin\" \/>\n<meta name=\"twitter:card\" content=\"summary_large_image\" \/>\n<meta name=\"twitter:label1\" content=\"Yazan:\" \/>\n\t<meta name=\"twitter:data1\" content=\"admin\" \/>\n\t<meta name=\"twitter:label2\" content=\"Tahmini okuma s\u00fcresi\" \/>\n\t<meta name=\"twitter:data2\" content=\"1 dakika\" \/>\n<script type=\"application\/ld+json\" class=\"yoast-schema-graph\">{\"@context\":\"https:\\\/\\\/schema.org\",\"@graph\":[{\"@type\":\"Article\",\"@id\":\"https:\\\/\\\/kibrisdakik.com\\\/?p=59424#article\",\"isPartOf\":{\"@id\":\"https:\\\/\\\/kibrisdakik.com\\\/?p=59424\"},\"author\":{\"name\":\"admin\",\"@id\":\"https:\\\/\\\/kibrisdakik.com\\\/#\\\/schema\\\/person\\\/9cd9d437bbb44f72b73ba127e06d8e79\"},\"headline\":\"Evlilik y\u0131l d\u00f6n\u00fcm\u00fcnde bo\u011faz\u0131 kesilmi\u015f halde bulunan gen\u00e7 hem\u015firenin intihar etti\u011fi belirlendi\",\"datePublished\":\"2024-09-04T11:36:13+00:00\",\"mainEntityOfPage\":{\"@id\":\"https:\\\/\\\/kibrisdakik.com\\\/?p=59424\"},\"wordCount\":212,\"commentCount\":0,\"image\":{\"@id\":\"https:\\\/\\\/kibrisdakik.com\\\/?p=59424#primaryimage\"},\"thumbnailUrl\":\"https:\\\/\\\/kibrisdakik.com\\\/wp-content\\\/uploads\\\/2024\\\/09\\\/evlilik-yildonumunde-bogazi-kesilmis-halde-17786156_7600_amp.jpg\",\"articleSection\":[\"Magazin\"],\"inLanguage\":\"tr\",\"potentialAction\":[{\"@type\":\"CommentAction\",\"name\":\"Comment\",\"target\":[\"https:\\\/\\\/kibrisdakik.com\\\/?p=59424#respond\"]}]},{\"@type\":\"WebPage\",\"@id\":\"https:\\\/\\\/kibrisdakik.com\\\/?p=59424\",\"url\":\"https:\\\/\\\/kibrisdakik.com\\\/?p=59424\",\"name\":\"Evlilik y\u0131l d\u00f6n\u00fcm\u00fcnde bo\u011faz\u0131 kesilmi\u015f halde bulunan gen\u00e7 hem\u015firenin intihar etti\u011fi belirlendi -\",\"isPartOf\":{\"@id\":\"https:\\\/\\\/kibrisdakik.com\\\/#website\"},\"primaryImageOfPage\":{\"@id\":\"https:\\\/\\\/kibrisdakik.com\\\/?p=59424#primaryimage\"},\"image\":{\"@id\":\"https:\\\/\\\/kibrisdakik.com\\\/?p=59424#primaryimage\"},\"thumbnailUrl\":\"https:\\\/\\\/kibrisdakik.com\\\/wp-content\\\/uploads\\\/2024\\\/09\\\/evlilik-yildonumunde-bogazi-kesilmis-halde-17786156_7600_amp.jpg\",\"datePublished\":\"2024-09-04T11:36:13+00:00\",\"author\":{\"@id\":\"https:\\\/\\\/kibrisdakik.com\\\/#\\\/schema\\\/person\\\/9cd9d437bbb44f72b73ba127e06d8e79\"},\"breadcrumb\":{\"@id\":\"https:\\\/\\\/kibrisdakik.com\\\/?p=59424#breadcrumb\"},\"inLanguage\":\"tr\",\"potentialAction\":[{\"@type\":\"ReadAction\",\"target\":[\"https:\\\/\\\/kibrisdakik.com\\\/?p=59424\"]}]},{\"@type\":\"ImageObject\",\"inLanguage\":\"tr\",\"@id\":\"https:\\\/\\\/kibrisdakik.com\\\/?p=59424#primaryimage\",\"url\":\"https:\\\/\\\/kibrisdakik.com\\\/wp-content\\\/uploads\\\/2024\\\/09\\\/evlilik-yildonumunde-bogazi-kesilmis-halde-17786156_7600_amp.jpg\",\"contentUrl\":\"https:\\\/\\\/kibrisdakik.com\\\/wp-content\\\/uploads\\\/2024\\\/09\\\/evlilik-yildonumunde-bogazi-kesilmis-halde-17786156_7600_amp.jpg\",\"width\":601,\"height\":337},{\"@type\":\"BreadcrumbList\",\"@id\":\"https:\\\/\\\/kibrisdakik.com\\\/?p=59424#breadcrumb\",\"itemListElement\":[{\"@type\":\"ListItem\",\"position\":1,\"name\":\"Home\",\"item\":\"https:\\\/\\\/kibrisdakik.com\\\/\"},{\"@type\":\"ListItem\",\"position\":2,\"name\":\"Evlilik y\u0131l d\u00f6n\u00fcm\u00fcnde bo\u011faz\u0131 kesilmi\u015f halde bulunan gen\u00e7 hem\u015firenin intihar etti\u011fi belirlendi\"}]},{\"@type\":\"WebSite\",\"@id\":\"https:\\\/\\\/kibrisdakik.com\\\/#website\",\"url\":\"https:\\\/\\\/kibrisdakik.com\\\/\",\"name\":\"\",\"description\":\"Tam vaktinde haber\",\"potentialAction\":[{\"@type\":\"SearchAction\",\"target\":{\"@type\":\"EntryPoint\",\"urlTemplate\":\"https:\\\/\\\/kibrisdakik.com\\\/?s={search_term_string}\"},\"query-input\":{\"@type\":\"PropertyValueSpecification\",\"valueRequired\":true,\"valueName\":\"search_term_string\"}}],\"inLanguage\":\"tr\"},{\"@type\":\"Person\",\"@id\":\"https:\\\/\\\/kibrisdakik.com\\\/#\\\/schema\\\/person\\\/9cd9d437bbb44f72b73ba127e06d8e79\",\"name\":\"admin\",\"image\":{\"@type\":\"ImageObject\",\"inLanguage\":\"tr\",\"@id\":\"https:\\\/\\\/secure.gravatar.com\\\/avatar\\\/ccc17943b9d660506c869530f897617f7cb1c21a4bf30023f252596d83e1f007?s=96&d=mm&r=g\",\"url\":\"https:\\\/\\\/secure.gravatar.com\\\/avatar\\\/ccc17943b9d660506c869530f897617f7cb1c21a4bf30023f252596d83e1f007?s=96&d=mm&r=g\",\"contentUrl\":\"https:\\\/\\\/secure.gravatar.com\\\/avatar\\\/ccc17943b9d660506c869530f897617f7cb1c21a4bf30023f252596d83e1f007?s=96&d=mm&r=g\",\"caption\":\"admin\"},\"sameAs\":[\"https:\\\/\\\/kibrisdakik.com\"],\"url\":\"https:\\\/\\\/kibrisdakik.com\\\/?author=1\"}]}<\/script>\n<!-- \/ Yoast SEO plugin. -->","yoast_head_json":{"title":"Evlilik y\u0131l d\u00f6n\u00fcm\u00fcnde bo\u011faz\u0131 kesilmi\u015f halde bulunan gen\u00e7 hem\u015firenin intihar etti\u011fi belirlendi -","robots":{"index":"index","follow":"follow","max-snippet":"max-snippet:-1","max-image-preview":"max-image-preview:large","max-video-preview":"max-video-preview:-1"},"canonical":"https:\/\/kibrisdakik.com\/?p=59424","og_locale":"tr_TR","og_type":"article","og_title":"Evlilik y\u0131l d\u00f6n\u00fcm\u00fcnde bo\u011faz\u0131 kesilmi\u015f halde bulunan gen\u00e7 hem\u015firenin intihar etti\u011fi belirlendi -","og_description":"D\u00fcn Eski\u015fehir&#8217;in Odunpazar\u0131 il\u00e7esinde26 AIC 139 plakal\u0131 arac\u0131n arka koltu\u011funda hem\u015fire Tu\u011fba Ko\u00e7&#8217;un (25) \u00f6l\u00fc bulunmas\u0131 \u00fczerine ba\u015flat\u0131lan soru\u015fturma kapsam\u0131nda g\u00f6zalt\u0131na al\u0131nan e\u015fi A.K&#8217;nin emniyetteki i\u015flemleri tamamland\u0131. Sa\u011fl\u0131k kontrol\u00fcn\u00fcn ard\u0131ndan adliyeye getirilen A.K, cumhuriyet savc\u0131l\u0131\u011f\u0131nca sorguland\u0131. A.K&#8217;nin sorgusunda, e\u015finin ya\u015fad\u0131\u011f\u0131 uyku sorunu nedeniyle psikolojik tedavi g\u00f6rd\u00fc\u011f\u00fcn\u00fc ve bunal\u0131ma girdi\u011fini s\u00f6yledi\u011fi \u00f6\u011frenildi. N\u00f6bet\u00e7i sulh ceza hakimli\u011fine","og_url":"https:\/\/kibrisdakik.com\/?p=59424","article_published_time":"2024-09-04T11:36:13+00:00","og_image":[{"width":601,"height":337,"url":"https:\/\/kibrisdakik.com\/wp-content\/uploads\/2024\/09\/evlilik-yildonumunde-bogazi-kesilmis-halde-17786156_7600_amp.jpg","type":"image\/jpeg"}],"author":"admin","twitter_card":"summary_large_image","twitter_misc":{"Yazan:":"admin","Tahmini okuma s\u00fcresi":"1 dakika"},"schema":{"@context":"https:\/\/schema.org","@graph":[{"@type":"Article","@id":"https:\/\/kibrisdakik.com\/?p=59424#article","isPartOf":{"@id":"https:\/\/kibrisdakik.com\/?p=59424"},"author":{"name":"admin","@id":"https:\/\/kibrisdakik.com\/#\/schema\/person\/9cd9d437bbb44f72b73ba127e06d8e79"},"headline":"Evlilik y\u0131l d\u00f6n\u00fcm\u00fcnde bo\u011faz\u0131 kesilmi\u015f halde bulunan gen\u00e7 hem\u015firenin intihar etti\u011fi belirlendi","datePublished":"2024-09-04T11:36:13+00:00","mainEntityOfPage":{"@id":"https:\/\/kibrisdakik.com\/?p=59424"},"wordCount":212,"commentCount":0,"image":{"@id":"https:\/\/kibrisdakik.com\/?p=59424#primaryimage"},"thumbnailUrl":"https:\/\/kibrisdakik.com\/wp-content\/uploads\/2024\/09\/evlilik-yildonumunde-bogazi-kesilmis-halde-17786156_7600_amp.jpg","articleSection":["Magazin"],"inLanguage":"tr","potentialAction":[{"@type":"CommentAction","name":"Comment","target":["https:\/\/kibrisdakik.com\/?p=59424#respond"]}]},{"@type":"WebPage","@id":"https:\/\/kibrisdakik.com\/?p=59424","url":"https:\/\/kibrisdakik.com\/?p=59424","name":"Evlilik y\u0131l d\u00f6n\u00fcm\u00fcnde bo\u011faz\u0131 kesilmi\u015f halde bulunan gen\u00e7 hem\u015firenin intihar etti\u011fi belirlendi -","isPartOf":{"@id":"https:\/\/kibrisdakik.com\/#website"},"primaryImageOfPage":{"@id":"https:\/\/kibrisdakik.com\/?p=59424#primaryimage"},"image":{"@id":"https:\/\/kibrisdakik.com\/?p=59424#primaryimage"},"thumbnailUrl":"https:\/\/kibrisdakik.com\/wp-content\/uploads\/2024\/09\/evlilik-yildonumunde-bogazi-kesilmis-halde-17786156_7600_amp.jpg","datePublished":"2024-09-04T11:36:13+00:00","author":{"@id":"https:\/\/kibrisdakik.com\/#\/schema\/person\/9cd9d437bbb44f72b73ba127e06d8e79"},"breadcrumb":{"@id":"https:\/\/kibrisdakik.com\/?p=59424#breadcrumb"},"inLanguage":"tr","potentialAction":[{"@type":"ReadAction","target":["https:\/\/kibrisdakik.com\/?p=59424"]}]},{"@type":"ImageObject","inLanguage":"tr","@id":"https:\/\/kibrisdakik.com\/?p=59424#primaryimage","url":"https:\/\/kibrisdakik.com\/wp-content\/uploads\/2024\/09\/evlilik-yildonumunde-bogazi-kesilmis-halde-17786156_7600_amp.jpg","contentUrl":"https:\/\/kibrisdakik.com\/wp-content\/uploads\/2024\/09\/evlilik-yildonumunde-bogazi-kesilmis-halde-17786156_7600_amp.jpg","width":601,"height":337},{"@type":"BreadcrumbList","@id":"https:\/\/kibrisdakik.com\/?p=59424#breadcrumb","itemListElement":[{"@type":"ListItem","position":1,"name":"Home","item":"https:\/\/kibrisdakik.com\/"},{"@type":"ListItem","position":2,"name":"Evlilik y\u0131l d\u00f6n\u00fcm\u00fcnde bo\u011faz\u0131 kesilmi\u015f halde bulunan gen\u00e7 hem\u015firenin intihar etti\u011fi belirlendi"}]},{"@type":"WebSite","@id":"https:\/\/kibrisdakik.com\/#website","url":"https:\/\/kibrisdakik.com\/","name":"","description":"Tam vaktinde haber","potentialAction":[{"@type":"SearchAction","target":{"@type":"EntryPoint","urlTemplate":"https:\/\/kibrisdakik.com\/?s={search_term_string}"},"query-input":{"@type":"PropertyValueSpecification","valueRequired":true,"valueName":"search_term_string"}}],"inLanguage":"tr"},{"@type":"Person","@id":"https:\/\/kibrisdakik.com\/#\/schema\/person\/9cd9d437bbb44f72b73ba127e06d8e79","name":"admin","image":{"@type":"ImageObject","inLanguage":"tr","@id":"https:\/\/secure.gravatar.com\/avatar\/ccc17943b9d660506c869530f897617f7cb1c21a4bf30023f252596d83e1f007?s=96&d=mm&r=g","url":"https:\/\/secure.gravatar.com\/avatar\/ccc17943b9d660506c869530f897617f7cb1c21a4bf30023f252596d83e1f007?s=96&d=mm&r=g","contentUrl":"https:\/\/secure.gravatar.com\/avatar\/ccc17943b9d660506c869530f897617f7cb1c21a4bf30023f252596d83e1f007?s=96&d=mm&r=g","caption":"admin"},"sameAs":["https:\/\/kibrisdakik.com"],"url":"https:\/\/kibrisdakik.com\/?author=1"}]}},"_links":{"self":[{"href":"https:\/\/kibrisdakik.com\/index.php?rest_route=\/wp\/v2\/posts\/59424","targetHints":{"allow":["GET"]}}],"collection":[{"href":"https:\/\/kibrisdakik.com\/index.php?rest_route=\/wp\/v2\/posts"}],"about":[{"href":"https:\/\/kibrisdakik.com\/index.php?rest_route=\/wp\/v2\/types\/post"}],"author":[{"embeddable":true,"href":"https:\/\/kibrisdakik.com\/index.php?rest_route=\/wp\/v2\/users\/1"}],"replies":[{"embeddable":true,"href":"https:\/\/kibrisdakik.com\/index.php?rest_route=%2Fwp%2Fv2%2Fcomments&post=59424"}],"version-history":[{"count":0,"href":"https:\/\/kibrisdakik.com\/index.php?rest_route=\/wp\/v2\/posts\/59424\/revisions"}],"wp:featuredmedia":[{"embeddable":true,"href":"https:\/\/kibrisdakik.com\/index.php?rest_route=\/wp\/v2\/media\/59425"}],"wp:attachment":[{"href":"https:\/\/kibrisdakik.com\/index.php?rest_route=%2Fwp%2Fv2%2Fmedia&parent=59424"}],"wp:term":[{"taxonomy":"category","embeddable":true,"href":"https:\/\/kibrisdakik.com\/index.php?rest_route=%2Fwp%2Fv2%2Fcategories&post=59424"},{"taxonomy":"post_tag","embeddable":true,"href":"https:\/\/kibrisdakik.com\/index.php?rest_route=%2Fwp%2Fv2%2Ftags&post=59424"}],"curies":[{"name":"wp","href":"https:\/\/api.w.org\/{rel}","templated":true}]}}