{"id":59435,"date":"2024-09-04T15:48:05","date_gmt":"2024-09-04T12:48:05","guid":{"rendered":"https:\/\/kibrisdakik.com\/index.php\/2024\/09\/04\/rek-derde-suat-bora-durdu-yeniden-baskanliga-secildi\/"},"modified":"2024-09-04T15:48:05","modified_gmt":"2024-09-04T12:48:05","slug":"rek-derde-suat-bora-durdu-yeniden-baskanliga-secildi","status":"publish","type":"post","link":"https:\/\/kibrisdakik.com\/?p=59435","title":{"rendered":"REK-DER\u2019de Suat Bora Durdu, yeniden ba\u015fkanl\u0131\u011fa se\u00e7ildi"},"content":{"rendered":"<div>\n<div class=\"mariselle-image-container center\">\n                                            <\/div>\n<p>K\u0131br\u0131s T\u00fcrk Reklamc\u0131lar ve Tasar\u0131mc\u0131lar Birli\u011fi Derne\u011fi (REK-DER), 2\u2019nci Ola\u011fan Genel Kurulu\u2019nu ger\u00e7ekle\u015ftirdi.<br \/>Sanayi Odas\u0131\u2019nda ger\u00e7ekle\u015fen genel kurulda, \u00f6nce faaliyet ve mali rapor onaya sunuldu.<\/p>\n<div class=\"mariselle-image-container center\">\n                <img loading=\"lazy\" decoding=\"async\" width=\"2560\" height=\"1558\" class=\"lazy-image\" alt=\"\" sizes=\"auto, (max-width: 2560px) 100vw, 2560px\" src=\"https:\/\/brtk.net\/wp-content\/uploads\/2024\/09\/04\/suat-bora-durdu-rekbir-scaled.jpg?ver=c7b2cb1a07c827344fd3c1b5ac5bfb79\" srcset=\"https:\/\/brtk.net\/wp-content\/uploads\/2024\/09\/04\/suat-bora-durdu-rekbir-scaled.jpg?ver=c7b2cb1a07c827344fd3c1b5ac5bfb79 2560w, https:\/\/brtk.net\/wp-content\/uploads\/2024\/09\/04\/suat-bora-durdu-rekbir-300x183.jpg?ver=c7b2cb1a07c827344fd3c1b5ac5bfb79 300w, https:\/\/brtk.net\/wp-content\/uploads\/2024\/09\/04\/suat-bora-durdu-rekbir-1024x623.jpg?ver=c7b2cb1a07c827344fd3c1b5ac5bfb79 1024w, https:\/\/brtk.net\/wp-content\/uploads\/2024\/09\/04\/suat-bora-durdu-rekbir-768x468.jpg?ver=ceb58d3b4be3ce23a513c8598ab841df 768w, https:\/\/brtk.net\/wp-content\/uploads\/2024\/09\/04\/suat-bora-durdu-rekbir-1536x935.jpg?ver=03bb25262a03a8758bc2a9d0f063367c 1536w, https:\/\/brtk.net\/wp-content\/uploads\/2024\/09\/04\/suat-bora-durdu-rekbir-2048x1247.jpg?ver=8addbc7035eecc016084003ca60ac79b 2048w\"\/>                            <\/div>\n<p>\nArd\u0131ndan yap\u0131lan se\u00e7imde tek aday olan mevcut ba\u015fkan Suat Bora Durdu, yeniden ba\u015fkanl\u0131\u011fa se\u00e7ildi.<\/p>\n<p>Durdu, oylama \u00f6ncesi yapt\u0131\u011f\u0131 konu\u015fmada, yeni d\u00f6nemin somut \u00e7\u00f6z\u00fcmlere kavu\u015fuldu\u011fu, \u00fcreticilerin, tedarik\u00e7ilerin, a\u00e7\u0131k hava reklamc\u0131lar\u0131n, kreatif ve dijital ajanslar\u0131n halihaz\u0131rda kar\u015f\u0131la\u015ft\u0131\u011f\u0131 sorunlar\u0131n giderildi\u011fi bir d\u00f6nem olaca\u011f\u0131n\u0131n alt\u0131n\u0131 \u00e7izdi. Suat Bora Durdu, kendisine g\u00fcvenen t\u00fcm \u00fcyelere te\u015fekk\u00fcr etti.<\/p>\n<div class=\"mariselle-image-container center\">\n                <img loading=\"lazy\" decoding=\"async\" width=\"2560\" height=\"980\" class=\"lazy-image\" alt=\"\" sizes=\"auto, (max-width: 2560px) 100vw, 2560px\" src=\"https:\/\/brtk.net\/wp-content\/uploads\/2024\/09\/04\/ozbekoglu-scaled.jpg?ver=aba0544832b35d9e000bf6fb007f55a6\" srcset=\"https:\/\/brtk.net\/wp-content\/uploads\/2024\/09\/04\/ozbekoglu-scaled.jpg?ver=aba0544832b35d9e000bf6fb007f55a6 2560w, https:\/\/brtk.net\/wp-content\/uploads\/2024\/09\/04\/ozbekoglu-300x115.jpg?ver=aba0544832b35d9e000bf6fb007f55a6 300w, https:\/\/brtk.net\/wp-content\/uploads\/2024\/09\/04\/ozbekoglu-1024x392.jpg?ver=aba0544832b35d9e000bf6fb007f55a6 1024w, https:\/\/brtk.net\/wp-content\/uploads\/2024\/09\/04\/ozbekoglu-768x294.jpg?ver=7bd7cbc0e693bec00ab9d7ad74921d54 768w, https:\/\/brtk.net\/wp-content\/uploads\/2024\/09\/04\/ozbekoglu-1536x588.jpg?ver=f656e2267e0eaf1df6b0fc9d5627fd37 1536w, https:\/\/brtk.net\/wp-content\/uploads\/2024\/09\/04\/ozbekoglu-2048x784.jpg?ver=8876e4618ecd9ad4dfcbe1585173776b 2048w\"\/>                            <\/div>\n<p>Kurul toplant\u0131 a\u00e7\u0131l\u0131\u015f\u0131n\u0131 yapan REK-DER Ba\u015fkan Yard\u0131mc\u0131s\u0131 \u00d6zlem \u00d6zbeko\u011flu da, 41 \u00fcyenin ve sekt\u00f6r\u00fcn \u00f6nemli payda\u015flar\u0131ndan olu\u015fan derne\u011finin yeni d\u00f6nemde etki alan\u0131n\u0131n geni\u015fletece\u011finizi ve daha da b\u00fcy\u00fcyece\u011fini belirtti.<br \/>Derne\u011fin yeni y\u00f6netim kurulu ise \u015fu isimlerden olu\u015ftu:<\/p>\n<p>Suat Bora Durdu (Ba\u015fkan)<br \/>\u00d6zlem \u00d6zbeko\u011flu<br \/>Emre Zeren Safa<br \/>H\u00fcseyin Tanman<br \/>Cem Vurgun<br \/>Nureddin Zaim<br \/>Okan Yan\u0131k<br \/>Renan\u00a0Avni Hanife Akdeniz<\/p>\n<\/p><\/div>\n<p><script async\n                    defer\n                    crossorigin=\"anonymous\"\n                    src=\"https:\/\/connect.facebook.net\/tr_TR\/sdk.js#xfbml=1&#038;version=v3.3\"\n            ><\/script><\/p>\n","protected":false},"excerpt":{"rendered":"<p>K\u0131br\u0131s T\u00fcrk Reklamc\u0131lar ve Tasar\u0131mc\u0131lar Birli\u011fi Derne\u011fi (REK-DER), 2\u2019nci Ola\u011fan Genel Kurulu\u2019nu ger\u00e7ekle\u015ftirdi.Sanayi Odas\u0131\u2019nda ger\u00e7ekle\u015fen genel kurulda, \u00f6nce faaliyet ve mali rapor onaya sunuldu. Ard\u0131ndan yap\u0131lan se\u00e7imde tek aday olan mevcut ba\u015fkan Suat Bora Durdu, yeniden ba\u015fkanl\u0131\u011fa se\u00e7ildi. Durdu, oylama \u00f6ncesi yapt\u0131\u011f\u0131 konu\u015fmada, yeni d\u00f6nemin somut \u00e7\u00f6z\u00fcmlere kavu\u015fuldu\u011fu, \u00fcreticilerin, tedarik\u00e7ilerin, a\u00e7\u0131k hava reklamc\u0131lar\u0131n, kreatif ve<\/p>\n","protected":false},"author":1,"featured_media":59436,"comment_status":"open","ping_status":"open","sticky":false,"template":"","format":"standard","meta":{"footnotes":""},"categories":[81],"tags":[],"class_list":["post-59435","post","type-post","status-publish","format-standard","has-post-thumbnail","hentry","category-kibris"],"yoast_head":"<!-- This site is optimized with the Yoast SEO plugin v27.5 - https:\/\/yoast.com\/product\/yoast-seo-wordpress\/ -->\n<title>REK-DER\u2019de Suat Bora Durdu, yeniden ba\u015fkanl\u0131\u011fa se\u00e7ildi -<\/title>\n<meta name=\"robots\" content=\"index, follow, max-snippet:-1, max-image-preview:large, max-video-preview:-1\" \/>\n<link rel=\"canonical\" href=\"https:\/\/kibrisdakik.com\/?p=59435\" \/>\n<meta property=\"og:locale\" content=\"tr_TR\" \/>\n<meta property=\"og:type\" content=\"article\" \/>\n<meta property=\"og:title\" content=\"REK-DER\u2019de Suat Bora Durdu, yeniden ba\u015fkanl\u0131\u011fa se\u00e7ildi -\" \/>\n<meta property=\"og:description\" content=\"K\u0131br\u0131s T\u00fcrk Reklamc\u0131lar ve Tasar\u0131mc\u0131lar Birli\u011fi Derne\u011fi (REK-DER), 2\u2019nci Ola\u011fan Genel Kurulu\u2019nu ger\u00e7ekle\u015ftirdi.Sanayi Odas\u0131\u2019nda ger\u00e7ekle\u015fen genel kurulda, \u00f6nce faaliyet ve mali rapor onaya sunuldu. Ard\u0131ndan yap\u0131lan se\u00e7imde tek aday olan mevcut ba\u015fkan Suat Bora Durdu, yeniden ba\u015fkanl\u0131\u011fa se\u00e7ildi. Durdu, oylama \u00f6ncesi yapt\u0131\u011f\u0131 konu\u015fmada, yeni d\u00f6nemin somut \u00e7\u00f6z\u00fcmlere kavu\u015fuldu\u011fu, \u00fcreticilerin, tedarik\u00e7ilerin, a\u00e7\u0131k hava reklamc\u0131lar\u0131n, kreatif ve\" \/>\n<meta property=\"og:url\" content=\"https:\/\/kibrisdakik.com\/?p=59435\" \/>\n<meta property=\"article:published_time\" content=\"2024-09-04T12:48:05+00:00\" \/>\n<meta property=\"og:image\" content=\"https:\/\/kibrisdakik.com\/wp-content\/uploads\/2024\/09\/salskdskada-scaled-740x420.jpg\" \/>\n\t<meta property=\"og:image:width\" content=\"2560\" \/>\n\t<meta property=\"og:image:height\" content=\"1396\" \/>\n\t<meta property=\"og:image:type\" content=\"image\/jpeg\" \/>\n<meta name=\"author\" content=\"admin\" \/>\n<meta name=\"twitter:card\" content=\"summary_large_image\" \/>\n<meta name=\"twitter:label1\" content=\"Yazan:\" \/>\n\t<meta name=\"twitter:data1\" content=\"admin\" \/>\n\t<meta name=\"twitter:label2\" content=\"Tahmini okuma s\u00fcresi\" \/>\n\t<meta name=\"twitter:data2\" content=\"1 dakika\" \/>\n<script type=\"application\/ld+json\" class=\"yoast-schema-graph\">{\"@context\":\"https:\\\/\\\/schema.org\",\"@graph\":[{\"@type\":\"Article\",\"@id\":\"https:\\\/\\\/kibrisdakik.com\\\/?p=59435#article\",\"isPartOf\":{\"@id\":\"https:\\\/\\\/kibrisdakik.com\\\/?p=59435\"},\"author\":{\"name\":\"admin\",\"@id\":\"https:\\\/\\\/kibrisdakik.com\\\/#\\\/schema\\\/person\\\/9cd9d437bbb44f72b73ba127e06d8e79\"},\"headline\":\"REK-DER\u2019de Suat Bora Durdu, yeniden ba\u015fkanl\u0131\u011fa se\u00e7ildi\",\"datePublished\":\"2024-09-04T12:48:05+00:00\",\"mainEntityOfPage\":{\"@id\":\"https:\\\/\\\/kibrisdakik.com\\\/?p=59435\"},\"wordCount\":209,\"commentCount\":0,\"image\":{\"@id\":\"https:\\\/\\\/kibrisdakik.com\\\/?p=59435#primaryimage\"},\"thumbnailUrl\":\"https:\\\/\\\/kibrisdakik.com\\\/wp-content\\\/uploads\\\/2024\\\/09\\\/salskdskada-scaled-740x420.jpg\",\"articleSection\":[\"K\u0131br\u0131s\"],\"inLanguage\":\"tr\",\"potentialAction\":[{\"@type\":\"CommentAction\",\"name\":\"Comment\",\"target\":[\"https:\\\/\\\/kibrisdakik.com\\\/?p=59435#respond\"]}]},{\"@type\":\"WebPage\",\"@id\":\"https:\\\/\\\/kibrisdakik.com\\\/?p=59435\",\"url\":\"https:\\\/\\\/kibrisdakik.com\\\/?p=59435\",\"name\":\"REK-DER\u2019de Suat Bora Durdu, yeniden ba\u015fkanl\u0131\u011fa se\u00e7ildi -\",\"isPartOf\":{\"@id\":\"https:\\\/\\\/kibrisdakik.com\\\/#website\"},\"primaryImageOfPage\":{\"@id\":\"https:\\\/\\\/kibrisdakik.com\\\/?p=59435#primaryimage\"},\"image\":{\"@id\":\"https:\\\/\\\/kibrisdakik.com\\\/?p=59435#primaryimage\"},\"thumbnailUrl\":\"https:\\\/\\\/kibrisdakik.com\\\/wp-content\\\/uploads\\\/2024\\\/09\\\/salskdskada-scaled-740x420.jpg\",\"datePublished\":\"2024-09-04T12:48:05+00:00\",\"author\":{\"@id\":\"https:\\\/\\\/kibrisdakik.com\\\/#\\\/schema\\\/person\\\/9cd9d437bbb44f72b73ba127e06d8e79\"},\"breadcrumb\":{\"@id\":\"https:\\\/\\\/kibrisdakik.com\\\/?p=59435#breadcrumb\"},\"inLanguage\":\"tr\",\"potentialAction\":[{\"@type\":\"ReadAction\",\"target\":[\"https:\\\/\\\/kibrisdakik.com\\\/?p=59435\"]}]},{\"@type\":\"ImageObject\",\"inLanguage\":\"tr\",\"@id\":\"https:\\\/\\\/kibrisdakik.com\\\/?p=59435#primaryimage\",\"url\":\"https:\\\/\\\/kibrisdakik.com\\\/wp-content\\\/uploads\\\/2024\\\/09\\\/salskdskada-scaled-740x420.jpg\",\"contentUrl\":\"https:\\\/\\\/kibrisdakik.com\\\/wp-content\\\/uploads\\\/2024\\\/09\\\/salskdskada-scaled-740x420.jpg\",\"width\":2560,\"height\":1396},{\"@type\":\"BreadcrumbList\",\"@id\":\"https:\\\/\\\/kibrisdakik.com\\\/?p=59435#breadcrumb\",\"itemListElement\":[{\"@type\":\"ListItem\",\"position\":1,\"name\":\"Home\",\"item\":\"https:\\\/\\\/kibrisdakik.com\\\/\"},{\"@type\":\"ListItem\",\"position\":2,\"name\":\"REK-DER\u2019de Suat Bora Durdu, yeniden ba\u015fkanl\u0131\u011fa se\u00e7ildi\"}]},{\"@type\":\"WebSite\",\"@id\":\"https:\\\/\\\/kibrisdakik.com\\\/#website\",\"url\":\"https:\\\/\\\/kibrisdakik.com\\\/\",\"name\":\"\",\"description\":\"Tam vaktinde haber\",\"potentialAction\":[{\"@type\":\"SearchAction\",\"target\":{\"@type\":\"EntryPoint\",\"urlTemplate\":\"https:\\\/\\\/kibrisdakik.com\\\/?s={search_term_string}\"},\"query-input\":{\"@type\":\"PropertyValueSpecification\",\"valueRequired\":true,\"valueName\":\"search_term_string\"}}],\"inLanguage\":\"tr\"},{\"@type\":\"Person\",\"@id\":\"https:\\\/\\\/kibrisdakik.com\\\/#\\\/schema\\\/person\\\/9cd9d437bbb44f72b73ba127e06d8e79\",\"name\":\"admin\",\"image\":{\"@type\":\"ImageObject\",\"inLanguage\":\"tr\",\"@id\":\"https:\\\/\\\/secure.gravatar.com\\\/avatar\\\/ccc17943b9d660506c869530f897617f7cb1c21a4bf30023f252596d83e1f007?s=96&d=mm&r=g\",\"url\":\"https:\\\/\\\/secure.gravatar.com\\\/avatar\\\/ccc17943b9d660506c869530f897617f7cb1c21a4bf30023f252596d83e1f007?s=96&d=mm&r=g\",\"contentUrl\":\"https:\\\/\\\/secure.gravatar.com\\\/avatar\\\/ccc17943b9d660506c869530f897617f7cb1c21a4bf30023f252596d83e1f007?s=96&d=mm&r=g\",\"caption\":\"admin\"},\"sameAs\":[\"https:\\\/\\\/kibrisdakik.com\"],\"url\":\"https:\\\/\\\/kibrisdakik.com\\\/?author=1\"}]}<\/script>\n<!-- \/ Yoast SEO plugin. -->","yoast_head_json":{"title":"REK-DER\u2019de Suat Bora Durdu, yeniden ba\u015fkanl\u0131\u011fa se\u00e7ildi -","robots":{"index":"index","follow":"follow","max-snippet":"max-snippet:-1","max-image-preview":"max-image-preview:large","max-video-preview":"max-video-preview:-1"},"canonical":"https:\/\/kibrisdakik.com\/?p=59435","og_locale":"tr_TR","og_type":"article","og_title":"REK-DER\u2019de Suat Bora Durdu, yeniden ba\u015fkanl\u0131\u011fa se\u00e7ildi -","og_description":"K\u0131br\u0131s T\u00fcrk Reklamc\u0131lar ve Tasar\u0131mc\u0131lar Birli\u011fi Derne\u011fi (REK-DER), 2\u2019nci Ola\u011fan Genel Kurulu\u2019nu ger\u00e7ekle\u015ftirdi.Sanayi Odas\u0131\u2019nda ger\u00e7ekle\u015fen genel kurulda, \u00f6nce faaliyet ve mali rapor onaya sunuldu. Ard\u0131ndan yap\u0131lan se\u00e7imde tek aday olan mevcut ba\u015fkan Suat Bora Durdu, yeniden ba\u015fkanl\u0131\u011fa se\u00e7ildi. Durdu, oylama \u00f6ncesi yapt\u0131\u011f\u0131 konu\u015fmada, yeni d\u00f6nemin somut \u00e7\u00f6z\u00fcmlere kavu\u015fuldu\u011fu, \u00fcreticilerin, tedarik\u00e7ilerin, a\u00e7\u0131k hava reklamc\u0131lar\u0131n, kreatif ve","og_url":"https:\/\/kibrisdakik.com\/?p=59435","article_published_time":"2024-09-04T12:48:05+00:00","og_image":[{"width":2560,"height":1396,"url":"https:\/\/kibrisdakik.com\/wp-content\/uploads\/2024\/09\/salskdskada-scaled-740x420.jpg","type":"image\/jpeg"}],"author":"admin","twitter_card":"summary_large_image","twitter_misc":{"Yazan:":"admin","Tahmini okuma s\u00fcresi":"1 dakika"},"schema":{"@context":"https:\/\/schema.org","@graph":[{"@type":"Article","@id":"https:\/\/kibrisdakik.com\/?p=59435#article","isPartOf":{"@id":"https:\/\/kibrisdakik.com\/?p=59435"},"author":{"name":"admin","@id":"https:\/\/kibrisdakik.com\/#\/schema\/person\/9cd9d437bbb44f72b73ba127e06d8e79"},"headline":"REK-DER\u2019de Suat Bora Durdu, yeniden ba\u015fkanl\u0131\u011fa se\u00e7ildi","datePublished":"2024-09-04T12:48:05+00:00","mainEntityOfPage":{"@id":"https:\/\/kibrisdakik.com\/?p=59435"},"wordCount":209,"commentCount":0,"image":{"@id":"https:\/\/kibrisdakik.com\/?p=59435#primaryimage"},"thumbnailUrl":"https:\/\/kibrisdakik.com\/wp-content\/uploads\/2024\/09\/salskdskada-scaled-740x420.jpg","articleSection":["K\u0131br\u0131s"],"inLanguage":"tr","potentialAction":[{"@type":"CommentAction","name":"Comment","target":["https:\/\/kibrisdakik.com\/?p=59435#respond"]}]},{"@type":"WebPage","@id":"https:\/\/kibrisdakik.com\/?p=59435","url":"https:\/\/kibrisdakik.com\/?p=59435","name":"REK-DER\u2019de Suat Bora Durdu, yeniden ba\u015fkanl\u0131\u011fa se\u00e7ildi -","isPartOf":{"@id":"https:\/\/kibrisdakik.com\/#website"},"primaryImageOfPage":{"@id":"https:\/\/kibrisdakik.com\/?p=59435#primaryimage"},"image":{"@id":"https:\/\/kibrisdakik.com\/?p=59435#primaryimage"},"thumbnailUrl":"https:\/\/kibrisdakik.com\/wp-content\/uploads\/2024\/09\/salskdskada-scaled-740x420.jpg","datePublished":"2024-09-04T12:48:05+00:00","author":{"@id":"https:\/\/kibrisdakik.com\/#\/schema\/person\/9cd9d437bbb44f72b73ba127e06d8e79"},"breadcrumb":{"@id":"https:\/\/kibrisdakik.com\/?p=59435#breadcrumb"},"inLanguage":"tr","potentialAction":[{"@type":"ReadAction","target":["https:\/\/kibrisdakik.com\/?p=59435"]}]},{"@type":"ImageObject","inLanguage":"tr","@id":"https:\/\/kibrisdakik.com\/?p=59435#primaryimage","url":"https:\/\/kibrisdakik.com\/wp-content\/uploads\/2024\/09\/salskdskada-scaled-740x420.jpg","contentUrl":"https:\/\/kibrisdakik.com\/wp-content\/uploads\/2024\/09\/salskdskada-scaled-740x420.jpg","width":2560,"height":1396},{"@type":"BreadcrumbList","@id":"https:\/\/kibrisdakik.com\/?p=59435#breadcrumb","itemListElement":[{"@type":"ListItem","position":1,"name":"Home","item":"https:\/\/kibrisdakik.com\/"},{"@type":"ListItem","position":2,"name":"REK-DER\u2019de Suat Bora Durdu, yeniden ba\u015fkanl\u0131\u011fa se\u00e7ildi"}]},{"@type":"WebSite","@id":"https:\/\/kibrisdakik.com\/#website","url":"https:\/\/kibrisdakik.com\/","name":"","description":"Tam vaktinde haber","potentialAction":[{"@type":"SearchAction","target":{"@type":"EntryPoint","urlTemplate":"https:\/\/kibrisdakik.com\/?s={search_term_string}"},"query-input":{"@type":"PropertyValueSpecification","valueRequired":true,"valueName":"search_term_string"}}],"inLanguage":"tr"},{"@type":"Person","@id":"https:\/\/kibrisdakik.com\/#\/schema\/person\/9cd9d437bbb44f72b73ba127e06d8e79","name":"admin","image":{"@type":"ImageObject","inLanguage":"tr","@id":"https:\/\/secure.gravatar.com\/avatar\/ccc17943b9d660506c869530f897617f7cb1c21a4bf30023f252596d83e1f007?s=96&d=mm&r=g","url":"https:\/\/secure.gravatar.com\/avatar\/ccc17943b9d660506c869530f897617f7cb1c21a4bf30023f252596d83e1f007?s=96&d=mm&r=g","contentUrl":"https:\/\/secure.gravatar.com\/avatar\/ccc17943b9d660506c869530f897617f7cb1c21a4bf30023f252596d83e1f007?s=96&d=mm&r=g","caption":"admin"},"sameAs":["https:\/\/kibrisdakik.com"],"url":"https:\/\/kibrisdakik.com\/?author=1"}]}},"_links":{"self":[{"href":"https:\/\/kibrisdakik.com\/index.php?rest_route=\/wp\/v2\/posts\/59435","targetHints":{"allow":["GET"]}}],"collection":[{"href":"https:\/\/kibrisdakik.com\/index.php?rest_route=\/wp\/v2\/posts"}],"about":[{"href":"https:\/\/kibrisdakik.com\/index.php?rest_route=\/wp\/v2\/types\/post"}],"author":[{"embeddable":true,"href":"https:\/\/kibrisdakik.com\/index.php?rest_route=\/wp\/v2\/users\/1"}],"replies":[{"embeddable":true,"href":"https:\/\/kibrisdakik.com\/index.php?rest_route=%2Fwp%2Fv2%2Fcomments&post=59435"}],"version-history":[{"count":0,"href":"https:\/\/kibrisdakik.com\/index.php?rest_route=\/wp\/v2\/posts\/59435\/revisions"}],"wp:featuredmedia":[{"embeddable":true,"href":"https:\/\/kibrisdakik.com\/index.php?rest_route=\/wp\/v2\/media\/59436"}],"wp:attachment":[{"href":"https:\/\/kibrisdakik.com\/index.php?rest_route=%2Fwp%2Fv2%2Fmedia&parent=59435"}],"wp:term":[{"taxonomy":"category","embeddable":true,"href":"https:\/\/kibrisdakik.com\/index.php?rest_route=%2Fwp%2Fv2%2Fcategories&post=59435"},{"taxonomy":"post_tag","embeddable":true,"href":"https:\/\/kibrisdakik.com\/index.php?rest_route=%2Fwp%2Fv2%2Ftags&post=59435"}],"curies":[{"name":"wp","href":"https:\/\/api.w.org\/{rel}","templated":true}]}}