{"id":59461,"date":"2024-09-04T16:28:43","date_gmt":"2024-09-04T13:28:43","guid":{"rendered":"https:\/\/kibrisdakik.com\/index.php\/2024\/09\/04\/tore-guney-kibris-rum-yonetimi-kibrisli-turkleri-temsil-edemez\/"},"modified":"2024-09-04T16:28:43","modified_gmt":"2024-09-04T13:28:43","slug":"tore-guney-kibris-rum-yonetimi-kibrisli-turkleri-temsil-edemez","status":"publish","type":"post","link":"https:\/\/kibrisdakik.com\/?p=59461","title":{"rendered":"T\u00f6re: G\u00fcney K\u0131br\u0131s Rum Y\u00f6netimi, K\u0131br\u0131sl\u0131 T\u00fcrkleri temsil edemez"},"content":{"rendered":"<div>\n<div class=\"mariselle-image-container center\">\n                                            <\/div>\n<p>Cumhuriyet Meclisi Ba\u015fkan\u0131 Zorlu T\u00f6re, K\u0131br\u0131s Cumhuriyeti\u2019ni gasp edip, Meclisi\u2019ni i\u015fgal eden G\u00fcney K\u0131br\u0131s Rum Y\u00f6netimi\u2019nin K\u0131br\u0131sl\u0131 T\u00fcrkleri temsil edemeyece\u011fini belirtti.<\/p>\n<p>Meclisten verilen bilgiye g\u00f6re,kat\u0131ld\u0131\u011f\u0131  programda sorular\u0131 yan\u0131tlayan T\u00f6re, kendisine ve K\u0131br\u0131s T\u00fcrk halk\u0131na yo\u011fun ilgi g\u00f6sterilen Anadolu\u2019dan gelen davetlere f\u0131rsat bulduk\u00e7a kat\u0131l\u0131p, K\u0131br\u0131s davas\u0131n\u0131 anlatt\u0131\u011f\u0131n\u0131 belirtti.<\/p>\n<p>Netflix\u2019de yay\u0131mlanacak \u201cFamagusta\u201d adl\u0131 diziyi de ele\u015ftiren T\u00f6re, i\u00e7eri\u011fini bildikleri diziye gerekli tepkinin konuldu\u011funu kaydetti. T\u00f6re, K\u0131br\u0131s meselesi konusunda Rumlarla anla\u015fman\u0131n m\u00fcmk\u00fcn olmad\u0131\u011f\u0131n\u0131 belirterek, Rum Meclisi Ba\u015fkan\u0131 Annita Dimitriu\u2019nun EOKA anma t\u00f6reninde yapt\u0131\u011f\u0131 konu\u015fmay\u0131 ele\u015ftirdi.<\/p>\n<p>T\u00f6re, Rum Meclis Ba\u015fkan\u0131n\u0131n muhatab\u0131 oldu\u011funu ve kendisine do\u011frularla kar\u015f\u0131l\u0131k vermeye devam edece\u011fini s\u00f6yledi.<\/p>\n<p>Annita Dimitriu\u2019nun gasp edilmi\u015f bir K\u0131br\u0131s Cumhuriyeti\u2019nin ba\u015fkan\u0131 oldu\u011funu belirten T\u00f6re, \u201cOradaki Meclis i\u015fgal alt\u0131ndad\u0131r\u201d dedi.<\/p>\n<p>T\u00f6re, Annita Dimitriu ve G\u00fcney K\u0131br\u0131s Rum Y\u00f6netimi\u2019nin K\u0131br\u0131sl\u0131 T\u00fcrkleri temsil edemeyece\u011fini yineledi.<\/p>\n<p>EOKA\u2019n\u0131n hedefinin adaya Yunanistan\u2019a ba\u011flamak oldu\u011funu an\u0131msatan T\u00f6re, \u201cOnlar\u0131n dostlar\u0131 \u0130srail\u2019dir, Amerika\u2019d\u0131r ama bizim i\u00e7in T\u00fcrkiye vazge\u00e7ilmezdir\u201d dedi.<\/p>\n<p>Yeni Meclis binas\u0131yla ilgili ele\u015ftirilere de de\u011finen T\u00f6re, her \u015feye hay\u0131r diyen muhalefetin yanl\u0131\u015fl\u0131klar\u0131 ve olumsuzluklar\u0131 \u201cyand\u0131k, bittik ve k\u00fcl olduk\u201d diyerek ele\u015ftirdi\u011fini belirterek, bu s\u00f6zlere kat\u0131lmad\u0131\u011f\u0131n\u0131 s\u00f6yledi.<\/p>\n<p>T\u00f6re, K\u0131br\u0131s T\u00fcrk halk\u0131na, \u015fehitlerin miras\u0131na ve gazilere hizmet etmek i\u00e7in \u00e7al\u0131\u015ft\u0131\u011f\u0131n\u0131, bu y\u00f6nde de siyasi anlay\u0131\u015f\u0131n\u0131 devam ettirdi\u011fini belirtti.<\/p>\n<p>Meclis Ba\u015fkan Yard\u0131mc\u0131s\u0131 Fazilet \u00d6zdenefe\u2019nin kendisine y\u00f6neltti\u011fini ele\u015ftirilere de de\u011finen T\u00f6re, \u201cBa\u015far\u0131l\u0131 olamay\u0131nca b\u00f6yle a\u00e7\u0131klama yapma gere\u011fi duyuyor. Kendisini partisine bu a\u00e7\u0131klamalarla kabul ettirmeye \u00e7al\u0131\u015f\u0131yor\u201d dedi.<\/p>\n<\/p><\/div>\n<p><script async\n                    defer\n                    crossorigin=\"anonymous\"\n                    src=\"https:\/\/connect.facebook.net\/tr_TR\/sdk.js#xfbml=1&#038;version=v3.3\"\n            ><\/script><\/p>\n","protected":false},"excerpt":{"rendered":"<p>Cumhuriyet Meclisi Ba\u015fkan\u0131 Zorlu T\u00f6re, K\u0131br\u0131s Cumhuriyeti\u2019ni gasp edip, Meclisi\u2019ni i\u015fgal eden G\u00fcney K\u0131br\u0131s Rum Y\u00f6netimi\u2019nin K\u0131br\u0131sl\u0131 T\u00fcrkleri temsil edemeyece\u011fini belirtti. Meclisten verilen bilgiye g\u00f6re,kat\u0131ld\u0131\u011f\u0131 programda sorular\u0131 yan\u0131tlayan T\u00f6re, kendisine ve K\u0131br\u0131s T\u00fcrk halk\u0131na yo\u011fun ilgi g\u00f6sterilen Anadolu\u2019dan gelen davetlere f\u0131rsat bulduk\u00e7a kat\u0131l\u0131p, K\u0131br\u0131s davas\u0131n\u0131 anlatt\u0131\u011f\u0131n\u0131 belirtti. Netflix\u2019de yay\u0131mlanacak \u201cFamagusta\u201d adl\u0131 diziyi de ele\u015ftiren T\u00f6re,<\/p>\n","protected":false},"author":1,"featured_media":59462,"comment_status":"open","ping_status":"open","sticky":false,"template":"","format":"standard","meta":{"footnotes":""},"categories":[81],"tags":[],"class_list":["post-59461","post","type-post","status-publish","format-standard","has-post-thumbnail","hentry","category-kibris"],"yoast_head":"<!-- This site is optimized with the Yoast SEO plugin v27.4 - https:\/\/yoast.com\/product\/yoast-seo-wordpress\/ -->\n<title>T\u00f6re: G\u00fcney K\u0131br\u0131s Rum Y\u00f6netimi, K\u0131br\u0131sl\u0131 T\u00fcrkleri temsil edemez -<\/title>\n<meta name=\"robots\" content=\"index, follow, max-snippet:-1, max-image-preview:large, max-video-preview:-1\" \/>\n<link rel=\"canonical\" href=\"https:\/\/kibrisdakik.com\/?p=59461\" \/>\n<meta property=\"og:locale\" content=\"tr_TR\" \/>\n<meta property=\"og:type\" content=\"article\" \/>\n<meta property=\"og:title\" content=\"T\u00f6re: G\u00fcney K\u0131br\u0131s Rum Y\u00f6netimi, K\u0131br\u0131sl\u0131 T\u00fcrkleri temsil edemez -\" \/>\n<meta property=\"og:description\" content=\"Cumhuriyet Meclisi Ba\u015fkan\u0131 Zorlu T\u00f6re, K\u0131br\u0131s Cumhuriyeti\u2019ni gasp edip, Meclisi\u2019ni i\u015fgal eden G\u00fcney K\u0131br\u0131s Rum Y\u00f6netimi\u2019nin K\u0131br\u0131sl\u0131 T\u00fcrkleri temsil edemeyece\u011fini belirtti. Meclisten verilen bilgiye g\u00f6re,kat\u0131ld\u0131\u011f\u0131 programda sorular\u0131 yan\u0131tlayan T\u00f6re, kendisine ve K\u0131br\u0131s T\u00fcrk halk\u0131na yo\u011fun ilgi g\u00f6sterilen Anadolu\u2019dan gelen davetlere f\u0131rsat bulduk\u00e7a kat\u0131l\u0131p, K\u0131br\u0131s davas\u0131n\u0131 anlatt\u0131\u011f\u0131n\u0131 belirtti. Netflix\u2019de yay\u0131mlanacak \u201cFamagusta\u201d adl\u0131 diziyi de ele\u015ftiren T\u00f6re,\" \/>\n<meta property=\"og:url\" content=\"https:\/\/kibrisdakik.com\/?p=59461\" \/>\n<meta property=\"article:published_time\" content=\"2024-09-04T13:28:43+00:00\" \/>\n<meta property=\"og:image\" content=\"https:\/\/kibrisdakik.com\/wp-content\/uploads\/2024\/09\/zorlu-tore2-740x420.jpg\" \/>\n\t<meta property=\"og:image:width\" content=\"2000\" \/>\n\t<meta property=\"og:image:height\" content=\"1155\" \/>\n\t<meta property=\"og:image:type\" content=\"image\/jpeg\" \/>\n<meta name=\"author\" content=\"admin\" \/>\n<meta name=\"twitter:card\" content=\"summary_large_image\" \/>\n<meta name=\"twitter:label1\" content=\"Yazan:\" \/>\n\t<meta name=\"twitter:data1\" content=\"admin\" \/>\n\t<meta name=\"twitter:label2\" content=\"Tahmini okuma s\u00fcresi\" \/>\n\t<meta name=\"twitter:data2\" content=\"2 dakika\" \/>\n<script type=\"application\/ld+json\" class=\"yoast-schema-graph\">{\"@context\":\"https:\\\/\\\/schema.org\",\"@graph\":[{\"@type\":\"Article\",\"@id\":\"https:\\\/\\\/kibrisdakik.com\\\/?p=59461#article\",\"isPartOf\":{\"@id\":\"https:\\\/\\\/kibrisdakik.com\\\/?p=59461\"},\"author\":{\"name\":\"admin\",\"@id\":\"https:\\\/\\\/kibrisdakik.com\\\/#\\\/schema\\\/person\\\/9cd9d437bbb44f72b73ba127e06d8e79\"},\"headline\":\"T\u00f6re: G\u00fcney K\u0131br\u0131s Rum Y\u00f6netimi, K\u0131br\u0131sl\u0131 T\u00fcrkleri temsil edemez\",\"datePublished\":\"2024-09-04T13:28:43+00:00\",\"mainEntityOfPage\":{\"@id\":\"https:\\\/\\\/kibrisdakik.com\\\/?p=59461\"},\"wordCount\":378,\"commentCount\":0,\"image\":{\"@id\":\"https:\\\/\\\/kibrisdakik.com\\\/?p=59461#primaryimage\"},\"thumbnailUrl\":\"https:\\\/\\\/kibrisdakik.com\\\/wp-content\\\/uploads\\\/2024\\\/09\\\/zorlu-tore2-740x420.jpg\",\"articleSection\":[\"K\u0131br\u0131s\"],\"inLanguage\":\"tr\",\"potentialAction\":[{\"@type\":\"CommentAction\",\"name\":\"Comment\",\"target\":[\"https:\\\/\\\/kibrisdakik.com\\\/?p=59461#respond\"]}]},{\"@type\":\"WebPage\",\"@id\":\"https:\\\/\\\/kibrisdakik.com\\\/?p=59461\",\"url\":\"https:\\\/\\\/kibrisdakik.com\\\/?p=59461\",\"name\":\"T\u00f6re: G\u00fcney K\u0131br\u0131s Rum Y\u00f6netimi, K\u0131br\u0131sl\u0131 T\u00fcrkleri temsil edemez -\",\"isPartOf\":{\"@id\":\"https:\\\/\\\/kibrisdakik.com\\\/#website\"},\"primaryImageOfPage\":{\"@id\":\"https:\\\/\\\/kibrisdakik.com\\\/?p=59461#primaryimage\"},\"image\":{\"@id\":\"https:\\\/\\\/kibrisdakik.com\\\/?p=59461#primaryimage\"},\"thumbnailUrl\":\"https:\\\/\\\/kibrisdakik.com\\\/wp-content\\\/uploads\\\/2024\\\/09\\\/zorlu-tore2-740x420.jpg\",\"datePublished\":\"2024-09-04T13:28:43+00:00\",\"author\":{\"@id\":\"https:\\\/\\\/kibrisdakik.com\\\/#\\\/schema\\\/person\\\/9cd9d437bbb44f72b73ba127e06d8e79\"},\"breadcrumb\":{\"@id\":\"https:\\\/\\\/kibrisdakik.com\\\/?p=59461#breadcrumb\"},\"inLanguage\":\"tr\",\"potentialAction\":[{\"@type\":\"ReadAction\",\"target\":[\"https:\\\/\\\/kibrisdakik.com\\\/?p=59461\"]}]},{\"@type\":\"ImageObject\",\"inLanguage\":\"tr\",\"@id\":\"https:\\\/\\\/kibrisdakik.com\\\/?p=59461#primaryimage\",\"url\":\"https:\\\/\\\/kibrisdakik.com\\\/wp-content\\\/uploads\\\/2024\\\/09\\\/zorlu-tore2-740x420.jpg\",\"contentUrl\":\"https:\\\/\\\/kibrisdakik.com\\\/wp-content\\\/uploads\\\/2024\\\/09\\\/zorlu-tore2-740x420.jpg\",\"width\":2000,\"height\":1155},{\"@type\":\"BreadcrumbList\",\"@id\":\"https:\\\/\\\/kibrisdakik.com\\\/?p=59461#breadcrumb\",\"itemListElement\":[{\"@type\":\"ListItem\",\"position\":1,\"name\":\"Home\",\"item\":\"https:\\\/\\\/kibrisdakik.com\\\/\"},{\"@type\":\"ListItem\",\"position\":2,\"name\":\"T\u00f6re: G\u00fcney K\u0131br\u0131s Rum Y\u00f6netimi, K\u0131br\u0131sl\u0131 T\u00fcrkleri temsil edemez\"}]},{\"@type\":\"WebSite\",\"@id\":\"https:\\\/\\\/kibrisdakik.com\\\/#website\",\"url\":\"https:\\\/\\\/kibrisdakik.com\\\/\",\"name\":\"\",\"description\":\"Tam vaktinde haber\",\"potentialAction\":[{\"@type\":\"SearchAction\",\"target\":{\"@type\":\"EntryPoint\",\"urlTemplate\":\"https:\\\/\\\/kibrisdakik.com\\\/?s={search_term_string}\"},\"query-input\":{\"@type\":\"PropertyValueSpecification\",\"valueRequired\":true,\"valueName\":\"search_term_string\"}}],\"inLanguage\":\"tr\"},{\"@type\":\"Person\",\"@id\":\"https:\\\/\\\/kibrisdakik.com\\\/#\\\/schema\\\/person\\\/9cd9d437bbb44f72b73ba127e06d8e79\",\"name\":\"admin\",\"image\":{\"@type\":\"ImageObject\",\"inLanguage\":\"tr\",\"@id\":\"https:\\\/\\\/secure.gravatar.com\\\/avatar\\\/ccc17943b9d660506c869530f897617f7cb1c21a4bf30023f252596d83e1f007?s=96&d=mm&r=g\",\"url\":\"https:\\\/\\\/secure.gravatar.com\\\/avatar\\\/ccc17943b9d660506c869530f897617f7cb1c21a4bf30023f252596d83e1f007?s=96&d=mm&r=g\",\"contentUrl\":\"https:\\\/\\\/secure.gravatar.com\\\/avatar\\\/ccc17943b9d660506c869530f897617f7cb1c21a4bf30023f252596d83e1f007?s=96&d=mm&r=g\",\"caption\":\"admin\"},\"sameAs\":[\"https:\\\/\\\/kibrisdakik.com\"],\"url\":\"https:\\\/\\\/kibrisdakik.com\\\/?author=1\"}]}<\/script>\n<!-- \/ Yoast SEO plugin. -->","yoast_head_json":{"title":"T\u00f6re: G\u00fcney K\u0131br\u0131s Rum Y\u00f6netimi, K\u0131br\u0131sl\u0131 T\u00fcrkleri temsil edemez -","robots":{"index":"index","follow":"follow","max-snippet":"max-snippet:-1","max-image-preview":"max-image-preview:large","max-video-preview":"max-video-preview:-1"},"canonical":"https:\/\/kibrisdakik.com\/?p=59461","og_locale":"tr_TR","og_type":"article","og_title":"T\u00f6re: G\u00fcney K\u0131br\u0131s Rum Y\u00f6netimi, K\u0131br\u0131sl\u0131 T\u00fcrkleri temsil edemez -","og_description":"Cumhuriyet Meclisi Ba\u015fkan\u0131 Zorlu T\u00f6re, K\u0131br\u0131s Cumhuriyeti\u2019ni gasp edip, Meclisi\u2019ni i\u015fgal eden G\u00fcney K\u0131br\u0131s Rum Y\u00f6netimi\u2019nin K\u0131br\u0131sl\u0131 T\u00fcrkleri temsil edemeyece\u011fini belirtti. Meclisten verilen bilgiye g\u00f6re,kat\u0131ld\u0131\u011f\u0131 programda sorular\u0131 yan\u0131tlayan T\u00f6re, kendisine ve K\u0131br\u0131s T\u00fcrk halk\u0131na yo\u011fun ilgi g\u00f6sterilen Anadolu\u2019dan gelen davetlere f\u0131rsat bulduk\u00e7a kat\u0131l\u0131p, K\u0131br\u0131s davas\u0131n\u0131 anlatt\u0131\u011f\u0131n\u0131 belirtti. Netflix\u2019de yay\u0131mlanacak \u201cFamagusta\u201d adl\u0131 diziyi de ele\u015ftiren T\u00f6re,","og_url":"https:\/\/kibrisdakik.com\/?p=59461","article_published_time":"2024-09-04T13:28:43+00:00","og_image":[{"width":2000,"height":1155,"url":"https:\/\/kibrisdakik.com\/wp-content\/uploads\/2024\/09\/zorlu-tore2-740x420.jpg","type":"image\/jpeg"}],"author":"admin","twitter_card":"summary_large_image","twitter_misc":{"Yazan:":"admin","Tahmini okuma s\u00fcresi":"2 dakika"},"schema":{"@context":"https:\/\/schema.org","@graph":[{"@type":"Article","@id":"https:\/\/kibrisdakik.com\/?p=59461#article","isPartOf":{"@id":"https:\/\/kibrisdakik.com\/?p=59461"},"author":{"name":"admin","@id":"https:\/\/kibrisdakik.com\/#\/schema\/person\/9cd9d437bbb44f72b73ba127e06d8e79"},"headline":"T\u00f6re: G\u00fcney K\u0131br\u0131s Rum Y\u00f6netimi, K\u0131br\u0131sl\u0131 T\u00fcrkleri temsil edemez","datePublished":"2024-09-04T13:28:43+00:00","mainEntityOfPage":{"@id":"https:\/\/kibrisdakik.com\/?p=59461"},"wordCount":378,"commentCount":0,"image":{"@id":"https:\/\/kibrisdakik.com\/?p=59461#primaryimage"},"thumbnailUrl":"https:\/\/kibrisdakik.com\/wp-content\/uploads\/2024\/09\/zorlu-tore2-740x420.jpg","articleSection":["K\u0131br\u0131s"],"inLanguage":"tr","potentialAction":[{"@type":"CommentAction","name":"Comment","target":["https:\/\/kibrisdakik.com\/?p=59461#respond"]}]},{"@type":"WebPage","@id":"https:\/\/kibrisdakik.com\/?p=59461","url":"https:\/\/kibrisdakik.com\/?p=59461","name":"T\u00f6re: G\u00fcney K\u0131br\u0131s Rum Y\u00f6netimi, K\u0131br\u0131sl\u0131 T\u00fcrkleri temsil edemez -","isPartOf":{"@id":"https:\/\/kibrisdakik.com\/#website"},"primaryImageOfPage":{"@id":"https:\/\/kibrisdakik.com\/?p=59461#primaryimage"},"image":{"@id":"https:\/\/kibrisdakik.com\/?p=59461#primaryimage"},"thumbnailUrl":"https:\/\/kibrisdakik.com\/wp-content\/uploads\/2024\/09\/zorlu-tore2-740x420.jpg","datePublished":"2024-09-04T13:28:43+00:00","author":{"@id":"https:\/\/kibrisdakik.com\/#\/schema\/person\/9cd9d437bbb44f72b73ba127e06d8e79"},"breadcrumb":{"@id":"https:\/\/kibrisdakik.com\/?p=59461#breadcrumb"},"inLanguage":"tr","potentialAction":[{"@type":"ReadAction","target":["https:\/\/kibrisdakik.com\/?p=59461"]}]},{"@type":"ImageObject","inLanguage":"tr","@id":"https:\/\/kibrisdakik.com\/?p=59461#primaryimage","url":"https:\/\/kibrisdakik.com\/wp-content\/uploads\/2024\/09\/zorlu-tore2-740x420.jpg","contentUrl":"https:\/\/kibrisdakik.com\/wp-content\/uploads\/2024\/09\/zorlu-tore2-740x420.jpg","width":2000,"height":1155},{"@type":"BreadcrumbList","@id":"https:\/\/kibrisdakik.com\/?p=59461#breadcrumb","itemListElement":[{"@type":"ListItem","position":1,"name":"Home","item":"https:\/\/kibrisdakik.com\/"},{"@type":"ListItem","position":2,"name":"T\u00f6re: G\u00fcney K\u0131br\u0131s Rum Y\u00f6netimi, K\u0131br\u0131sl\u0131 T\u00fcrkleri temsil edemez"}]},{"@type":"WebSite","@id":"https:\/\/kibrisdakik.com\/#website","url":"https:\/\/kibrisdakik.com\/","name":"","description":"Tam vaktinde haber","potentialAction":[{"@type":"SearchAction","target":{"@type":"EntryPoint","urlTemplate":"https:\/\/kibrisdakik.com\/?s={search_term_string}"},"query-input":{"@type":"PropertyValueSpecification","valueRequired":true,"valueName":"search_term_string"}}],"inLanguage":"tr"},{"@type":"Person","@id":"https:\/\/kibrisdakik.com\/#\/schema\/person\/9cd9d437bbb44f72b73ba127e06d8e79","name":"admin","image":{"@type":"ImageObject","inLanguage":"tr","@id":"https:\/\/secure.gravatar.com\/avatar\/ccc17943b9d660506c869530f897617f7cb1c21a4bf30023f252596d83e1f007?s=96&d=mm&r=g","url":"https:\/\/secure.gravatar.com\/avatar\/ccc17943b9d660506c869530f897617f7cb1c21a4bf30023f252596d83e1f007?s=96&d=mm&r=g","contentUrl":"https:\/\/secure.gravatar.com\/avatar\/ccc17943b9d660506c869530f897617f7cb1c21a4bf30023f252596d83e1f007?s=96&d=mm&r=g","caption":"admin"},"sameAs":["https:\/\/kibrisdakik.com"],"url":"https:\/\/kibrisdakik.com\/?author=1"}]}},"_links":{"self":[{"href":"https:\/\/kibrisdakik.com\/index.php?rest_route=\/wp\/v2\/posts\/59461","targetHints":{"allow":["GET"]}}],"collection":[{"href":"https:\/\/kibrisdakik.com\/index.php?rest_route=\/wp\/v2\/posts"}],"about":[{"href":"https:\/\/kibrisdakik.com\/index.php?rest_route=\/wp\/v2\/types\/post"}],"author":[{"embeddable":true,"href":"https:\/\/kibrisdakik.com\/index.php?rest_route=\/wp\/v2\/users\/1"}],"replies":[{"embeddable":true,"href":"https:\/\/kibrisdakik.com\/index.php?rest_route=%2Fwp%2Fv2%2Fcomments&post=59461"}],"version-history":[{"count":0,"href":"https:\/\/kibrisdakik.com\/index.php?rest_route=\/wp\/v2\/posts\/59461\/revisions"}],"wp:featuredmedia":[{"embeddable":true,"href":"https:\/\/kibrisdakik.com\/index.php?rest_route=\/wp\/v2\/media\/59462"}],"wp:attachment":[{"href":"https:\/\/kibrisdakik.com\/index.php?rest_route=%2Fwp%2Fv2%2Fmedia&parent=59461"}],"wp:term":[{"taxonomy":"category","embeddable":true,"href":"https:\/\/kibrisdakik.com\/index.php?rest_route=%2Fwp%2Fv2%2Fcategories&post=59461"},{"taxonomy":"post_tag","embeddable":true,"href":"https:\/\/kibrisdakik.com\/index.php?rest_route=%2Fwp%2Fv2%2Ftags&post=59461"}],"curies":[{"name":"wp","href":"https:\/\/api.w.org\/{rel}","templated":true}]}}