{"id":59519,"date":"2024-09-04T18:02:49","date_gmt":"2024-09-04T15:02:49","guid":{"rendered":"https:\/\/kibrisdakik.com\/index.php\/2024\/09\/04\/sirdas-isimli-is-yerinde-cikan-yangin-tamamen-sonduruldu\/"},"modified":"2024-09-04T18:02:49","modified_gmt":"2024-09-04T15:02:49","slug":"sirdas-isimli-is-yerinde-cikan-yangin-tamamen-sonduruldu","status":"publish","type":"post","link":"https:\/\/kibrisdakik.com\/?p=59519","title":{"rendered":"S\u0131rda\u015f isimli i\u015f yerinde \u00e7\u0131kan yang\u0131n tamamen s\u00f6nd\u00fcr\u00fcld\u00fc"},"content":{"rendered":"<p><\/p>\n<div>\n<div class=\"mariselle-image-container center\">\n                <img loading=\"lazy\" decoding=\"async\" width=\"1079\" height=\"600\" class=\"lazy-image\" alt=\"\" sizes=\"auto, (max-width: 1079px) 100vw, 1079px\" src=\"https:\/\/brtk.net\/wp-content\/uploads\/2024\/09\/04\/Screenshot_20240904_064245_WhatsApp.jpg?ver=4d4d146b63a8bb3e909d31e0983ce403\" srcset=\"https:\/\/brtk.net\/wp-content\/uploads\/2024\/09\/04\/Screenshot_20240904_064245_WhatsApp.jpg?ver=4d4d146b63a8bb3e909d31e0983ce403 1079w, https:\/\/brtk.net\/wp-content\/uploads\/2024\/09\/04\/Screenshot_20240904_064245_WhatsApp-300x167.jpg?ver=0749d9519a21f742dbcf2d95ec2c59c1 300w, https:\/\/brtk.net\/wp-content\/uploads\/2024\/09\/04\/Screenshot_20240904_064245_WhatsApp-1024x569.jpg?ver=0749d9519a21f742dbcf2d95ec2c59c1 1024w, https:\/\/brtk.net\/wp-content\/uploads\/2024\/09\/04\/Screenshot_20240904_064245_WhatsApp-768x427.jpg?ver=0749d9519a21f742dbcf2d95ec2c59c1 768w\"\/>                            <\/div>\n<p>Lefko\u015fa Sanayi B\u00f6lgesi\u2019nde faaliyet g\u00f6steren S\u0131rda\u015f isimli i\u015f yerinde saat 01.30 s\u0131ralar\u0131nda hen\u00fcz tespit edilemeyen bir nedenden dolay\u0131 yang\u0131n meydana geldi.<\/p>\n<p>Polis Bas\u0131n Subayl\u0131\u011f\u0131\u2019ndan verilen bilgiye g\u00f6re; yang\u0131n Polis \u0130tfaiye, Sivil Savunma, K\u0131br\u0131s T\u00fcrk Bar\u0131\u015f Kuvvetleri Komutanl\u0131\u011f\u0131, G\u00fcvenlik Kuvvetleri Komutanl\u0131\u011f\u0131, Lefko\u015fa T\u00fcrk Belediyesi ve G\u00f6nyeli-Alayk\u00f6y Belediyesi\u2019ne ait su tankerleri ve personel deste\u011fi ile kontrol alt\u0131na al\u0131narak s\u00f6nd\u00fcr\u00fcld\u00fc.<\/p>\n<p>Yang\u0131n sonucu S\u0131rda\u015f isimli i\u015fyerinin at\u00f6lye ve ofisleri ile yang\u0131n\u0131n sirayet etmesi sonucu Sadun Erhun G\u00fcmr\u00fckleme isimli i\u015fyerinin antrepo ve \u00e7at\u0131s\u0131 zarar g\u00f6rd\u00fc.<\/p>\n<p>S\u0131rda\u015f Mobilya Direkt\u00f6r\u00fc Ahmet Kasapo\u011flular\u0131 sosyal medya hesab\u0131ndan yapt\u0131\u011f\u0131 a\u00e7\u0131klamada, demir at\u00f6lyesi ve baza \u00fcretiminin oldu\u011fu fabrikada \u00e7\u0131kan yang\u0131n sonucu fabrikan\u0131n kullan\u0131lamaz hale geldi\u011fini duyurdu.<\/p>\n<\/p><\/div>\n<p><script async\n                    defer\n                    crossorigin=\"anonymous\"\n                    src=\"https:\/\/connect.facebook.net\/tr_TR\/sdk.js#xfbml=1&#038;version=v3.3\"\n            ><\/script><\/p>\n","protected":false},"excerpt":{"rendered":"<p>Lefko\u015fa Sanayi B\u00f6lgesi\u2019nde faaliyet g\u00f6steren S\u0131rda\u015f isimli i\u015f yerinde saat 01.30 s\u0131ralar\u0131nda hen\u00fcz tespit edilemeyen bir nedenden dolay\u0131 yang\u0131n meydana geldi. Polis Bas\u0131n Subayl\u0131\u011f\u0131\u2019ndan verilen bilgiye g\u00f6re; yang\u0131n Polis \u0130tfaiye, Sivil Savunma, K\u0131br\u0131s T\u00fcrk Bar\u0131\u015f Kuvvetleri Komutanl\u0131\u011f\u0131, G\u00fcvenlik Kuvvetleri Komutanl\u0131\u011f\u0131, Lefko\u015fa T\u00fcrk Belediyesi ve G\u00f6nyeli-Alayk\u00f6y Belediyesi\u2019ne ait su tankerleri ve personel deste\u011fi ile kontrol alt\u0131na<\/p>\n","protected":false},"author":1,"featured_media":59520,"comment_status":"open","ping_status":"open","sticky":false,"template":"","format":"standard","meta":{"footnotes":""},"categories":[1],"tags":[],"class_list":["post-59519","post","type-post","status-publish","format-standard","has-post-thumbnail","hentry","category-gundem"],"yoast_head":"<!-- This site is optimized with the Yoast SEO plugin v27.5 - https:\/\/yoast.com\/product\/yoast-seo-wordpress\/ -->\n<title>S\u0131rda\u015f isimli i\u015f yerinde \u00e7\u0131kan yang\u0131n tamamen s\u00f6nd\u00fcr\u00fcld\u00fc -<\/title>\n<meta name=\"robots\" content=\"index, follow, max-snippet:-1, max-image-preview:large, max-video-preview:-1\" \/>\n<link rel=\"canonical\" href=\"https:\/\/kibrisdakik.com\/?p=59519\" \/>\n<meta property=\"og:locale\" content=\"tr_TR\" \/>\n<meta property=\"og:type\" content=\"article\" \/>\n<meta property=\"og:title\" content=\"S\u0131rda\u015f isimli i\u015f yerinde \u00e7\u0131kan yang\u0131n tamamen s\u00f6nd\u00fcr\u00fcld\u00fc -\" \/>\n<meta property=\"og:description\" content=\"Lefko\u015fa Sanayi B\u00f6lgesi\u2019nde faaliyet g\u00f6steren S\u0131rda\u015f isimli i\u015f yerinde saat 01.30 s\u0131ralar\u0131nda hen\u00fcz tespit edilemeyen bir nedenden dolay\u0131 yang\u0131n meydana geldi. Polis Bas\u0131n Subayl\u0131\u011f\u0131\u2019ndan verilen bilgiye g\u00f6re; yang\u0131n Polis \u0130tfaiye, Sivil Savunma, K\u0131br\u0131s T\u00fcrk Bar\u0131\u015f Kuvvetleri Komutanl\u0131\u011f\u0131, G\u00fcvenlik Kuvvetleri Komutanl\u0131\u011f\u0131, Lefko\u015fa T\u00fcrk Belediyesi ve G\u00f6nyeli-Alayk\u00f6y Belediyesi\u2019ne ait su tankerleri ve personel deste\u011fi ile kontrol alt\u0131na\" \/>\n<meta property=\"og:url\" content=\"https:\/\/kibrisdakik.com\/?p=59519\" \/>\n<meta property=\"article:published_time\" content=\"2024-09-04T15:02:49+00:00\" \/>\n<meta property=\"og:image\" content=\"https:\/\/kibrisdakik.com\/wp-content\/uploads\/2024\/09\/Screenshot_20240904_064245_WhatsApp-740x420.jpg\" \/>\n\t<meta property=\"og:image:width\" content=\"1079\" \/>\n\t<meta property=\"og:image:height\" content=\"600\" \/>\n\t<meta property=\"og:image:type\" content=\"image\/jpeg\" \/>\n<meta name=\"author\" content=\"admin\" \/>\n<meta name=\"twitter:card\" content=\"summary_large_image\" \/>\n<meta name=\"twitter:label1\" content=\"Yazan:\" \/>\n\t<meta name=\"twitter:data1\" content=\"admin\" \/>\n\t<meta name=\"twitter:label2\" content=\"Tahmini okuma s\u00fcresi\" \/>\n\t<meta name=\"twitter:data2\" content=\"1 dakika\" \/>\n<script type=\"application\/ld+json\" class=\"yoast-schema-graph\">{\"@context\":\"https:\\\/\\\/schema.org\",\"@graph\":[{\"@type\":\"Article\",\"@id\":\"https:\\\/\\\/kibrisdakik.com\\\/?p=59519#article\",\"isPartOf\":{\"@id\":\"https:\\\/\\\/kibrisdakik.com\\\/?p=59519\"},\"author\":{\"name\":\"admin\",\"@id\":\"https:\\\/\\\/kibrisdakik.com\\\/#\\\/schema\\\/person\\\/9cd9d437bbb44f72b73ba127e06d8e79\"},\"headline\":\"S\u0131rda\u015f isimli i\u015f yerinde \u00e7\u0131kan yang\u0131n tamamen s\u00f6nd\u00fcr\u00fcld\u00fc\",\"datePublished\":\"2024-09-04T15:02:49+00:00\",\"mainEntityOfPage\":{\"@id\":\"https:\\\/\\\/kibrisdakik.com\\\/?p=59519\"},\"wordCount\":167,\"commentCount\":0,\"image\":{\"@id\":\"https:\\\/\\\/kibrisdakik.com\\\/?p=59519#primaryimage\"},\"thumbnailUrl\":\"https:\\\/\\\/kibrisdakik.com\\\/wp-content\\\/uploads\\\/2024\\\/09\\\/Screenshot_20240904_064245_WhatsApp-740x420.jpg\",\"articleSection\":[\"G\u00fcndem\"],\"inLanguage\":\"tr\",\"potentialAction\":[{\"@type\":\"CommentAction\",\"name\":\"Comment\",\"target\":[\"https:\\\/\\\/kibrisdakik.com\\\/?p=59519#respond\"]}]},{\"@type\":\"WebPage\",\"@id\":\"https:\\\/\\\/kibrisdakik.com\\\/?p=59519\",\"url\":\"https:\\\/\\\/kibrisdakik.com\\\/?p=59519\",\"name\":\"S\u0131rda\u015f isimli i\u015f yerinde \u00e7\u0131kan yang\u0131n tamamen s\u00f6nd\u00fcr\u00fcld\u00fc -\",\"isPartOf\":{\"@id\":\"https:\\\/\\\/kibrisdakik.com\\\/#website\"},\"primaryImageOfPage\":{\"@id\":\"https:\\\/\\\/kibrisdakik.com\\\/?p=59519#primaryimage\"},\"image\":{\"@id\":\"https:\\\/\\\/kibrisdakik.com\\\/?p=59519#primaryimage\"},\"thumbnailUrl\":\"https:\\\/\\\/kibrisdakik.com\\\/wp-content\\\/uploads\\\/2024\\\/09\\\/Screenshot_20240904_064245_WhatsApp-740x420.jpg\",\"datePublished\":\"2024-09-04T15:02:49+00:00\",\"author\":{\"@id\":\"https:\\\/\\\/kibrisdakik.com\\\/#\\\/schema\\\/person\\\/9cd9d437bbb44f72b73ba127e06d8e79\"},\"breadcrumb\":{\"@id\":\"https:\\\/\\\/kibrisdakik.com\\\/?p=59519#breadcrumb\"},\"inLanguage\":\"tr\",\"potentialAction\":[{\"@type\":\"ReadAction\",\"target\":[\"https:\\\/\\\/kibrisdakik.com\\\/?p=59519\"]}]},{\"@type\":\"ImageObject\",\"inLanguage\":\"tr\",\"@id\":\"https:\\\/\\\/kibrisdakik.com\\\/?p=59519#primaryimage\",\"url\":\"https:\\\/\\\/kibrisdakik.com\\\/wp-content\\\/uploads\\\/2024\\\/09\\\/Screenshot_20240904_064245_WhatsApp-740x420.jpg\",\"contentUrl\":\"https:\\\/\\\/kibrisdakik.com\\\/wp-content\\\/uploads\\\/2024\\\/09\\\/Screenshot_20240904_064245_WhatsApp-740x420.jpg\",\"width\":1079,\"height\":600},{\"@type\":\"BreadcrumbList\",\"@id\":\"https:\\\/\\\/kibrisdakik.com\\\/?p=59519#breadcrumb\",\"itemListElement\":[{\"@type\":\"ListItem\",\"position\":1,\"name\":\"Home\",\"item\":\"https:\\\/\\\/kibrisdakik.com\\\/\"},{\"@type\":\"ListItem\",\"position\":2,\"name\":\"S\u0131rda\u015f isimli i\u015f yerinde \u00e7\u0131kan yang\u0131n tamamen s\u00f6nd\u00fcr\u00fcld\u00fc\"}]},{\"@type\":\"WebSite\",\"@id\":\"https:\\\/\\\/kibrisdakik.com\\\/#website\",\"url\":\"https:\\\/\\\/kibrisdakik.com\\\/\",\"name\":\"\",\"description\":\"Tam vaktinde haber\",\"potentialAction\":[{\"@type\":\"SearchAction\",\"target\":{\"@type\":\"EntryPoint\",\"urlTemplate\":\"https:\\\/\\\/kibrisdakik.com\\\/?s={search_term_string}\"},\"query-input\":{\"@type\":\"PropertyValueSpecification\",\"valueRequired\":true,\"valueName\":\"search_term_string\"}}],\"inLanguage\":\"tr\"},{\"@type\":\"Person\",\"@id\":\"https:\\\/\\\/kibrisdakik.com\\\/#\\\/schema\\\/person\\\/9cd9d437bbb44f72b73ba127e06d8e79\",\"name\":\"admin\",\"image\":{\"@type\":\"ImageObject\",\"inLanguage\":\"tr\",\"@id\":\"https:\\\/\\\/secure.gravatar.com\\\/avatar\\\/ccc17943b9d660506c869530f897617f7cb1c21a4bf30023f252596d83e1f007?s=96&d=mm&r=g\",\"url\":\"https:\\\/\\\/secure.gravatar.com\\\/avatar\\\/ccc17943b9d660506c869530f897617f7cb1c21a4bf30023f252596d83e1f007?s=96&d=mm&r=g\",\"contentUrl\":\"https:\\\/\\\/secure.gravatar.com\\\/avatar\\\/ccc17943b9d660506c869530f897617f7cb1c21a4bf30023f252596d83e1f007?s=96&d=mm&r=g\",\"caption\":\"admin\"},\"sameAs\":[\"https:\\\/\\\/kibrisdakik.com\"],\"url\":\"https:\\\/\\\/kibrisdakik.com\\\/?author=1\"}]}<\/script>\n<!-- \/ Yoast SEO plugin. -->","yoast_head_json":{"title":"S\u0131rda\u015f isimli i\u015f yerinde \u00e7\u0131kan yang\u0131n tamamen s\u00f6nd\u00fcr\u00fcld\u00fc -","robots":{"index":"index","follow":"follow","max-snippet":"max-snippet:-1","max-image-preview":"max-image-preview:large","max-video-preview":"max-video-preview:-1"},"canonical":"https:\/\/kibrisdakik.com\/?p=59519","og_locale":"tr_TR","og_type":"article","og_title":"S\u0131rda\u015f isimli i\u015f yerinde \u00e7\u0131kan yang\u0131n tamamen s\u00f6nd\u00fcr\u00fcld\u00fc -","og_description":"Lefko\u015fa Sanayi B\u00f6lgesi\u2019nde faaliyet g\u00f6steren S\u0131rda\u015f isimli i\u015f yerinde saat 01.30 s\u0131ralar\u0131nda hen\u00fcz tespit edilemeyen bir nedenden dolay\u0131 yang\u0131n meydana geldi. Polis Bas\u0131n Subayl\u0131\u011f\u0131\u2019ndan verilen bilgiye g\u00f6re; yang\u0131n Polis \u0130tfaiye, Sivil Savunma, K\u0131br\u0131s T\u00fcrk Bar\u0131\u015f Kuvvetleri Komutanl\u0131\u011f\u0131, G\u00fcvenlik Kuvvetleri Komutanl\u0131\u011f\u0131, Lefko\u015fa T\u00fcrk Belediyesi ve G\u00f6nyeli-Alayk\u00f6y Belediyesi\u2019ne ait su tankerleri ve personel deste\u011fi ile kontrol alt\u0131na","og_url":"https:\/\/kibrisdakik.com\/?p=59519","article_published_time":"2024-09-04T15:02:49+00:00","og_image":[{"width":1079,"height":600,"url":"https:\/\/kibrisdakik.com\/wp-content\/uploads\/2024\/09\/Screenshot_20240904_064245_WhatsApp-740x420.jpg","type":"image\/jpeg"}],"author":"admin","twitter_card":"summary_large_image","twitter_misc":{"Yazan:":"admin","Tahmini okuma s\u00fcresi":"1 dakika"},"schema":{"@context":"https:\/\/schema.org","@graph":[{"@type":"Article","@id":"https:\/\/kibrisdakik.com\/?p=59519#article","isPartOf":{"@id":"https:\/\/kibrisdakik.com\/?p=59519"},"author":{"name":"admin","@id":"https:\/\/kibrisdakik.com\/#\/schema\/person\/9cd9d437bbb44f72b73ba127e06d8e79"},"headline":"S\u0131rda\u015f isimli i\u015f yerinde \u00e7\u0131kan yang\u0131n tamamen s\u00f6nd\u00fcr\u00fcld\u00fc","datePublished":"2024-09-04T15:02:49+00:00","mainEntityOfPage":{"@id":"https:\/\/kibrisdakik.com\/?p=59519"},"wordCount":167,"commentCount":0,"image":{"@id":"https:\/\/kibrisdakik.com\/?p=59519#primaryimage"},"thumbnailUrl":"https:\/\/kibrisdakik.com\/wp-content\/uploads\/2024\/09\/Screenshot_20240904_064245_WhatsApp-740x420.jpg","articleSection":["G\u00fcndem"],"inLanguage":"tr","potentialAction":[{"@type":"CommentAction","name":"Comment","target":["https:\/\/kibrisdakik.com\/?p=59519#respond"]}]},{"@type":"WebPage","@id":"https:\/\/kibrisdakik.com\/?p=59519","url":"https:\/\/kibrisdakik.com\/?p=59519","name":"S\u0131rda\u015f isimli i\u015f yerinde \u00e7\u0131kan yang\u0131n tamamen s\u00f6nd\u00fcr\u00fcld\u00fc -","isPartOf":{"@id":"https:\/\/kibrisdakik.com\/#website"},"primaryImageOfPage":{"@id":"https:\/\/kibrisdakik.com\/?p=59519#primaryimage"},"image":{"@id":"https:\/\/kibrisdakik.com\/?p=59519#primaryimage"},"thumbnailUrl":"https:\/\/kibrisdakik.com\/wp-content\/uploads\/2024\/09\/Screenshot_20240904_064245_WhatsApp-740x420.jpg","datePublished":"2024-09-04T15:02:49+00:00","author":{"@id":"https:\/\/kibrisdakik.com\/#\/schema\/person\/9cd9d437bbb44f72b73ba127e06d8e79"},"breadcrumb":{"@id":"https:\/\/kibrisdakik.com\/?p=59519#breadcrumb"},"inLanguage":"tr","potentialAction":[{"@type":"ReadAction","target":["https:\/\/kibrisdakik.com\/?p=59519"]}]},{"@type":"ImageObject","inLanguage":"tr","@id":"https:\/\/kibrisdakik.com\/?p=59519#primaryimage","url":"https:\/\/kibrisdakik.com\/wp-content\/uploads\/2024\/09\/Screenshot_20240904_064245_WhatsApp-740x420.jpg","contentUrl":"https:\/\/kibrisdakik.com\/wp-content\/uploads\/2024\/09\/Screenshot_20240904_064245_WhatsApp-740x420.jpg","width":1079,"height":600},{"@type":"BreadcrumbList","@id":"https:\/\/kibrisdakik.com\/?p=59519#breadcrumb","itemListElement":[{"@type":"ListItem","position":1,"name":"Home","item":"https:\/\/kibrisdakik.com\/"},{"@type":"ListItem","position":2,"name":"S\u0131rda\u015f isimli i\u015f yerinde \u00e7\u0131kan yang\u0131n tamamen s\u00f6nd\u00fcr\u00fcld\u00fc"}]},{"@type":"WebSite","@id":"https:\/\/kibrisdakik.com\/#website","url":"https:\/\/kibrisdakik.com\/","name":"","description":"Tam vaktinde haber","potentialAction":[{"@type":"SearchAction","target":{"@type":"EntryPoint","urlTemplate":"https:\/\/kibrisdakik.com\/?s={search_term_string}"},"query-input":{"@type":"PropertyValueSpecification","valueRequired":true,"valueName":"search_term_string"}}],"inLanguage":"tr"},{"@type":"Person","@id":"https:\/\/kibrisdakik.com\/#\/schema\/person\/9cd9d437bbb44f72b73ba127e06d8e79","name":"admin","image":{"@type":"ImageObject","inLanguage":"tr","@id":"https:\/\/secure.gravatar.com\/avatar\/ccc17943b9d660506c869530f897617f7cb1c21a4bf30023f252596d83e1f007?s=96&d=mm&r=g","url":"https:\/\/secure.gravatar.com\/avatar\/ccc17943b9d660506c869530f897617f7cb1c21a4bf30023f252596d83e1f007?s=96&d=mm&r=g","contentUrl":"https:\/\/secure.gravatar.com\/avatar\/ccc17943b9d660506c869530f897617f7cb1c21a4bf30023f252596d83e1f007?s=96&d=mm&r=g","caption":"admin"},"sameAs":["https:\/\/kibrisdakik.com"],"url":"https:\/\/kibrisdakik.com\/?author=1"}]}},"_links":{"self":[{"href":"https:\/\/kibrisdakik.com\/index.php?rest_route=\/wp\/v2\/posts\/59519","targetHints":{"allow":["GET"]}}],"collection":[{"href":"https:\/\/kibrisdakik.com\/index.php?rest_route=\/wp\/v2\/posts"}],"about":[{"href":"https:\/\/kibrisdakik.com\/index.php?rest_route=\/wp\/v2\/types\/post"}],"author":[{"embeddable":true,"href":"https:\/\/kibrisdakik.com\/index.php?rest_route=\/wp\/v2\/users\/1"}],"replies":[{"embeddable":true,"href":"https:\/\/kibrisdakik.com\/index.php?rest_route=%2Fwp%2Fv2%2Fcomments&post=59519"}],"version-history":[{"count":0,"href":"https:\/\/kibrisdakik.com\/index.php?rest_route=\/wp\/v2\/posts\/59519\/revisions"}],"wp:featuredmedia":[{"embeddable":true,"href":"https:\/\/kibrisdakik.com\/index.php?rest_route=\/wp\/v2\/media\/59520"}],"wp:attachment":[{"href":"https:\/\/kibrisdakik.com\/index.php?rest_route=%2Fwp%2Fv2%2Fmedia&parent=59519"}],"wp:term":[{"taxonomy":"category","embeddable":true,"href":"https:\/\/kibrisdakik.com\/index.php?rest_route=%2Fwp%2Fv2%2Fcategories&post=59519"},{"taxonomy":"post_tag","embeddable":true,"href":"https:\/\/kibrisdakik.com\/index.php?rest_route=%2Fwp%2Fv2%2Ftags&post=59519"}],"curies":[{"name":"wp","href":"https:\/\/api.w.org\/{rel}","templated":true}]}}