{"id":59585,"date":"2024-09-05T01:42:55","date_gmt":"2024-09-04T22:42:55","guid":{"rendered":"https:\/\/kibrisdakik.com\/?p=59585"},"modified":"2024-09-05T01:42:55","modified_gmt":"2024-09-04T22:42:55","slug":"buna-2-isim-sebep-oldu-besiktasa-castan-ceza-geldi","status":"publish","type":"post","link":"https:\/\/kibrisdakik.com\/?p=59585","title":{"rendered":"Buna 2 isim sebep oldu! Be\u015fikta\u015f&#8217;a CAS&#8217;tan ceza geldi"},"content":{"rendered":"<p><\/p>\n<div id=\"\">\n<p> <a class=\"keyword\" href=\"https:\/\/www.haberler.com\/besiktas\/\" title=\"Be\u015fikta\u015f Haberleri, Be\u015fikta\u015f Haberi, Be\u015fikta\u015f Haber\"><strong>Be\u015fikta\u015f<\/strong><\/a> Genel Sekreteri Kaan \u015eakul, g\u00fcndemine dair \u00f6nemli a\u00e7\u0131klamalarda bulundu. \u015eakul, siyah-beyazl\u0131lar, CAS&#8217;tan 1 milyon 400 milyon euro ceza geldi\u011fini a\u00e7\u0131klad\u0131.<\/p>\n<p><img loading=\"lazy\" decoding=\"async\" class=\"hbptMainImage lazyload ImgDetay\" src=\"https:\/\/foto.haberler.com\/haber\/2024\/09\/04\/buna-2-isim-sebep-oldu-besiktas-a-cas-tan-ceza-17787850_2966_m.jpg\" alt=\"Buna 2 isim sebep oldu! Be\u015fikta\u015f'a CAS'tan ceza geldi\" width=\"640\" height=\"360\"\/><span class=\"figcaption\">Be\u015fikta\u015f Genel Sekreteri Kaan \u015eakul<\/span><\/p>\n<h3>&#8220;AMARTEY T\u00dcM TEKL\u0130FLER\u0130 REDDETT\u0130&#8221;<\/h3>\n<p><strong>Kaan \u015eakul&#8217;un s\u00f6zleri \u015fu \u015fekilde;<\/strong> <\/p>\n<p>&#8220;Daniel Amartey i\u00e7in \u015fu ana kadar 7 yaz\u0131l\u0131 teklif geldi. Al-Shabab ile anla\u015ft\u0131k. Oyuncu buradan kazanaca\u011f\u0131n\u0131n fazlas\u0131n\u0131 kazanacakt\u0131. &#8216;Tamam&#8217; dedi, u\u00e7ak biletini ald\u0131k ama vazge\u00e7ti. &#8216;Neden?&#8217; diye sorduk &#8216;Ben Dubai&#8217;de oynamak istemiyorum&#8217; dedi. Son olarak Ey\u00fcpspor ile g\u00f6r\u00fc\u015ft\u00fck fakat oyuncu bug\u00fcn bunu da kabul etmedi. En son &#8216;1 y\u0131l alacaklar\u0131n\u0131 verelim&#8217; dedik. &#8216;Tamam&#8217; dedi fakat az \u00f6nce &#8216;Vazge\u00e7tim&#8217; diye mesaj att\u0131. &#8216;Ben ocakta gitmek istiyorum&#8217; dedi.<\/p>\n<p><img loading=\"lazy\" decoding=\"async\" class=\"hbptMainImage lazyload ImgDetay\" src=\"https:\/\/foto.haberler.com\/haber\/2024\/09\/04\/buna-2-isim-sebep-oldu-besiktas-a-cas-tan-ceza-17787850_7537_m.jpg\" alt=\"Buna 2 isim sebep oldu! Be\u015fikta\u015f'a CAS'tan ceza geldi\" width=\"640\" height=\"426\"\/><\/p>\n<h3>&#8220;CHAMBERLAIN OCAKTA G\u0130D\u0130YOR&#8221;<\/h3>\n<p>\u0130lk gidecek isimdi. Alex kendisine bir kul\u00fcp bulaca\u011f\u0131n\u0131 d\u00fc\u015f\u00fcn\u00fcyordu. Bize bir fiyat verdi, &#8216;\u00d6derseniz giderim&#8217; dedi. Fakat bug\u00fcn o da vazge\u00e7ti. &#8216;Transfer sezonu kapand\u0131. Ocakta gitmek istiyorum&#8217; dedi. T\u00fcrkiye&#8217;de kendisine kul\u00fcp bulduk. Kampa gelmemesi Giovanni van Bronckhorst&#8217;un karar\u0131yd\u0131.<\/p>\n<p><img loading=\"lazy\" decoding=\"async\" class=\"hbptMainImage lazyload ImgDetay\" src=\"https:\/\/foto.haberler.com\/haber\/2024\/09\/04\/buna-2-isim-sebep-oldu-besiktas-a-cas-tan-ceza-17787850_8450_m.jpg\" alt=\"Buna 2 isim sebep oldu! Be\u015fikta\u015f'a CAS'tan ceza geldi\" width=\"640\" height=\"426\"\/><\/p>\n<h3>FRIEDEL S\u00d6ZLER\u0130<\/h3>\n<p>Brad Friedel&#8217;\u0131n g\u00f6rev tan\u0131m\u0131 sadece futbolcu sat\u0131\u015f\u0131 de\u011fil. Scouting konusu, gelece\u011fe yat\u0131r\u0131m bir\u00e7ok konuyu kaps\u0131yor. Performans\u0131n\u0131 \u015fu \u015fekilde de\u011ferlendiriyorum. Fakat problem ya\u015fad\u0131\u011f\u0131m\u0131z isimlere en az 4-5 teklif getirdi. O teklifi getirdi, oyuncular gitmiyor. Biz y\u00f6netim olarak kendisinden memnunuz. Kontratlar normaldi de biz mi satamad\u0131k? Fakat b\u00fct\u00fcn sene ele\u015ftirilen b\u00fct\u00fcn oyunculara yeteri kadar teklif getirildi.<\/p>\n<h3>&#8220;CAS&#8217;TAN 1.4 M\u0130LYON EUROLUK CEZA GELD\u0130&#8221;<\/h3>\n<p>Valerien Ismael ve Ghezzal&#8217;\u0131n menajer komisyon \u00f6demelerinden 1.4 milyon euro geldi. Biz yeni sezon i\u00e7in m\u00fccadele verirken ge\u00e7mi\u015ften b\u00f6yle bir ceza gelmesi bizi \u00fcz\u00fcyor.&#8221;<\/p>\n<div class=\"editorSade\">Kaynak: Haberler.com \/  <a href=\"https:\/\/www.haberler.com\/spor\/\" title=\"Spor Haberleri\">Spor<\/a> <\/div>\n<h4 id=\"nwsKeywords\"> <a href=\"https:\/\/www.haberler.com\/besiktas\/\" title=\"Be\u015fikta\u015f\" class=\"hbptTag\">Be\u015fikta\u015f<\/a> <\/h4>\n<\/div>\n","protected":false},"excerpt":{"rendered":"<p>Be\u015fikta\u015f Genel Sekreteri Kaan \u015eakul, g\u00fcndemine dair \u00f6nemli a\u00e7\u0131klamalarda bulundu. \u015eakul, siyah-beyazl\u0131lar, CAS&#8217;tan 1 milyon 400 milyon euro ceza geldi\u011fini a\u00e7\u0131klad\u0131. Be\u015fikta\u015f Genel Sekreteri Kaan \u015eakul &#8220;AMARTEY T\u00dcM TEKL\u0130FLER\u0130 REDDETT\u0130&#8221; Kaan \u015eakul&#8217;un s\u00f6zleri \u015fu \u015fekilde; &#8220;Daniel Amartey i\u00e7in \u015fu ana kadar 7 yaz\u0131l\u0131 teklif geldi. Al-Shabab ile anla\u015ft\u0131k. Oyuncu buradan kazanaca\u011f\u0131n\u0131n fazlas\u0131n\u0131 kazanacakt\u0131. &#8216;Tamam&#8217; dedi,<\/p>\n","protected":false},"author":1,"featured_media":59586,"comment_status":"open","ping_status":"open","sticky":false,"template":"","format":"standard","meta":{"footnotes":""},"categories":[83],"tags":[],"class_list":["post-59585","post","type-post","status-publish","format-standard","has-post-thumbnail","hentry","category-magazin"],"yoast_head":"<!-- This site is optimized with the Yoast SEO plugin v27.5 - https:\/\/yoast.com\/product\/yoast-seo-wordpress\/ -->\n<title>Buna 2 isim sebep oldu! Be\u015fikta\u015f&#039;a CAS&#039;tan ceza geldi -<\/title>\n<meta name=\"robots\" content=\"index, follow, max-snippet:-1, max-image-preview:large, max-video-preview:-1\" \/>\n<link rel=\"canonical\" href=\"https:\/\/kibrisdakik.com\/?p=59585\" \/>\n<meta property=\"og:locale\" content=\"tr_TR\" \/>\n<meta property=\"og:type\" content=\"article\" \/>\n<meta property=\"og:title\" content=\"Buna 2 isim sebep oldu! Be\u015fikta\u015f&#039;a CAS&#039;tan ceza geldi -\" \/>\n<meta property=\"og:description\" content=\"Be\u015fikta\u015f Genel Sekreteri Kaan \u015eakul, g\u00fcndemine dair \u00f6nemli a\u00e7\u0131klamalarda bulundu. \u015eakul, siyah-beyazl\u0131lar, CAS&#8217;tan 1 milyon 400 milyon euro ceza geldi\u011fini a\u00e7\u0131klad\u0131. Be\u015fikta\u015f Genel Sekreteri Kaan \u015eakul &#8220;AMARTEY T\u00dcM TEKL\u0130FLER\u0130 REDDETT\u0130&#8221; Kaan \u015eakul&#8217;un s\u00f6zleri \u015fu \u015fekilde; &#8220;Daniel Amartey i\u00e7in \u015fu ana kadar 7 yaz\u0131l\u0131 teklif geldi. Al-Shabab ile anla\u015ft\u0131k. Oyuncu buradan kazanaca\u011f\u0131n\u0131n fazlas\u0131n\u0131 kazanacakt\u0131. &#8216;Tamam&#8217; dedi,\" \/>\n<meta property=\"og:url\" content=\"https:\/\/kibrisdakik.com\/?p=59585\" \/>\n<meta property=\"article:published_time\" content=\"2024-09-04T22:42:55+00:00\" \/>\n<meta property=\"og:image\" content=\"https:\/\/kibrisdakik.com\/wp-content\/uploads\/2024\/09\/buna-2-isim-sebep-oldu-besiktas-a-cas-tan-ceza-17787850_2966_m.jpg\" \/>\n\t<meta property=\"og:image:width\" content=\"640\" \/>\n\t<meta property=\"og:image:height\" content=\"360\" \/>\n\t<meta property=\"og:image:type\" content=\"image\/jpeg\" \/>\n<meta name=\"author\" content=\"admin\" \/>\n<meta name=\"twitter:card\" content=\"summary_large_image\" \/>\n<meta name=\"twitter:label1\" content=\"Yazan:\" \/>\n\t<meta name=\"twitter:data1\" content=\"admin\" \/>\n\t<meta name=\"twitter:label2\" content=\"Tahmini okuma s\u00fcresi\" \/>\n\t<meta name=\"twitter:data2\" content=\"2 dakika\" \/>\n<script type=\"application\/ld+json\" class=\"yoast-schema-graph\">{\"@context\":\"https:\\\/\\\/schema.org\",\"@graph\":[{\"@type\":\"Article\",\"@id\":\"https:\\\/\\\/kibrisdakik.com\\\/?p=59585#article\",\"isPartOf\":{\"@id\":\"https:\\\/\\\/kibrisdakik.com\\\/?p=59585\"},\"author\":{\"name\":\"admin\",\"@id\":\"https:\\\/\\\/kibrisdakik.com\\\/#\\\/schema\\\/person\\\/9cd9d437bbb44f72b73ba127e06d8e79\"},\"headline\":\"Buna 2 isim sebep oldu! Be\u015fikta\u015f&#8217;a CAS&#8217;tan ceza geldi\",\"datePublished\":\"2024-09-04T22:42:55+00:00\",\"mainEntityOfPage\":{\"@id\":\"https:\\\/\\\/kibrisdakik.com\\\/?p=59585\"},\"wordCount\":310,\"commentCount\":0,\"image\":{\"@id\":\"https:\\\/\\\/kibrisdakik.com\\\/?p=59585#primaryimage\"},\"thumbnailUrl\":\"https:\\\/\\\/kibrisdakik.com\\\/wp-content\\\/uploads\\\/2024\\\/09\\\/buna-2-isim-sebep-oldu-besiktas-a-cas-tan-ceza-17787850_2966_m.jpg\",\"articleSection\":[\"Magazin\"],\"inLanguage\":\"tr\",\"potentialAction\":[{\"@type\":\"CommentAction\",\"name\":\"Comment\",\"target\":[\"https:\\\/\\\/kibrisdakik.com\\\/?p=59585#respond\"]}]},{\"@type\":\"WebPage\",\"@id\":\"https:\\\/\\\/kibrisdakik.com\\\/?p=59585\",\"url\":\"https:\\\/\\\/kibrisdakik.com\\\/?p=59585\",\"name\":\"Buna 2 isim sebep oldu! Be\u015fikta\u015f'a CAS'tan ceza geldi -\",\"isPartOf\":{\"@id\":\"https:\\\/\\\/kibrisdakik.com\\\/#website\"},\"primaryImageOfPage\":{\"@id\":\"https:\\\/\\\/kibrisdakik.com\\\/?p=59585#primaryimage\"},\"image\":{\"@id\":\"https:\\\/\\\/kibrisdakik.com\\\/?p=59585#primaryimage\"},\"thumbnailUrl\":\"https:\\\/\\\/kibrisdakik.com\\\/wp-content\\\/uploads\\\/2024\\\/09\\\/buna-2-isim-sebep-oldu-besiktas-a-cas-tan-ceza-17787850_2966_m.jpg\",\"datePublished\":\"2024-09-04T22:42:55+00:00\",\"author\":{\"@id\":\"https:\\\/\\\/kibrisdakik.com\\\/#\\\/schema\\\/person\\\/9cd9d437bbb44f72b73ba127e06d8e79\"},\"breadcrumb\":{\"@id\":\"https:\\\/\\\/kibrisdakik.com\\\/?p=59585#breadcrumb\"},\"inLanguage\":\"tr\",\"potentialAction\":[{\"@type\":\"ReadAction\",\"target\":[\"https:\\\/\\\/kibrisdakik.com\\\/?p=59585\"]}]},{\"@type\":\"ImageObject\",\"inLanguage\":\"tr\",\"@id\":\"https:\\\/\\\/kibrisdakik.com\\\/?p=59585#primaryimage\",\"url\":\"https:\\\/\\\/kibrisdakik.com\\\/wp-content\\\/uploads\\\/2024\\\/09\\\/buna-2-isim-sebep-oldu-besiktas-a-cas-tan-ceza-17787850_2966_m.jpg\",\"contentUrl\":\"https:\\\/\\\/kibrisdakik.com\\\/wp-content\\\/uploads\\\/2024\\\/09\\\/buna-2-isim-sebep-oldu-besiktas-a-cas-tan-ceza-17787850_2966_m.jpg\",\"width\":640,\"height\":360},{\"@type\":\"BreadcrumbList\",\"@id\":\"https:\\\/\\\/kibrisdakik.com\\\/?p=59585#breadcrumb\",\"itemListElement\":[{\"@type\":\"ListItem\",\"position\":1,\"name\":\"Home\",\"item\":\"https:\\\/\\\/kibrisdakik.com\\\/\"},{\"@type\":\"ListItem\",\"position\":2,\"name\":\"Buna 2 isim sebep oldu! Be\u015fikta\u015f&#8217;a CAS&#8217;tan ceza geldi\"}]},{\"@type\":\"WebSite\",\"@id\":\"https:\\\/\\\/kibrisdakik.com\\\/#website\",\"url\":\"https:\\\/\\\/kibrisdakik.com\\\/\",\"name\":\"\",\"description\":\"Tam vaktinde haber\",\"potentialAction\":[{\"@type\":\"SearchAction\",\"target\":{\"@type\":\"EntryPoint\",\"urlTemplate\":\"https:\\\/\\\/kibrisdakik.com\\\/?s={search_term_string}\"},\"query-input\":{\"@type\":\"PropertyValueSpecification\",\"valueRequired\":true,\"valueName\":\"search_term_string\"}}],\"inLanguage\":\"tr\"},{\"@type\":\"Person\",\"@id\":\"https:\\\/\\\/kibrisdakik.com\\\/#\\\/schema\\\/person\\\/9cd9d437bbb44f72b73ba127e06d8e79\",\"name\":\"admin\",\"image\":{\"@type\":\"ImageObject\",\"inLanguage\":\"tr\",\"@id\":\"https:\\\/\\\/secure.gravatar.com\\\/avatar\\\/ccc17943b9d660506c869530f897617f7cb1c21a4bf30023f252596d83e1f007?s=96&d=mm&r=g\",\"url\":\"https:\\\/\\\/secure.gravatar.com\\\/avatar\\\/ccc17943b9d660506c869530f897617f7cb1c21a4bf30023f252596d83e1f007?s=96&d=mm&r=g\",\"contentUrl\":\"https:\\\/\\\/secure.gravatar.com\\\/avatar\\\/ccc17943b9d660506c869530f897617f7cb1c21a4bf30023f252596d83e1f007?s=96&d=mm&r=g\",\"caption\":\"admin\"},\"sameAs\":[\"https:\\\/\\\/kibrisdakik.com\"],\"url\":\"https:\\\/\\\/kibrisdakik.com\\\/?author=1\"}]}<\/script>\n<!-- \/ Yoast SEO plugin. -->","yoast_head_json":{"title":"Buna 2 isim sebep oldu! Be\u015fikta\u015f'a CAS'tan ceza geldi -","robots":{"index":"index","follow":"follow","max-snippet":"max-snippet:-1","max-image-preview":"max-image-preview:large","max-video-preview":"max-video-preview:-1"},"canonical":"https:\/\/kibrisdakik.com\/?p=59585","og_locale":"tr_TR","og_type":"article","og_title":"Buna 2 isim sebep oldu! Be\u015fikta\u015f'a CAS'tan ceza geldi -","og_description":"Be\u015fikta\u015f Genel Sekreteri Kaan \u015eakul, g\u00fcndemine dair \u00f6nemli a\u00e7\u0131klamalarda bulundu. \u015eakul, siyah-beyazl\u0131lar, CAS&#8217;tan 1 milyon 400 milyon euro ceza geldi\u011fini a\u00e7\u0131klad\u0131. Be\u015fikta\u015f Genel Sekreteri Kaan \u015eakul &#8220;AMARTEY T\u00dcM TEKL\u0130FLER\u0130 REDDETT\u0130&#8221; Kaan \u015eakul&#8217;un s\u00f6zleri \u015fu \u015fekilde; &#8220;Daniel Amartey i\u00e7in \u015fu ana kadar 7 yaz\u0131l\u0131 teklif geldi. Al-Shabab ile anla\u015ft\u0131k. Oyuncu buradan kazanaca\u011f\u0131n\u0131n fazlas\u0131n\u0131 kazanacakt\u0131. &#8216;Tamam&#8217; dedi,","og_url":"https:\/\/kibrisdakik.com\/?p=59585","article_published_time":"2024-09-04T22:42:55+00:00","og_image":[{"width":640,"height":360,"url":"https:\/\/kibrisdakik.com\/wp-content\/uploads\/2024\/09\/buna-2-isim-sebep-oldu-besiktas-a-cas-tan-ceza-17787850_2966_m.jpg","type":"image\/jpeg"}],"author":"admin","twitter_card":"summary_large_image","twitter_misc":{"Yazan:":"admin","Tahmini okuma s\u00fcresi":"2 dakika"},"schema":{"@context":"https:\/\/schema.org","@graph":[{"@type":"Article","@id":"https:\/\/kibrisdakik.com\/?p=59585#article","isPartOf":{"@id":"https:\/\/kibrisdakik.com\/?p=59585"},"author":{"name":"admin","@id":"https:\/\/kibrisdakik.com\/#\/schema\/person\/9cd9d437bbb44f72b73ba127e06d8e79"},"headline":"Buna 2 isim sebep oldu! Be\u015fikta\u015f&#8217;a CAS&#8217;tan ceza geldi","datePublished":"2024-09-04T22:42:55+00:00","mainEntityOfPage":{"@id":"https:\/\/kibrisdakik.com\/?p=59585"},"wordCount":310,"commentCount":0,"image":{"@id":"https:\/\/kibrisdakik.com\/?p=59585#primaryimage"},"thumbnailUrl":"https:\/\/kibrisdakik.com\/wp-content\/uploads\/2024\/09\/buna-2-isim-sebep-oldu-besiktas-a-cas-tan-ceza-17787850_2966_m.jpg","articleSection":["Magazin"],"inLanguage":"tr","potentialAction":[{"@type":"CommentAction","name":"Comment","target":["https:\/\/kibrisdakik.com\/?p=59585#respond"]}]},{"@type":"WebPage","@id":"https:\/\/kibrisdakik.com\/?p=59585","url":"https:\/\/kibrisdakik.com\/?p=59585","name":"Buna 2 isim sebep oldu! Be\u015fikta\u015f'a CAS'tan ceza geldi -","isPartOf":{"@id":"https:\/\/kibrisdakik.com\/#website"},"primaryImageOfPage":{"@id":"https:\/\/kibrisdakik.com\/?p=59585#primaryimage"},"image":{"@id":"https:\/\/kibrisdakik.com\/?p=59585#primaryimage"},"thumbnailUrl":"https:\/\/kibrisdakik.com\/wp-content\/uploads\/2024\/09\/buna-2-isim-sebep-oldu-besiktas-a-cas-tan-ceza-17787850_2966_m.jpg","datePublished":"2024-09-04T22:42:55+00:00","author":{"@id":"https:\/\/kibrisdakik.com\/#\/schema\/person\/9cd9d437bbb44f72b73ba127e06d8e79"},"breadcrumb":{"@id":"https:\/\/kibrisdakik.com\/?p=59585#breadcrumb"},"inLanguage":"tr","potentialAction":[{"@type":"ReadAction","target":["https:\/\/kibrisdakik.com\/?p=59585"]}]},{"@type":"ImageObject","inLanguage":"tr","@id":"https:\/\/kibrisdakik.com\/?p=59585#primaryimage","url":"https:\/\/kibrisdakik.com\/wp-content\/uploads\/2024\/09\/buna-2-isim-sebep-oldu-besiktas-a-cas-tan-ceza-17787850_2966_m.jpg","contentUrl":"https:\/\/kibrisdakik.com\/wp-content\/uploads\/2024\/09\/buna-2-isim-sebep-oldu-besiktas-a-cas-tan-ceza-17787850_2966_m.jpg","width":640,"height":360},{"@type":"BreadcrumbList","@id":"https:\/\/kibrisdakik.com\/?p=59585#breadcrumb","itemListElement":[{"@type":"ListItem","position":1,"name":"Home","item":"https:\/\/kibrisdakik.com\/"},{"@type":"ListItem","position":2,"name":"Buna 2 isim sebep oldu! Be\u015fikta\u015f&#8217;a CAS&#8217;tan ceza geldi"}]},{"@type":"WebSite","@id":"https:\/\/kibrisdakik.com\/#website","url":"https:\/\/kibrisdakik.com\/","name":"","description":"Tam vaktinde haber","potentialAction":[{"@type":"SearchAction","target":{"@type":"EntryPoint","urlTemplate":"https:\/\/kibrisdakik.com\/?s={search_term_string}"},"query-input":{"@type":"PropertyValueSpecification","valueRequired":true,"valueName":"search_term_string"}}],"inLanguage":"tr"},{"@type":"Person","@id":"https:\/\/kibrisdakik.com\/#\/schema\/person\/9cd9d437bbb44f72b73ba127e06d8e79","name":"admin","image":{"@type":"ImageObject","inLanguage":"tr","@id":"https:\/\/secure.gravatar.com\/avatar\/ccc17943b9d660506c869530f897617f7cb1c21a4bf30023f252596d83e1f007?s=96&d=mm&r=g","url":"https:\/\/secure.gravatar.com\/avatar\/ccc17943b9d660506c869530f897617f7cb1c21a4bf30023f252596d83e1f007?s=96&d=mm&r=g","contentUrl":"https:\/\/secure.gravatar.com\/avatar\/ccc17943b9d660506c869530f897617f7cb1c21a4bf30023f252596d83e1f007?s=96&d=mm&r=g","caption":"admin"},"sameAs":["https:\/\/kibrisdakik.com"],"url":"https:\/\/kibrisdakik.com\/?author=1"}]}},"_links":{"self":[{"href":"https:\/\/kibrisdakik.com\/index.php?rest_route=\/wp\/v2\/posts\/59585","targetHints":{"allow":["GET"]}}],"collection":[{"href":"https:\/\/kibrisdakik.com\/index.php?rest_route=\/wp\/v2\/posts"}],"about":[{"href":"https:\/\/kibrisdakik.com\/index.php?rest_route=\/wp\/v2\/types\/post"}],"author":[{"embeddable":true,"href":"https:\/\/kibrisdakik.com\/index.php?rest_route=\/wp\/v2\/users\/1"}],"replies":[{"embeddable":true,"href":"https:\/\/kibrisdakik.com\/index.php?rest_route=%2Fwp%2Fv2%2Fcomments&post=59585"}],"version-history":[{"count":1,"href":"https:\/\/kibrisdakik.com\/index.php?rest_route=\/wp\/v2\/posts\/59585\/revisions"}],"predecessor-version":[{"id":59605,"href":"https:\/\/kibrisdakik.com\/index.php?rest_route=\/wp\/v2\/posts\/59585\/revisions\/59605"}],"wp:featuredmedia":[{"embeddable":true,"href":"https:\/\/kibrisdakik.com\/index.php?rest_route=\/wp\/v2\/media\/59586"}],"wp:attachment":[{"href":"https:\/\/kibrisdakik.com\/index.php?rest_route=%2Fwp%2Fv2%2Fmedia&parent=59585"}],"wp:term":[{"taxonomy":"category","embeddable":true,"href":"https:\/\/kibrisdakik.com\/index.php?rest_route=%2Fwp%2Fv2%2Fcategories&post=59585"},{"taxonomy":"post_tag","embeddable":true,"href":"https:\/\/kibrisdakik.com\/index.php?rest_route=%2Fwp%2Fv2%2Ftags&post=59585"}],"curies":[{"name":"wp","href":"https:\/\/api.w.org\/{rel}","templated":true}]}}