{"id":59647,"date":"2024-09-05T12:59:42","date_gmt":"2024-09-05T09:59:42","guid":{"rendered":"https:\/\/kibrisdakik.com\/?p=59647"},"modified":"2024-09-05T12:59:42","modified_gmt":"2024-09-05T09:59:42","slug":"68-yasindaki-adam-nehirde-yuzdugu-sirada-timsah-tarafindan-feci-bir-sekilde-olduruldu","status":"publish","type":"post","link":"https:\/\/kibrisdakik.com\/?p=59647","title":{"rendered":"68 ya\u015f\u0131ndaki adam, nehirde y\u00fczd\u00fc\u011f\u00fc s\u0131rada timsah taraf\u0131ndan feci bir \u015fekilde \u00f6ld\u00fcr\u00fcld\u00fc"},"content":{"rendered":"<p><\/p>\n<div id=\"\">\n<p>68 ya\u015f\u0131ndaki M. Yunus, 29 A\u011fustos&#8217;ta Peureulak Nehri&#8217;nde y\u00fczerken bir timsah sald\u0131r\u0131s\u0131na u\u011frad\u0131. Olay sonras\u0131 nehir k\u0131y\u0131s\u0131nda sadece k\u0131yafetleri ve telefonu bulundu.<\/p>\n<p>64 ya\u015f\u0131ndaki e\u015fi Dimyam, kocas\u0131 birka\u00e7 saat i\u00e7inde eve d\u00f6nmeyince endi\u015felendi. Nehre gitti\u011finde k\u0131y\u0131da kocas\u0131n\u0131n e\u015fyalar\u0131n\u0131 buldu, ancak v\u00fccudundan iz yoktu. Bunun \u00fczerine k\u00f6ydeki ailesinden yard\u0131m istedi ve polisi arad\u0131.<\/p>\n<p>Kurtarma ekipleri, ertesi g\u00fcn cans\u0131z bedeni k\u0131yafetlerinin bulundu\u011fu yerden yakla\u015f\u0131k bir bu\u00e7uk kilometre uzakta, nehir a\u015fa\u011f\u0131 s\u00fcr\u00fcklenirken buldu. M. Yunus&#8217;un v\u00fccudunun sadece alt k\u0131sm\u0131 bir a\u011fa\u00e7 dal\u0131na tak\u0131l\u0131 halde bulundu. \u00dcst v\u00fccudu, ba\u015f\u0131 ve kollar\u0131 bulunamad\u0131.<\/p>\n<p>Polis, adam\u0131n v\u00fccudunun yar\u0131s\u0131n\u0131n suda pusuya yatan bir timsah taraf\u0131ndan par\u00e7aland\u0131\u011f\u0131ndan \u015f\u00fcpheleniyor.<\/p>\n<p>Yerel \u00e7ift\u00e7iler, 31 A\u011fustos&#8217;ta ayn\u0131 nehir k\u0131y\u0131s\u0131nda bir timsah g\u00f6rd\u00fcklerini ve bunun b\u00fcy\u00fckbabaya sald\u0131ran y\u0131rt\u0131c\u0131 hayvan olabilece\u011fini d\u00fc\u015f\u00fcnd\u00fcklerini s\u00f6ylediler. Timsah\u0131n bir palm ya\u011f\u0131 plantasyonunun kenar\u0131nda hareketsiz yatt\u0131\u011f\u0131n\u0131 belirttiler.<\/p>\n<p>B\u00f6lge sakini Abdullah, &#8220;Yunus&#8217;a sald\u0131ran timsah oldu\u011funu d\u00fc\u015f\u00fcnd\u00fck, bu y\u00fczden karn\u0131n\u0131 yard\u0131k ama i\u00e7inde insan v\u00fccuduna ait bir par\u00e7a bulamad\u0131k. Bhom Lama ve Paya Meuligo k\u00f6ylerinden insanlar \u015fimdi endi\u015feli ve nehir \u00e7evresindeki g\u00fcnl\u00fck aktivitelerini yapmaktan \u00e7ekiniyorlar&#8221; dedi.<\/p>\n<p><img loading=\"lazy\" decoding=\"async\" class=\"hbptMainImage lazyload ImgDetay\" src=\"https:\/\/foto.haberler.com\/haber\/2024\/09\/05\/68-yasindaki-adam-nehirde-yuzdugu-sirada-timsah-17788318_5761_m.jpg\" alt=\"68 ya\u015f\u0131ndaki adam, nehirde y\u00fczd\u00fc\u011f\u00fc s\u0131rada timsah taraf\u0131ndan feci bir \u015fekilde \u00f6ld\u00fcr\u00fcld\u00fc\" width=\"632\" height=\"404\"\/><\/p>\n<p><img loading=\"lazy\" decoding=\"async\" class=\"hbptMainImage lazyload ImgDetay\" src=\"https:\/\/foto.haberler.com\/haber\/2024\/09\/05\/68-yasindaki-adam-nehirde-yuzdugu-sirada-timsah-17788318_6179_m.jpg\" alt=\"68 ya\u015f\u0131ndaki adam, nehirde y\u00fczd\u00fc\u011f\u00fc s\u0131rada timsah taraf\u0131ndan feci bir \u015fekilde \u00f6ld\u00fcr\u00fcld\u00fc\" width=\"640\" height=\"543\"\/><\/p>\n<p><img loading=\"lazy\" decoding=\"async\" class=\"hbptMainImage lazyload ImgDetay\" src=\"https:\/\/foto.haberler.com\/haber\/2024\/09\/05\/68-yasindaki-adam-nehirde-yuzdugu-sirada-timsah-17788318_5817_m.jpg\" alt=\"68 ya\u015f\u0131ndaki adam, nehirde y\u00fczd\u00fc\u011f\u00fc s\u0131rada timsah taraf\u0131ndan feci bir \u015fekilde \u00f6ld\u00fcr\u00fcld\u00fc\" width=\"640\" height=\"811\"\/><\/p>\n<h4 id=\"nwsKeywords\"> <a href=\"https:\/\/www.haberler.com\/endonezya\/\" title=\"Endonezya\" class=\"hbptTag\">Endonezya<\/a> <\/h4>\n<\/div>\n","protected":false},"excerpt":{"rendered":"<p>68 ya\u015f\u0131ndaki M. Yunus, 29 A\u011fustos&#8217;ta Peureulak Nehri&#8217;nde y\u00fczerken bir timsah sald\u0131r\u0131s\u0131na u\u011frad\u0131. Olay sonras\u0131 nehir k\u0131y\u0131s\u0131nda sadece k\u0131yafetleri ve telefonu bulundu. 64 ya\u015f\u0131ndaki e\u015fi Dimyam, kocas\u0131 birka\u00e7 saat i\u00e7inde eve d\u00f6nmeyince endi\u015felendi. Nehre gitti\u011finde k\u0131y\u0131da kocas\u0131n\u0131n e\u015fyalar\u0131n\u0131 buldu, ancak v\u00fccudundan iz yoktu. Bunun \u00fczerine k\u00f6ydeki ailesinden yard\u0131m istedi ve polisi arad\u0131. Kurtarma ekipleri, ertesi<\/p>\n","protected":false},"author":1,"featured_media":59648,"comment_status":"open","ping_status":"open","sticky":false,"template":"","format":"standard","meta":{"footnotes":""},"categories":[83],"tags":[],"class_list":["post-59647","post","type-post","status-publish","format-standard","has-post-thumbnail","hentry","category-magazin"],"yoast_head":"<!-- This site is optimized with the Yoast SEO plugin v27.4 - https:\/\/yoast.com\/product\/yoast-seo-wordpress\/ -->\n<title>68 ya\u015f\u0131ndaki adam, nehirde y\u00fczd\u00fc\u011f\u00fc s\u0131rada timsah taraf\u0131ndan feci bir \u015fekilde \u00f6ld\u00fcr\u00fcld\u00fc -<\/title>\n<meta name=\"robots\" content=\"index, follow, max-snippet:-1, max-image-preview:large, max-video-preview:-1\" \/>\n<link rel=\"canonical\" href=\"https:\/\/kibrisdakik.com\/?p=59647\" \/>\n<meta property=\"og:locale\" content=\"tr_TR\" \/>\n<meta property=\"og:type\" content=\"article\" \/>\n<meta property=\"og:title\" content=\"68 ya\u015f\u0131ndaki adam, nehirde y\u00fczd\u00fc\u011f\u00fc s\u0131rada timsah taraf\u0131ndan feci bir \u015fekilde \u00f6ld\u00fcr\u00fcld\u00fc -\" \/>\n<meta property=\"og:description\" content=\"68 ya\u015f\u0131ndaki M. Yunus, 29 A\u011fustos&#8217;ta Peureulak Nehri&#8217;nde y\u00fczerken bir timsah sald\u0131r\u0131s\u0131na u\u011frad\u0131. Olay sonras\u0131 nehir k\u0131y\u0131s\u0131nda sadece k\u0131yafetleri ve telefonu bulundu. 64 ya\u015f\u0131ndaki e\u015fi Dimyam, kocas\u0131 birka\u00e7 saat i\u00e7inde eve d\u00f6nmeyince endi\u015felendi. Nehre gitti\u011finde k\u0131y\u0131da kocas\u0131n\u0131n e\u015fyalar\u0131n\u0131 buldu, ancak v\u00fccudundan iz yoktu. Bunun \u00fczerine k\u00f6ydeki ailesinden yard\u0131m istedi ve polisi arad\u0131. Kurtarma ekipleri, ertesi\" \/>\n<meta property=\"og:url\" content=\"https:\/\/kibrisdakik.com\/?p=59647\" \/>\n<meta property=\"article:published_time\" content=\"2024-09-05T09:59:42+00:00\" \/>\n<meta property=\"og:image\" content=\"https:\/\/kibrisdakik.com\/wp-content\/uploads\/2024\/09\/68-yasindaki-adam-nehirde-yuzdugu-sirada-timsah-17788318_5761_m.jpg\" \/>\n\t<meta property=\"og:image:width\" content=\"632\" \/>\n\t<meta property=\"og:image:height\" content=\"404\" \/>\n\t<meta property=\"og:image:type\" content=\"image\/jpeg\" \/>\n<meta name=\"author\" content=\"admin\" \/>\n<meta name=\"twitter:card\" content=\"summary_large_image\" \/>\n<meta name=\"twitter:label1\" content=\"Yazan:\" \/>\n\t<meta name=\"twitter:data1\" content=\"admin\" \/>\n\t<meta name=\"twitter:label2\" content=\"Tahmini okuma s\u00fcresi\" \/>\n\t<meta name=\"twitter:data2\" content=\"1 dakika\" \/>\n<script type=\"application\/ld+json\" class=\"yoast-schema-graph\">{\"@context\":\"https:\\\/\\\/schema.org\",\"@graph\":[{\"@type\":\"Article\",\"@id\":\"https:\\\/\\\/kibrisdakik.com\\\/?p=59647#article\",\"isPartOf\":{\"@id\":\"https:\\\/\\\/kibrisdakik.com\\\/?p=59647\"},\"author\":{\"name\":\"admin\",\"@id\":\"https:\\\/\\\/kibrisdakik.com\\\/#\\\/schema\\\/person\\\/9cd9d437bbb44f72b73ba127e06d8e79\"},\"headline\":\"68 ya\u015f\u0131ndaki adam, nehirde y\u00fczd\u00fc\u011f\u00fc s\u0131rada timsah taraf\u0131ndan feci bir \u015fekilde \u00f6ld\u00fcr\u00fcld\u00fc\",\"datePublished\":\"2024-09-05T09:59:42+00:00\",\"mainEntityOfPage\":{\"@id\":\"https:\\\/\\\/kibrisdakik.com\\\/?p=59647\"},\"wordCount\":263,\"commentCount\":0,\"image\":{\"@id\":\"https:\\\/\\\/kibrisdakik.com\\\/?p=59647#primaryimage\"},\"thumbnailUrl\":\"https:\\\/\\\/kibrisdakik.com\\\/wp-content\\\/uploads\\\/2024\\\/09\\\/68-yasindaki-adam-nehirde-yuzdugu-sirada-timsah-17788318_5761_m.jpg\",\"articleSection\":[\"Magazin\"],\"inLanguage\":\"tr\",\"potentialAction\":[{\"@type\":\"CommentAction\",\"name\":\"Comment\",\"target\":[\"https:\\\/\\\/kibrisdakik.com\\\/?p=59647#respond\"]}]},{\"@type\":\"WebPage\",\"@id\":\"https:\\\/\\\/kibrisdakik.com\\\/?p=59647\",\"url\":\"https:\\\/\\\/kibrisdakik.com\\\/?p=59647\",\"name\":\"68 ya\u015f\u0131ndaki adam, nehirde y\u00fczd\u00fc\u011f\u00fc s\u0131rada timsah taraf\u0131ndan feci bir \u015fekilde \u00f6ld\u00fcr\u00fcld\u00fc -\",\"isPartOf\":{\"@id\":\"https:\\\/\\\/kibrisdakik.com\\\/#website\"},\"primaryImageOfPage\":{\"@id\":\"https:\\\/\\\/kibrisdakik.com\\\/?p=59647#primaryimage\"},\"image\":{\"@id\":\"https:\\\/\\\/kibrisdakik.com\\\/?p=59647#primaryimage\"},\"thumbnailUrl\":\"https:\\\/\\\/kibrisdakik.com\\\/wp-content\\\/uploads\\\/2024\\\/09\\\/68-yasindaki-adam-nehirde-yuzdugu-sirada-timsah-17788318_5761_m.jpg\",\"datePublished\":\"2024-09-05T09:59:42+00:00\",\"author\":{\"@id\":\"https:\\\/\\\/kibrisdakik.com\\\/#\\\/schema\\\/person\\\/9cd9d437bbb44f72b73ba127e06d8e79\"},\"breadcrumb\":{\"@id\":\"https:\\\/\\\/kibrisdakik.com\\\/?p=59647#breadcrumb\"},\"inLanguage\":\"tr\",\"potentialAction\":[{\"@type\":\"ReadAction\",\"target\":[\"https:\\\/\\\/kibrisdakik.com\\\/?p=59647\"]}]},{\"@type\":\"ImageObject\",\"inLanguage\":\"tr\",\"@id\":\"https:\\\/\\\/kibrisdakik.com\\\/?p=59647#primaryimage\",\"url\":\"https:\\\/\\\/kibrisdakik.com\\\/wp-content\\\/uploads\\\/2024\\\/09\\\/68-yasindaki-adam-nehirde-yuzdugu-sirada-timsah-17788318_5761_m.jpg\",\"contentUrl\":\"https:\\\/\\\/kibrisdakik.com\\\/wp-content\\\/uploads\\\/2024\\\/09\\\/68-yasindaki-adam-nehirde-yuzdugu-sirada-timsah-17788318_5761_m.jpg\",\"width\":632,\"height\":404},{\"@type\":\"BreadcrumbList\",\"@id\":\"https:\\\/\\\/kibrisdakik.com\\\/?p=59647#breadcrumb\",\"itemListElement\":[{\"@type\":\"ListItem\",\"position\":1,\"name\":\"Home\",\"item\":\"https:\\\/\\\/kibrisdakik.com\\\/\"},{\"@type\":\"ListItem\",\"position\":2,\"name\":\"68 ya\u015f\u0131ndaki adam, nehirde y\u00fczd\u00fc\u011f\u00fc s\u0131rada timsah taraf\u0131ndan feci bir \u015fekilde \u00f6ld\u00fcr\u00fcld\u00fc\"}]},{\"@type\":\"WebSite\",\"@id\":\"https:\\\/\\\/kibrisdakik.com\\\/#website\",\"url\":\"https:\\\/\\\/kibrisdakik.com\\\/\",\"name\":\"\",\"description\":\"Tam vaktinde haber\",\"potentialAction\":[{\"@type\":\"SearchAction\",\"target\":{\"@type\":\"EntryPoint\",\"urlTemplate\":\"https:\\\/\\\/kibrisdakik.com\\\/?s={search_term_string}\"},\"query-input\":{\"@type\":\"PropertyValueSpecification\",\"valueRequired\":true,\"valueName\":\"search_term_string\"}}],\"inLanguage\":\"tr\"},{\"@type\":\"Person\",\"@id\":\"https:\\\/\\\/kibrisdakik.com\\\/#\\\/schema\\\/person\\\/9cd9d437bbb44f72b73ba127e06d8e79\",\"name\":\"admin\",\"image\":{\"@type\":\"ImageObject\",\"inLanguage\":\"tr\",\"@id\":\"https:\\\/\\\/secure.gravatar.com\\\/avatar\\\/ccc17943b9d660506c869530f897617f7cb1c21a4bf30023f252596d83e1f007?s=96&d=mm&r=g\",\"url\":\"https:\\\/\\\/secure.gravatar.com\\\/avatar\\\/ccc17943b9d660506c869530f897617f7cb1c21a4bf30023f252596d83e1f007?s=96&d=mm&r=g\",\"contentUrl\":\"https:\\\/\\\/secure.gravatar.com\\\/avatar\\\/ccc17943b9d660506c869530f897617f7cb1c21a4bf30023f252596d83e1f007?s=96&d=mm&r=g\",\"caption\":\"admin\"},\"sameAs\":[\"https:\\\/\\\/kibrisdakik.com\"],\"url\":\"https:\\\/\\\/kibrisdakik.com\\\/?author=1\"}]}<\/script>\n<!-- \/ Yoast SEO plugin. -->","yoast_head_json":{"title":"68 ya\u015f\u0131ndaki adam, nehirde y\u00fczd\u00fc\u011f\u00fc s\u0131rada timsah taraf\u0131ndan feci bir \u015fekilde \u00f6ld\u00fcr\u00fcld\u00fc -","robots":{"index":"index","follow":"follow","max-snippet":"max-snippet:-1","max-image-preview":"max-image-preview:large","max-video-preview":"max-video-preview:-1"},"canonical":"https:\/\/kibrisdakik.com\/?p=59647","og_locale":"tr_TR","og_type":"article","og_title":"68 ya\u015f\u0131ndaki adam, nehirde y\u00fczd\u00fc\u011f\u00fc s\u0131rada timsah taraf\u0131ndan feci bir \u015fekilde \u00f6ld\u00fcr\u00fcld\u00fc -","og_description":"68 ya\u015f\u0131ndaki M. Yunus, 29 A\u011fustos&#8217;ta Peureulak Nehri&#8217;nde y\u00fczerken bir timsah sald\u0131r\u0131s\u0131na u\u011frad\u0131. Olay sonras\u0131 nehir k\u0131y\u0131s\u0131nda sadece k\u0131yafetleri ve telefonu bulundu. 64 ya\u015f\u0131ndaki e\u015fi Dimyam, kocas\u0131 birka\u00e7 saat i\u00e7inde eve d\u00f6nmeyince endi\u015felendi. Nehre gitti\u011finde k\u0131y\u0131da kocas\u0131n\u0131n e\u015fyalar\u0131n\u0131 buldu, ancak v\u00fccudundan iz yoktu. Bunun \u00fczerine k\u00f6ydeki ailesinden yard\u0131m istedi ve polisi arad\u0131. Kurtarma ekipleri, ertesi","og_url":"https:\/\/kibrisdakik.com\/?p=59647","article_published_time":"2024-09-05T09:59:42+00:00","og_image":[{"width":632,"height":404,"url":"https:\/\/kibrisdakik.com\/wp-content\/uploads\/2024\/09\/68-yasindaki-adam-nehirde-yuzdugu-sirada-timsah-17788318_5761_m.jpg","type":"image\/jpeg"}],"author":"admin","twitter_card":"summary_large_image","twitter_misc":{"Yazan:":"admin","Tahmini okuma s\u00fcresi":"1 dakika"},"schema":{"@context":"https:\/\/schema.org","@graph":[{"@type":"Article","@id":"https:\/\/kibrisdakik.com\/?p=59647#article","isPartOf":{"@id":"https:\/\/kibrisdakik.com\/?p=59647"},"author":{"name":"admin","@id":"https:\/\/kibrisdakik.com\/#\/schema\/person\/9cd9d437bbb44f72b73ba127e06d8e79"},"headline":"68 ya\u015f\u0131ndaki adam, nehirde y\u00fczd\u00fc\u011f\u00fc s\u0131rada timsah taraf\u0131ndan feci bir \u015fekilde \u00f6ld\u00fcr\u00fcld\u00fc","datePublished":"2024-09-05T09:59:42+00:00","mainEntityOfPage":{"@id":"https:\/\/kibrisdakik.com\/?p=59647"},"wordCount":263,"commentCount":0,"image":{"@id":"https:\/\/kibrisdakik.com\/?p=59647#primaryimage"},"thumbnailUrl":"https:\/\/kibrisdakik.com\/wp-content\/uploads\/2024\/09\/68-yasindaki-adam-nehirde-yuzdugu-sirada-timsah-17788318_5761_m.jpg","articleSection":["Magazin"],"inLanguage":"tr","potentialAction":[{"@type":"CommentAction","name":"Comment","target":["https:\/\/kibrisdakik.com\/?p=59647#respond"]}]},{"@type":"WebPage","@id":"https:\/\/kibrisdakik.com\/?p=59647","url":"https:\/\/kibrisdakik.com\/?p=59647","name":"68 ya\u015f\u0131ndaki adam, nehirde y\u00fczd\u00fc\u011f\u00fc s\u0131rada timsah taraf\u0131ndan feci bir \u015fekilde \u00f6ld\u00fcr\u00fcld\u00fc -","isPartOf":{"@id":"https:\/\/kibrisdakik.com\/#website"},"primaryImageOfPage":{"@id":"https:\/\/kibrisdakik.com\/?p=59647#primaryimage"},"image":{"@id":"https:\/\/kibrisdakik.com\/?p=59647#primaryimage"},"thumbnailUrl":"https:\/\/kibrisdakik.com\/wp-content\/uploads\/2024\/09\/68-yasindaki-adam-nehirde-yuzdugu-sirada-timsah-17788318_5761_m.jpg","datePublished":"2024-09-05T09:59:42+00:00","author":{"@id":"https:\/\/kibrisdakik.com\/#\/schema\/person\/9cd9d437bbb44f72b73ba127e06d8e79"},"breadcrumb":{"@id":"https:\/\/kibrisdakik.com\/?p=59647#breadcrumb"},"inLanguage":"tr","potentialAction":[{"@type":"ReadAction","target":["https:\/\/kibrisdakik.com\/?p=59647"]}]},{"@type":"ImageObject","inLanguage":"tr","@id":"https:\/\/kibrisdakik.com\/?p=59647#primaryimage","url":"https:\/\/kibrisdakik.com\/wp-content\/uploads\/2024\/09\/68-yasindaki-adam-nehirde-yuzdugu-sirada-timsah-17788318_5761_m.jpg","contentUrl":"https:\/\/kibrisdakik.com\/wp-content\/uploads\/2024\/09\/68-yasindaki-adam-nehirde-yuzdugu-sirada-timsah-17788318_5761_m.jpg","width":632,"height":404},{"@type":"BreadcrumbList","@id":"https:\/\/kibrisdakik.com\/?p=59647#breadcrumb","itemListElement":[{"@type":"ListItem","position":1,"name":"Home","item":"https:\/\/kibrisdakik.com\/"},{"@type":"ListItem","position":2,"name":"68 ya\u015f\u0131ndaki adam, nehirde y\u00fczd\u00fc\u011f\u00fc s\u0131rada timsah taraf\u0131ndan feci bir \u015fekilde \u00f6ld\u00fcr\u00fcld\u00fc"}]},{"@type":"WebSite","@id":"https:\/\/kibrisdakik.com\/#website","url":"https:\/\/kibrisdakik.com\/","name":"","description":"Tam vaktinde haber","potentialAction":[{"@type":"SearchAction","target":{"@type":"EntryPoint","urlTemplate":"https:\/\/kibrisdakik.com\/?s={search_term_string}"},"query-input":{"@type":"PropertyValueSpecification","valueRequired":true,"valueName":"search_term_string"}}],"inLanguage":"tr"},{"@type":"Person","@id":"https:\/\/kibrisdakik.com\/#\/schema\/person\/9cd9d437bbb44f72b73ba127e06d8e79","name":"admin","image":{"@type":"ImageObject","inLanguage":"tr","@id":"https:\/\/secure.gravatar.com\/avatar\/ccc17943b9d660506c869530f897617f7cb1c21a4bf30023f252596d83e1f007?s=96&d=mm&r=g","url":"https:\/\/secure.gravatar.com\/avatar\/ccc17943b9d660506c869530f897617f7cb1c21a4bf30023f252596d83e1f007?s=96&d=mm&r=g","contentUrl":"https:\/\/secure.gravatar.com\/avatar\/ccc17943b9d660506c869530f897617f7cb1c21a4bf30023f252596d83e1f007?s=96&d=mm&r=g","caption":"admin"},"sameAs":["https:\/\/kibrisdakik.com"],"url":"https:\/\/kibrisdakik.com\/?author=1"}]}},"_links":{"self":[{"href":"https:\/\/kibrisdakik.com\/index.php?rest_route=\/wp\/v2\/posts\/59647","targetHints":{"allow":["GET"]}}],"collection":[{"href":"https:\/\/kibrisdakik.com\/index.php?rest_route=\/wp\/v2\/posts"}],"about":[{"href":"https:\/\/kibrisdakik.com\/index.php?rest_route=\/wp\/v2\/types\/post"}],"author":[{"embeddable":true,"href":"https:\/\/kibrisdakik.com\/index.php?rest_route=\/wp\/v2\/users\/1"}],"replies":[{"embeddable":true,"href":"https:\/\/kibrisdakik.com\/index.php?rest_route=%2Fwp%2Fv2%2Fcomments&post=59647"}],"version-history":[{"count":1,"href":"https:\/\/kibrisdakik.com\/index.php?rest_route=\/wp\/v2\/posts\/59647\/revisions"}],"predecessor-version":[{"id":59721,"href":"https:\/\/kibrisdakik.com\/index.php?rest_route=\/wp\/v2\/posts\/59647\/revisions\/59721"}],"wp:featuredmedia":[{"embeddable":true,"href":"https:\/\/kibrisdakik.com\/index.php?rest_route=\/wp\/v2\/media\/59648"}],"wp:attachment":[{"href":"https:\/\/kibrisdakik.com\/index.php?rest_route=%2Fwp%2Fv2%2Fmedia&parent=59647"}],"wp:term":[{"taxonomy":"category","embeddable":true,"href":"https:\/\/kibrisdakik.com\/index.php?rest_route=%2Fwp%2Fv2%2Fcategories&post=59647"},{"taxonomy":"post_tag","embeddable":true,"href":"https:\/\/kibrisdakik.com\/index.php?rest_route=%2Fwp%2Fv2%2Ftags&post=59647"}],"curies":[{"name":"wp","href":"https:\/\/api.w.org\/{rel}","templated":true}]}}