{"id":5967,"date":"2023-04-29T06:35:41","date_gmt":"2023-04-29T06:35:41","guid":{"rendered":"https:\/\/kibrisdakik.com\/index.php\/2023\/04\/29\/cumhuriyet-meclisi-baskani-toreankarada-turk-dunyasi-parlamenterler-birligini-ziyaret-etti\/"},"modified":"2023-04-29T06:35:41","modified_gmt":"2023-04-29T06:35:41","slug":"cumhuriyet-meclisi-baskani-toreankarada-turk-dunyasi-parlamenterler-birligini-ziyaret-etti","status":"publish","type":"post","link":"https:\/\/kibrisdakik.com\/?p=5967","title":{"rendered":"Cumhuriyet Meclisi Ba\u015fkan\u0131 T\u00f6re,Ankara\u2019da T\u00fcrk D\u00fcnyas\u0131 Parlamenterler Birli\u011fi\u2019ni ziyaret etti"},"content":{"rendered":"<p><\/p>\n<div>\n<div class=\"mariselle-image-container center\">\n                <img width=\"1562\" height=\"724\" class=\"lazy-image\" alt=\"\" decoding=\"async\" loading=\"lazy\" sizes=\"auto, (max-width: 1562px) 100vw, 1562px\" src=\"https:\/\/brtk.net\/wp-content\/uploads\/2023\/04\/29\/d6cbcbe4-87c1-45bf-bc3b-ad440c365fdc.jpg?ver=ffdeaca4a5203dc8cfb6369eec35a0b2\" srcset=\"https:\/\/brtk.net\/wp-content\/uploads\/2023\/04\/29\/d6cbcbe4-87c1-45bf-bc3b-ad440c365fdc.jpg?ver=ffdeaca4a5203dc8cfb6369eec35a0b2 1562w, https:\/\/brtk.net\/wp-content\/uploads\/2023\/04\/29\/d6cbcbe4-87c1-45bf-bc3b-ad440c365fdc-300x139.jpg?ver=ffdeaca4a5203dc8cfb6369eec35a0b2 300w, https:\/\/brtk.net\/wp-content\/uploads\/2023\/04\/29\/d6cbcbe4-87c1-45bf-bc3b-ad440c365fdc-1024x475.jpg?ver=ffdeaca4a5203dc8cfb6369eec35a0b2 1024w, https:\/\/brtk.net\/wp-content\/uploads\/2023\/04\/29\/d6cbcbe4-87c1-45bf-bc3b-ad440c365fdc-768x356.jpg?ver=ffdeaca4a5203dc8cfb6369eec35a0b2 768w, https:\/\/brtk.net\/wp-content\/uploads\/2023\/04\/29\/d6cbcbe4-87c1-45bf-bc3b-ad440c365fdc-1536x712.jpg?ver=fb6a3d87afc3f32f31c00e3d20bd4900 1536w\"\/>                            <\/div>\n<p>Heyetiyle birlikte T\u00fcrkiye B\u00fcy\u00fck Millet Meclisi Ba\u015fkan\u0131 Mustafa \u015eentop\u2019un davetiyle  T\u00fcrk Devletleri Parlamenterler Asamblesi  12. Genel Kurul Toplant\u0131s\u0131na kat\u0131lmak amac\u0131yla Ankara\u2019da temaslar yapan  Cumhuriyet Meclisi Ba\u015fkan\u0131 Zorlu T\u00f6re, T\u00fcrk D\u00fcnyas\u0131 Parlamenterler Birli\u011fi\u2019ni ziyaret etti.<br \/>Ba\u015fkan T\u00f6re\u2019ye ziyaretinde heyetind eyer alan Ulusal Birlik Partisi Gazima\u011fusa Milletvekili O\u011fuzhan Hasipo\u011flu ve Cumhuriyet\u00e7i T\u00fcrk Partisi Lefko\u015fa Milletvekili S\u0131la Usar \u0130ncirli de e\u015flik etti.<br \/>Birlik Ba\u015fkan\u0131 21.d\u00f6nem Trabzon Milletvekili Nail \u00c7elebi, ziyarette yapt\u0131\u011f\u0131 konu\u015fmada, T\u00f6re\u2019nin onursal ba\u015fkanlar\u0131 oldu\u011funu ifade ederek ziyaretten dolay\u0131 duydu\u011fu memnuniyeti dile getirdi.<br \/>Ba\u015fkan T\u00f6re de konu\u015fmas\u0131nda <a href=\"https:\/\/brtk.net\/\">KKTC<\/a>\u2019de g\u00f6n\u00fcl d\u00fcnyas\u0131n\u0131n her zaman T\u00fcrk milleti oldu\u011funu ifade ederek Atat\u00fcrk\u2019\u00fcn \u201cNe mutlu T\u00fcrk\u00fcm\u201d ifadesiyle farkl\u0131 co\u011frafyalarda ya\u015fayan T\u00fcrkleri bir birine ba\u011flad\u0131\u011f\u0131n\u0131 s\u00f6yledi.<br \/>T\u00f6re: \u201cHepimiz T\u00fcrk milletinin mensuplar\u0131y\u0131z\u201d diyerek T\u00fcrk milletinin mensubu olmaktan \u015feref duyduklar\u0131n\u0131 kaydetti.<br \/>Ziyarette T\u00f6re\u2019ye T\u00fcrk D\u00fcnyas\u0131 Parlamenterler Birli\u011fi taraf\u0131ndan onur belgesi verildi.<br \/>Ankara temaslar\u0131n\u0131 tamamlayan Ba\u015fkan T\u00f6re, bu sabah <a href=\"https:\/\/brtk.net\/\">KKTC<\/a>\u2019ne d\u00f6nd\u00fc.<\/p>\n<\/p><\/div>\n<p><script async\n                    defer\n                    crossorigin=\"anonymous\"\n                    src=\"https:\/\/connect.facebook.net\/tr_TR\/sdk.js#xfbml=1&#038;version=v3.3\"\n            ><\/script><\/p>\n","protected":false},"excerpt":{"rendered":"<p>Heyetiyle birlikte T\u00fcrkiye B\u00fcy\u00fck Millet Meclisi Ba\u015fkan\u0131 Mustafa \u015eentop\u2019un davetiyle T\u00fcrk Devletleri Parlamenterler Asamblesi 12. Genel Kurul Toplant\u0131s\u0131na kat\u0131lmak amac\u0131yla Ankara\u2019da temaslar yapan Cumhuriyet Meclisi Ba\u015fkan\u0131 Zorlu T\u00f6re, T\u00fcrk D\u00fcnyas\u0131 Parlamenterler Birli\u011fi\u2019ni ziyaret etti.Ba\u015fkan T\u00f6re\u2019ye ziyaretinde heyetind eyer alan Ulusal Birlik Partisi Gazima\u011fusa Milletvekili O\u011fuzhan Hasipo\u011flu ve Cumhuriyet\u00e7i T\u00fcrk Partisi Lefko\u015fa Milletvekili S\u0131la Usar \u0130ncirli<\/p>\n","protected":false},"author":1,"featured_media":5968,"comment_status":"open","ping_status":"open","sticky":false,"template":"","format":"standard","meta":{"footnotes":""},"categories":[1],"tags":[],"class_list":["post-5967","post","type-post","status-publish","format-standard","has-post-thumbnail","hentry","category-gundem"],"yoast_head":"<!-- This site is optimized with the Yoast SEO plugin v27.5 - https:\/\/yoast.com\/product\/yoast-seo-wordpress\/ -->\n<title>Cumhuriyet Meclisi Ba\u015fkan\u0131 T\u00f6re,Ankara\u2019da T\u00fcrk D\u00fcnyas\u0131 Parlamenterler Birli\u011fi\u2019ni ziyaret etti -<\/title>\n<meta name=\"robots\" content=\"index, follow, max-snippet:-1, max-image-preview:large, max-video-preview:-1\" \/>\n<link rel=\"canonical\" href=\"https:\/\/kibrisdakik.com\/?p=5967\" \/>\n<meta property=\"og:locale\" content=\"tr_TR\" \/>\n<meta property=\"og:type\" content=\"article\" \/>\n<meta property=\"og:title\" content=\"Cumhuriyet Meclisi Ba\u015fkan\u0131 T\u00f6re,Ankara\u2019da T\u00fcrk D\u00fcnyas\u0131 Parlamenterler Birli\u011fi\u2019ni ziyaret etti -\" \/>\n<meta property=\"og:description\" content=\"Heyetiyle birlikte T\u00fcrkiye B\u00fcy\u00fck Millet Meclisi Ba\u015fkan\u0131 Mustafa \u015eentop\u2019un davetiyle T\u00fcrk Devletleri Parlamenterler Asamblesi 12. Genel Kurul Toplant\u0131s\u0131na kat\u0131lmak amac\u0131yla Ankara\u2019da temaslar yapan Cumhuriyet Meclisi Ba\u015fkan\u0131 Zorlu T\u00f6re, T\u00fcrk D\u00fcnyas\u0131 Parlamenterler Birli\u011fi\u2019ni ziyaret etti.Ba\u015fkan T\u00f6re\u2019ye ziyaretinde heyetind eyer alan Ulusal Birlik Partisi Gazima\u011fusa Milletvekili O\u011fuzhan Hasipo\u011flu ve Cumhuriyet\u00e7i T\u00fcrk Partisi Lefko\u015fa Milletvekili S\u0131la Usar \u0130ncirli\" \/>\n<meta property=\"og:url\" content=\"https:\/\/kibrisdakik.com\/?p=5967\" \/>\n<meta property=\"article:published_time\" content=\"2023-04-29T06:35:41+00:00\" \/>\n<meta property=\"og:image\" content=\"https:\/\/kibrisdakik.com\/wp-content\/uploads\/2023\/04\/d6cbcbe4-87c1-45bf-bc3b-ad440c365fdc-740x420.jpg\" \/>\n\t<meta property=\"og:image:width\" content=\"1562\" \/>\n\t<meta property=\"og:image:height\" content=\"724\" \/>\n\t<meta property=\"og:image:type\" content=\"image\/jpeg\" \/>\n<meta name=\"author\" content=\"admin\" \/>\n<meta name=\"twitter:card\" content=\"summary_large_image\" \/>\n<meta name=\"twitter:label1\" content=\"Yazan:\" \/>\n\t<meta name=\"twitter:data1\" content=\"admin\" \/>\n\t<meta name=\"twitter:label2\" content=\"Tahmini okuma s\u00fcresi\" \/>\n\t<meta name=\"twitter:data2\" content=\"1 dakika\" \/>\n<script type=\"application\/ld+json\" class=\"yoast-schema-graph\">{\"@context\":\"https:\\\/\\\/schema.org\",\"@graph\":[{\"@type\":\"Article\",\"@id\":\"https:\\\/\\\/kibrisdakik.com\\\/?p=5967#article\",\"isPartOf\":{\"@id\":\"https:\\\/\\\/kibrisdakik.com\\\/?p=5967\"},\"author\":{\"name\":\"admin\",\"@id\":\"https:\\\/\\\/kibrisdakik.com\\\/#\\\/schema\\\/person\\\/9cd9d437bbb44f72b73ba127e06d8e79\"},\"headline\":\"Cumhuriyet Meclisi Ba\u015fkan\u0131 T\u00f6re,Ankara\u2019da T\u00fcrk D\u00fcnyas\u0131 Parlamenterler Birli\u011fi\u2019ni ziyaret etti\",\"datePublished\":\"2023-04-29T06:35:41+00:00\",\"mainEntityOfPage\":{\"@id\":\"https:\\\/\\\/kibrisdakik.com\\\/?p=5967\"},\"wordCount\":232,\"commentCount\":0,\"image\":{\"@id\":\"https:\\\/\\\/kibrisdakik.com\\\/?p=5967#primaryimage\"},\"thumbnailUrl\":\"https:\\\/\\\/kibrisdakik.com\\\/wp-content\\\/uploads\\\/2023\\\/04\\\/d6cbcbe4-87c1-45bf-bc3b-ad440c365fdc-740x420.jpg\",\"articleSection\":[\"G\u00fcndem\"],\"inLanguage\":\"tr\",\"potentialAction\":[{\"@type\":\"CommentAction\",\"name\":\"Comment\",\"target\":[\"https:\\\/\\\/kibrisdakik.com\\\/?p=5967#respond\"]}]},{\"@type\":\"WebPage\",\"@id\":\"https:\\\/\\\/kibrisdakik.com\\\/?p=5967\",\"url\":\"https:\\\/\\\/kibrisdakik.com\\\/?p=5967\",\"name\":\"Cumhuriyet Meclisi Ba\u015fkan\u0131 T\u00f6re,Ankara\u2019da T\u00fcrk D\u00fcnyas\u0131 Parlamenterler Birli\u011fi\u2019ni ziyaret etti -\",\"isPartOf\":{\"@id\":\"https:\\\/\\\/kibrisdakik.com\\\/#website\"},\"primaryImageOfPage\":{\"@id\":\"https:\\\/\\\/kibrisdakik.com\\\/?p=5967#primaryimage\"},\"image\":{\"@id\":\"https:\\\/\\\/kibrisdakik.com\\\/?p=5967#primaryimage\"},\"thumbnailUrl\":\"https:\\\/\\\/kibrisdakik.com\\\/wp-content\\\/uploads\\\/2023\\\/04\\\/d6cbcbe4-87c1-45bf-bc3b-ad440c365fdc-740x420.jpg\",\"datePublished\":\"2023-04-29T06:35:41+00:00\",\"author\":{\"@id\":\"https:\\\/\\\/kibrisdakik.com\\\/#\\\/schema\\\/person\\\/9cd9d437bbb44f72b73ba127e06d8e79\"},\"breadcrumb\":{\"@id\":\"https:\\\/\\\/kibrisdakik.com\\\/?p=5967#breadcrumb\"},\"inLanguage\":\"tr\",\"potentialAction\":[{\"@type\":\"ReadAction\",\"target\":[\"https:\\\/\\\/kibrisdakik.com\\\/?p=5967\"]}]},{\"@type\":\"ImageObject\",\"inLanguage\":\"tr\",\"@id\":\"https:\\\/\\\/kibrisdakik.com\\\/?p=5967#primaryimage\",\"url\":\"https:\\\/\\\/kibrisdakik.com\\\/wp-content\\\/uploads\\\/2023\\\/04\\\/d6cbcbe4-87c1-45bf-bc3b-ad440c365fdc-740x420.jpg\",\"contentUrl\":\"https:\\\/\\\/kibrisdakik.com\\\/wp-content\\\/uploads\\\/2023\\\/04\\\/d6cbcbe4-87c1-45bf-bc3b-ad440c365fdc-740x420.jpg\",\"width\":1562,\"height\":724},{\"@type\":\"BreadcrumbList\",\"@id\":\"https:\\\/\\\/kibrisdakik.com\\\/?p=5967#breadcrumb\",\"itemListElement\":[{\"@type\":\"ListItem\",\"position\":1,\"name\":\"Home\",\"item\":\"https:\\\/\\\/kibrisdakik.com\\\/\"},{\"@type\":\"ListItem\",\"position\":2,\"name\":\"Cumhuriyet Meclisi Ba\u015fkan\u0131 T\u00f6re,Ankara\u2019da T\u00fcrk D\u00fcnyas\u0131 Parlamenterler Birli\u011fi\u2019ni ziyaret etti\"}]},{\"@type\":\"WebSite\",\"@id\":\"https:\\\/\\\/kibrisdakik.com\\\/#website\",\"url\":\"https:\\\/\\\/kibrisdakik.com\\\/\",\"name\":\"\",\"description\":\"Tam vaktinde haber\",\"potentialAction\":[{\"@type\":\"SearchAction\",\"target\":{\"@type\":\"EntryPoint\",\"urlTemplate\":\"https:\\\/\\\/kibrisdakik.com\\\/?s={search_term_string}\"},\"query-input\":{\"@type\":\"PropertyValueSpecification\",\"valueRequired\":true,\"valueName\":\"search_term_string\"}}],\"inLanguage\":\"tr\"},{\"@type\":\"Person\",\"@id\":\"https:\\\/\\\/kibrisdakik.com\\\/#\\\/schema\\\/person\\\/9cd9d437bbb44f72b73ba127e06d8e79\",\"name\":\"admin\",\"image\":{\"@type\":\"ImageObject\",\"inLanguage\":\"tr\",\"@id\":\"https:\\\/\\\/secure.gravatar.com\\\/avatar\\\/ccc17943b9d660506c869530f897617f7cb1c21a4bf30023f252596d83e1f007?s=96&d=mm&r=g\",\"url\":\"https:\\\/\\\/secure.gravatar.com\\\/avatar\\\/ccc17943b9d660506c869530f897617f7cb1c21a4bf30023f252596d83e1f007?s=96&d=mm&r=g\",\"contentUrl\":\"https:\\\/\\\/secure.gravatar.com\\\/avatar\\\/ccc17943b9d660506c869530f897617f7cb1c21a4bf30023f252596d83e1f007?s=96&d=mm&r=g\",\"caption\":\"admin\"},\"sameAs\":[\"https:\\\/\\\/kibrisdakik.com\"],\"url\":\"https:\\\/\\\/kibrisdakik.com\\\/?author=1\"}]}<\/script>\n<!-- \/ Yoast SEO plugin. -->","yoast_head_json":{"title":"Cumhuriyet Meclisi Ba\u015fkan\u0131 T\u00f6re,Ankara\u2019da T\u00fcrk D\u00fcnyas\u0131 Parlamenterler Birli\u011fi\u2019ni ziyaret etti -","robots":{"index":"index","follow":"follow","max-snippet":"max-snippet:-1","max-image-preview":"max-image-preview:large","max-video-preview":"max-video-preview:-1"},"canonical":"https:\/\/kibrisdakik.com\/?p=5967","og_locale":"tr_TR","og_type":"article","og_title":"Cumhuriyet Meclisi Ba\u015fkan\u0131 T\u00f6re,Ankara\u2019da T\u00fcrk D\u00fcnyas\u0131 Parlamenterler Birli\u011fi\u2019ni ziyaret etti -","og_description":"Heyetiyle birlikte T\u00fcrkiye B\u00fcy\u00fck Millet Meclisi Ba\u015fkan\u0131 Mustafa \u015eentop\u2019un davetiyle T\u00fcrk Devletleri Parlamenterler Asamblesi 12. Genel Kurul Toplant\u0131s\u0131na kat\u0131lmak amac\u0131yla Ankara\u2019da temaslar yapan Cumhuriyet Meclisi Ba\u015fkan\u0131 Zorlu T\u00f6re, T\u00fcrk D\u00fcnyas\u0131 Parlamenterler Birli\u011fi\u2019ni ziyaret etti.Ba\u015fkan T\u00f6re\u2019ye ziyaretinde heyetind eyer alan Ulusal Birlik Partisi Gazima\u011fusa Milletvekili O\u011fuzhan Hasipo\u011flu ve Cumhuriyet\u00e7i T\u00fcrk Partisi Lefko\u015fa Milletvekili S\u0131la Usar \u0130ncirli","og_url":"https:\/\/kibrisdakik.com\/?p=5967","article_published_time":"2023-04-29T06:35:41+00:00","og_image":[{"width":1562,"height":724,"url":"https:\/\/kibrisdakik.com\/wp-content\/uploads\/2023\/04\/d6cbcbe4-87c1-45bf-bc3b-ad440c365fdc-740x420.jpg","type":"image\/jpeg"}],"author":"admin","twitter_card":"summary_large_image","twitter_misc":{"Yazan:":"admin","Tahmini okuma s\u00fcresi":"1 dakika"},"schema":{"@context":"https:\/\/schema.org","@graph":[{"@type":"Article","@id":"https:\/\/kibrisdakik.com\/?p=5967#article","isPartOf":{"@id":"https:\/\/kibrisdakik.com\/?p=5967"},"author":{"name":"admin","@id":"https:\/\/kibrisdakik.com\/#\/schema\/person\/9cd9d437bbb44f72b73ba127e06d8e79"},"headline":"Cumhuriyet Meclisi Ba\u015fkan\u0131 T\u00f6re,Ankara\u2019da T\u00fcrk D\u00fcnyas\u0131 Parlamenterler Birli\u011fi\u2019ni ziyaret etti","datePublished":"2023-04-29T06:35:41+00:00","mainEntityOfPage":{"@id":"https:\/\/kibrisdakik.com\/?p=5967"},"wordCount":232,"commentCount":0,"image":{"@id":"https:\/\/kibrisdakik.com\/?p=5967#primaryimage"},"thumbnailUrl":"https:\/\/kibrisdakik.com\/wp-content\/uploads\/2023\/04\/d6cbcbe4-87c1-45bf-bc3b-ad440c365fdc-740x420.jpg","articleSection":["G\u00fcndem"],"inLanguage":"tr","potentialAction":[{"@type":"CommentAction","name":"Comment","target":["https:\/\/kibrisdakik.com\/?p=5967#respond"]}]},{"@type":"WebPage","@id":"https:\/\/kibrisdakik.com\/?p=5967","url":"https:\/\/kibrisdakik.com\/?p=5967","name":"Cumhuriyet Meclisi Ba\u015fkan\u0131 T\u00f6re,Ankara\u2019da T\u00fcrk D\u00fcnyas\u0131 Parlamenterler Birli\u011fi\u2019ni ziyaret etti -","isPartOf":{"@id":"https:\/\/kibrisdakik.com\/#website"},"primaryImageOfPage":{"@id":"https:\/\/kibrisdakik.com\/?p=5967#primaryimage"},"image":{"@id":"https:\/\/kibrisdakik.com\/?p=5967#primaryimage"},"thumbnailUrl":"https:\/\/kibrisdakik.com\/wp-content\/uploads\/2023\/04\/d6cbcbe4-87c1-45bf-bc3b-ad440c365fdc-740x420.jpg","datePublished":"2023-04-29T06:35:41+00:00","author":{"@id":"https:\/\/kibrisdakik.com\/#\/schema\/person\/9cd9d437bbb44f72b73ba127e06d8e79"},"breadcrumb":{"@id":"https:\/\/kibrisdakik.com\/?p=5967#breadcrumb"},"inLanguage":"tr","potentialAction":[{"@type":"ReadAction","target":["https:\/\/kibrisdakik.com\/?p=5967"]}]},{"@type":"ImageObject","inLanguage":"tr","@id":"https:\/\/kibrisdakik.com\/?p=5967#primaryimage","url":"https:\/\/kibrisdakik.com\/wp-content\/uploads\/2023\/04\/d6cbcbe4-87c1-45bf-bc3b-ad440c365fdc-740x420.jpg","contentUrl":"https:\/\/kibrisdakik.com\/wp-content\/uploads\/2023\/04\/d6cbcbe4-87c1-45bf-bc3b-ad440c365fdc-740x420.jpg","width":1562,"height":724},{"@type":"BreadcrumbList","@id":"https:\/\/kibrisdakik.com\/?p=5967#breadcrumb","itemListElement":[{"@type":"ListItem","position":1,"name":"Home","item":"https:\/\/kibrisdakik.com\/"},{"@type":"ListItem","position":2,"name":"Cumhuriyet Meclisi Ba\u015fkan\u0131 T\u00f6re,Ankara\u2019da T\u00fcrk D\u00fcnyas\u0131 Parlamenterler Birli\u011fi\u2019ni ziyaret etti"}]},{"@type":"WebSite","@id":"https:\/\/kibrisdakik.com\/#website","url":"https:\/\/kibrisdakik.com\/","name":"","description":"Tam vaktinde haber","potentialAction":[{"@type":"SearchAction","target":{"@type":"EntryPoint","urlTemplate":"https:\/\/kibrisdakik.com\/?s={search_term_string}"},"query-input":{"@type":"PropertyValueSpecification","valueRequired":true,"valueName":"search_term_string"}}],"inLanguage":"tr"},{"@type":"Person","@id":"https:\/\/kibrisdakik.com\/#\/schema\/person\/9cd9d437bbb44f72b73ba127e06d8e79","name":"admin","image":{"@type":"ImageObject","inLanguage":"tr","@id":"https:\/\/secure.gravatar.com\/avatar\/ccc17943b9d660506c869530f897617f7cb1c21a4bf30023f252596d83e1f007?s=96&d=mm&r=g","url":"https:\/\/secure.gravatar.com\/avatar\/ccc17943b9d660506c869530f897617f7cb1c21a4bf30023f252596d83e1f007?s=96&d=mm&r=g","contentUrl":"https:\/\/secure.gravatar.com\/avatar\/ccc17943b9d660506c869530f897617f7cb1c21a4bf30023f252596d83e1f007?s=96&d=mm&r=g","caption":"admin"},"sameAs":["https:\/\/kibrisdakik.com"],"url":"https:\/\/kibrisdakik.com\/?author=1"}]}},"_links":{"self":[{"href":"https:\/\/kibrisdakik.com\/index.php?rest_route=\/wp\/v2\/posts\/5967","targetHints":{"allow":["GET"]}}],"collection":[{"href":"https:\/\/kibrisdakik.com\/index.php?rest_route=\/wp\/v2\/posts"}],"about":[{"href":"https:\/\/kibrisdakik.com\/index.php?rest_route=\/wp\/v2\/types\/post"}],"author":[{"embeddable":true,"href":"https:\/\/kibrisdakik.com\/index.php?rest_route=\/wp\/v2\/users\/1"}],"replies":[{"embeddable":true,"href":"https:\/\/kibrisdakik.com\/index.php?rest_route=%2Fwp%2Fv2%2Fcomments&post=5967"}],"version-history":[{"count":0,"href":"https:\/\/kibrisdakik.com\/index.php?rest_route=\/wp\/v2\/posts\/5967\/revisions"}],"wp:featuredmedia":[{"embeddable":true,"href":"https:\/\/kibrisdakik.com\/index.php?rest_route=\/wp\/v2\/media\/5968"}],"wp:attachment":[{"href":"https:\/\/kibrisdakik.com\/index.php?rest_route=%2Fwp%2Fv2%2Fmedia&parent=5967"}],"wp:term":[{"taxonomy":"category","embeddable":true,"href":"https:\/\/kibrisdakik.com\/index.php?rest_route=%2Fwp%2Fv2%2Fcategories&post=5967"},{"taxonomy":"post_tag","embeddable":true,"href":"https:\/\/kibrisdakik.com\/index.php?rest_route=%2Fwp%2Fv2%2Ftags&post=5967"}],"curies":[{"name":"wp","href":"https:\/\/api.w.org\/{rel}","templated":true}]}}