{"id":59745,"date":"2024-09-05T13:35:02","date_gmt":"2024-09-05T10:35:02","guid":{"rendered":"https:\/\/kibrisdakik.com\/index.php\/2024\/09\/05\/almanyada-israil-baskonsoloslugu-yakinlarinda-silahli-saldiri\/"},"modified":"2024-09-05T13:35:02","modified_gmt":"2024-09-05T10:35:02","slug":"almanyada-israil-baskonsoloslugu-yakinlarinda-silahli-saldiri","status":"publish","type":"post","link":"https:\/\/kibrisdakik.com\/?p=59745","title":{"rendered":"Almanya&#8217;da \u0130srail Ba\u015fkonsoloslu\u011fu yak\u0131nlar\u0131nda silahl\u0131 sald\u0131r\u0131"},"content":{"rendered":"<p><\/p>\n<div id=\"\">\n<p> <a class=\"keyword\" href=\"https:\/\/www.haberler.com\/almanya\/\" title=\"Almanya Haberleri, Almanya Haberi, Almanya Haber\"><strong>Almanya<\/strong><\/a>&#8216;da \u0130srail Ba\u015fkonsoloslu\u011fu Yak\u0131n\u0131nda Silahl\u0131 Sald\u0131rgan \u00d6ld\u00fcr\u00fcld\u00fc<\/p>\n<p>Almanya&#8217;n\u0131n M\u00fcnih kentinde, \u0130srail Ba\u015fkonsoloslu\u011fu yak\u0131nlar\u0131nda silahl\u0131 bir \u015f\u00fcpheli polis taraf\u0131ndan vurularak \u00f6ld\u00fcr\u00fcld\u00fc.<\/p>\n<p> <a class=\"keyword\" href=\"https:\/\/www.haberler.com\/polis\/\" title=\"Polis Haberleri, Polis Haberi, Polis Haber\"><strong>Polis<\/strong><\/a> taraf\u0131ndan yap\u0131lan a\u00e7\u0131klamaya g\u00f6re, kent merkezinde \u0130srail Ba\u015fkonsoloslu\u011fu ve Nazi rejimi su\u00e7lar\u0131n\u0131 anlatan m\u00fczenin yak\u0131n\u0131nda uzun menzilli silah ta\u015f\u0131yan bir zanl\u0131ya ate\u015f a\u00e7\u0131ld\u0131. \u015e\u00fcpheli, a\u00e7\u0131lan ate\u015f sonucu yaraland\u0131 ve k\u0131sa s\u00fcre sonra hayat\u0131n\u0131 kaybetti.<\/p>\n<p>Yetkililer, durumun kontrol alt\u0131na al\u0131nd\u0131\u011f\u0131n\u0131 ve \u00e7evrede ba\u015fka bir \u015f\u00fcphelinin bulunmad\u0131\u011f\u0131n\u0131 bildirdi. Olayda polis dahil ba\u015fka \u00f6len ya da yaralanan olmad\u0131\u011f\u0131 belirtildi.<\/p>\n<p>Polis, b\u00f6lge sakinlerine olay yerinden uzak durmalar\u0131 \u00e7a\u011fr\u0131s\u0131nda bulunurken, g\u00f6rg\u00fc tan\u0131klar\u0131ndan veya olay\u0131n g\u00f6r\u00fcnt\u00fcs\u00fcn\u00fc kaydedenlerden kendilerine ba\u015fvurmalar\u0131n\u0131 istedi.<\/p>\n<p>Yerel bas\u0131nda yer alan haberlerde, \u015f\u00fcphelinin Ba\u015fkonsoloslu\u011fun \u00f6n\u00fcndeki g\u00fcvenlik kul\u00fcbesine ate\u015f etti\u011fi \u00f6ne s\u00fcr\u00fcld\u00fc. Kul\u00fcbede 5 polisin bulundu\u011fu belirtildi.<\/p>\n<p>Olay yeri polis taraf\u0131ndan geni\u015f bir \u015fekilde kordon alt\u0131na al\u0131nd\u0131 ve inceleme ba\u015flat\u0131ld\u0131.<\/p>\n<p>Soru\u015fturma devam ediyor.<\/p>\n<p><img loading=\"lazy\" decoding=\"async\" class=\"hbptMainImage lazyload ImgDetay\" src=\"https:\/\/foto.haberler.com\/haber\/2024\/09\/05\/almanya-da-israil-baskonsoloslugu-yakinlarinda-17789323_9429_m.jpg\" alt=\"Almanya'da \u0130srail Ba\u015fkonsoloslu\u011fu yak\u0131nlar\u0131nda silahl\u0131 sald\u0131r\u0131\" width=\"627\" height=\"354\"\/><\/p>\n<p><img loading=\"lazy\" decoding=\"async\" class=\"hbptMainImage lazyload ImgDetay\" src=\"https:\/\/foto.haberler.com\/haber\/2024\/09\/05\/almanya-da-israil-baskonsoloslugu-yakinlarinda-17789323_46_m.jpg\" alt=\"Almanya'da \u0130srail Ba\u015fkonsoloslu\u011fu yak\u0131nlar\u0131nda silahl\u0131 sald\u0131r\u0131\" width=\"640\" height=\"388\"\/><\/p>\n<p><img loading=\"lazy\" decoding=\"async\" class=\"hbptMainImage lazyload ImgDetay\" src=\"https:\/\/foto.haberler.com\/haber\/2024\/09\/05\/almanya-da-israil-baskonsoloslugu-yakinlarinda-17789323_4698_m.jpg\" alt=\"Almanya'da \u0130srail Ba\u015fkonsoloslu\u011fu yak\u0131nlar\u0131nda silahl\u0131 sald\u0131r\u0131\" width=\"640\" height=\"387\"\/><\/p>\n<p><img loading=\"lazy\" decoding=\"async\" class=\"hbptMainImage lazyload ImgDetay\" src=\"https:\/\/foto.haberler.com\/haber\/2024\/09\/05\/almanya-da-israil-baskonsoloslugu-yakinlarinda-17789323_4824_m.jpg\" alt=\"Almanya'da \u0130srail Ba\u015fkonsoloslu\u011fu yak\u0131nlar\u0131nda silahl\u0131 sald\u0131r\u0131\" width=\"640\" height=\"331\"\/><\/p>\n<figure class=\"type:primaryimage hbhOrder\" style=\"margin-bottom: 20px;\"><img loading=\"lazy\" decoding=\"async\" width=\"1202\" height=\"675\" class=\"hbptMainImage\" id=\"HaberImage\" src=\"https:\/\/foto.haberler.com\/resize\/601x337\/haber\/2024\/09\/05\/almanya-da-israil-baskonsoloslugu-yakinlarinda-17789323_5013_amp.jpg\"\/><\/figure>\n<h4 id=\"nwsKeywords\"> <a href=\"https:\/\/www.haberler.com\/almanya\/\" title=\"Almanya\" class=\"hbptTag\">Almanya<\/a>  <a href=\"https:\/\/www.haberler.com\/israil\/\" title=\"\u0130srail\" class=\"hbptTag\">\u0130srail<\/a>  <a href=\"https:\/\/www.haberler.com\/guncel\/\" title=\"G\u00fcncel\" class=\"hbptTag\">G\u00fcncel<\/a>  <a href=\"https:\/\/www.haberler.com\/dunya\/\" title=\"D\u00fcnya\" class=\"hbptTag\">D\u00fcnya<\/a>  <a href=\"https:\/\/www.haberler.com\/polis\/\" title=\"Polis\" class=\"hbptTag\">Polis<\/a>  <a href=\"https:\/\/www.haberler.com\/munih\/\" title=\"M\u00fcnih\" class=\"hbptTag\">M\u00fcnih<\/a> <\/h4>\n<\/div>\n","protected":false},"excerpt":{"rendered":"<p>Almanya&#8216;da \u0130srail Ba\u015fkonsoloslu\u011fu Yak\u0131n\u0131nda Silahl\u0131 Sald\u0131rgan \u00d6ld\u00fcr\u00fcld\u00fc Almanya&#8217;n\u0131n M\u00fcnih kentinde, \u0130srail Ba\u015fkonsoloslu\u011fu yak\u0131nlar\u0131nda silahl\u0131 bir \u015f\u00fcpheli polis taraf\u0131ndan vurularak \u00f6ld\u00fcr\u00fcld\u00fc. Polis taraf\u0131ndan yap\u0131lan a\u00e7\u0131klamaya g\u00f6re, kent merkezinde \u0130srail Ba\u015fkonsoloslu\u011fu ve Nazi rejimi su\u00e7lar\u0131n\u0131 anlatan m\u00fczenin yak\u0131n\u0131nda uzun menzilli silah ta\u015f\u0131yan bir zanl\u0131ya ate\u015f a\u00e7\u0131ld\u0131. \u015e\u00fcpheli, a\u00e7\u0131lan ate\u015f sonucu yaraland\u0131 ve k\u0131sa s\u00fcre sonra hayat\u0131n\u0131 kaybetti.<\/p>\n","protected":false},"author":1,"featured_media":59746,"comment_status":"open","ping_status":"open","sticky":false,"template":"","format":"standard","meta":{"footnotes":""},"categories":[83],"tags":[],"class_list":["post-59745","post","type-post","status-publish","format-standard","has-post-thumbnail","hentry","category-magazin"],"yoast_head":"<!-- This site is optimized with the Yoast SEO plugin v27.4 - https:\/\/yoast.com\/product\/yoast-seo-wordpress\/ -->\n<title>Almanya&#039;da \u0130srail Ba\u015fkonsoloslu\u011fu yak\u0131nlar\u0131nda silahl\u0131 sald\u0131r\u0131 -<\/title>\n<meta name=\"robots\" content=\"index, follow, max-snippet:-1, max-image-preview:large, max-video-preview:-1\" \/>\n<link rel=\"canonical\" href=\"https:\/\/kibrisdakik.com\/?p=59745\" \/>\n<meta property=\"og:locale\" content=\"tr_TR\" \/>\n<meta property=\"og:type\" content=\"article\" \/>\n<meta property=\"og:title\" content=\"Almanya&#039;da \u0130srail Ba\u015fkonsoloslu\u011fu yak\u0131nlar\u0131nda silahl\u0131 sald\u0131r\u0131 -\" \/>\n<meta property=\"og:description\" content=\"Almanya&#8216;da \u0130srail Ba\u015fkonsoloslu\u011fu Yak\u0131n\u0131nda Silahl\u0131 Sald\u0131rgan \u00d6ld\u00fcr\u00fcld\u00fc Almanya&#8217;n\u0131n M\u00fcnih kentinde, \u0130srail Ba\u015fkonsoloslu\u011fu yak\u0131nlar\u0131nda silahl\u0131 bir \u015f\u00fcpheli polis taraf\u0131ndan vurularak \u00f6ld\u00fcr\u00fcld\u00fc. Polis taraf\u0131ndan yap\u0131lan a\u00e7\u0131klamaya g\u00f6re, kent merkezinde \u0130srail Ba\u015fkonsoloslu\u011fu ve Nazi rejimi su\u00e7lar\u0131n\u0131 anlatan m\u00fczenin yak\u0131n\u0131nda uzun menzilli silah ta\u015f\u0131yan bir zanl\u0131ya ate\u015f a\u00e7\u0131ld\u0131. \u015e\u00fcpheli, a\u00e7\u0131lan ate\u015f sonucu yaraland\u0131 ve k\u0131sa s\u00fcre sonra hayat\u0131n\u0131 kaybetti.\" \/>\n<meta property=\"og:url\" content=\"https:\/\/kibrisdakik.com\/?p=59745\" \/>\n<meta property=\"article:published_time\" content=\"2024-09-05T10:35:02+00:00\" \/>\n<meta property=\"og:image\" content=\"https:\/\/kibrisdakik.com\/wp-content\/uploads\/2024\/09\/almanya-da-israil-baskonsoloslugu-yakinlarinda-17789323_9429_m.jpg\" \/>\n\t<meta property=\"og:image:width\" content=\"627\" \/>\n\t<meta property=\"og:image:height\" content=\"354\" \/>\n\t<meta property=\"og:image:type\" content=\"image\/jpeg\" \/>\n<meta name=\"author\" content=\"admin\" \/>\n<meta name=\"twitter:card\" content=\"summary_large_image\" \/>\n<meta name=\"twitter:label1\" content=\"Yazan:\" \/>\n\t<meta name=\"twitter:data1\" content=\"admin\" \/>\n\t<meta name=\"twitter:label2\" content=\"Tahmini okuma s\u00fcresi\" \/>\n\t<meta name=\"twitter:data2\" content=\"1 dakika\" \/>\n<script type=\"application\/ld+json\" class=\"yoast-schema-graph\">{\"@context\":\"https:\\\/\\\/schema.org\",\"@graph\":[{\"@type\":\"Article\",\"@id\":\"https:\\\/\\\/kibrisdakik.com\\\/?p=59745#article\",\"isPartOf\":{\"@id\":\"https:\\\/\\\/kibrisdakik.com\\\/?p=59745\"},\"author\":{\"name\":\"admin\",\"@id\":\"https:\\\/\\\/kibrisdakik.com\\\/#\\\/schema\\\/person\\\/9cd9d437bbb44f72b73ba127e06d8e79\"},\"headline\":\"Almanya&#8217;da \u0130srail Ba\u015fkonsoloslu\u011fu yak\u0131nlar\u0131nda silahl\u0131 sald\u0131r\u0131\",\"datePublished\":\"2024-09-05T10:35:02+00:00\",\"mainEntityOfPage\":{\"@id\":\"https:\\\/\\\/kibrisdakik.com\\\/?p=59745\"},\"wordCount\":221,\"commentCount\":0,\"image\":{\"@id\":\"https:\\\/\\\/kibrisdakik.com\\\/?p=59745#primaryimage\"},\"thumbnailUrl\":\"https:\\\/\\\/kibrisdakik.com\\\/wp-content\\\/uploads\\\/2024\\\/09\\\/almanya-da-israil-baskonsoloslugu-yakinlarinda-17789323_9429_m.jpg\",\"articleSection\":[\"Magazin\"],\"inLanguage\":\"tr\",\"potentialAction\":[{\"@type\":\"CommentAction\",\"name\":\"Comment\",\"target\":[\"https:\\\/\\\/kibrisdakik.com\\\/?p=59745#respond\"]}]},{\"@type\":\"WebPage\",\"@id\":\"https:\\\/\\\/kibrisdakik.com\\\/?p=59745\",\"url\":\"https:\\\/\\\/kibrisdakik.com\\\/?p=59745\",\"name\":\"Almanya'da \u0130srail Ba\u015fkonsoloslu\u011fu yak\u0131nlar\u0131nda silahl\u0131 sald\u0131r\u0131 -\",\"isPartOf\":{\"@id\":\"https:\\\/\\\/kibrisdakik.com\\\/#website\"},\"primaryImageOfPage\":{\"@id\":\"https:\\\/\\\/kibrisdakik.com\\\/?p=59745#primaryimage\"},\"image\":{\"@id\":\"https:\\\/\\\/kibrisdakik.com\\\/?p=59745#primaryimage\"},\"thumbnailUrl\":\"https:\\\/\\\/kibrisdakik.com\\\/wp-content\\\/uploads\\\/2024\\\/09\\\/almanya-da-israil-baskonsoloslugu-yakinlarinda-17789323_9429_m.jpg\",\"datePublished\":\"2024-09-05T10:35:02+00:00\",\"author\":{\"@id\":\"https:\\\/\\\/kibrisdakik.com\\\/#\\\/schema\\\/person\\\/9cd9d437bbb44f72b73ba127e06d8e79\"},\"breadcrumb\":{\"@id\":\"https:\\\/\\\/kibrisdakik.com\\\/?p=59745#breadcrumb\"},\"inLanguage\":\"tr\",\"potentialAction\":[{\"@type\":\"ReadAction\",\"target\":[\"https:\\\/\\\/kibrisdakik.com\\\/?p=59745\"]}]},{\"@type\":\"ImageObject\",\"inLanguage\":\"tr\",\"@id\":\"https:\\\/\\\/kibrisdakik.com\\\/?p=59745#primaryimage\",\"url\":\"https:\\\/\\\/kibrisdakik.com\\\/wp-content\\\/uploads\\\/2024\\\/09\\\/almanya-da-israil-baskonsoloslugu-yakinlarinda-17789323_9429_m.jpg\",\"contentUrl\":\"https:\\\/\\\/kibrisdakik.com\\\/wp-content\\\/uploads\\\/2024\\\/09\\\/almanya-da-israil-baskonsoloslugu-yakinlarinda-17789323_9429_m.jpg\",\"width\":627,\"height\":354},{\"@type\":\"BreadcrumbList\",\"@id\":\"https:\\\/\\\/kibrisdakik.com\\\/?p=59745#breadcrumb\",\"itemListElement\":[{\"@type\":\"ListItem\",\"position\":1,\"name\":\"Home\",\"item\":\"https:\\\/\\\/kibrisdakik.com\\\/\"},{\"@type\":\"ListItem\",\"position\":2,\"name\":\"Almanya&#8217;da \u0130srail Ba\u015fkonsoloslu\u011fu yak\u0131nlar\u0131nda silahl\u0131 sald\u0131r\u0131\"}]},{\"@type\":\"WebSite\",\"@id\":\"https:\\\/\\\/kibrisdakik.com\\\/#website\",\"url\":\"https:\\\/\\\/kibrisdakik.com\\\/\",\"name\":\"\",\"description\":\"Tam vaktinde haber\",\"potentialAction\":[{\"@type\":\"SearchAction\",\"target\":{\"@type\":\"EntryPoint\",\"urlTemplate\":\"https:\\\/\\\/kibrisdakik.com\\\/?s={search_term_string}\"},\"query-input\":{\"@type\":\"PropertyValueSpecification\",\"valueRequired\":true,\"valueName\":\"search_term_string\"}}],\"inLanguage\":\"tr\"},{\"@type\":\"Person\",\"@id\":\"https:\\\/\\\/kibrisdakik.com\\\/#\\\/schema\\\/person\\\/9cd9d437bbb44f72b73ba127e06d8e79\",\"name\":\"admin\",\"image\":{\"@type\":\"ImageObject\",\"inLanguage\":\"tr\",\"@id\":\"https:\\\/\\\/secure.gravatar.com\\\/avatar\\\/ccc17943b9d660506c869530f897617f7cb1c21a4bf30023f252596d83e1f007?s=96&d=mm&r=g\",\"url\":\"https:\\\/\\\/secure.gravatar.com\\\/avatar\\\/ccc17943b9d660506c869530f897617f7cb1c21a4bf30023f252596d83e1f007?s=96&d=mm&r=g\",\"contentUrl\":\"https:\\\/\\\/secure.gravatar.com\\\/avatar\\\/ccc17943b9d660506c869530f897617f7cb1c21a4bf30023f252596d83e1f007?s=96&d=mm&r=g\",\"caption\":\"admin\"},\"sameAs\":[\"https:\\\/\\\/kibrisdakik.com\"],\"url\":\"https:\\\/\\\/kibrisdakik.com\\\/?author=1\"}]}<\/script>\n<!-- \/ Yoast SEO plugin. -->","yoast_head_json":{"title":"Almanya'da \u0130srail Ba\u015fkonsoloslu\u011fu yak\u0131nlar\u0131nda silahl\u0131 sald\u0131r\u0131 -","robots":{"index":"index","follow":"follow","max-snippet":"max-snippet:-1","max-image-preview":"max-image-preview:large","max-video-preview":"max-video-preview:-1"},"canonical":"https:\/\/kibrisdakik.com\/?p=59745","og_locale":"tr_TR","og_type":"article","og_title":"Almanya'da \u0130srail Ba\u015fkonsoloslu\u011fu yak\u0131nlar\u0131nda silahl\u0131 sald\u0131r\u0131 -","og_description":"Almanya&#8216;da \u0130srail Ba\u015fkonsoloslu\u011fu Yak\u0131n\u0131nda Silahl\u0131 Sald\u0131rgan \u00d6ld\u00fcr\u00fcld\u00fc Almanya&#8217;n\u0131n M\u00fcnih kentinde, \u0130srail Ba\u015fkonsoloslu\u011fu yak\u0131nlar\u0131nda silahl\u0131 bir \u015f\u00fcpheli polis taraf\u0131ndan vurularak \u00f6ld\u00fcr\u00fcld\u00fc. Polis taraf\u0131ndan yap\u0131lan a\u00e7\u0131klamaya g\u00f6re, kent merkezinde \u0130srail Ba\u015fkonsoloslu\u011fu ve Nazi rejimi su\u00e7lar\u0131n\u0131 anlatan m\u00fczenin yak\u0131n\u0131nda uzun menzilli silah ta\u015f\u0131yan bir zanl\u0131ya ate\u015f a\u00e7\u0131ld\u0131. \u015e\u00fcpheli, a\u00e7\u0131lan ate\u015f sonucu yaraland\u0131 ve k\u0131sa s\u00fcre sonra hayat\u0131n\u0131 kaybetti.","og_url":"https:\/\/kibrisdakik.com\/?p=59745","article_published_time":"2024-09-05T10:35:02+00:00","og_image":[{"width":627,"height":354,"url":"https:\/\/kibrisdakik.com\/wp-content\/uploads\/2024\/09\/almanya-da-israil-baskonsoloslugu-yakinlarinda-17789323_9429_m.jpg","type":"image\/jpeg"}],"author":"admin","twitter_card":"summary_large_image","twitter_misc":{"Yazan:":"admin","Tahmini okuma s\u00fcresi":"1 dakika"},"schema":{"@context":"https:\/\/schema.org","@graph":[{"@type":"Article","@id":"https:\/\/kibrisdakik.com\/?p=59745#article","isPartOf":{"@id":"https:\/\/kibrisdakik.com\/?p=59745"},"author":{"name":"admin","@id":"https:\/\/kibrisdakik.com\/#\/schema\/person\/9cd9d437bbb44f72b73ba127e06d8e79"},"headline":"Almanya&#8217;da \u0130srail Ba\u015fkonsoloslu\u011fu yak\u0131nlar\u0131nda silahl\u0131 sald\u0131r\u0131","datePublished":"2024-09-05T10:35:02+00:00","mainEntityOfPage":{"@id":"https:\/\/kibrisdakik.com\/?p=59745"},"wordCount":221,"commentCount":0,"image":{"@id":"https:\/\/kibrisdakik.com\/?p=59745#primaryimage"},"thumbnailUrl":"https:\/\/kibrisdakik.com\/wp-content\/uploads\/2024\/09\/almanya-da-israil-baskonsoloslugu-yakinlarinda-17789323_9429_m.jpg","articleSection":["Magazin"],"inLanguage":"tr","potentialAction":[{"@type":"CommentAction","name":"Comment","target":["https:\/\/kibrisdakik.com\/?p=59745#respond"]}]},{"@type":"WebPage","@id":"https:\/\/kibrisdakik.com\/?p=59745","url":"https:\/\/kibrisdakik.com\/?p=59745","name":"Almanya'da \u0130srail Ba\u015fkonsoloslu\u011fu yak\u0131nlar\u0131nda silahl\u0131 sald\u0131r\u0131 -","isPartOf":{"@id":"https:\/\/kibrisdakik.com\/#website"},"primaryImageOfPage":{"@id":"https:\/\/kibrisdakik.com\/?p=59745#primaryimage"},"image":{"@id":"https:\/\/kibrisdakik.com\/?p=59745#primaryimage"},"thumbnailUrl":"https:\/\/kibrisdakik.com\/wp-content\/uploads\/2024\/09\/almanya-da-israil-baskonsoloslugu-yakinlarinda-17789323_9429_m.jpg","datePublished":"2024-09-05T10:35:02+00:00","author":{"@id":"https:\/\/kibrisdakik.com\/#\/schema\/person\/9cd9d437bbb44f72b73ba127e06d8e79"},"breadcrumb":{"@id":"https:\/\/kibrisdakik.com\/?p=59745#breadcrumb"},"inLanguage":"tr","potentialAction":[{"@type":"ReadAction","target":["https:\/\/kibrisdakik.com\/?p=59745"]}]},{"@type":"ImageObject","inLanguage":"tr","@id":"https:\/\/kibrisdakik.com\/?p=59745#primaryimage","url":"https:\/\/kibrisdakik.com\/wp-content\/uploads\/2024\/09\/almanya-da-israil-baskonsoloslugu-yakinlarinda-17789323_9429_m.jpg","contentUrl":"https:\/\/kibrisdakik.com\/wp-content\/uploads\/2024\/09\/almanya-da-israil-baskonsoloslugu-yakinlarinda-17789323_9429_m.jpg","width":627,"height":354},{"@type":"BreadcrumbList","@id":"https:\/\/kibrisdakik.com\/?p=59745#breadcrumb","itemListElement":[{"@type":"ListItem","position":1,"name":"Home","item":"https:\/\/kibrisdakik.com\/"},{"@type":"ListItem","position":2,"name":"Almanya&#8217;da \u0130srail Ba\u015fkonsoloslu\u011fu yak\u0131nlar\u0131nda silahl\u0131 sald\u0131r\u0131"}]},{"@type":"WebSite","@id":"https:\/\/kibrisdakik.com\/#website","url":"https:\/\/kibrisdakik.com\/","name":"","description":"Tam vaktinde haber","potentialAction":[{"@type":"SearchAction","target":{"@type":"EntryPoint","urlTemplate":"https:\/\/kibrisdakik.com\/?s={search_term_string}"},"query-input":{"@type":"PropertyValueSpecification","valueRequired":true,"valueName":"search_term_string"}}],"inLanguage":"tr"},{"@type":"Person","@id":"https:\/\/kibrisdakik.com\/#\/schema\/person\/9cd9d437bbb44f72b73ba127e06d8e79","name":"admin","image":{"@type":"ImageObject","inLanguage":"tr","@id":"https:\/\/secure.gravatar.com\/avatar\/ccc17943b9d660506c869530f897617f7cb1c21a4bf30023f252596d83e1f007?s=96&d=mm&r=g","url":"https:\/\/secure.gravatar.com\/avatar\/ccc17943b9d660506c869530f897617f7cb1c21a4bf30023f252596d83e1f007?s=96&d=mm&r=g","contentUrl":"https:\/\/secure.gravatar.com\/avatar\/ccc17943b9d660506c869530f897617f7cb1c21a4bf30023f252596d83e1f007?s=96&d=mm&r=g","caption":"admin"},"sameAs":["https:\/\/kibrisdakik.com"],"url":"https:\/\/kibrisdakik.com\/?author=1"}]}},"_links":{"self":[{"href":"https:\/\/kibrisdakik.com\/index.php?rest_route=\/wp\/v2\/posts\/59745","targetHints":{"allow":["GET"]}}],"collection":[{"href":"https:\/\/kibrisdakik.com\/index.php?rest_route=\/wp\/v2\/posts"}],"about":[{"href":"https:\/\/kibrisdakik.com\/index.php?rest_route=\/wp\/v2\/types\/post"}],"author":[{"embeddable":true,"href":"https:\/\/kibrisdakik.com\/index.php?rest_route=\/wp\/v2\/users\/1"}],"replies":[{"embeddable":true,"href":"https:\/\/kibrisdakik.com\/index.php?rest_route=%2Fwp%2Fv2%2Fcomments&post=59745"}],"version-history":[{"count":0,"href":"https:\/\/kibrisdakik.com\/index.php?rest_route=\/wp\/v2\/posts\/59745\/revisions"}],"wp:featuredmedia":[{"embeddable":true,"href":"https:\/\/kibrisdakik.com\/index.php?rest_route=\/wp\/v2\/media\/59746"}],"wp:attachment":[{"href":"https:\/\/kibrisdakik.com\/index.php?rest_route=%2Fwp%2Fv2%2Fmedia&parent=59745"}],"wp:term":[{"taxonomy":"category","embeddable":true,"href":"https:\/\/kibrisdakik.com\/index.php?rest_route=%2Fwp%2Fv2%2Fcategories&post=59745"},{"taxonomy":"post_tag","embeddable":true,"href":"https:\/\/kibrisdakik.com\/index.php?rest_route=%2Fwp%2Fv2%2Ftags&post=59745"}],"curies":[{"name":"wp","href":"https:\/\/api.w.org\/{rel}","templated":true}]}}