{"id":59757,"date":"2024-09-05T14:14:08","date_gmt":"2024-09-05T11:14:08","guid":{"rendered":"https:\/\/kibrisdakik.com\/index.php\/2024\/09\/05\/asgari-ucrete-ne-kadar-zam-gelecek-ovp-hedeflerinin-ardindan-yeni-hesap\/"},"modified":"2024-09-05T14:14:08","modified_gmt":"2024-09-05T11:14:08","slug":"asgari-ucrete-ne-kadar-zam-gelecek-ovp-hedeflerinin-ardindan-yeni-hesap","status":"publish","type":"post","link":"https:\/\/kibrisdakik.com\/?p=59757","title":{"rendered":"Asgari \u00fccrete ne kadar zam gelecek? OVP hedeflerinin ard\u0131ndan yeni hesap"},"content":{"rendered":"<p><img decoding=\"async\" src=\"https:\/\/foto.haberler.com\/haber\/2024\/09\/05\/asgari-ucrete-ne-kadar-zam-gelecek-ovp-17789553_2549_amp.jpg\" \/><\/p>\n<div id=\"\">\n<p>Hayat pahal\u0131l\u0131\u011f\u0131 ve y\u00fcksek enflasyon nedeniyle milyonlarca \u00e7al\u0131\u015fan\u0131n bekledi\u011fi asgari \u00fccret zamm\u0131 i\u00e7in g\u00f6zler Ocak ay\u0131na \u00e7evrildi.<\/p>\n<p>Bug\u00fcn a\u00e7\u0131klanan yeni OVP hedeflerinin ard\u0131ndan  <a class=\"keyword\" href=\"https:\/\/www.haberler.com\/ekonomi\/\" title=\"Ekonomi, Ekonomi Haberleri, Ekonomi Haber\"><strong>ekonomi<\/strong><\/a> yazar\u0131  <a class=\"keyword\" href=\"https:\/\/www.haberler.com\/seref-oguz\/\" title=\"\u015eeref O\u011fuz Haberleri, \u015eeref O\u011fuz Haberi, \u015eeref O\u011fuz Haber\"><strong>\u015eeref O\u011fuz<\/strong><\/a>, kat\u0131ld\u0131\u011f\u0131 bir yay\u0131nda asgari \u00fccret i\u00e7in yeni hesaplamalarda bulundu.<\/p>\n<h3>OCAK AYINDA ASGAR\u0130 \u00dcCRET NE KADAR OLACAK?<\/h3>\n<p>Asgari \u00fccretli \u00e7al\u0131\u015fanlar ve i\u015fverenler, Ocak ay\u0131nda gelecek olan asgari zamm\u0131 ara\u015ft\u0131rmaya ba\u015flad\u0131.<\/p>\n<p> <a class=\"keyword\" href=\"https:\/\/www.haberler.com\/ekonomi\/\" title=\"Ekonomi Haberleri, Ekonomi Haberi, Ekonomi Haber\"><strong>Ekonomi<\/strong><\/a> yazarlar\u0131 birer birer asgari \u00fccret zam tahminlerini a\u00e7\u0131klarken en \u00e7arp\u0131c\u0131 a\u00e7\u0131klama ekonomi yazar\u0131 \u015eeref O\u011fuz&#8217;dan geldi.<\/p>\n<h3>ENFLASYON REV\u0130ZE ED\u0130LD\u0130<\/h3>\n<p>Bug\u00fcn a\u00e7\u0131klanan 2025-2027 d\u00f6nemini kapsayan Orta Vadeli Program&#8217;da, enflasyon yukar\u0131 y\u00f6nl\u00fc revize edildi.2024 enflasyon hedefi y\u00fczde 33&#8217;ten y\u00fczde 41.5&#8217;e \u00e7\u0131kar\u0131ld\u0131. <\/p>\n<p>\u015eeref O\u011fuz, bu yeni enflasyon tahminlerine g\u00f6re 2025 y\u0131l\u0131 asgari \u00fccrete ne kadar zam gelebilece\u011fini hesaplad\u0131.<\/p>\n<h3>ASGAR\u0130 \u00dcCRET 20 B\u0130N TL&#8217;YE Y\u00dcKSELEB\u0130L\u0130R<\/h3>\n<p>Aral\u0131k ay\u0131nda T\u00dcRK-\u0130\u015e ve D\u0130SK masaya oturdu\u011funda oranlar\u0131n ka\u00e7 olaca\u011f\u0131 merak edilirken enflasyon hedefinde 8.5 puan sapma ya\u015fand\u0131.<\/p>\n<p>O\u011fuz, bu sapma ile birlikte yapt\u0131\u011f\u0131 hesapta ocak ay\u0131nda asgari \u00fccretin 20 bin TL&#8217;ye y\u00fckselebilece\u011fini duyurdu.<\/p>\n<h4 id=\"nwsKeywords\"> <a href=\"https:\/\/www.haberler.com\/asgari-ucret\/\" title=\"Asgari \u00dccret\" class=\"hbptTag\">Asgari \u00dccret<\/a>  <a href=\"https:\/\/www.haberler.com\/seref-oguz\/\" title=\"\u015eeref O\u011fuz\" class=\"hbptTag\">\u015eeref O\u011fuz<\/a>  <a href=\"https:\/\/www.haberler.com\/ekonomi\/\" title=\"Ekonomi\" class=\"hbptTag\">Ekonomi<\/a>  <a href=\"https:\/\/www.haberler.com\/finans\/\" title=\"Finans\" class=\"hbptTag\">Finans<\/a>  <a href=\"https:\/\/www.haberler.com\/memur\/\" title=\"Memur\" class=\"hbptTag\">Memur<\/a>  <a href=\"https:\/\/www.haberler.com\/ssk\/\" title=\"Ssk\" class=\"hbptTag\">Ssk<\/a>  <a href=\"https:\/\/www.haberler.com\/ovp\/\" title=\"OVP\" class=\"hbptTag\">OVP<\/a>  <a href=\"https:\/\/www.haberler.com\/zam\/\" title=\"Zam\" class=\"hbptTag\">Zam<\/a> <\/h4>\n<\/div>\n","protected":false},"excerpt":{"rendered":"<p>Hayat pahal\u0131l\u0131\u011f\u0131 ve y\u00fcksek enflasyon nedeniyle milyonlarca \u00e7al\u0131\u015fan\u0131n bekledi\u011fi asgari \u00fccret zamm\u0131 i\u00e7in g\u00f6zler Ocak ay\u0131na \u00e7evrildi. Bug\u00fcn a\u00e7\u0131klanan yeni OVP hedeflerinin ard\u0131ndan ekonomi yazar\u0131 \u015eeref O\u011fuz, kat\u0131ld\u0131\u011f\u0131 bir yay\u0131nda asgari \u00fccret i\u00e7in yeni hesaplamalarda bulundu. OCAK AYINDA ASGAR\u0130 \u00dcCRET NE KADAR OLACAK? Asgari \u00fccretli \u00e7al\u0131\u015fanlar ve i\u015fverenler, Ocak ay\u0131nda gelecek olan asgari zamm\u0131 ara\u015ft\u0131rmaya<\/p>\n","protected":false},"author":1,"featured_media":59758,"comment_status":"open","ping_status":"open","sticky":false,"template":"","format":"standard","meta":{"footnotes":""},"categories":[83],"tags":[],"class_list":["post-59757","post","type-post","status-publish","format-standard","has-post-thumbnail","hentry","category-magazin"],"yoast_head":"<!-- This site is optimized with the Yoast SEO plugin v27.5 - https:\/\/yoast.com\/product\/yoast-seo-wordpress\/ -->\n<title>Asgari \u00fccrete ne kadar zam gelecek? OVP hedeflerinin ard\u0131ndan yeni hesap -<\/title>\n<meta name=\"robots\" content=\"index, follow, max-snippet:-1, max-image-preview:large, max-video-preview:-1\" \/>\n<link rel=\"canonical\" href=\"https:\/\/kibrisdakik.com\/?p=59757\" \/>\n<meta property=\"og:locale\" content=\"tr_TR\" \/>\n<meta property=\"og:type\" content=\"article\" \/>\n<meta property=\"og:title\" content=\"Asgari \u00fccrete ne kadar zam gelecek? OVP hedeflerinin ard\u0131ndan yeni hesap -\" \/>\n<meta property=\"og:description\" content=\"Hayat pahal\u0131l\u0131\u011f\u0131 ve y\u00fcksek enflasyon nedeniyle milyonlarca \u00e7al\u0131\u015fan\u0131n bekledi\u011fi asgari \u00fccret zamm\u0131 i\u00e7in g\u00f6zler Ocak ay\u0131na \u00e7evrildi. Bug\u00fcn a\u00e7\u0131klanan yeni OVP hedeflerinin ard\u0131ndan ekonomi yazar\u0131 \u015eeref O\u011fuz, kat\u0131ld\u0131\u011f\u0131 bir yay\u0131nda asgari \u00fccret i\u00e7in yeni hesaplamalarda bulundu. OCAK AYINDA ASGAR\u0130 \u00dcCRET NE KADAR OLACAK? Asgari \u00fccretli \u00e7al\u0131\u015fanlar ve i\u015fverenler, Ocak ay\u0131nda gelecek olan asgari zamm\u0131 ara\u015ft\u0131rmaya\" \/>\n<meta property=\"og:url\" content=\"https:\/\/kibrisdakik.com\/?p=59757\" \/>\n<meta property=\"article:published_time\" content=\"2024-09-05T11:14:08+00:00\" \/>\n<meta property=\"og:image\" content=\"https:\/\/kibrisdakik.com\/wp-content\/uploads\/2024\/09\/asgari-ucrete-ne-kadar-zam-gelecek-ovp-17789553_2549_amp.jpg\" \/>\n\t<meta property=\"og:image:width\" content=\"1200\" \/>\n\t<meta property=\"og:image:height\" content=\"675\" \/>\n\t<meta property=\"og:image:type\" content=\"image\/jpeg\" \/>\n<meta name=\"author\" content=\"admin\" \/>\n<meta name=\"twitter:card\" content=\"summary_large_image\" \/>\n<meta name=\"twitter:label1\" content=\"Yazan:\" \/>\n\t<meta name=\"twitter:data1\" content=\"admin\" \/>\n\t<meta name=\"twitter:label2\" content=\"Tahmini okuma s\u00fcresi\" \/>\n\t<meta name=\"twitter:data2\" content=\"1 dakika\" \/>\n<script type=\"application\/ld+json\" class=\"yoast-schema-graph\">{\"@context\":\"https:\\\/\\\/schema.org\",\"@graph\":[{\"@type\":\"Article\",\"@id\":\"https:\\\/\\\/kibrisdakik.com\\\/?p=59757#article\",\"isPartOf\":{\"@id\":\"https:\\\/\\\/kibrisdakik.com\\\/?p=59757\"},\"author\":{\"name\":\"admin\",\"@id\":\"https:\\\/\\\/kibrisdakik.com\\\/#\\\/schema\\\/person\\\/9cd9d437bbb44f72b73ba127e06d8e79\"},\"headline\":\"Asgari \u00fccrete ne kadar zam gelecek? OVP hedeflerinin ard\u0131ndan yeni hesap\",\"datePublished\":\"2024-09-05T11:14:08+00:00\",\"mainEntityOfPage\":{\"@id\":\"https:\\\/\\\/kibrisdakik.com\\\/?p=59757\"},\"wordCount\":224,\"commentCount\":0,\"image\":{\"@id\":\"https:\\\/\\\/kibrisdakik.com\\\/?p=59757#primaryimage\"},\"thumbnailUrl\":\"https:\\\/\\\/kibrisdakik.com\\\/wp-content\\\/uploads\\\/2024\\\/09\\\/asgari-ucrete-ne-kadar-zam-gelecek-ovp-17789553_2549_amp.jpg\",\"articleSection\":[\"Magazin\"],\"inLanguage\":\"tr\",\"potentialAction\":[{\"@type\":\"CommentAction\",\"name\":\"Comment\",\"target\":[\"https:\\\/\\\/kibrisdakik.com\\\/?p=59757#respond\"]}]},{\"@type\":\"WebPage\",\"@id\":\"https:\\\/\\\/kibrisdakik.com\\\/?p=59757\",\"url\":\"https:\\\/\\\/kibrisdakik.com\\\/?p=59757\",\"name\":\"Asgari \u00fccrete ne kadar zam gelecek? OVP hedeflerinin ard\u0131ndan yeni hesap -\",\"isPartOf\":{\"@id\":\"https:\\\/\\\/kibrisdakik.com\\\/#website\"},\"primaryImageOfPage\":{\"@id\":\"https:\\\/\\\/kibrisdakik.com\\\/?p=59757#primaryimage\"},\"image\":{\"@id\":\"https:\\\/\\\/kibrisdakik.com\\\/?p=59757#primaryimage\"},\"thumbnailUrl\":\"https:\\\/\\\/kibrisdakik.com\\\/wp-content\\\/uploads\\\/2024\\\/09\\\/asgari-ucrete-ne-kadar-zam-gelecek-ovp-17789553_2549_amp.jpg\",\"datePublished\":\"2024-09-05T11:14:08+00:00\",\"author\":{\"@id\":\"https:\\\/\\\/kibrisdakik.com\\\/#\\\/schema\\\/person\\\/9cd9d437bbb44f72b73ba127e06d8e79\"},\"breadcrumb\":{\"@id\":\"https:\\\/\\\/kibrisdakik.com\\\/?p=59757#breadcrumb\"},\"inLanguage\":\"tr\",\"potentialAction\":[{\"@type\":\"ReadAction\",\"target\":[\"https:\\\/\\\/kibrisdakik.com\\\/?p=59757\"]}]},{\"@type\":\"ImageObject\",\"inLanguage\":\"tr\",\"@id\":\"https:\\\/\\\/kibrisdakik.com\\\/?p=59757#primaryimage\",\"url\":\"https:\\\/\\\/kibrisdakik.com\\\/wp-content\\\/uploads\\\/2024\\\/09\\\/asgari-ucrete-ne-kadar-zam-gelecek-ovp-17789553_2549_amp.jpg\",\"contentUrl\":\"https:\\\/\\\/kibrisdakik.com\\\/wp-content\\\/uploads\\\/2024\\\/09\\\/asgari-ucrete-ne-kadar-zam-gelecek-ovp-17789553_2549_amp.jpg\",\"width\":1200,\"height\":675},{\"@type\":\"BreadcrumbList\",\"@id\":\"https:\\\/\\\/kibrisdakik.com\\\/?p=59757#breadcrumb\",\"itemListElement\":[{\"@type\":\"ListItem\",\"position\":1,\"name\":\"Home\",\"item\":\"https:\\\/\\\/kibrisdakik.com\\\/\"},{\"@type\":\"ListItem\",\"position\":2,\"name\":\"Asgari \u00fccrete ne kadar zam gelecek? OVP hedeflerinin ard\u0131ndan yeni hesap\"}]},{\"@type\":\"WebSite\",\"@id\":\"https:\\\/\\\/kibrisdakik.com\\\/#website\",\"url\":\"https:\\\/\\\/kibrisdakik.com\\\/\",\"name\":\"\",\"description\":\"Tam vaktinde haber\",\"potentialAction\":[{\"@type\":\"SearchAction\",\"target\":{\"@type\":\"EntryPoint\",\"urlTemplate\":\"https:\\\/\\\/kibrisdakik.com\\\/?s={search_term_string}\"},\"query-input\":{\"@type\":\"PropertyValueSpecification\",\"valueRequired\":true,\"valueName\":\"search_term_string\"}}],\"inLanguage\":\"tr\"},{\"@type\":\"Person\",\"@id\":\"https:\\\/\\\/kibrisdakik.com\\\/#\\\/schema\\\/person\\\/9cd9d437bbb44f72b73ba127e06d8e79\",\"name\":\"admin\",\"image\":{\"@type\":\"ImageObject\",\"inLanguage\":\"tr\",\"@id\":\"https:\\\/\\\/secure.gravatar.com\\\/avatar\\\/ccc17943b9d660506c869530f897617f7cb1c21a4bf30023f252596d83e1f007?s=96&d=mm&r=g\",\"url\":\"https:\\\/\\\/secure.gravatar.com\\\/avatar\\\/ccc17943b9d660506c869530f897617f7cb1c21a4bf30023f252596d83e1f007?s=96&d=mm&r=g\",\"contentUrl\":\"https:\\\/\\\/secure.gravatar.com\\\/avatar\\\/ccc17943b9d660506c869530f897617f7cb1c21a4bf30023f252596d83e1f007?s=96&d=mm&r=g\",\"caption\":\"admin\"},\"sameAs\":[\"https:\\\/\\\/kibrisdakik.com\"],\"url\":\"https:\\\/\\\/kibrisdakik.com\\\/?author=1\"}]}<\/script>\n<!-- \/ Yoast SEO plugin. -->","yoast_head_json":{"title":"Asgari \u00fccrete ne kadar zam gelecek? OVP hedeflerinin ard\u0131ndan yeni hesap -","robots":{"index":"index","follow":"follow","max-snippet":"max-snippet:-1","max-image-preview":"max-image-preview:large","max-video-preview":"max-video-preview:-1"},"canonical":"https:\/\/kibrisdakik.com\/?p=59757","og_locale":"tr_TR","og_type":"article","og_title":"Asgari \u00fccrete ne kadar zam gelecek? OVP hedeflerinin ard\u0131ndan yeni hesap -","og_description":"Hayat pahal\u0131l\u0131\u011f\u0131 ve y\u00fcksek enflasyon nedeniyle milyonlarca \u00e7al\u0131\u015fan\u0131n bekledi\u011fi asgari \u00fccret zamm\u0131 i\u00e7in g\u00f6zler Ocak ay\u0131na \u00e7evrildi. Bug\u00fcn a\u00e7\u0131klanan yeni OVP hedeflerinin ard\u0131ndan ekonomi yazar\u0131 \u015eeref O\u011fuz, kat\u0131ld\u0131\u011f\u0131 bir yay\u0131nda asgari \u00fccret i\u00e7in yeni hesaplamalarda bulundu. OCAK AYINDA ASGAR\u0130 \u00dcCRET NE KADAR OLACAK? Asgari \u00fccretli \u00e7al\u0131\u015fanlar ve i\u015fverenler, Ocak ay\u0131nda gelecek olan asgari zamm\u0131 ara\u015ft\u0131rmaya","og_url":"https:\/\/kibrisdakik.com\/?p=59757","article_published_time":"2024-09-05T11:14:08+00:00","og_image":[{"width":1200,"height":675,"url":"https:\/\/kibrisdakik.com\/wp-content\/uploads\/2024\/09\/asgari-ucrete-ne-kadar-zam-gelecek-ovp-17789553_2549_amp.jpg","type":"image\/jpeg"}],"author":"admin","twitter_card":"summary_large_image","twitter_misc":{"Yazan:":"admin","Tahmini okuma s\u00fcresi":"1 dakika"},"schema":{"@context":"https:\/\/schema.org","@graph":[{"@type":"Article","@id":"https:\/\/kibrisdakik.com\/?p=59757#article","isPartOf":{"@id":"https:\/\/kibrisdakik.com\/?p=59757"},"author":{"name":"admin","@id":"https:\/\/kibrisdakik.com\/#\/schema\/person\/9cd9d437bbb44f72b73ba127e06d8e79"},"headline":"Asgari \u00fccrete ne kadar zam gelecek? OVP hedeflerinin ard\u0131ndan yeni hesap","datePublished":"2024-09-05T11:14:08+00:00","mainEntityOfPage":{"@id":"https:\/\/kibrisdakik.com\/?p=59757"},"wordCount":224,"commentCount":0,"image":{"@id":"https:\/\/kibrisdakik.com\/?p=59757#primaryimage"},"thumbnailUrl":"https:\/\/kibrisdakik.com\/wp-content\/uploads\/2024\/09\/asgari-ucrete-ne-kadar-zam-gelecek-ovp-17789553_2549_amp.jpg","articleSection":["Magazin"],"inLanguage":"tr","potentialAction":[{"@type":"CommentAction","name":"Comment","target":["https:\/\/kibrisdakik.com\/?p=59757#respond"]}]},{"@type":"WebPage","@id":"https:\/\/kibrisdakik.com\/?p=59757","url":"https:\/\/kibrisdakik.com\/?p=59757","name":"Asgari \u00fccrete ne kadar zam gelecek? OVP hedeflerinin ard\u0131ndan yeni hesap -","isPartOf":{"@id":"https:\/\/kibrisdakik.com\/#website"},"primaryImageOfPage":{"@id":"https:\/\/kibrisdakik.com\/?p=59757#primaryimage"},"image":{"@id":"https:\/\/kibrisdakik.com\/?p=59757#primaryimage"},"thumbnailUrl":"https:\/\/kibrisdakik.com\/wp-content\/uploads\/2024\/09\/asgari-ucrete-ne-kadar-zam-gelecek-ovp-17789553_2549_amp.jpg","datePublished":"2024-09-05T11:14:08+00:00","author":{"@id":"https:\/\/kibrisdakik.com\/#\/schema\/person\/9cd9d437bbb44f72b73ba127e06d8e79"},"breadcrumb":{"@id":"https:\/\/kibrisdakik.com\/?p=59757#breadcrumb"},"inLanguage":"tr","potentialAction":[{"@type":"ReadAction","target":["https:\/\/kibrisdakik.com\/?p=59757"]}]},{"@type":"ImageObject","inLanguage":"tr","@id":"https:\/\/kibrisdakik.com\/?p=59757#primaryimage","url":"https:\/\/kibrisdakik.com\/wp-content\/uploads\/2024\/09\/asgari-ucrete-ne-kadar-zam-gelecek-ovp-17789553_2549_amp.jpg","contentUrl":"https:\/\/kibrisdakik.com\/wp-content\/uploads\/2024\/09\/asgari-ucrete-ne-kadar-zam-gelecek-ovp-17789553_2549_amp.jpg","width":1200,"height":675},{"@type":"BreadcrumbList","@id":"https:\/\/kibrisdakik.com\/?p=59757#breadcrumb","itemListElement":[{"@type":"ListItem","position":1,"name":"Home","item":"https:\/\/kibrisdakik.com\/"},{"@type":"ListItem","position":2,"name":"Asgari \u00fccrete ne kadar zam gelecek? OVP hedeflerinin ard\u0131ndan yeni hesap"}]},{"@type":"WebSite","@id":"https:\/\/kibrisdakik.com\/#website","url":"https:\/\/kibrisdakik.com\/","name":"","description":"Tam vaktinde haber","potentialAction":[{"@type":"SearchAction","target":{"@type":"EntryPoint","urlTemplate":"https:\/\/kibrisdakik.com\/?s={search_term_string}"},"query-input":{"@type":"PropertyValueSpecification","valueRequired":true,"valueName":"search_term_string"}}],"inLanguage":"tr"},{"@type":"Person","@id":"https:\/\/kibrisdakik.com\/#\/schema\/person\/9cd9d437bbb44f72b73ba127e06d8e79","name":"admin","image":{"@type":"ImageObject","inLanguage":"tr","@id":"https:\/\/secure.gravatar.com\/avatar\/ccc17943b9d660506c869530f897617f7cb1c21a4bf30023f252596d83e1f007?s=96&d=mm&r=g","url":"https:\/\/secure.gravatar.com\/avatar\/ccc17943b9d660506c869530f897617f7cb1c21a4bf30023f252596d83e1f007?s=96&d=mm&r=g","contentUrl":"https:\/\/secure.gravatar.com\/avatar\/ccc17943b9d660506c869530f897617f7cb1c21a4bf30023f252596d83e1f007?s=96&d=mm&r=g","caption":"admin"},"sameAs":["https:\/\/kibrisdakik.com"],"url":"https:\/\/kibrisdakik.com\/?author=1"}]}},"_links":{"self":[{"href":"https:\/\/kibrisdakik.com\/index.php?rest_route=\/wp\/v2\/posts\/59757","targetHints":{"allow":["GET"]}}],"collection":[{"href":"https:\/\/kibrisdakik.com\/index.php?rest_route=\/wp\/v2\/posts"}],"about":[{"href":"https:\/\/kibrisdakik.com\/index.php?rest_route=\/wp\/v2\/types\/post"}],"author":[{"embeddable":true,"href":"https:\/\/kibrisdakik.com\/index.php?rest_route=\/wp\/v2\/users\/1"}],"replies":[{"embeddable":true,"href":"https:\/\/kibrisdakik.com\/index.php?rest_route=%2Fwp%2Fv2%2Fcomments&post=59757"}],"version-history":[{"count":0,"href":"https:\/\/kibrisdakik.com\/index.php?rest_route=\/wp\/v2\/posts\/59757\/revisions"}],"wp:featuredmedia":[{"embeddable":true,"href":"https:\/\/kibrisdakik.com\/index.php?rest_route=\/wp\/v2\/media\/59758"}],"wp:attachment":[{"href":"https:\/\/kibrisdakik.com\/index.php?rest_route=%2Fwp%2Fv2%2Fmedia&parent=59757"}],"wp:term":[{"taxonomy":"category","embeddable":true,"href":"https:\/\/kibrisdakik.com\/index.php?rest_route=%2Fwp%2Fv2%2Fcategories&post=59757"},{"taxonomy":"post_tag","embeddable":true,"href":"https:\/\/kibrisdakik.com\/index.php?rest_route=%2Fwp%2Fv2%2Ftags&post=59757"}],"curies":[{"name":"wp","href":"https:\/\/api.w.org\/{rel}","templated":true}]}}