{"id":5977,"date":"2023-04-29T11:41:11","date_gmt":"2023-04-29T11:41:11","guid":{"rendered":"https:\/\/kibrisdakik.com\/index.php\/2023\/04\/29\/tarihi-eser-liderleri-projesi-hayata-geciriliyor\/"},"modified":"2023-04-29T11:41:11","modified_gmt":"2023-04-29T11:41:11","slug":"tarihi-eser-liderleri-projesi-hayata-geciriliyor","status":"publish","type":"post","link":"https:\/\/kibrisdakik.com\/?p=5977","title":{"rendered":"\u201cTarihi Eser Liderleri  Projesi\u201d hayata ge\u00e7iriliyor"},"content":{"rendered":"<p><\/p>\n<div>\n<p>Girne Evkaf \u0130yilik G\u00f6n\u00fcll\u00fcleri , gen\u00e7lere tarihi eserler konusunda fark\u0131ndal\u0131k ve bilin\u00e7 yaratmak , \u00fclkelerinin tarihi zenginlikleri konusunda bilgi sahibi olmalar\u0131n\u0131 sa\u011flamak amac\u0131yla, K\u0131br\u0131s Vak\u0131flar \u0130daresi\u2019nin katk\u0131lar\u0131yla, \u201cTarihi Eser Liderleri Projesi\u201dne hayat veriyor.<\/p>\n<p>Pilot uygulamas\u0131 hafta ba\u015f\u0131nda Girne Turizm Meslek Lisesi&#8217;nden ba\u015flayan projenin, \u00fclke genelindeki t\u00fcm okullara yay\u0131lmas\u0131 hedefleniyor.<\/p>\n<p>Evkaf \u0130yilik G\u00f6n\u00fcll\u00fcleri Girne Sorumlusu Oya Kutsal,K\u0131br\u0131s Vak\u0131flar \u0130daresi\u2019nin katk\u0131lar\u0131yla hayata ge\u00e7irecekleri \u201cTarihi Eser Liderleri Projesi\u201d ile ilgili bilgi verdi.<\/p>\n<div class=\"mariselle-image-container center\">\n                <img width=\"1134\" height=\"759\" class=\"lazy-image\" alt=\"\" decoding=\"async\" loading=\"lazy\" sizes=\"auto, (max-width: 1134px) 100vw, 1134px\" src=\"https:\/\/brtk.net\/wp-content\/uploads\/2023\/04\/29\/342708657_1281398546131202_7415984678226342525_n.jpg?ver=5867725d18b9d8bfce7740043cdbb7ff\" srcset=\"https:\/\/brtk.net\/wp-content\/uploads\/2023\/04\/29\/342708657_1281398546131202_7415984678226342525_n.jpg?ver=5867725d18b9d8bfce7740043cdbb7ff 1134w, https:\/\/brtk.net\/wp-content\/uploads\/2023\/04\/29\/342708657_1281398546131202_7415984678226342525_n-300x201.jpg?ver=8709fdf864ac4944cc7b2deebceb1eab 300w, https:\/\/brtk.net\/wp-content\/uploads\/2023\/04\/29\/342708657_1281398546131202_7415984678226342525_n-1024x685.jpg?ver=8709fdf864ac4944cc7b2deebceb1eab 1024w, https:\/\/brtk.net\/wp-content\/uploads\/2023\/04\/29\/342708657_1281398546131202_7415984678226342525_n-768x514.jpg?ver=8709fdf864ac4944cc7b2deebceb1eab 768w\"\/>                            <\/div>\n<p>Oya Kutsal , \u201cTarihi Eser Liderleri Projesi\u201d ile hedeflerinin, tarihi eserlerin \u00f6nem ve de\u011ferini gen\u00e7 nesillere aktarmak, gen\u00e7lerin sanat tarihi bilgilerini geli\u015ftirmeleri,ileride \u00fclkeyi y\u00f6netecek konuma geldiklerinde, tarihi eserler konusunda bilin\u00e7li ve bilgili bir \u015fekilde karar alarak, koruma sahip \u00e7\u0131kma g\u00f6revlerini daha iyi yerine getirmelerini sa\u011flamak, gen\u00e7lerin \u00f6ncelikle ya\u015fad\u0131klar\u0131 b\u00f6lgelerin sonra da \u00fclke genelindeki tarihi eserler hakk\u0131nda bilgi sahibi olarak, ya\u015fad\u0131klar\u0131 kent ve \u00fclkeye de\u011fer kazand\u0131rmalar\u0131na olanak yaratarak, b\u00f6lgelerine ve ge\u00e7mi\u015flerine hakim olmalar\u0131n\u0131 desteklemek oldu\u011funu vurgulad\u0131.<\/p>\n<p>Pilot program\u0131n,Girne merkez, Girne kazas\u0131n\u0131n do\u011fusu ve Girne kazas\u0131n\u0131n bat\u0131s\u0131 olmak \u00fczere 3 ana rotada ger\u00e7ekle\u015fece\u011fini dile getiren Kutsal, gezilecek rotalarda yer alan tarihi eserler hakk\u0131nd ada bilgi verdi.<\/p>\n<p>Projeye kat\u0131larak gruplara ayr\u0131lan gen\u00e7lerin , gezdikleri b\u00f6lgelerle ilgili s\u00fcresi 5 ila 7 dakika aras\u0131nda de\u011fi\u015fecek belgeseller haz\u0131rlayaca\u011f\u0131n\u0131 kaydeden Kutsal, projenin \u201cEn iyi Belgesel\u201dyar\u0131\u015fmas\u0131yla tamamlanaca\u011f\u0131n\u0131 belirtti.<\/p>\n<p>Girne Turizm Meslek Lisesi M\u00fcd\u00fcr\u00fc Mehmet Y\u0131ld\u0131zdo\u011fan da, \u201cTarihi Eser Liderleri Projesi\u201dnde pilot okul olarak yer almaktan b\u00fcy\u00fck mutluluk duyduklar\u0131n\u0131 belirtti.<\/p>\n<div class=\"mariselle-image-container center\">\n                <img width=\"1512\" height=\"1512\" class=\"lazy-image\" alt=\"\" decoding=\"async\" loading=\"lazy\" sizes=\"auto, (max-width: 1512px) 100vw, 1512px\" src=\"https:\/\/brtk.net\/wp-content\/uploads\/2023\/04\/29\/tar-eser.jpg?ver=d843475f540ba8760408d30b4925b1ad\" srcset=\"https:\/\/brtk.net\/wp-content\/uploads\/2023\/04\/29\/tar-eser.jpg?ver=d843475f540ba8760408d30b4925b1ad 1512w, https:\/\/brtk.net\/wp-content\/uploads\/2023\/04\/29\/tar-eser-300x300.jpg?ver=d843475f540ba8760408d30b4925b1ad 300w, https:\/\/brtk.net\/wp-content\/uploads\/2023\/04\/29\/tar-eser-1024x1024.jpg?ver=d843475f540ba8760408d30b4925b1ad 1024w, https:\/\/brtk.net\/wp-content\/uploads\/2023\/04\/29\/tar-eser-150x150.jpg?ver=d843475f540ba8760408d30b4925b1ad 150w, https:\/\/brtk.net\/wp-content\/uploads\/2023\/04\/29\/tar-eser-768x768.jpg?ver=d843475f540ba8760408d30b4925b1ad 768w, https:\/\/brtk.net\/wp-content\/uploads\/2023\/04\/29\/tar-eser-800x800.jpg?ver=6c09488d2880efdcceb24ae998d9a1af 800w\"\/>                            <\/div>\n<p>\u00d6zellikle gelecekte turizm alan\u0131nda \u00e7al\u0131\u015facak gen\u00e7lerin , \u00fclke k\u00fclt\u00fcr\u00fc,gelenkleri , mutfa\u011f\u0131 ve tarihi eserleri konusunda bilgi sahibi olmas\u0131n\u0131n b\u00fcy\u00fck \u00f6nem ta\u015f\u0131d\u0131\u011f\u0131n\u0131 vurgulayan Y\u0131ld\u0131zdo\u011fan, projenin gen\u00e7lere \u00f6nemli bir katk\u0131 yapaca\u011f\u0131na inan\u00e7 belirtti.<\/p>\n<p>Proje kapsam\u0131nda, \u00f6\u011frencileri tarihi eserler konusunda bilgilendirecek rehberlerden Fatma Erdo\u011fan, da, pilot projede ziyaret edilecek tarihi eserler ve izlenecek y\u00f6ntemlerle ilgili <a href=\"https:\/\/brtk.net\/\">BRT<\/a>&#8216;ye bilgi verdi.<\/p>\n<p>\u201cTarihi Eser Liderleri Projesi&#8221;ne kat\u0131lan pilot okul , Girne Turizm Meslek Lisesi \u00f6\u011frencileri de projeyle ilgili d\u00fc\u015f\u00fcncelerini anlatt\u0131.<\/p>\n<p><a href=\"https:\/\/brtk.net\/\">BRT<\/a><\/p>\n<\/p><\/div>\n<p><script async\n                    defer\n                    crossorigin=\"anonymous\"\n                    src=\"https:\/\/connect.facebook.net\/tr_TR\/sdk.js#xfbml=1&#038;version=v3.3\"\n            ><\/script><\/p>\n","protected":false},"excerpt":{"rendered":"<p>Girne Evkaf \u0130yilik G\u00f6n\u00fcll\u00fcleri , gen\u00e7lere tarihi eserler konusunda fark\u0131ndal\u0131k ve bilin\u00e7 yaratmak , \u00fclkelerinin tarihi zenginlikleri konusunda bilgi sahibi olmalar\u0131n\u0131 sa\u011flamak amac\u0131yla, K\u0131br\u0131s Vak\u0131flar \u0130daresi\u2019nin katk\u0131lar\u0131yla, \u201cTarihi Eser Liderleri Projesi\u201dne hayat veriyor. Pilot uygulamas\u0131 hafta ba\u015f\u0131nda Girne Turizm Meslek Lisesi&#8217;nden ba\u015flayan projenin, \u00fclke genelindeki t\u00fcm okullara yay\u0131lmas\u0131 hedefleniyor. Evkaf \u0130yilik G\u00f6n\u00fcll\u00fcleri Girne Sorumlusu Oya<\/p>\n","protected":false},"author":1,"featured_media":5978,"comment_status":"open","ping_status":"open","sticky":false,"template":"","format":"standard","meta":{"footnotes":""},"categories":[1],"tags":[],"class_list":["post-5977","post","type-post","status-publish","format-standard","has-post-thumbnail","hentry","category-gundem"],"yoast_head":"<!-- This site is optimized with the Yoast SEO plugin v27.4 - https:\/\/yoast.com\/product\/yoast-seo-wordpress\/ -->\n<title>\u201cTarihi Eser Liderleri Projesi\u201d hayata ge\u00e7iriliyor -<\/title>\n<meta name=\"robots\" content=\"index, follow, max-snippet:-1, max-image-preview:large, max-video-preview:-1\" \/>\n<link rel=\"canonical\" href=\"https:\/\/kibrisdakik.com\/?p=5977\" \/>\n<meta property=\"og:locale\" content=\"tr_TR\" \/>\n<meta property=\"og:type\" content=\"article\" \/>\n<meta property=\"og:title\" content=\"\u201cTarihi Eser Liderleri Projesi\u201d hayata ge\u00e7iriliyor -\" \/>\n<meta property=\"og:description\" content=\"Girne Evkaf \u0130yilik G\u00f6n\u00fcll\u00fcleri , gen\u00e7lere tarihi eserler konusunda fark\u0131ndal\u0131k ve bilin\u00e7 yaratmak , \u00fclkelerinin tarihi zenginlikleri konusunda bilgi sahibi olmalar\u0131n\u0131 sa\u011flamak amac\u0131yla, K\u0131br\u0131s Vak\u0131flar \u0130daresi\u2019nin katk\u0131lar\u0131yla, \u201cTarihi Eser Liderleri Projesi\u201dne hayat veriyor. Pilot uygulamas\u0131 hafta ba\u015f\u0131nda Girne Turizm Meslek Lisesi&#8217;nden ba\u015flayan projenin, \u00fclke genelindeki t\u00fcm okullara yay\u0131lmas\u0131 hedefleniyor. Evkaf \u0130yilik G\u00f6n\u00fcll\u00fcleri Girne Sorumlusu Oya\" \/>\n<meta property=\"og:url\" content=\"https:\/\/kibrisdakik.com\/?p=5977\" \/>\n<meta property=\"article:published_time\" content=\"2023-04-29T11:41:11+00:00\" \/>\n<meta property=\"og:image\" content=\"https:\/\/kibrisdakik.com\/wp-content\/uploads\/2023\/04\/oasmndoams-740x420.jpg\" \/>\n\t<meta property=\"og:image:width\" content=\"1512\" \/>\n\t<meta property=\"og:image:height\" content=\"1096\" \/>\n\t<meta property=\"og:image:type\" content=\"image\/jpeg\" \/>\n<meta name=\"author\" content=\"admin\" \/>\n<meta name=\"twitter:card\" content=\"summary_large_image\" \/>\n<meta name=\"twitter:label1\" content=\"Yazan:\" \/>\n\t<meta name=\"twitter:data1\" content=\"admin\" \/>\n\t<meta name=\"twitter:label2\" content=\"Tahmini okuma s\u00fcresi\" \/>\n\t<meta name=\"twitter:data2\" content=\"2 dakika\" \/>\n<script type=\"application\/ld+json\" class=\"yoast-schema-graph\">{\"@context\":\"https:\\\/\\\/schema.org\",\"@graph\":[{\"@type\":\"Article\",\"@id\":\"https:\\\/\\\/kibrisdakik.com\\\/?p=5977#article\",\"isPartOf\":{\"@id\":\"https:\\\/\\\/kibrisdakik.com\\\/?p=5977\"},\"author\":{\"name\":\"admin\",\"@id\":\"https:\\\/\\\/kibrisdakik.com\\\/#\\\/schema\\\/person\\\/9cd9d437bbb44f72b73ba127e06d8e79\"},\"headline\":\"\u201cTarihi Eser Liderleri Projesi\u201d hayata ge\u00e7iriliyor\",\"datePublished\":\"2023-04-29T11:41:11+00:00\",\"mainEntityOfPage\":{\"@id\":\"https:\\\/\\\/kibrisdakik.com\\\/?p=5977\"},\"wordCount\":402,\"commentCount\":0,\"image\":{\"@id\":\"https:\\\/\\\/kibrisdakik.com\\\/?p=5977#primaryimage\"},\"thumbnailUrl\":\"https:\\\/\\\/kibrisdakik.com\\\/wp-content\\\/uploads\\\/2023\\\/04\\\/oasmndoams-740x420.jpg\",\"articleSection\":[\"G\u00fcndem\"],\"inLanguage\":\"tr\",\"potentialAction\":[{\"@type\":\"CommentAction\",\"name\":\"Comment\",\"target\":[\"https:\\\/\\\/kibrisdakik.com\\\/?p=5977#respond\"]}]},{\"@type\":\"WebPage\",\"@id\":\"https:\\\/\\\/kibrisdakik.com\\\/?p=5977\",\"url\":\"https:\\\/\\\/kibrisdakik.com\\\/?p=5977\",\"name\":\"\u201cTarihi Eser Liderleri Projesi\u201d hayata ge\u00e7iriliyor -\",\"isPartOf\":{\"@id\":\"https:\\\/\\\/kibrisdakik.com\\\/#website\"},\"primaryImageOfPage\":{\"@id\":\"https:\\\/\\\/kibrisdakik.com\\\/?p=5977#primaryimage\"},\"image\":{\"@id\":\"https:\\\/\\\/kibrisdakik.com\\\/?p=5977#primaryimage\"},\"thumbnailUrl\":\"https:\\\/\\\/kibrisdakik.com\\\/wp-content\\\/uploads\\\/2023\\\/04\\\/oasmndoams-740x420.jpg\",\"datePublished\":\"2023-04-29T11:41:11+00:00\",\"author\":{\"@id\":\"https:\\\/\\\/kibrisdakik.com\\\/#\\\/schema\\\/person\\\/9cd9d437bbb44f72b73ba127e06d8e79\"},\"breadcrumb\":{\"@id\":\"https:\\\/\\\/kibrisdakik.com\\\/?p=5977#breadcrumb\"},\"inLanguage\":\"tr\",\"potentialAction\":[{\"@type\":\"ReadAction\",\"target\":[\"https:\\\/\\\/kibrisdakik.com\\\/?p=5977\"]}]},{\"@type\":\"ImageObject\",\"inLanguage\":\"tr\",\"@id\":\"https:\\\/\\\/kibrisdakik.com\\\/?p=5977#primaryimage\",\"url\":\"https:\\\/\\\/kibrisdakik.com\\\/wp-content\\\/uploads\\\/2023\\\/04\\\/oasmndoams-740x420.jpg\",\"contentUrl\":\"https:\\\/\\\/kibrisdakik.com\\\/wp-content\\\/uploads\\\/2023\\\/04\\\/oasmndoams-740x420.jpg\",\"width\":1512,\"height\":1096},{\"@type\":\"BreadcrumbList\",\"@id\":\"https:\\\/\\\/kibrisdakik.com\\\/?p=5977#breadcrumb\",\"itemListElement\":[{\"@type\":\"ListItem\",\"position\":1,\"name\":\"Home\",\"item\":\"https:\\\/\\\/kibrisdakik.com\\\/\"},{\"@type\":\"ListItem\",\"position\":2,\"name\":\"\u201cTarihi Eser Liderleri Projesi\u201d hayata ge\u00e7iriliyor\"}]},{\"@type\":\"WebSite\",\"@id\":\"https:\\\/\\\/kibrisdakik.com\\\/#website\",\"url\":\"https:\\\/\\\/kibrisdakik.com\\\/\",\"name\":\"\",\"description\":\"Tam vaktinde haber\",\"potentialAction\":[{\"@type\":\"SearchAction\",\"target\":{\"@type\":\"EntryPoint\",\"urlTemplate\":\"https:\\\/\\\/kibrisdakik.com\\\/?s={search_term_string}\"},\"query-input\":{\"@type\":\"PropertyValueSpecification\",\"valueRequired\":true,\"valueName\":\"search_term_string\"}}],\"inLanguage\":\"tr\"},{\"@type\":\"Person\",\"@id\":\"https:\\\/\\\/kibrisdakik.com\\\/#\\\/schema\\\/person\\\/9cd9d437bbb44f72b73ba127e06d8e79\",\"name\":\"admin\",\"image\":{\"@type\":\"ImageObject\",\"inLanguage\":\"tr\",\"@id\":\"https:\\\/\\\/secure.gravatar.com\\\/avatar\\\/ccc17943b9d660506c869530f897617f7cb1c21a4bf30023f252596d83e1f007?s=96&d=mm&r=g\",\"url\":\"https:\\\/\\\/secure.gravatar.com\\\/avatar\\\/ccc17943b9d660506c869530f897617f7cb1c21a4bf30023f252596d83e1f007?s=96&d=mm&r=g\",\"contentUrl\":\"https:\\\/\\\/secure.gravatar.com\\\/avatar\\\/ccc17943b9d660506c869530f897617f7cb1c21a4bf30023f252596d83e1f007?s=96&d=mm&r=g\",\"caption\":\"admin\"},\"sameAs\":[\"https:\\\/\\\/kibrisdakik.com\"],\"url\":\"https:\\\/\\\/kibrisdakik.com\\\/?author=1\"}]}<\/script>\n<!-- \/ Yoast SEO plugin. -->","yoast_head_json":{"title":"\u201cTarihi Eser Liderleri Projesi\u201d hayata ge\u00e7iriliyor -","robots":{"index":"index","follow":"follow","max-snippet":"max-snippet:-1","max-image-preview":"max-image-preview:large","max-video-preview":"max-video-preview:-1"},"canonical":"https:\/\/kibrisdakik.com\/?p=5977","og_locale":"tr_TR","og_type":"article","og_title":"\u201cTarihi Eser Liderleri Projesi\u201d hayata ge\u00e7iriliyor -","og_description":"Girne Evkaf \u0130yilik G\u00f6n\u00fcll\u00fcleri , gen\u00e7lere tarihi eserler konusunda fark\u0131ndal\u0131k ve bilin\u00e7 yaratmak , \u00fclkelerinin tarihi zenginlikleri konusunda bilgi sahibi olmalar\u0131n\u0131 sa\u011flamak amac\u0131yla, K\u0131br\u0131s Vak\u0131flar \u0130daresi\u2019nin katk\u0131lar\u0131yla, \u201cTarihi Eser Liderleri Projesi\u201dne hayat veriyor. Pilot uygulamas\u0131 hafta ba\u015f\u0131nda Girne Turizm Meslek Lisesi&#8217;nden ba\u015flayan projenin, \u00fclke genelindeki t\u00fcm okullara yay\u0131lmas\u0131 hedefleniyor. Evkaf \u0130yilik G\u00f6n\u00fcll\u00fcleri Girne Sorumlusu Oya","og_url":"https:\/\/kibrisdakik.com\/?p=5977","article_published_time":"2023-04-29T11:41:11+00:00","og_image":[{"width":1512,"height":1096,"url":"https:\/\/kibrisdakik.com\/wp-content\/uploads\/2023\/04\/oasmndoams-740x420.jpg","type":"image\/jpeg"}],"author":"admin","twitter_card":"summary_large_image","twitter_misc":{"Yazan:":"admin","Tahmini okuma s\u00fcresi":"2 dakika"},"schema":{"@context":"https:\/\/schema.org","@graph":[{"@type":"Article","@id":"https:\/\/kibrisdakik.com\/?p=5977#article","isPartOf":{"@id":"https:\/\/kibrisdakik.com\/?p=5977"},"author":{"name":"admin","@id":"https:\/\/kibrisdakik.com\/#\/schema\/person\/9cd9d437bbb44f72b73ba127e06d8e79"},"headline":"\u201cTarihi Eser Liderleri Projesi\u201d hayata ge\u00e7iriliyor","datePublished":"2023-04-29T11:41:11+00:00","mainEntityOfPage":{"@id":"https:\/\/kibrisdakik.com\/?p=5977"},"wordCount":402,"commentCount":0,"image":{"@id":"https:\/\/kibrisdakik.com\/?p=5977#primaryimage"},"thumbnailUrl":"https:\/\/kibrisdakik.com\/wp-content\/uploads\/2023\/04\/oasmndoams-740x420.jpg","articleSection":["G\u00fcndem"],"inLanguage":"tr","potentialAction":[{"@type":"CommentAction","name":"Comment","target":["https:\/\/kibrisdakik.com\/?p=5977#respond"]}]},{"@type":"WebPage","@id":"https:\/\/kibrisdakik.com\/?p=5977","url":"https:\/\/kibrisdakik.com\/?p=5977","name":"\u201cTarihi Eser Liderleri Projesi\u201d hayata ge\u00e7iriliyor -","isPartOf":{"@id":"https:\/\/kibrisdakik.com\/#website"},"primaryImageOfPage":{"@id":"https:\/\/kibrisdakik.com\/?p=5977#primaryimage"},"image":{"@id":"https:\/\/kibrisdakik.com\/?p=5977#primaryimage"},"thumbnailUrl":"https:\/\/kibrisdakik.com\/wp-content\/uploads\/2023\/04\/oasmndoams-740x420.jpg","datePublished":"2023-04-29T11:41:11+00:00","author":{"@id":"https:\/\/kibrisdakik.com\/#\/schema\/person\/9cd9d437bbb44f72b73ba127e06d8e79"},"breadcrumb":{"@id":"https:\/\/kibrisdakik.com\/?p=5977#breadcrumb"},"inLanguage":"tr","potentialAction":[{"@type":"ReadAction","target":["https:\/\/kibrisdakik.com\/?p=5977"]}]},{"@type":"ImageObject","inLanguage":"tr","@id":"https:\/\/kibrisdakik.com\/?p=5977#primaryimage","url":"https:\/\/kibrisdakik.com\/wp-content\/uploads\/2023\/04\/oasmndoams-740x420.jpg","contentUrl":"https:\/\/kibrisdakik.com\/wp-content\/uploads\/2023\/04\/oasmndoams-740x420.jpg","width":1512,"height":1096},{"@type":"BreadcrumbList","@id":"https:\/\/kibrisdakik.com\/?p=5977#breadcrumb","itemListElement":[{"@type":"ListItem","position":1,"name":"Home","item":"https:\/\/kibrisdakik.com\/"},{"@type":"ListItem","position":2,"name":"\u201cTarihi Eser Liderleri Projesi\u201d hayata ge\u00e7iriliyor"}]},{"@type":"WebSite","@id":"https:\/\/kibrisdakik.com\/#website","url":"https:\/\/kibrisdakik.com\/","name":"","description":"Tam vaktinde haber","potentialAction":[{"@type":"SearchAction","target":{"@type":"EntryPoint","urlTemplate":"https:\/\/kibrisdakik.com\/?s={search_term_string}"},"query-input":{"@type":"PropertyValueSpecification","valueRequired":true,"valueName":"search_term_string"}}],"inLanguage":"tr"},{"@type":"Person","@id":"https:\/\/kibrisdakik.com\/#\/schema\/person\/9cd9d437bbb44f72b73ba127e06d8e79","name":"admin","image":{"@type":"ImageObject","inLanguage":"tr","@id":"https:\/\/secure.gravatar.com\/avatar\/ccc17943b9d660506c869530f897617f7cb1c21a4bf30023f252596d83e1f007?s=96&d=mm&r=g","url":"https:\/\/secure.gravatar.com\/avatar\/ccc17943b9d660506c869530f897617f7cb1c21a4bf30023f252596d83e1f007?s=96&d=mm&r=g","contentUrl":"https:\/\/secure.gravatar.com\/avatar\/ccc17943b9d660506c869530f897617f7cb1c21a4bf30023f252596d83e1f007?s=96&d=mm&r=g","caption":"admin"},"sameAs":["https:\/\/kibrisdakik.com"],"url":"https:\/\/kibrisdakik.com\/?author=1"}]}},"_links":{"self":[{"href":"https:\/\/kibrisdakik.com\/index.php?rest_route=\/wp\/v2\/posts\/5977","targetHints":{"allow":["GET"]}}],"collection":[{"href":"https:\/\/kibrisdakik.com\/index.php?rest_route=\/wp\/v2\/posts"}],"about":[{"href":"https:\/\/kibrisdakik.com\/index.php?rest_route=\/wp\/v2\/types\/post"}],"author":[{"embeddable":true,"href":"https:\/\/kibrisdakik.com\/index.php?rest_route=\/wp\/v2\/users\/1"}],"replies":[{"embeddable":true,"href":"https:\/\/kibrisdakik.com\/index.php?rest_route=%2Fwp%2Fv2%2Fcomments&post=5977"}],"version-history":[{"count":0,"href":"https:\/\/kibrisdakik.com\/index.php?rest_route=\/wp\/v2\/posts\/5977\/revisions"}],"wp:featuredmedia":[{"embeddable":true,"href":"https:\/\/kibrisdakik.com\/index.php?rest_route=\/wp\/v2\/media\/5978"}],"wp:attachment":[{"href":"https:\/\/kibrisdakik.com\/index.php?rest_route=%2Fwp%2Fv2%2Fmedia&parent=5977"}],"wp:term":[{"taxonomy":"category","embeddable":true,"href":"https:\/\/kibrisdakik.com\/index.php?rest_route=%2Fwp%2Fv2%2Fcategories&post=5977"},{"taxonomy":"post_tag","embeddable":true,"href":"https:\/\/kibrisdakik.com\/index.php?rest_route=%2Fwp%2Fv2%2Ftags&post=5977"}],"curies":[{"name":"wp","href":"https:\/\/api.w.org\/{rel}","templated":true}]}}