{"id":59772,"date":"2024-09-05T13:34:47","date_gmt":"2024-09-05T10:34:47","guid":{"rendered":"https:\/\/kibrisdakik.com\/index.php\/2024\/09\/05\/agirligi-tam-320-kilogram-marmarada-nadir-gorulen-mavi-yuzgecli-orkinos-avlandi\/"},"modified":"2024-09-05T13:34:47","modified_gmt":"2024-09-05T10:34:47","slug":"agirligi-tam-320-kilogram-marmarada-nadir-gorulen-mavi-yuzgecli-orkinos-avlandi","status":"publish","type":"post","link":"https:\/\/kibrisdakik.com\/?p=59772","title":{"rendered":"A\u011f\u0131rl\u0131\u011f\u0131 tam 320 kilogram! Marmara&#8217;da nadir g\u00f6r\u00fclen mavi y\u00fczge\u00e7li orkinos avland\u0131"},"content":{"rendered":"<p><\/p>\n<div id=\"\">\n<p>Kocaeli&#8217;nin Gebze k\u0131y\u0131lar\u0131nda denize a\u00e7\u0131lan dalg\u0131\u00e7lar, z\u0131pk\u0131nla 2.5 metre uzunlu\u011funda 320 kilogram a\u011f\u0131rl\u0131\u011f\u0131nda nadir g\u00f6r\u00fclen mavi y\u00fczge\u00e7li orkinos avlad\u0131.<\/p>\n<p>Kocaeli&#8217;nin Gebze il\u00e7esi k\u0131y\u0131lar\u0131nda avlanmak i\u00e7in denize a\u00e7\u0131lan G\u00f6rkem G\u00fcrsoy ve Volkan Top\u00e7u, ender g\u00f6r\u00fclen mavi y\u00fczge\u00e7li, 2.5 metre uzunlu\u011funda, 320 kilogram a\u011f\u0131rl\u0131\u011f\u0131nda orkinos avlad\u0131. <\/p>\n<p>\u0130ki dalg\u0131\u00e7 saplanan z\u0131pk\u0131nla uzakla\u015fan orkinosu, \u00fc\u00e7\u00fcnc\u00fc g\u00fcn\u00fcn sonunda bularak k\u0131y\u0131ya \u00e7\u0131kartt\u0131.<\/p>\n<p><img loading=\"lazy\" decoding=\"async\" class=\"hbptMainImage lazyload ImgDetay\" src=\"https:\/\/foto.haberler.com\/haber\/2024\/09\/05\/marmara-da-2-dalgic-320-kilogram-orkinos-avla-4-17789319_o.jpg\" alt=\"A\u011f\u0131rl\u0131\u011f\u0131 tam 320 kilogram! Marmara'da nadir g\u00f6r\u00fclen mavi y\u00fczge\u00e7li orkinos avland\u0131\" width=\"640\" height=\"640\"\/><\/p>\n<h3>BAKANLIK KAYDA GE\u00c7T\u0130<\/h3>\n<p>\u0130ki senedir ekip arkada\u015f\u0131 Volkan Top\u00e7u ile beraber dal\u0131\u015f yapt\u0131klar\u0131n\u0131 ve orkinos bal\u0131\u011f\u0131n\u0131n pe\u015finde olduklar\u0131n\u0131 anlatan G\u00f6rkem G\u00fcrsoy, &#8220;Bu bal\u0131\u011f\u0131 avlamak istiyorduk. Sonunda k\u0131smet oldu. Kar\u015f\u0131m\u0131za \u00e7\u0131kt\u0131, avlayabildik. T\u00fcrkiye&#8217;nin en b\u00fcy\u00fck boyutlar\u0131ndan bir tanesidir. Hatta bu boyutlarda avlanan bir bal\u0131k oldu\u011funu bulamad\u0131k, g\u00f6remedik, duyamad\u0131k. 2.5 metre 320 kilo mavi y\u00fczge\u00e7li orkinos. \u00c7ok \u00f6nemli ve de\u011ferli bir bal\u0131k. Tar\u0131m Orman Bakanl\u0131\u011f\u0131ndan da geldiler. \u00d6l\u00e7t\u00fcler, bi\u00e7tiler kayda ge\u00e7tiler&#8221; dedi. Her sabah bal\u0131k avlamak u\u011fruna dal\u0131\u015fa gittiklerini de s\u00f6zlerine ekleyen G\u00fcrsoy, vurduklar\u0131 bal\u0131klar\u0131 sokak hayvanlar\u0131na ve ihtiyac\u0131 olanlara verdiklerini, sat\u0131\u015f ama\u00e7lar\u0131n\u0131n olmad\u0131\u011f\u0131n\u0131 belirtti.<\/p>\n<p><img loading=\"lazy\" decoding=\"async\" class=\"hbptMainImage lazyload ImgDetay\" src=\"https:\/\/foto.haberler.com\/haber\/2024\/09\/05\/marmara-da-2-dalgic-320-kilogram-orkinos-avla-3-17789319_o.jpg\" alt=\"A\u011f\u0131rl\u0131\u011f\u0131 tam 320 kilogram! Marmara'da nadir g\u00f6r\u00fclen mavi y\u00fczge\u00e7li orkinos avland\u0131\" width=\"640\" height=\"360\"\/><\/p>\n<h3>&#8216;NORMAL B\u0130R ORK\u0130NOS DE\u011e\u0130L, ENDER G\u00d6R\u00dcLEN B\u0130R ORK\u0130NOS&#8217;<\/h3>\n<p>Daha \u00f6ncesinde de bal\u0131\u011f\u0131 g\u00f6rd\u00fcklerini fakat at\u0131\u015f yapmad\u0131klar\u0131n\u0131, sadece su alt\u0131 kameralar\u0131 ile \u00e7ekim yapt\u0131klar\u0131n\u0131 s\u00f6yleyen Volkan Top\u00e7u, &#8220;En son beraber at\u0131\u015f yapma karar\u0131 ald\u0131k. Haz\u0131rland\u0131k ve yine ayn\u0131 dal\u0131\u015f\u0131m\u0131z\u0131 yapt\u0131k. Birlikte hayvana at\u0131\u015f\u0131m\u0131z\u0131 yapt\u0131k. Hayvan c\u00fcsseli, 320 kilogram ve 2.5 metre uzunlu\u011fu vard\u0131. Ekipmanlar\u0131m\u0131z\u0131 par\u00e7alad\u0131, ipler dayanmad\u0131. Atm\u0131\u015f oldu\u011fumuz z\u0131pk\u0131n\u0131n makaras\u0131n\u0131 kopartt\u0131. Bu \u015fekilde uzakla\u015ft\u0131. Bu b\u00f6lgede ge\u00e7en sene bu a\u011f\u0131rl\u0131\u011f\u0131n yar\u0131s\u0131 kadar\u0131n\u0131 g\u00f6rm\u00fc\u015ft\u00fck. 200 kilogram kadar\u0131n\u0131 g\u00f6rd\u00fck ve kay\u0131t alt\u0131na ald\u0131k. Bu sene ilk defa b\u00f6yle b\u00fcy\u00fck bir hayvan ile kar\u015f\u0131la\u015ft\u0131k. Normal bir orkinos de\u011fil mavi y\u00fczge\u00e7li bir orkinostur. Ender g\u00f6r\u00fclen bir tiptir&#8221; diye konu\u015ftu.<\/p>\n<h3>&#8216;\u00dc\u00c7 G\u00dcNDE KIYIYA ALAB\u0130LD\u0130K&#8217;<\/h3>\n<p>Bal\u0131\u011f\u0131 g\u00f6rd\u00fcklerinde heyecanland\u0131klar\u0131n\u0131 anlatan Top\u00e7u, &#8220;Devasa bir bal\u0131kla kar\u015f\u0131 kar\u015f\u0131yas\u0131n\u0131z. \u0130ki avc\u0131, o da avc\u0131 biz de avc\u0131y\u0131z. Bir, iki saniye sonra at\u0131\u015f karar\u0131 ald\u0131k ve at\u0131\u015f\u0131m\u0131z\u0131 yapt\u0131k. Hayvan tamamen kas k\u00fctlesi oldu\u011fu i\u00e7in 8 saniye i\u00e7erisinde 90 metre ipi al\u0131p gitti. Z\u0131pk\u0131n\u0131m\u0131z\u0131n \u015fi\u015fi \u00fcst\u00fcndeydi. Onunla birlikte uzakla\u015ft\u0131. Biz pe\u015fini b\u0131rakmad\u0131k. Tekne ile aramaya devam ettik. Bir\u00e7ok farkl\u0131 noktada dal\u0131\u015f yapt\u0131k. Sonu\u00e7ta 90 metre ip vard\u0131. \u0130pin ucunu g\u00f6r\u00fcp hayvan\u0131 al\u0131r\u0131z diye. Birinci g\u00fcn bulamad\u0131k. \u0130kinci g\u00fcn dal\u0131\u015flara devam ettik. Ak\u015fam eve gitmedik tekne ile gelip arad\u0131k. 3 g\u00fcnde a\u00e7\u0131kta bir yerde y\u00fczeye \u00e7\u0131km\u0131\u015ft\u0131. Bu \u015fekilde k\u0131y\u0131ya getirdik&#8221; \u015feklinde konu\u015ftu.<\/p>\n<figure class=\"type:primaryimage hbhOrder\" style=\"margin-bottom: 20px;\"><img loading=\"lazy\" decoding=\"async\" width=\"1200\" height=\"675\" class=\"hbptMainImage\" id=\"HaberImage\" src=\"https:\/\/foto.haberler.com\/resize\/600x337\/haber\/2024\/09\/05\/marmara-da-2-dalgic-320-kilogram-orkinos-avla-17789319_amp.jpg\"\/><\/figure>\n<div class=\"editorSade\">Kaynak: \u0130hlas Haber Ajans\u0131 \/  <a href=\"https:\/\/www.haberler.com\/yerel\/\" title=\"Yerel Haberleri\">Yerel<\/a> <\/div>\n<h4 id=\"nwsKeywords\"> <a href=\"https:\/\/www.haberler.com\/hayvanlar\/\" title=\"Hayvanlar\" class=\"hbptTag\">Hayvanlar<\/a>  <a href=\"https:\/\/www.haberler.com\/marmara\/\" title=\"Marmara\" class=\"hbptTag\">Marmara<\/a>  <a href=\"https:\/\/www.haberler.com\/kocaeli\/\" title=\"kocaeli\" class=\"hbptTag\">kocaeli<\/a>  <a href=\"https:\/\/www.haberler.com\/guncel\/\" title=\"G\u00fcncel\" class=\"hbptTag\">G\u00fcncel<\/a>  <a href=\"https:\/\/www.haberler.com\/gebze\/\" title=\"Gebze\" class=\"hbptTag\">Gebze<\/a>  <a href=\"https:\/\/www.haberler.com\/yerel\/\" title=\"Yerel\" class=\"hbptTag\">Yerel<\/a>  <a href=\"https:\/\/www.haberler.com\/yasam\/\" title=\"Ya\u015fam\" class=\"hbptTag\">Ya\u015fam<\/a>  <a href=\"https:\/\/www.haberler.com\/doga\/\" title=\"Do\u011fa\" class=\"hbptTag\">Do\u011fa<\/a>  <a href=\"https:\/\/www.haberler.com\/spor\/\" title=\"Spor\" class=\"hbptTag\">Spor<\/a> <\/h4>\n<\/div>\n","protected":false},"excerpt":{"rendered":"<p>Kocaeli&#8217;nin Gebze k\u0131y\u0131lar\u0131nda denize a\u00e7\u0131lan dalg\u0131\u00e7lar, z\u0131pk\u0131nla 2.5 metre uzunlu\u011funda 320 kilogram a\u011f\u0131rl\u0131\u011f\u0131nda nadir g\u00f6r\u00fclen mavi y\u00fczge\u00e7li orkinos avlad\u0131. Kocaeli&#8217;nin Gebze il\u00e7esi k\u0131y\u0131lar\u0131nda avlanmak i\u00e7in denize a\u00e7\u0131lan G\u00f6rkem G\u00fcrsoy ve Volkan Top\u00e7u, ender g\u00f6r\u00fclen mavi y\u00fczge\u00e7li, 2.5 metre uzunlu\u011funda, 320 kilogram a\u011f\u0131rl\u0131\u011f\u0131nda orkinos avlad\u0131. \u0130ki dalg\u0131\u00e7 saplanan z\u0131pk\u0131nla uzakla\u015fan orkinosu, \u00fc\u00e7\u00fcnc\u00fc g\u00fcn\u00fcn sonunda bularak k\u0131y\u0131ya<\/p>\n","protected":false},"author":1,"featured_media":59773,"comment_status":"open","ping_status":"open","sticky":false,"template":"","format":"standard","meta":{"footnotes":""},"categories":[83],"tags":[],"class_list":["post-59772","post","type-post","status-publish","format-standard","has-post-thumbnail","hentry","category-magazin"],"yoast_head":"<!-- This site is optimized with the Yoast SEO plugin v27.5 - https:\/\/yoast.com\/product\/yoast-seo-wordpress\/ -->\n<title>A\u011f\u0131rl\u0131\u011f\u0131 tam 320 kilogram! Marmara&#039;da nadir g\u00f6r\u00fclen mavi y\u00fczge\u00e7li orkinos avland\u0131 -<\/title>\n<meta name=\"robots\" content=\"index, follow, max-snippet:-1, max-image-preview:large, max-video-preview:-1\" \/>\n<link rel=\"canonical\" href=\"https:\/\/kibrisdakik.com\/?p=59772\" \/>\n<meta property=\"og:locale\" content=\"tr_TR\" \/>\n<meta property=\"og:type\" content=\"article\" \/>\n<meta property=\"og:title\" content=\"A\u011f\u0131rl\u0131\u011f\u0131 tam 320 kilogram! Marmara&#039;da nadir g\u00f6r\u00fclen mavi y\u00fczge\u00e7li orkinos avland\u0131 -\" \/>\n<meta property=\"og:description\" content=\"Kocaeli&#8217;nin Gebze k\u0131y\u0131lar\u0131nda denize a\u00e7\u0131lan dalg\u0131\u00e7lar, z\u0131pk\u0131nla 2.5 metre uzunlu\u011funda 320 kilogram a\u011f\u0131rl\u0131\u011f\u0131nda nadir g\u00f6r\u00fclen mavi y\u00fczge\u00e7li orkinos avlad\u0131. Kocaeli&#8217;nin Gebze il\u00e7esi k\u0131y\u0131lar\u0131nda avlanmak i\u00e7in denize a\u00e7\u0131lan G\u00f6rkem G\u00fcrsoy ve Volkan Top\u00e7u, ender g\u00f6r\u00fclen mavi y\u00fczge\u00e7li, 2.5 metre uzunlu\u011funda, 320 kilogram a\u011f\u0131rl\u0131\u011f\u0131nda orkinos avlad\u0131. \u0130ki dalg\u0131\u00e7 saplanan z\u0131pk\u0131nla uzakla\u015fan orkinosu, \u00fc\u00e7\u00fcnc\u00fc g\u00fcn\u00fcn sonunda bularak k\u0131y\u0131ya\" \/>\n<meta property=\"og:url\" content=\"https:\/\/kibrisdakik.com\/?p=59772\" \/>\n<meta property=\"article:published_time\" content=\"2024-09-05T10:34:47+00:00\" \/>\n<meta property=\"og:image\" content=\"https:\/\/kibrisdakik.com\/wp-content\/uploads\/2024\/09\/marmara-da-2-dalgic-320-kilogram-orkinos-avla-4-17789319_o.jpg\" \/>\n\t<meta property=\"og:image:width\" content=\"640\" \/>\n\t<meta property=\"og:image:height\" content=\"640\" \/>\n\t<meta property=\"og:image:type\" content=\"image\/jpeg\" \/>\n<meta name=\"author\" content=\"admin\" \/>\n<meta name=\"twitter:card\" content=\"summary_large_image\" \/>\n<meta name=\"twitter:label1\" content=\"Yazan:\" \/>\n\t<meta name=\"twitter:data1\" content=\"admin\" \/>\n\t<meta name=\"twitter:label2\" content=\"Tahmini okuma s\u00fcresi\" \/>\n\t<meta name=\"twitter:data2\" content=\"3 dakika\" \/>\n<script type=\"application\/ld+json\" class=\"yoast-schema-graph\">{\"@context\":\"https:\\\/\\\/schema.org\",\"@graph\":[{\"@type\":\"Article\",\"@id\":\"https:\\\/\\\/kibrisdakik.com\\\/?p=59772#article\",\"isPartOf\":{\"@id\":\"https:\\\/\\\/kibrisdakik.com\\\/?p=59772\"},\"author\":{\"name\":\"admin\",\"@id\":\"https:\\\/\\\/kibrisdakik.com\\\/#\\\/schema\\\/person\\\/9cd9d437bbb44f72b73ba127e06d8e79\"},\"headline\":\"A\u011f\u0131rl\u0131\u011f\u0131 tam 320 kilogram! Marmara&#8217;da nadir g\u00f6r\u00fclen mavi y\u00fczge\u00e7li orkinos avland\u0131\",\"datePublished\":\"2024-09-05T10:34:47+00:00\",\"mainEntityOfPage\":{\"@id\":\"https:\\\/\\\/kibrisdakik.com\\\/?p=59772\"},\"wordCount\":573,\"commentCount\":0,\"image\":{\"@id\":\"https:\\\/\\\/kibrisdakik.com\\\/?p=59772#primaryimage\"},\"thumbnailUrl\":\"https:\\\/\\\/kibrisdakik.com\\\/wp-content\\\/uploads\\\/2024\\\/09\\\/marmara-da-2-dalgic-320-kilogram-orkinos-avla-4-17789319_o.jpg\",\"articleSection\":[\"Magazin\"],\"inLanguage\":\"tr\",\"potentialAction\":[{\"@type\":\"CommentAction\",\"name\":\"Comment\",\"target\":[\"https:\\\/\\\/kibrisdakik.com\\\/?p=59772#respond\"]}]},{\"@type\":\"WebPage\",\"@id\":\"https:\\\/\\\/kibrisdakik.com\\\/?p=59772\",\"url\":\"https:\\\/\\\/kibrisdakik.com\\\/?p=59772\",\"name\":\"A\u011f\u0131rl\u0131\u011f\u0131 tam 320 kilogram! Marmara'da nadir g\u00f6r\u00fclen mavi y\u00fczge\u00e7li orkinos avland\u0131 -\",\"isPartOf\":{\"@id\":\"https:\\\/\\\/kibrisdakik.com\\\/#website\"},\"primaryImageOfPage\":{\"@id\":\"https:\\\/\\\/kibrisdakik.com\\\/?p=59772#primaryimage\"},\"image\":{\"@id\":\"https:\\\/\\\/kibrisdakik.com\\\/?p=59772#primaryimage\"},\"thumbnailUrl\":\"https:\\\/\\\/kibrisdakik.com\\\/wp-content\\\/uploads\\\/2024\\\/09\\\/marmara-da-2-dalgic-320-kilogram-orkinos-avla-4-17789319_o.jpg\",\"datePublished\":\"2024-09-05T10:34:47+00:00\",\"author\":{\"@id\":\"https:\\\/\\\/kibrisdakik.com\\\/#\\\/schema\\\/person\\\/9cd9d437bbb44f72b73ba127e06d8e79\"},\"breadcrumb\":{\"@id\":\"https:\\\/\\\/kibrisdakik.com\\\/?p=59772#breadcrumb\"},\"inLanguage\":\"tr\",\"potentialAction\":[{\"@type\":\"ReadAction\",\"target\":[\"https:\\\/\\\/kibrisdakik.com\\\/?p=59772\"]}]},{\"@type\":\"ImageObject\",\"inLanguage\":\"tr\",\"@id\":\"https:\\\/\\\/kibrisdakik.com\\\/?p=59772#primaryimage\",\"url\":\"https:\\\/\\\/kibrisdakik.com\\\/wp-content\\\/uploads\\\/2024\\\/09\\\/marmara-da-2-dalgic-320-kilogram-orkinos-avla-4-17789319_o.jpg\",\"contentUrl\":\"https:\\\/\\\/kibrisdakik.com\\\/wp-content\\\/uploads\\\/2024\\\/09\\\/marmara-da-2-dalgic-320-kilogram-orkinos-avla-4-17789319_o.jpg\",\"width\":640,\"height\":640},{\"@type\":\"BreadcrumbList\",\"@id\":\"https:\\\/\\\/kibrisdakik.com\\\/?p=59772#breadcrumb\",\"itemListElement\":[{\"@type\":\"ListItem\",\"position\":1,\"name\":\"Home\",\"item\":\"https:\\\/\\\/kibrisdakik.com\\\/\"},{\"@type\":\"ListItem\",\"position\":2,\"name\":\"A\u011f\u0131rl\u0131\u011f\u0131 tam 320 kilogram! Marmara&#8217;da nadir g\u00f6r\u00fclen mavi y\u00fczge\u00e7li orkinos avland\u0131\"}]},{\"@type\":\"WebSite\",\"@id\":\"https:\\\/\\\/kibrisdakik.com\\\/#website\",\"url\":\"https:\\\/\\\/kibrisdakik.com\\\/\",\"name\":\"\",\"description\":\"Tam vaktinde haber\",\"potentialAction\":[{\"@type\":\"SearchAction\",\"target\":{\"@type\":\"EntryPoint\",\"urlTemplate\":\"https:\\\/\\\/kibrisdakik.com\\\/?s={search_term_string}\"},\"query-input\":{\"@type\":\"PropertyValueSpecification\",\"valueRequired\":true,\"valueName\":\"search_term_string\"}}],\"inLanguage\":\"tr\"},{\"@type\":\"Person\",\"@id\":\"https:\\\/\\\/kibrisdakik.com\\\/#\\\/schema\\\/person\\\/9cd9d437bbb44f72b73ba127e06d8e79\",\"name\":\"admin\",\"image\":{\"@type\":\"ImageObject\",\"inLanguage\":\"tr\",\"@id\":\"https:\\\/\\\/secure.gravatar.com\\\/avatar\\\/ccc17943b9d660506c869530f897617f7cb1c21a4bf30023f252596d83e1f007?s=96&d=mm&r=g\",\"url\":\"https:\\\/\\\/secure.gravatar.com\\\/avatar\\\/ccc17943b9d660506c869530f897617f7cb1c21a4bf30023f252596d83e1f007?s=96&d=mm&r=g\",\"contentUrl\":\"https:\\\/\\\/secure.gravatar.com\\\/avatar\\\/ccc17943b9d660506c869530f897617f7cb1c21a4bf30023f252596d83e1f007?s=96&d=mm&r=g\",\"caption\":\"admin\"},\"sameAs\":[\"https:\\\/\\\/kibrisdakik.com\"],\"url\":\"https:\\\/\\\/kibrisdakik.com\\\/?author=1\"}]}<\/script>\n<!-- \/ Yoast SEO plugin. -->","yoast_head_json":{"title":"A\u011f\u0131rl\u0131\u011f\u0131 tam 320 kilogram! Marmara'da nadir g\u00f6r\u00fclen mavi y\u00fczge\u00e7li orkinos avland\u0131 -","robots":{"index":"index","follow":"follow","max-snippet":"max-snippet:-1","max-image-preview":"max-image-preview:large","max-video-preview":"max-video-preview:-1"},"canonical":"https:\/\/kibrisdakik.com\/?p=59772","og_locale":"tr_TR","og_type":"article","og_title":"A\u011f\u0131rl\u0131\u011f\u0131 tam 320 kilogram! Marmara'da nadir g\u00f6r\u00fclen mavi y\u00fczge\u00e7li orkinos avland\u0131 -","og_description":"Kocaeli&#8217;nin Gebze k\u0131y\u0131lar\u0131nda denize a\u00e7\u0131lan dalg\u0131\u00e7lar, z\u0131pk\u0131nla 2.5 metre uzunlu\u011funda 320 kilogram a\u011f\u0131rl\u0131\u011f\u0131nda nadir g\u00f6r\u00fclen mavi y\u00fczge\u00e7li orkinos avlad\u0131. Kocaeli&#8217;nin Gebze il\u00e7esi k\u0131y\u0131lar\u0131nda avlanmak i\u00e7in denize a\u00e7\u0131lan G\u00f6rkem G\u00fcrsoy ve Volkan Top\u00e7u, ender g\u00f6r\u00fclen mavi y\u00fczge\u00e7li, 2.5 metre uzunlu\u011funda, 320 kilogram a\u011f\u0131rl\u0131\u011f\u0131nda orkinos avlad\u0131. \u0130ki dalg\u0131\u00e7 saplanan z\u0131pk\u0131nla uzakla\u015fan orkinosu, \u00fc\u00e7\u00fcnc\u00fc g\u00fcn\u00fcn sonunda bularak k\u0131y\u0131ya","og_url":"https:\/\/kibrisdakik.com\/?p=59772","article_published_time":"2024-09-05T10:34:47+00:00","og_image":[{"width":640,"height":640,"url":"https:\/\/kibrisdakik.com\/wp-content\/uploads\/2024\/09\/marmara-da-2-dalgic-320-kilogram-orkinos-avla-4-17789319_o.jpg","type":"image\/jpeg"}],"author":"admin","twitter_card":"summary_large_image","twitter_misc":{"Yazan:":"admin","Tahmini okuma s\u00fcresi":"3 dakika"},"schema":{"@context":"https:\/\/schema.org","@graph":[{"@type":"Article","@id":"https:\/\/kibrisdakik.com\/?p=59772#article","isPartOf":{"@id":"https:\/\/kibrisdakik.com\/?p=59772"},"author":{"name":"admin","@id":"https:\/\/kibrisdakik.com\/#\/schema\/person\/9cd9d437bbb44f72b73ba127e06d8e79"},"headline":"A\u011f\u0131rl\u0131\u011f\u0131 tam 320 kilogram! Marmara&#8217;da nadir g\u00f6r\u00fclen mavi y\u00fczge\u00e7li orkinos avland\u0131","datePublished":"2024-09-05T10:34:47+00:00","mainEntityOfPage":{"@id":"https:\/\/kibrisdakik.com\/?p=59772"},"wordCount":573,"commentCount":0,"image":{"@id":"https:\/\/kibrisdakik.com\/?p=59772#primaryimage"},"thumbnailUrl":"https:\/\/kibrisdakik.com\/wp-content\/uploads\/2024\/09\/marmara-da-2-dalgic-320-kilogram-orkinos-avla-4-17789319_o.jpg","articleSection":["Magazin"],"inLanguage":"tr","potentialAction":[{"@type":"CommentAction","name":"Comment","target":["https:\/\/kibrisdakik.com\/?p=59772#respond"]}]},{"@type":"WebPage","@id":"https:\/\/kibrisdakik.com\/?p=59772","url":"https:\/\/kibrisdakik.com\/?p=59772","name":"A\u011f\u0131rl\u0131\u011f\u0131 tam 320 kilogram! Marmara'da nadir g\u00f6r\u00fclen mavi y\u00fczge\u00e7li orkinos avland\u0131 -","isPartOf":{"@id":"https:\/\/kibrisdakik.com\/#website"},"primaryImageOfPage":{"@id":"https:\/\/kibrisdakik.com\/?p=59772#primaryimage"},"image":{"@id":"https:\/\/kibrisdakik.com\/?p=59772#primaryimage"},"thumbnailUrl":"https:\/\/kibrisdakik.com\/wp-content\/uploads\/2024\/09\/marmara-da-2-dalgic-320-kilogram-orkinos-avla-4-17789319_o.jpg","datePublished":"2024-09-05T10:34:47+00:00","author":{"@id":"https:\/\/kibrisdakik.com\/#\/schema\/person\/9cd9d437bbb44f72b73ba127e06d8e79"},"breadcrumb":{"@id":"https:\/\/kibrisdakik.com\/?p=59772#breadcrumb"},"inLanguage":"tr","potentialAction":[{"@type":"ReadAction","target":["https:\/\/kibrisdakik.com\/?p=59772"]}]},{"@type":"ImageObject","inLanguage":"tr","@id":"https:\/\/kibrisdakik.com\/?p=59772#primaryimage","url":"https:\/\/kibrisdakik.com\/wp-content\/uploads\/2024\/09\/marmara-da-2-dalgic-320-kilogram-orkinos-avla-4-17789319_o.jpg","contentUrl":"https:\/\/kibrisdakik.com\/wp-content\/uploads\/2024\/09\/marmara-da-2-dalgic-320-kilogram-orkinos-avla-4-17789319_o.jpg","width":640,"height":640},{"@type":"BreadcrumbList","@id":"https:\/\/kibrisdakik.com\/?p=59772#breadcrumb","itemListElement":[{"@type":"ListItem","position":1,"name":"Home","item":"https:\/\/kibrisdakik.com\/"},{"@type":"ListItem","position":2,"name":"A\u011f\u0131rl\u0131\u011f\u0131 tam 320 kilogram! Marmara&#8217;da nadir g\u00f6r\u00fclen mavi y\u00fczge\u00e7li orkinos avland\u0131"}]},{"@type":"WebSite","@id":"https:\/\/kibrisdakik.com\/#website","url":"https:\/\/kibrisdakik.com\/","name":"","description":"Tam vaktinde haber","potentialAction":[{"@type":"SearchAction","target":{"@type":"EntryPoint","urlTemplate":"https:\/\/kibrisdakik.com\/?s={search_term_string}"},"query-input":{"@type":"PropertyValueSpecification","valueRequired":true,"valueName":"search_term_string"}}],"inLanguage":"tr"},{"@type":"Person","@id":"https:\/\/kibrisdakik.com\/#\/schema\/person\/9cd9d437bbb44f72b73ba127e06d8e79","name":"admin","image":{"@type":"ImageObject","inLanguage":"tr","@id":"https:\/\/secure.gravatar.com\/avatar\/ccc17943b9d660506c869530f897617f7cb1c21a4bf30023f252596d83e1f007?s=96&d=mm&r=g","url":"https:\/\/secure.gravatar.com\/avatar\/ccc17943b9d660506c869530f897617f7cb1c21a4bf30023f252596d83e1f007?s=96&d=mm&r=g","contentUrl":"https:\/\/secure.gravatar.com\/avatar\/ccc17943b9d660506c869530f897617f7cb1c21a4bf30023f252596d83e1f007?s=96&d=mm&r=g","caption":"admin"},"sameAs":["https:\/\/kibrisdakik.com"],"url":"https:\/\/kibrisdakik.com\/?author=1"}]}},"_links":{"self":[{"href":"https:\/\/kibrisdakik.com\/index.php?rest_route=\/wp\/v2\/posts\/59772","targetHints":{"allow":["GET"]}}],"collection":[{"href":"https:\/\/kibrisdakik.com\/index.php?rest_route=\/wp\/v2\/posts"}],"about":[{"href":"https:\/\/kibrisdakik.com\/index.php?rest_route=\/wp\/v2\/types\/post"}],"author":[{"embeddable":true,"href":"https:\/\/kibrisdakik.com\/index.php?rest_route=\/wp\/v2\/users\/1"}],"replies":[{"embeddable":true,"href":"https:\/\/kibrisdakik.com\/index.php?rest_route=%2Fwp%2Fv2%2Fcomments&post=59772"}],"version-history":[{"count":0,"href":"https:\/\/kibrisdakik.com\/index.php?rest_route=\/wp\/v2\/posts\/59772\/revisions"}],"wp:featuredmedia":[{"embeddable":true,"href":"https:\/\/kibrisdakik.com\/index.php?rest_route=\/wp\/v2\/media\/59773"}],"wp:attachment":[{"href":"https:\/\/kibrisdakik.com\/index.php?rest_route=%2Fwp%2Fv2%2Fmedia&parent=59772"}],"wp:term":[{"taxonomy":"category","embeddable":true,"href":"https:\/\/kibrisdakik.com\/index.php?rest_route=%2Fwp%2Fv2%2Fcategories&post=59772"},{"taxonomy":"post_tag","embeddable":true,"href":"https:\/\/kibrisdakik.com\/index.php?rest_route=%2Fwp%2Fv2%2Ftags&post=59772"}],"curies":[{"name":"wp","href":"https:\/\/api.w.org\/{rel}","templated":true}]}}