{"id":59776,"date":"2024-09-05T14:50:46","date_gmt":"2024-09-05T11:50:46","guid":{"rendered":"https:\/\/kibrisdakik.com\/index.php\/2024\/09\/05\/plajda-korkunc-kaza-guneslenen-kadin-polis-aracinin-altinda-kaldi\/"},"modified":"2024-09-05T14:50:46","modified_gmt":"2024-09-05T11:50:46","slug":"plajda-korkunc-kaza-guneslenen-kadin-polis-aracinin-altinda-kaldi","status":"publish","type":"post","link":"https:\/\/kibrisdakik.com\/?p=59776","title":{"rendered":"Plajda korkun\u00e7 kaza: G\u00fcne\u015flenen kad\u0131n polis arac\u0131n\u0131n alt\u0131nda kald\u0131"},"content":{"rendered":"<p><\/p>\n<div id=\"\">\n<p>New Jersey&#8217;deki Wildwood plaj\u0131nda \u0130\u015f\u00e7i Bayram\u0131 tatili \u00f6ncesi g\u00fcne\u015flenen bir kad\u0131n, korkun\u00e7 bir kazada polis arac\u0131n\u0131n alt\u0131nda kald\u0131.<\/p>\n<p>Olay \u00c7ar\u015famba g\u00fcn\u00fc meydana geldi. G\u00f6rg\u00fc tan\u0131\u011f\u0131 Simone Rose, Ford F-150 marka polis arac\u0131n\u0131 kullanan memuru uyarmaya \u00e7al\u0131\u015fan deh\u015fete d\u00fc\u015fm\u00fc\u015f insanlar\u0131n \u00e7\u0131\u011fl\u0131klar\u0131n\u0131 duydu\u011funu s\u00f6yledi.<\/p>\n<p>Rose, NJ.com&#8217;a verdi\u011fi deme\u00e7te, &#8220;\u0130nsanlar harekete ge\u00e7enler onlard\u0131. Herkes ba\u011f\u0131r\u0131yordu: &#8216;Birine \u00e7arpt\u0131n! Kamyonetinin alt\u0131nda biri var! Dur!'&#8221; diye anlatt\u0131.<\/p>\n<p>Rose, ancak insanlar arac\u0131n etraf\u0131nda topland\u0131\u011f\u0131nda, olaya kar\u0131\u015fan memurun ara\u00e7tan atlad\u0131\u011f\u0131n\u0131 belirtti. G\u00f6rg\u00fc tan\u0131\u011f\u0131, \u00e7evredeki insanlar\u0131n birlikte \u00e7al\u0131\u015farak kamyonetin \u00f6n k\u0131sm\u0131n\u0131 kald\u0131r\u0131p kad\u0131n\u0131 kurtard\u0131\u011f\u0131n\u0131 hat\u0131rlad\u0131.<\/p>\n<p>Kazada kad\u0131n\u0131n kaburga ve omurlar\u0131n\u0131n k\u0131r\u0131ld\u0131\u011f\u0131, ayr\u0131ca akci\u011fer sorunlar\u0131 ya\u015fad\u0131\u011f\u0131 bildirildi. Ancak hayati tehlikesinin olmad\u0131\u011f\u0131 ve iyile\u015fmesinin beklendi\u011fi a\u00e7\u0131kland\u0131.<\/p>\n<p>Edinilen bilgilere g\u00f6re, kaza s\u0131ras\u0131nda kad\u0131n koyu renkli k\u0131yafetlerle bir havlu \u00fczerinde g\u00fcne\u015fleniyordu. Yan\u0131ndaki erkek arkada\u015f\u0131 ise o s\u0131rada denizde y\u00fcz\u00fcyordu. Kad\u0131n\u0131n kimli\u011fi kamuoyuna a\u00e7\u0131klanmad\u0131.<\/p>\n<p>Wildwood Polis \u015eefi Joseph Murphy, Cuma g\u00fcn\u00fc yapt\u0131\u011f\u0131 a\u00e7\u0131klamada, ismi a\u00e7\u0131klanmayan olaya kar\u0131\u015fan memurun normalde plaj g\u00f6revinde oldu\u011funu belirtti.<\/p>\n<p>Olayla ilgili i\u00e7 soru\u015fturma ba\u015flat\u0131ld\u0131\u011f\u0131n\u0131 ve soru\u015fturma devam ederken kamuoyuna a\u00e7\u0131klama yap\u0131lmayaca\u011f\u0131n\u0131 s\u00f6yleyen bir s\u00f6zc\u00fc, konuyla ilgili daha fazla yorum yapmad\u0131.<\/p>\n<p>Bu trajik olay, plajlarda g\u00fcvenlik \u00f6nlemlerinin ve ara\u00e7 kullan\u0131m\u0131n\u0131n g\u00f6zden ge\u00e7irilmesi gerekti\u011fini bir kez daha g\u00fcndeme getirdi.<\/p>\n<p><img loading=\"lazy\" decoding=\"async\" class=\"hbptMainImage lazyload ImgDetay\" src=\"https:\/\/foto.haberler.com\/haber\/2024\/09\/05\/plajda-korkunc-kaza-guneslenen-kadin-polis-17789747_1543_m.jpg\" alt=\"Plajda korkun\u00e7 kaza: G\u00fcne\u015flenen kad\u0131n polis arac\u0131n\u0131n alt\u0131nda kald\u0131\" width=\"498\" height=\"385\"\/><\/p>\n<p><img loading=\"lazy\" decoding=\"async\" class=\"hbptMainImage lazyload ImgDetay\" src=\"https:\/\/foto.haberler.com\/haber\/2024\/09\/05\/plajda-korkunc-kaza-guneslenen-kadin-polis-17789747_5077_m.jpg\" alt=\"Plajda korkun\u00e7 kaza: G\u00fcne\u015flenen kad\u0131n polis arac\u0131n\u0131n alt\u0131nda kald\u0131\" width=\"640\" height=\"400\"\/><\/p>\n<p><img loading=\"lazy\" decoding=\"async\" class=\"hbptMainImage lazyload ImgDetay\" src=\"https:\/\/foto.haberler.com\/haber\/2024\/09\/05\/plajda-korkunc-kaza-guneslenen-kadin-polis-17789747_4802_m.jpg\" alt=\"Plajda korkun\u00e7 kaza: G\u00fcne\u015flenen kad\u0131n polis arac\u0131n\u0131n alt\u0131nda kald\u0131\" width=\"573\" height=\"389\"\/><\/p>\n<h4 id=\"nwsKeywords\"> <a href=\"https:\/\/www.haberler.com\/amerika-birlesik-devletleri\/\" title=\"Amerika Birle\u015fik Devletleri\" class=\"hbptTag\">Amerika Birle\u015fik Devletleri<\/a>  <a href=\"https:\/\/www.haberler.com\/guvenlik\/\" title=\"G\u00fcvenlik\" class=\"hbptTag\">G\u00fcvenlik<\/a>  <a href=\"https:\/\/www.haberler.com\/3-sayfa\/\" title=\"3-sayfa\" class=\"hbptTag\">3-sayfa<\/a>  <a href=\"https:\/\/www.haberler.com\/hukuk\/\" title=\"Hukuk\" class=\"hbptTag\">Hukuk<\/a>  <a href=\"https:\/\/www.haberler.com\/dunya\/\" title=\"D\u00fcnya\" class=\"hbptTag\">D\u00fcnya<\/a> <\/h4>\n<\/div>\n","protected":false},"excerpt":{"rendered":"<p>New Jersey&#8217;deki Wildwood plaj\u0131nda \u0130\u015f\u00e7i Bayram\u0131 tatili \u00f6ncesi g\u00fcne\u015flenen bir kad\u0131n, korkun\u00e7 bir kazada polis arac\u0131n\u0131n alt\u0131nda kald\u0131. Olay \u00c7ar\u015famba g\u00fcn\u00fc meydana geldi. G\u00f6rg\u00fc tan\u0131\u011f\u0131 Simone Rose, Ford F-150 marka polis arac\u0131n\u0131 kullanan memuru uyarmaya \u00e7al\u0131\u015fan deh\u015fete d\u00fc\u015fm\u00fc\u015f insanlar\u0131n \u00e7\u0131\u011fl\u0131klar\u0131n\u0131 duydu\u011funu s\u00f6yledi. Rose, NJ.com&#8217;a verdi\u011fi deme\u00e7te, &#8220;\u0130nsanlar harekete ge\u00e7enler onlard\u0131. Herkes ba\u011f\u0131r\u0131yordu: &#8216;Birine \u00e7arpt\u0131n! Kamyonetinin<\/p>\n","protected":false},"author":1,"featured_media":59777,"comment_status":"open","ping_status":"open","sticky":false,"template":"","format":"standard","meta":{"footnotes":""},"categories":[83],"tags":[],"class_list":["post-59776","post","type-post","status-publish","format-standard","has-post-thumbnail","hentry","category-magazin"],"yoast_head":"<!-- This site is optimized with the Yoast SEO plugin v27.5 - https:\/\/yoast.com\/product\/yoast-seo-wordpress\/ -->\n<title>Plajda korkun\u00e7 kaza: G\u00fcne\u015flenen kad\u0131n polis arac\u0131n\u0131n alt\u0131nda kald\u0131 -<\/title>\n<meta name=\"robots\" content=\"index, follow, max-snippet:-1, max-image-preview:large, max-video-preview:-1\" \/>\n<link rel=\"canonical\" href=\"https:\/\/kibrisdakik.com\/?p=59776\" \/>\n<meta property=\"og:locale\" content=\"tr_TR\" \/>\n<meta property=\"og:type\" content=\"article\" \/>\n<meta property=\"og:title\" content=\"Plajda korkun\u00e7 kaza: G\u00fcne\u015flenen kad\u0131n polis arac\u0131n\u0131n alt\u0131nda kald\u0131 -\" \/>\n<meta property=\"og:description\" content=\"New Jersey&#8217;deki Wildwood plaj\u0131nda \u0130\u015f\u00e7i Bayram\u0131 tatili \u00f6ncesi g\u00fcne\u015flenen bir kad\u0131n, korkun\u00e7 bir kazada polis arac\u0131n\u0131n alt\u0131nda kald\u0131. Olay \u00c7ar\u015famba g\u00fcn\u00fc meydana geldi. G\u00f6rg\u00fc tan\u0131\u011f\u0131 Simone Rose, Ford F-150 marka polis arac\u0131n\u0131 kullanan memuru uyarmaya \u00e7al\u0131\u015fan deh\u015fete d\u00fc\u015fm\u00fc\u015f insanlar\u0131n \u00e7\u0131\u011fl\u0131klar\u0131n\u0131 duydu\u011funu s\u00f6yledi. Rose, NJ.com&#8217;a verdi\u011fi deme\u00e7te, &#8220;\u0130nsanlar harekete ge\u00e7enler onlard\u0131. Herkes ba\u011f\u0131r\u0131yordu: &#8216;Birine \u00e7arpt\u0131n! Kamyonetinin\" \/>\n<meta property=\"og:url\" content=\"https:\/\/kibrisdakik.com\/?p=59776\" \/>\n<meta property=\"article:published_time\" content=\"2024-09-05T11:50:46+00:00\" \/>\n<meta property=\"og:image\" content=\"https:\/\/kibrisdakik.com\/wp-content\/uploads\/2024\/09\/plajda-korkunc-kaza-guneslenen-kadin-polis-17789747_1543_m.jpg\" \/>\n\t<meta property=\"og:image:width\" content=\"498\" \/>\n\t<meta property=\"og:image:height\" content=\"385\" \/>\n\t<meta property=\"og:image:type\" content=\"image\/jpeg\" \/>\n<meta name=\"author\" content=\"admin\" \/>\n<meta name=\"twitter:card\" content=\"summary_large_image\" \/>\n<meta name=\"twitter:label1\" content=\"Yazan:\" \/>\n\t<meta name=\"twitter:data1\" content=\"admin\" \/>\n\t<meta name=\"twitter:label2\" content=\"Tahmini okuma s\u00fcresi\" \/>\n\t<meta name=\"twitter:data2\" content=\"1 dakika\" \/>\n<script type=\"application\/ld+json\" class=\"yoast-schema-graph\">{\"@context\":\"https:\\\/\\\/schema.org\",\"@graph\":[{\"@type\":\"Article\",\"@id\":\"https:\\\/\\\/kibrisdakik.com\\\/?p=59776#article\",\"isPartOf\":{\"@id\":\"https:\\\/\\\/kibrisdakik.com\\\/?p=59776\"},\"author\":{\"name\":\"admin\",\"@id\":\"https:\\\/\\\/kibrisdakik.com\\\/#\\\/schema\\\/person\\\/9cd9d437bbb44f72b73ba127e06d8e79\"},\"headline\":\"Plajda korkun\u00e7 kaza: G\u00fcne\u015flenen kad\u0131n polis arac\u0131n\u0131n alt\u0131nda kald\u0131\",\"datePublished\":\"2024-09-05T11:50:46+00:00\",\"mainEntityOfPage\":{\"@id\":\"https:\\\/\\\/kibrisdakik.com\\\/?p=59776\"},\"wordCount\":307,\"commentCount\":0,\"image\":{\"@id\":\"https:\\\/\\\/kibrisdakik.com\\\/?p=59776#primaryimage\"},\"thumbnailUrl\":\"https:\\\/\\\/kibrisdakik.com\\\/wp-content\\\/uploads\\\/2024\\\/09\\\/plajda-korkunc-kaza-guneslenen-kadin-polis-17789747_1543_m.jpg\",\"articleSection\":[\"Magazin\"],\"inLanguage\":\"tr\",\"potentialAction\":[{\"@type\":\"CommentAction\",\"name\":\"Comment\",\"target\":[\"https:\\\/\\\/kibrisdakik.com\\\/?p=59776#respond\"]}]},{\"@type\":\"WebPage\",\"@id\":\"https:\\\/\\\/kibrisdakik.com\\\/?p=59776\",\"url\":\"https:\\\/\\\/kibrisdakik.com\\\/?p=59776\",\"name\":\"Plajda korkun\u00e7 kaza: G\u00fcne\u015flenen kad\u0131n polis arac\u0131n\u0131n alt\u0131nda kald\u0131 -\",\"isPartOf\":{\"@id\":\"https:\\\/\\\/kibrisdakik.com\\\/#website\"},\"primaryImageOfPage\":{\"@id\":\"https:\\\/\\\/kibrisdakik.com\\\/?p=59776#primaryimage\"},\"image\":{\"@id\":\"https:\\\/\\\/kibrisdakik.com\\\/?p=59776#primaryimage\"},\"thumbnailUrl\":\"https:\\\/\\\/kibrisdakik.com\\\/wp-content\\\/uploads\\\/2024\\\/09\\\/plajda-korkunc-kaza-guneslenen-kadin-polis-17789747_1543_m.jpg\",\"datePublished\":\"2024-09-05T11:50:46+00:00\",\"author\":{\"@id\":\"https:\\\/\\\/kibrisdakik.com\\\/#\\\/schema\\\/person\\\/9cd9d437bbb44f72b73ba127e06d8e79\"},\"breadcrumb\":{\"@id\":\"https:\\\/\\\/kibrisdakik.com\\\/?p=59776#breadcrumb\"},\"inLanguage\":\"tr\",\"potentialAction\":[{\"@type\":\"ReadAction\",\"target\":[\"https:\\\/\\\/kibrisdakik.com\\\/?p=59776\"]}]},{\"@type\":\"ImageObject\",\"inLanguage\":\"tr\",\"@id\":\"https:\\\/\\\/kibrisdakik.com\\\/?p=59776#primaryimage\",\"url\":\"https:\\\/\\\/kibrisdakik.com\\\/wp-content\\\/uploads\\\/2024\\\/09\\\/plajda-korkunc-kaza-guneslenen-kadin-polis-17789747_1543_m.jpg\",\"contentUrl\":\"https:\\\/\\\/kibrisdakik.com\\\/wp-content\\\/uploads\\\/2024\\\/09\\\/plajda-korkunc-kaza-guneslenen-kadin-polis-17789747_1543_m.jpg\",\"width\":498,\"height\":385},{\"@type\":\"BreadcrumbList\",\"@id\":\"https:\\\/\\\/kibrisdakik.com\\\/?p=59776#breadcrumb\",\"itemListElement\":[{\"@type\":\"ListItem\",\"position\":1,\"name\":\"Home\",\"item\":\"https:\\\/\\\/kibrisdakik.com\\\/\"},{\"@type\":\"ListItem\",\"position\":2,\"name\":\"Plajda korkun\u00e7 kaza: G\u00fcne\u015flenen kad\u0131n polis arac\u0131n\u0131n alt\u0131nda kald\u0131\"}]},{\"@type\":\"WebSite\",\"@id\":\"https:\\\/\\\/kibrisdakik.com\\\/#website\",\"url\":\"https:\\\/\\\/kibrisdakik.com\\\/\",\"name\":\"\",\"description\":\"Tam vaktinde haber\",\"potentialAction\":[{\"@type\":\"SearchAction\",\"target\":{\"@type\":\"EntryPoint\",\"urlTemplate\":\"https:\\\/\\\/kibrisdakik.com\\\/?s={search_term_string}\"},\"query-input\":{\"@type\":\"PropertyValueSpecification\",\"valueRequired\":true,\"valueName\":\"search_term_string\"}}],\"inLanguage\":\"tr\"},{\"@type\":\"Person\",\"@id\":\"https:\\\/\\\/kibrisdakik.com\\\/#\\\/schema\\\/person\\\/9cd9d437bbb44f72b73ba127e06d8e79\",\"name\":\"admin\",\"image\":{\"@type\":\"ImageObject\",\"inLanguage\":\"tr\",\"@id\":\"https:\\\/\\\/secure.gravatar.com\\\/avatar\\\/ccc17943b9d660506c869530f897617f7cb1c21a4bf30023f252596d83e1f007?s=96&d=mm&r=g\",\"url\":\"https:\\\/\\\/secure.gravatar.com\\\/avatar\\\/ccc17943b9d660506c869530f897617f7cb1c21a4bf30023f252596d83e1f007?s=96&d=mm&r=g\",\"contentUrl\":\"https:\\\/\\\/secure.gravatar.com\\\/avatar\\\/ccc17943b9d660506c869530f897617f7cb1c21a4bf30023f252596d83e1f007?s=96&d=mm&r=g\",\"caption\":\"admin\"},\"sameAs\":[\"https:\\\/\\\/kibrisdakik.com\"],\"url\":\"https:\\\/\\\/kibrisdakik.com\\\/?author=1\"}]}<\/script>\n<!-- \/ Yoast SEO plugin. -->","yoast_head_json":{"title":"Plajda korkun\u00e7 kaza: G\u00fcne\u015flenen kad\u0131n polis arac\u0131n\u0131n alt\u0131nda kald\u0131 -","robots":{"index":"index","follow":"follow","max-snippet":"max-snippet:-1","max-image-preview":"max-image-preview:large","max-video-preview":"max-video-preview:-1"},"canonical":"https:\/\/kibrisdakik.com\/?p=59776","og_locale":"tr_TR","og_type":"article","og_title":"Plajda korkun\u00e7 kaza: G\u00fcne\u015flenen kad\u0131n polis arac\u0131n\u0131n alt\u0131nda kald\u0131 -","og_description":"New Jersey&#8217;deki Wildwood plaj\u0131nda \u0130\u015f\u00e7i Bayram\u0131 tatili \u00f6ncesi g\u00fcne\u015flenen bir kad\u0131n, korkun\u00e7 bir kazada polis arac\u0131n\u0131n alt\u0131nda kald\u0131. Olay \u00c7ar\u015famba g\u00fcn\u00fc meydana geldi. G\u00f6rg\u00fc tan\u0131\u011f\u0131 Simone Rose, Ford F-150 marka polis arac\u0131n\u0131 kullanan memuru uyarmaya \u00e7al\u0131\u015fan deh\u015fete d\u00fc\u015fm\u00fc\u015f insanlar\u0131n \u00e7\u0131\u011fl\u0131klar\u0131n\u0131 duydu\u011funu s\u00f6yledi. Rose, NJ.com&#8217;a verdi\u011fi deme\u00e7te, &#8220;\u0130nsanlar harekete ge\u00e7enler onlard\u0131. Herkes ba\u011f\u0131r\u0131yordu: &#8216;Birine \u00e7arpt\u0131n! Kamyonetinin","og_url":"https:\/\/kibrisdakik.com\/?p=59776","article_published_time":"2024-09-05T11:50:46+00:00","og_image":[{"width":498,"height":385,"url":"https:\/\/kibrisdakik.com\/wp-content\/uploads\/2024\/09\/plajda-korkunc-kaza-guneslenen-kadin-polis-17789747_1543_m.jpg","type":"image\/jpeg"}],"author":"admin","twitter_card":"summary_large_image","twitter_misc":{"Yazan:":"admin","Tahmini okuma s\u00fcresi":"1 dakika"},"schema":{"@context":"https:\/\/schema.org","@graph":[{"@type":"Article","@id":"https:\/\/kibrisdakik.com\/?p=59776#article","isPartOf":{"@id":"https:\/\/kibrisdakik.com\/?p=59776"},"author":{"name":"admin","@id":"https:\/\/kibrisdakik.com\/#\/schema\/person\/9cd9d437bbb44f72b73ba127e06d8e79"},"headline":"Plajda korkun\u00e7 kaza: G\u00fcne\u015flenen kad\u0131n polis arac\u0131n\u0131n alt\u0131nda kald\u0131","datePublished":"2024-09-05T11:50:46+00:00","mainEntityOfPage":{"@id":"https:\/\/kibrisdakik.com\/?p=59776"},"wordCount":307,"commentCount":0,"image":{"@id":"https:\/\/kibrisdakik.com\/?p=59776#primaryimage"},"thumbnailUrl":"https:\/\/kibrisdakik.com\/wp-content\/uploads\/2024\/09\/plajda-korkunc-kaza-guneslenen-kadin-polis-17789747_1543_m.jpg","articleSection":["Magazin"],"inLanguage":"tr","potentialAction":[{"@type":"CommentAction","name":"Comment","target":["https:\/\/kibrisdakik.com\/?p=59776#respond"]}]},{"@type":"WebPage","@id":"https:\/\/kibrisdakik.com\/?p=59776","url":"https:\/\/kibrisdakik.com\/?p=59776","name":"Plajda korkun\u00e7 kaza: G\u00fcne\u015flenen kad\u0131n polis arac\u0131n\u0131n alt\u0131nda kald\u0131 -","isPartOf":{"@id":"https:\/\/kibrisdakik.com\/#website"},"primaryImageOfPage":{"@id":"https:\/\/kibrisdakik.com\/?p=59776#primaryimage"},"image":{"@id":"https:\/\/kibrisdakik.com\/?p=59776#primaryimage"},"thumbnailUrl":"https:\/\/kibrisdakik.com\/wp-content\/uploads\/2024\/09\/plajda-korkunc-kaza-guneslenen-kadin-polis-17789747_1543_m.jpg","datePublished":"2024-09-05T11:50:46+00:00","author":{"@id":"https:\/\/kibrisdakik.com\/#\/schema\/person\/9cd9d437bbb44f72b73ba127e06d8e79"},"breadcrumb":{"@id":"https:\/\/kibrisdakik.com\/?p=59776#breadcrumb"},"inLanguage":"tr","potentialAction":[{"@type":"ReadAction","target":["https:\/\/kibrisdakik.com\/?p=59776"]}]},{"@type":"ImageObject","inLanguage":"tr","@id":"https:\/\/kibrisdakik.com\/?p=59776#primaryimage","url":"https:\/\/kibrisdakik.com\/wp-content\/uploads\/2024\/09\/plajda-korkunc-kaza-guneslenen-kadin-polis-17789747_1543_m.jpg","contentUrl":"https:\/\/kibrisdakik.com\/wp-content\/uploads\/2024\/09\/plajda-korkunc-kaza-guneslenen-kadin-polis-17789747_1543_m.jpg","width":498,"height":385},{"@type":"BreadcrumbList","@id":"https:\/\/kibrisdakik.com\/?p=59776#breadcrumb","itemListElement":[{"@type":"ListItem","position":1,"name":"Home","item":"https:\/\/kibrisdakik.com\/"},{"@type":"ListItem","position":2,"name":"Plajda korkun\u00e7 kaza: G\u00fcne\u015flenen kad\u0131n polis arac\u0131n\u0131n alt\u0131nda kald\u0131"}]},{"@type":"WebSite","@id":"https:\/\/kibrisdakik.com\/#website","url":"https:\/\/kibrisdakik.com\/","name":"","description":"Tam vaktinde haber","potentialAction":[{"@type":"SearchAction","target":{"@type":"EntryPoint","urlTemplate":"https:\/\/kibrisdakik.com\/?s={search_term_string}"},"query-input":{"@type":"PropertyValueSpecification","valueRequired":true,"valueName":"search_term_string"}}],"inLanguage":"tr"},{"@type":"Person","@id":"https:\/\/kibrisdakik.com\/#\/schema\/person\/9cd9d437bbb44f72b73ba127e06d8e79","name":"admin","image":{"@type":"ImageObject","inLanguage":"tr","@id":"https:\/\/secure.gravatar.com\/avatar\/ccc17943b9d660506c869530f897617f7cb1c21a4bf30023f252596d83e1f007?s=96&d=mm&r=g","url":"https:\/\/secure.gravatar.com\/avatar\/ccc17943b9d660506c869530f897617f7cb1c21a4bf30023f252596d83e1f007?s=96&d=mm&r=g","contentUrl":"https:\/\/secure.gravatar.com\/avatar\/ccc17943b9d660506c869530f897617f7cb1c21a4bf30023f252596d83e1f007?s=96&d=mm&r=g","caption":"admin"},"sameAs":["https:\/\/kibrisdakik.com"],"url":"https:\/\/kibrisdakik.com\/?author=1"}]}},"_links":{"self":[{"href":"https:\/\/kibrisdakik.com\/index.php?rest_route=\/wp\/v2\/posts\/59776","targetHints":{"allow":["GET"]}}],"collection":[{"href":"https:\/\/kibrisdakik.com\/index.php?rest_route=\/wp\/v2\/posts"}],"about":[{"href":"https:\/\/kibrisdakik.com\/index.php?rest_route=\/wp\/v2\/types\/post"}],"author":[{"embeddable":true,"href":"https:\/\/kibrisdakik.com\/index.php?rest_route=\/wp\/v2\/users\/1"}],"replies":[{"embeddable":true,"href":"https:\/\/kibrisdakik.com\/index.php?rest_route=%2Fwp%2Fv2%2Fcomments&post=59776"}],"version-history":[{"count":0,"href":"https:\/\/kibrisdakik.com\/index.php?rest_route=\/wp\/v2\/posts\/59776\/revisions"}],"wp:featuredmedia":[{"embeddable":true,"href":"https:\/\/kibrisdakik.com\/index.php?rest_route=\/wp\/v2\/media\/59777"}],"wp:attachment":[{"href":"https:\/\/kibrisdakik.com\/index.php?rest_route=%2Fwp%2Fv2%2Fmedia&parent=59776"}],"wp:term":[{"taxonomy":"category","embeddable":true,"href":"https:\/\/kibrisdakik.com\/index.php?rest_route=%2Fwp%2Fv2%2Fcategories&post=59776"},{"taxonomy":"post_tag","embeddable":true,"href":"https:\/\/kibrisdakik.com\/index.php?rest_route=%2Fwp%2Fv2%2Ftags&post=59776"}],"curies":[{"name":"wp","href":"https:\/\/api.w.org\/{rel}","templated":true}]}}