{"id":59794,"date":"2024-09-05T15:40:52","date_gmt":"2024-09-05T12:40:52","guid":{"rendered":"https:\/\/kibrisdakik.com\/index.php\/2024\/09\/05\/yildiz-futbolcu-galatasarayi-istedi-taraftar-transfer-beklerken-okan-buruk-veto-etti\/"},"modified":"2024-09-05T15:40:52","modified_gmt":"2024-09-05T12:40:52","slug":"yildiz-futbolcu-galatasarayi-istedi-taraftar-transfer-beklerken-okan-buruk-veto-etti","status":"publish","type":"post","link":"https:\/\/kibrisdakik.com\/?p=59794","title":{"rendered":"Y\u0131ld\u0131z futbolcu Galatasaray&#8217;\u0131 istedi! Taraftar transfer beklerken Okan Buruk veto etti"},"content":{"rendered":"<p><\/p>\n<div id=\"\">\n<p>Transfer \u00e7al\u0131\u015fmalar\u0131n\u0131 s\u00fcrd\u00fcren Galatasaray&#8217;da dikkat \u00e7eken bir geli\u015fme ya\u015fand\u0131. Bonnservisi elinde bulunan milli futbolcu Yusuf Yaz\u0131c\u0131&#8217;n\u0131n Galatasaray&#8217;a olas\u0131 transferi, teknik heyet taraf\u0131ndan veto edildi.<\/p>\n<h3>OLYMPIAKOS OLMADI<\/h3>\n<p>Yusuf&#8217;un ilk tercihinin yurt d\u0131\u015f\u0131nda kalmak oldu\u011fu ve Olympiakos ile g\u00f6r\u00fc\u015fmelerde bulundu\u011fu ifade edilirken, Yunan ekibinin Sergio Oliveira transferi sonras\u0131 bu ihtimalin ortadan kalkt\u0131\u011f\u0131 belirtildi. 27 ya\u015f\u0131ndaki futbolcu, bu geli\u015fme \u00fczerine rotas\u0131n\u0131 T\u00fcrkiye&#8217;ye \u00e7evirdi.<\/p>\n<p><img loading=\"lazy\" decoding=\"async\" class=\"hbptMainImage lazyload ImgDetay\" src=\"https:\/\/foto.haberler.com\/haber\/2024\/09\/05\/yildiz-futbolcu-galatasaray-i-istedi-taraftar-17789988_5202_m.jpg\" alt=\"Y\u0131ld\u0131z futbolcu Galatasaray'\u0131 istedi! Taraftar transfer beklerken Okan Buruk veto etti\" width=\"640\" height=\"640\"\/><\/p>\n<h3>OKAN BURUK DA \u0130STEMED\u0130<\/h3>\n<p>Yusuf Yaz\u0131c\u0131&#8217;n\u0131n Galatasaray&#8217;a transfer olmak istedi\u011fi ancak teknik heyetin olumsuz fikrinin de\u011fi\u015fmedi\u011fi ve teknik direkt\u00f6r Okan Buruk&#8217;un Yusuf&#8217;u sar\u0131-k\u0131rm\u0131z\u0131l\u0131 tak\u0131ma istemedi\u011fi kaydedildi. Milli futbolcunun ad\u0131 daha \u00f6nce Manchester United ba\u015fta olmak \u00fczere bir\u00e7ok Premier Lig ekibi ve Nice, Olympiakos, Lyon, Betis, Al Arabi gibi tak\u0131mlarla da an\u0131lm\u0131\u015ft\u0131.<\/p>\n<h3>LILLE KAR\u0130YER\u0130<\/h3>\n<p>Yusuf Yaz\u0131c\u0131, 2019&#8217;da kap\u0131s\u0131ndan girdi\u011fi son kul\u00fcb\u00fc Lille&#8217;de 135 ma\u00e7a \u00e7\u0131kt\u0131. 27 ya\u015f\u0131ndaki futbolcu, bu kar\u015f\u0131la\u015fmalarda 29 gol, 15 asistlik performans ortaya koydu. Yusuf, Fras\u0131z ekibiyle s\u00f6zle\u015fmesi oldu\u011fu s\u0131rada Trabzonspor ve CSKA Moskova&#8217;da da bir d\u00f6nem kiral\u0131k olarak forma giymi\u015fti.<\/p>\n<div class=\"editorSade\">Kaynak: Haberler.com \/  <a href=\"https:\/\/www.haberler.com\/spor\/\" title=\"Spor Haberleri\">Spor<\/a> <\/div>\n<h4 id=\"nwsKeywords\"> <a href=\"https:\/\/www.haberler.com\/olympiakos-fc\/\" title=\"Olympiakos FC\" class=\"hbptTag\">Olympiakos FC<\/a>  <a href=\"https:\/\/www.haberler.com\/yusuf-yazici\/\" title=\"Yusuf Yaz\u0131c\u0131\" class=\"hbptTag\">Yusuf Yaz\u0131c\u0131<\/a>  <a href=\"https:\/\/www.haberler.com\/galatasaray\/\" title=\"Galatasaray\" class=\"hbptTag\">Galatasaray<\/a>  <a href=\"https:\/\/www.haberler.com\/okan-buruk\/\" title=\"Okan Buruk\" class=\"hbptTag\">Okan Buruk<\/a>  <a href=\"https:\/\/www.haberler.com\/lille-osc\/\" title=\"Lille OSC\" class=\"hbptTag\">Lille OSC<\/a>  <a href=\"https:\/\/www.haberler.com\/futbol\/\" title=\"Futbol\" class=\"hbptTag\">Futbol<\/a>  <a href=\"https:\/\/www.haberler.com\/spor\/\" title=\"Spor\" class=\"hbptTag\">Spor<\/a> <\/h4>\n<\/div>\n","protected":false},"excerpt":{"rendered":"<p>Transfer \u00e7al\u0131\u015fmalar\u0131n\u0131 s\u00fcrd\u00fcren Galatasaray&#8217;da dikkat \u00e7eken bir geli\u015fme ya\u015fand\u0131. Bonnservisi elinde bulunan milli futbolcu Yusuf Yaz\u0131c\u0131&#8217;n\u0131n Galatasaray&#8217;a olas\u0131 transferi, teknik heyet taraf\u0131ndan veto edildi. OLYMPIAKOS OLMADI Yusuf&#8217;un ilk tercihinin yurt d\u0131\u015f\u0131nda kalmak oldu\u011fu ve Olympiakos ile g\u00f6r\u00fc\u015fmelerde bulundu\u011fu ifade edilirken, Yunan ekibinin Sergio Oliveira transferi sonras\u0131 bu ihtimalin ortadan kalkt\u0131\u011f\u0131 belirtildi. 27 ya\u015f\u0131ndaki futbolcu, bu<\/p>\n","protected":false},"author":1,"featured_media":59795,"comment_status":"open","ping_status":"open","sticky":false,"template":"","format":"standard","meta":{"footnotes":""},"categories":[83],"tags":[],"class_list":["post-59794","post","type-post","status-publish","format-standard","has-post-thumbnail","hentry","category-magazin"],"yoast_head":"<!-- This site is optimized with the Yoast SEO plugin v27.5 - https:\/\/yoast.com\/product\/yoast-seo-wordpress\/ -->\n<title>Y\u0131ld\u0131z futbolcu Galatasaray&#039;\u0131 istedi! Taraftar transfer beklerken Okan Buruk veto etti -<\/title>\n<meta name=\"robots\" content=\"index, follow, max-snippet:-1, max-image-preview:large, max-video-preview:-1\" \/>\n<link rel=\"canonical\" href=\"https:\/\/kibrisdakik.com\/?p=59794\" \/>\n<meta property=\"og:locale\" content=\"tr_TR\" \/>\n<meta property=\"og:type\" content=\"article\" \/>\n<meta property=\"og:title\" content=\"Y\u0131ld\u0131z futbolcu Galatasaray&#039;\u0131 istedi! Taraftar transfer beklerken Okan Buruk veto etti -\" \/>\n<meta property=\"og:description\" content=\"Transfer \u00e7al\u0131\u015fmalar\u0131n\u0131 s\u00fcrd\u00fcren Galatasaray&#8217;da dikkat \u00e7eken bir geli\u015fme ya\u015fand\u0131. Bonnservisi elinde bulunan milli futbolcu Yusuf Yaz\u0131c\u0131&#8217;n\u0131n Galatasaray&#8217;a olas\u0131 transferi, teknik heyet taraf\u0131ndan veto edildi. OLYMPIAKOS OLMADI Yusuf&#8217;un ilk tercihinin yurt d\u0131\u015f\u0131nda kalmak oldu\u011fu ve Olympiakos ile g\u00f6r\u00fc\u015fmelerde bulundu\u011fu ifade edilirken, Yunan ekibinin Sergio Oliveira transferi sonras\u0131 bu ihtimalin ortadan kalkt\u0131\u011f\u0131 belirtildi. 27 ya\u015f\u0131ndaki futbolcu, bu\" \/>\n<meta property=\"og:url\" content=\"https:\/\/kibrisdakik.com\/?p=59794\" \/>\n<meta property=\"article:published_time\" content=\"2024-09-05T12:40:52+00:00\" \/>\n<meta property=\"og:image\" content=\"https:\/\/kibrisdakik.com\/wp-content\/uploads\/2024\/09\/yildiz-futbolcu-galatasaray-i-istedi-taraftar-17789988_5202_m-640x420.jpg\" \/>\n\t<meta property=\"og:image:width\" content=\"640\" \/>\n\t<meta property=\"og:image:height\" content=\"641\" \/>\n\t<meta property=\"og:image:type\" content=\"image\/jpeg\" \/>\n<meta name=\"author\" content=\"admin\" \/>\n<meta name=\"twitter:card\" content=\"summary_large_image\" \/>\n<meta name=\"twitter:label1\" content=\"Yazan:\" \/>\n\t<meta name=\"twitter:data1\" content=\"admin\" \/>\n\t<meta name=\"twitter:label2\" content=\"Tahmini okuma s\u00fcresi\" \/>\n\t<meta name=\"twitter:data2\" content=\"1 dakika\" \/>\n<script type=\"application\/ld+json\" class=\"yoast-schema-graph\">{\"@context\":\"https:\\\/\\\/schema.org\",\"@graph\":[{\"@type\":\"Article\",\"@id\":\"https:\\\/\\\/kibrisdakik.com\\\/?p=59794#article\",\"isPartOf\":{\"@id\":\"https:\\\/\\\/kibrisdakik.com\\\/?p=59794\"},\"author\":{\"name\":\"admin\",\"@id\":\"https:\\\/\\\/kibrisdakik.com\\\/#\\\/schema\\\/person\\\/9cd9d437bbb44f72b73ba127e06d8e79\"},\"headline\":\"Y\u0131ld\u0131z futbolcu Galatasaray&#8217;\u0131 istedi! Taraftar transfer beklerken Okan Buruk veto etti\",\"datePublished\":\"2024-09-05T12:40:52+00:00\",\"mainEntityOfPage\":{\"@id\":\"https:\\\/\\\/kibrisdakik.com\\\/?p=59794\"},\"wordCount\":233,\"commentCount\":0,\"image\":{\"@id\":\"https:\\\/\\\/kibrisdakik.com\\\/?p=59794#primaryimage\"},\"thumbnailUrl\":\"https:\\\/\\\/kibrisdakik.com\\\/wp-content\\\/uploads\\\/2024\\\/09\\\/yildiz-futbolcu-galatasaray-i-istedi-taraftar-17789988_5202_m-640x420.jpg\",\"articleSection\":[\"Magazin\"],\"inLanguage\":\"tr\",\"potentialAction\":[{\"@type\":\"CommentAction\",\"name\":\"Comment\",\"target\":[\"https:\\\/\\\/kibrisdakik.com\\\/?p=59794#respond\"]}]},{\"@type\":\"WebPage\",\"@id\":\"https:\\\/\\\/kibrisdakik.com\\\/?p=59794\",\"url\":\"https:\\\/\\\/kibrisdakik.com\\\/?p=59794\",\"name\":\"Y\u0131ld\u0131z futbolcu Galatasaray'\u0131 istedi! Taraftar transfer beklerken Okan Buruk veto etti -\",\"isPartOf\":{\"@id\":\"https:\\\/\\\/kibrisdakik.com\\\/#website\"},\"primaryImageOfPage\":{\"@id\":\"https:\\\/\\\/kibrisdakik.com\\\/?p=59794#primaryimage\"},\"image\":{\"@id\":\"https:\\\/\\\/kibrisdakik.com\\\/?p=59794#primaryimage\"},\"thumbnailUrl\":\"https:\\\/\\\/kibrisdakik.com\\\/wp-content\\\/uploads\\\/2024\\\/09\\\/yildiz-futbolcu-galatasaray-i-istedi-taraftar-17789988_5202_m-640x420.jpg\",\"datePublished\":\"2024-09-05T12:40:52+00:00\",\"author\":{\"@id\":\"https:\\\/\\\/kibrisdakik.com\\\/#\\\/schema\\\/person\\\/9cd9d437bbb44f72b73ba127e06d8e79\"},\"breadcrumb\":{\"@id\":\"https:\\\/\\\/kibrisdakik.com\\\/?p=59794#breadcrumb\"},\"inLanguage\":\"tr\",\"potentialAction\":[{\"@type\":\"ReadAction\",\"target\":[\"https:\\\/\\\/kibrisdakik.com\\\/?p=59794\"]}]},{\"@type\":\"ImageObject\",\"inLanguage\":\"tr\",\"@id\":\"https:\\\/\\\/kibrisdakik.com\\\/?p=59794#primaryimage\",\"url\":\"https:\\\/\\\/kibrisdakik.com\\\/wp-content\\\/uploads\\\/2024\\\/09\\\/yildiz-futbolcu-galatasaray-i-istedi-taraftar-17789988_5202_m-640x420.jpg\",\"contentUrl\":\"https:\\\/\\\/kibrisdakik.com\\\/wp-content\\\/uploads\\\/2024\\\/09\\\/yildiz-futbolcu-galatasaray-i-istedi-taraftar-17789988_5202_m-640x420.jpg\",\"width\":640,\"height\":641},{\"@type\":\"BreadcrumbList\",\"@id\":\"https:\\\/\\\/kibrisdakik.com\\\/?p=59794#breadcrumb\",\"itemListElement\":[{\"@type\":\"ListItem\",\"position\":1,\"name\":\"Home\",\"item\":\"https:\\\/\\\/kibrisdakik.com\\\/\"},{\"@type\":\"ListItem\",\"position\":2,\"name\":\"Y\u0131ld\u0131z futbolcu Galatasaray&#8217;\u0131 istedi! Taraftar transfer beklerken Okan Buruk veto etti\"}]},{\"@type\":\"WebSite\",\"@id\":\"https:\\\/\\\/kibrisdakik.com\\\/#website\",\"url\":\"https:\\\/\\\/kibrisdakik.com\\\/\",\"name\":\"\",\"description\":\"Tam vaktinde haber\",\"potentialAction\":[{\"@type\":\"SearchAction\",\"target\":{\"@type\":\"EntryPoint\",\"urlTemplate\":\"https:\\\/\\\/kibrisdakik.com\\\/?s={search_term_string}\"},\"query-input\":{\"@type\":\"PropertyValueSpecification\",\"valueRequired\":true,\"valueName\":\"search_term_string\"}}],\"inLanguage\":\"tr\"},{\"@type\":\"Person\",\"@id\":\"https:\\\/\\\/kibrisdakik.com\\\/#\\\/schema\\\/person\\\/9cd9d437bbb44f72b73ba127e06d8e79\",\"name\":\"admin\",\"image\":{\"@type\":\"ImageObject\",\"inLanguage\":\"tr\",\"@id\":\"https:\\\/\\\/secure.gravatar.com\\\/avatar\\\/ccc17943b9d660506c869530f897617f7cb1c21a4bf30023f252596d83e1f007?s=96&d=mm&r=g\",\"url\":\"https:\\\/\\\/secure.gravatar.com\\\/avatar\\\/ccc17943b9d660506c869530f897617f7cb1c21a4bf30023f252596d83e1f007?s=96&d=mm&r=g\",\"contentUrl\":\"https:\\\/\\\/secure.gravatar.com\\\/avatar\\\/ccc17943b9d660506c869530f897617f7cb1c21a4bf30023f252596d83e1f007?s=96&d=mm&r=g\",\"caption\":\"admin\"},\"sameAs\":[\"https:\\\/\\\/kibrisdakik.com\"],\"url\":\"https:\\\/\\\/kibrisdakik.com\\\/?author=1\"}]}<\/script>\n<!-- \/ Yoast SEO plugin. -->","yoast_head_json":{"title":"Y\u0131ld\u0131z futbolcu Galatasaray'\u0131 istedi! Taraftar transfer beklerken Okan Buruk veto etti -","robots":{"index":"index","follow":"follow","max-snippet":"max-snippet:-1","max-image-preview":"max-image-preview:large","max-video-preview":"max-video-preview:-1"},"canonical":"https:\/\/kibrisdakik.com\/?p=59794","og_locale":"tr_TR","og_type":"article","og_title":"Y\u0131ld\u0131z futbolcu Galatasaray'\u0131 istedi! Taraftar transfer beklerken Okan Buruk veto etti -","og_description":"Transfer \u00e7al\u0131\u015fmalar\u0131n\u0131 s\u00fcrd\u00fcren Galatasaray&#8217;da dikkat \u00e7eken bir geli\u015fme ya\u015fand\u0131. Bonnservisi elinde bulunan milli futbolcu Yusuf Yaz\u0131c\u0131&#8217;n\u0131n Galatasaray&#8217;a olas\u0131 transferi, teknik heyet taraf\u0131ndan veto edildi. OLYMPIAKOS OLMADI Yusuf&#8217;un ilk tercihinin yurt d\u0131\u015f\u0131nda kalmak oldu\u011fu ve Olympiakos ile g\u00f6r\u00fc\u015fmelerde bulundu\u011fu ifade edilirken, Yunan ekibinin Sergio Oliveira transferi sonras\u0131 bu ihtimalin ortadan kalkt\u0131\u011f\u0131 belirtildi. 27 ya\u015f\u0131ndaki futbolcu, bu","og_url":"https:\/\/kibrisdakik.com\/?p=59794","article_published_time":"2024-09-05T12:40:52+00:00","og_image":[{"width":640,"height":641,"url":"https:\/\/kibrisdakik.com\/wp-content\/uploads\/2024\/09\/yildiz-futbolcu-galatasaray-i-istedi-taraftar-17789988_5202_m-640x420.jpg","type":"image\/jpeg"}],"author":"admin","twitter_card":"summary_large_image","twitter_misc":{"Yazan:":"admin","Tahmini okuma s\u00fcresi":"1 dakika"},"schema":{"@context":"https:\/\/schema.org","@graph":[{"@type":"Article","@id":"https:\/\/kibrisdakik.com\/?p=59794#article","isPartOf":{"@id":"https:\/\/kibrisdakik.com\/?p=59794"},"author":{"name":"admin","@id":"https:\/\/kibrisdakik.com\/#\/schema\/person\/9cd9d437bbb44f72b73ba127e06d8e79"},"headline":"Y\u0131ld\u0131z futbolcu Galatasaray&#8217;\u0131 istedi! Taraftar transfer beklerken Okan Buruk veto etti","datePublished":"2024-09-05T12:40:52+00:00","mainEntityOfPage":{"@id":"https:\/\/kibrisdakik.com\/?p=59794"},"wordCount":233,"commentCount":0,"image":{"@id":"https:\/\/kibrisdakik.com\/?p=59794#primaryimage"},"thumbnailUrl":"https:\/\/kibrisdakik.com\/wp-content\/uploads\/2024\/09\/yildiz-futbolcu-galatasaray-i-istedi-taraftar-17789988_5202_m-640x420.jpg","articleSection":["Magazin"],"inLanguage":"tr","potentialAction":[{"@type":"CommentAction","name":"Comment","target":["https:\/\/kibrisdakik.com\/?p=59794#respond"]}]},{"@type":"WebPage","@id":"https:\/\/kibrisdakik.com\/?p=59794","url":"https:\/\/kibrisdakik.com\/?p=59794","name":"Y\u0131ld\u0131z futbolcu Galatasaray'\u0131 istedi! Taraftar transfer beklerken Okan Buruk veto etti -","isPartOf":{"@id":"https:\/\/kibrisdakik.com\/#website"},"primaryImageOfPage":{"@id":"https:\/\/kibrisdakik.com\/?p=59794#primaryimage"},"image":{"@id":"https:\/\/kibrisdakik.com\/?p=59794#primaryimage"},"thumbnailUrl":"https:\/\/kibrisdakik.com\/wp-content\/uploads\/2024\/09\/yildiz-futbolcu-galatasaray-i-istedi-taraftar-17789988_5202_m-640x420.jpg","datePublished":"2024-09-05T12:40:52+00:00","author":{"@id":"https:\/\/kibrisdakik.com\/#\/schema\/person\/9cd9d437bbb44f72b73ba127e06d8e79"},"breadcrumb":{"@id":"https:\/\/kibrisdakik.com\/?p=59794#breadcrumb"},"inLanguage":"tr","potentialAction":[{"@type":"ReadAction","target":["https:\/\/kibrisdakik.com\/?p=59794"]}]},{"@type":"ImageObject","inLanguage":"tr","@id":"https:\/\/kibrisdakik.com\/?p=59794#primaryimage","url":"https:\/\/kibrisdakik.com\/wp-content\/uploads\/2024\/09\/yildiz-futbolcu-galatasaray-i-istedi-taraftar-17789988_5202_m-640x420.jpg","contentUrl":"https:\/\/kibrisdakik.com\/wp-content\/uploads\/2024\/09\/yildiz-futbolcu-galatasaray-i-istedi-taraftar-17789988_5202_m-640x420.jpg","width":640,"height":641},{"@type":"BreadcrumbList","@id":"https:\/\/kibrisdakik.com\/?p=59794#breadcrumb","itemListElement":[{"@type":"ListItem","position":1,"name":"Home","item":"https:\/\/kibrisdakik.com\/"},{"@type":"ListItem","position":2,"name":"Y\u0131ld\u0131z futbolcu Galatasaray&#8217;\u0131 istedi! Taraftar transfer beklerken Okan Buruk veto etti"}]},{"@type":"WebSite","@id":"https:\/\/kibrisdakik.com\/#website","url":"https:\/\/kibrisdakik.com\/","name":"","description":"Tam vaktinde haber","potentialAction":[{"@type":"SearchAction","target":{"@type":"EntryPoint","urlTemplate":"https:\/\/kibrisdakik.com\/?s={search_term_string}"},"query-input":{"@type":"PropertyValueSpecification","valueRequired":true,"valueName":"search_term_string"}}],"inLanguage":"tr"},{"@type":"Person","@id":"https:\/\/kibrisdakik.com\/#\/schema\/person\/9cd9d437bbb44f72b73ba127e06d8e79","name":"admin","image":{"@type":"ImageObject","inLanguage":"tr","@id":"https:\/\/secure.gravatar.com\/avatar\/ccc17943b9d660506c869530f897617f7cb1c21a4bf30023f252596d83e1f007?s=96&d=mm&r=g","url":"https:\/\/secure.gravatar.com\/avatar\/ccc17943b9d660506c869530f897617f7cb1c21a4bf30023f252596d83e1f007?s=96&d=mm&r=g","contentUrl":"https:\/\/secure.gravatar.com\/avatar\/ccc17943b9d660506c869530f897617f7cb1c21a4bf30023f252596d83e1f007?s=96&d=mm&r=g","caption":"admin"},"sameAs":["https:\/\/kibrisdakik.com"],"url":"https:\/\/kibrisdakik.com\/?author=1"}]}},"_links":{"self":[{"href":"https:\/\/kibrisdakik.com\/index.php?rest_route=\/wp\/v2\/posts\/59794","targetHints":{"allow":["GET"]}}],"collection":[{"href":"https:\/\/kibrisdakik.com\/index.php?rest_route=\/wp\/v2\/posts"}],"about":[{"href":"https:\/\/kibrisdakik.com\/index.php?rest_route=\/wp\/v2\/types\/post"}],"author":[{"embeddable":true,"href":"https:\/\/kibrisdakik.com\/index.php?rest_route=\/wp\/v2\/users\/1"}],"replies":[{"embeddable":true,"href":"https:\/\/kibrisdakik.com\/index.php?rest_route=%2Fwp%2Fv2%2Fcomments&post=59794"}],"version-history":[{"count":0,"href":"https:\/\/kibrisdakik.com\/index.php?rest_route=\/wp\/v2\/posts\/59794\/revisions"}],"wp:featuredmedia":[{"embeddable":true,"href":"https:\/\/kibrisdakik.com\/index.php?rest_route=\/wp\/v2\/media\/59795"}],"wp:attachment":[{"href":"https:\/\/kibrisdakik.com\/index.php?rest_route=%2Fwp%2Fv2%2Fmedia&parent=59794"}],"wp:term":[{"taxonomy":"category","embeddable":true,"href":"https:\/\/kibrisdakik.com\/index.php?rest_route=%2Fwp%2Fv2%2Fcategories&post=59794"},{"taxonomy":"post_tag","embeddable":true,"href":"https:\/\/kibrisdakik.com\/index.php?rest_route=%2Fwp%2Fv2%2Ftags&post=59794"}],"curies":[{"name":"wp","href":"https:\/\/api.w.org\/{rel}","templated":true}]}}