{"id":59827,"date":"2024-09-05T16:27:32","date_gmt":"2024-09-05T13:27:32","guid":{"rendered":"https:\/\/kibrisdakik.com\/index.php\/2024\/09\/05\/transfer-sezonu-bitmeden-harekete-gecti-ali-koc-yabanci-sinirinda-degisiklik-icin-tffnin-kapisina-dayanmis\/"},"modified":"2024-09-05T16:27:32","modified_gmt":"2024-09-05T13:27:32","slug":"transfer-sezonu-bitmeden-harekete-gecti-ali-koc-yabanci-sinirinda-degisiklik-icin-tffnin-kapisina-dayanmis","status":"publish","type":"post","link":"https:\/\/kibrisdakik.com\/?p=59827","title":{"rendered":"Transfer sezonu bitmeden harekete ge\u00e7ti! Ali Ko\u00e7, yabanc\u0131 s\u0131n\u0131r\u0131nda de\u011fi\u015fiklik i\u00e7in TFF&#8217;nin kap\u0131s\u0131na dayanm\u0131\u015f"},"content":{"rendered":"<p><\/p>\n<div id=\"\">\n<p> <a class=\"keyword\" href=\"https:\/\/www.haberler.com\/fenerbahce\/\" title=\"Fenerbah\u00e7e Haberleri, Fenerbah\u00e7e Haberi, Fenerbah\u00e7e Haber\"><strong>Fenerbah\u00e7e<\/strong><\/a> ve Kul\u00fcpler Birli\u011fi Vakf\u0131 Ba\u015fkan\u0131 Ali Ko\u00e7, Kul\u00fcpler Birli\u011fi&#8217;nin Kas\u0131mpa\u015fa Kemerburgaz Tesisleri&#8217;ndeki toplant\u0131s\u0131n\u0131n ard\u0131ndan dikkat \u00e7eken a\u00e7\u0131klamalarda bulundu. Yay\u0131n geliri ve yabanc\u0131 s\u0131n\u0131r\u0131 de\u011finen Ko\u00e7, sar\u0131-lacivertlilerin sporcusu olan milli boks\u00f6r Busenaz S\u00fcrmeneli&#8217;nin trafikte sald\u0131r\u0131ya u\u011framas\u0131yla ilgili de konu\u015ftu.<\/p>\n<h3>&#8220;HATALAR KABUL ED\u0130LEB\u0130L\u0130R DE\u011e\u0130L&#8221;<\/h3>\n<p>&#8220;Kas\u0131mpa\u015fa Tesisleri&#8217;ni g\u00f6r\u00fcnce insan\u0131n i\u00e7i c\u0131z ediyor. K\u0131skand\u0131k. Her kul\u00fcb\u00fcm\u00fcz\u00fcn b\u00f6yle tesisleri olmas\u0131 gerekiyor. Say\u0131n Turgay Ciner&#8217;i tebrik ediyorum&#8221; diyerek s\u00f6zlerine ba\u015flayan Ko\u00e7, &#8220;Ola\u011fan toplant\u0131lar\u0131m\u0131zdan birini yapt\u0131k, 3 kul\u00fcb\u00fcm\u00fcz kat\u0131lamad\u0131. \u00d6n\u00fcm\u00fczdeki hafta TFF&#8217;ye ziyaretimiz olacak. Konu\u015fmak istedi\u011fimiz konular\u0131n \u00fczerinden ge\u00e7tik. En \u00f6nemli g\u00fcndem maddelerinden biri MHK yap\u0131s\u0131yd\u0131. MHK yap\u0131s\u0131 nas\u0131l olmal\u0131, hakemler nas\u0131l geli\u015ftirilmeli, atamalar nas\u0131l olmal\u0131? \u0130nan\u0131yoruz ki TFF ile yapaca\u011f\u0131m\u0131z \u00e7al\u0131\u015fmalar itibar\u0131yla \u00f6n\u00fcm\u00fczdeki sene de\u011fi\u015fik bir yap\u0131 i\u00e7inde olaca\u011f\u0131z. Biliyorsunuz her kul\u00fcp kendisine yap\u0131lan hatay\u0131 g\u00fcndeme getiriyor. Temel kanaat \u015fu; T\u00fcrk futbolunun ilerlemesi i\u00e7in hakemlik m\u00fcessesesinin \u00e7ok daha iyi olmas\u0131 gerekiyor. Hatalar\u0131n minimize olmas\u0131 gerekiyor. \u0130nsan\u0131n oldu\u011fu yerde hata olur ama T\u00fcrkiye&#8217;deki hatalar\u0131n kabul edilebilir oldu\u011funu d\u00fc\u015f\u00fcnm\u00fcyoruz&#8221; dedi.<\/p>\n<h3>&#8220;BU SENE KES\u0130NT\u0130 Y\u00dcZDE 28&#8221;<\/h3>\n<p>3 gelir kaleminin da\u011f\u0131l\u0131m\u0131n\u0131 TFF&#8217;den istediklerini belirten Ali Ko\u00e7, &#8220;Ge\u00e7mi\u015fte y\u00fczde 22 kesinti yap\u0131l\u0131rken bu sene y\u00fczde 28 kesinti yap\u0131laca\u011f\u0131 bilgisini ald\u0131k TFF taraf\u0131ndan. Hafta i\u00e7inde \u0130\u00e7i\u015fleri Bakanl\u0131\u011f\u0131 bir toplant\u0131 d\u00fczenledi. O toplant\u0131ya biz de kat\u0131ld\u0131k.  <a class=\"keyword\" href=\"https:\/\/www.haberler.com\/spor\/\" title=\"Spor, Spor Haberleri, Spor Haber\"><strong>Spor<\/strong><\/a> G\u00fcvenli\u011fi De\u011ferlendirme Toplant\u0131s\u0131&#8217;yd\u0131, \u00e7ok faydal\u0131 oldu. Burada \u00e7ok \u00f6nemli olan \u015fey rakip tak\u0131m taraftarlar\u0131n\u0131n ma\u00e7lara medeni \u015fekilde gidip gelmesi ile ilgiliydi&#8221; \u015feklinde konu\u015ftu.<\/p>\n<p><img loading=\"lazy\" decoding=\"async\" class=\"hbptMainImage lazyload ImgDetay\" src=\"https:\/\/foto.haberler.com\/haber\/2024\/09\/05\/transfer-sezonu-bitmeden-harekete-gecti-ali-koc-17790195_998_m.jpg\" alt=\"Transfer sezonu bitmeden harekete ge\u00e7ti! Ali Ko\u00e7, yabanc\u0131 s\u0131n\u0131r\u0131nda de\u011fi\u015fiklik i\u00e7in TFF'nin kap\u0131s\u0131na dayanm\u0131\u015f\" width=\"640\" height=\"426\"\/><\/p>\n<h3>&#8220;\u00c7OK B\u00dcY\u00dcK Y\u00dcK YARATIYOR&#8221;<\/h3>\n<p>T\u00fcrk futbolunun ekonomik ba\u011f\u0131ms\u0131zl\u0131\u011f\u0131n\u0131 kazanmas\u0131 i\u00e7in 5 y\u0131ll\u0131k bir \u00e7al\u0131\u015fma planlad\u0131klar\u0131n\u0131 ve TFF ile de g\u00f6r\u00fc\u015ft\u00fcklerini s\u00f6yleyen ba\u015fkan Ko\u00e7, &#8220;Bu model s\u00fcrd\u00fcr\u00fclebilir bir model de\u011fil. \u0130\u015f istenmeyen noktalara gidebiliyor. D\u0131\u015f etkenlere \u00e7ok a\u00e7\u0131k oluyoruz. En \u00e7ok konu\u015fulan noktalardan biri vergi konusu oldu. Covid d\u00f6neminde vergiler y\u00fczde 15&#8217;ten 40&#8217;a \u00e7\u0131kar\u0131ld\u0131. Ortak bir duru\u015f g\u00f6sterip birka\u00e7 transfer d\u00f6neminde kul\u00fcplerin sadece stopaj y\u00fck\u00fcml\u00fcl\u00fc\u011f\u00fcn\u00fc kul\u00fcpler als\u0131n, geri kalan\u0131 futbolcu ve menajeri nas\u0131l yap\u0131yorsa yaps\u0131n. Bunu nas\u0131l yapaca\u011f\u0131m\u0131z\u0131 d\u00fc\u015f\u00fcn\u00fcyorum. Y\u00fczde 40 vergi \u00e7ok b\u00fcy\u00fck bir y\u00fck yarat\u0131yor&#8221; ifadelerini kulland\u0131.<\/p>\n<h3>&#8220;YAYIN GEL\u0130R\u0130, G\u0130DERLER KONU\u015eULDU&#8221;<\/h3>\n<p>Ali Ko\u00e7, yay\u0131n gelirleri hakk\u0131nda ise &#8220;Yay\u0131n gelirleri nas\u0131l artar, korsan yay\u0131n\u0131 nas\u0131l durdururuz bunlar\u0131 konu\u015ftuk. Giderlerimiz konu\u015fuldu, \u00e7ok b\u00fcy\u00fck kesintiler var. Bununla beraber futbolun en \u00f6nemli payda\u015f\u0131 olan kul\u00fcplerin \u00e7\u0131kar\u0131 do\u011frultusunda MHK, biletleme gibi konularda daha fazla s\u00f6z sahibi nas\u0131l olunur, nas\u0131l bir model ortaya \u00e7\u0131kar\u0131l\u0131r bunlar\u0131 konu\u015ftuk&#8221; a\u00e7\u0131klamas\u0131n\u0131 yapt\u0131.<\/p>\n<p><img loading=\"lazy\" decoding=\"async\" class=\"hbptMainImage lazyload ImgDetay\" src=\"https:\/\/foto.haberler.com\/haber\/2024\/09\/05\/transfer-sezonu-bitmeden-harekete-gecti-ali-koc-17790195_7036_m.jpg\" alt=\"Transfer sezonu bitmeden harekete ge\u00e7ti! Ali Ko\u00e7, yabanc\u0131 s\u0131n\u0131r\u0131nda de\u011fi\u015fiklik i\u00e7in TFF'nin kap\u0131s\u0131na dayanm\u0131\u015f\" width=\"640\" height=\"426\"\/><\/p>\n<h3>&#8220;B\u0130R HAKEM KARARIYLA T\u00dcM YATIRIMLAR OLUMSUZ ETK\u0130LEN\u0130YOR&#8221;<\/h3>\n<p>Talimatlarda \u00e7ok de\u011fi\u015fiklik yap\u0131ld\u0131\u011f\u0131na vurgu yapan Ko\u00e7, &#8220;T\u00fcrk futbolunun en \u00f6nemli kangreni hakemlerin performans\u0131. Hi\u00e7bir \u015fekilde performans ve \u00f6d\u00fcl sistemi yok. Bizler d\u00fcnyan\u0131n yat\u0131r\u0131mlar\u0131n\u0131 yap\u0131yoruz. Bir hakem karar\u0131yla bu yat\u0131r\u0131mlar olumsuz etkileniyor. Niyeti sorgulanan hatalar\u0131n son bulmas\u0131 laz\u0131m. Bu TFF&#8217;nin kafas\u0131nda bir yol plan\u0131 var. T\u00fcrk futbolunda her \u015fey de\u011fi\u015fiyor, hakemler de\u011fi\u015fmiyor. Bir s\u00fcr\u00fc yap\u0131sal s\u0131k\u0131nt\u0131lar var. TFF&#8217;nin bunlar\u0131 adresledi\u011fini g\u00f6r\u00fcyoruz. Bizim de \u00e7orbada tuzumuzun olmas\u0131 laz\u0131m, en \u00e7ok bizim can\u0131m\u0131z yan\u0131yor. Bu \u015fekilde devam edemeyiz. Hakemlerin de art\u0131k pabucun pahal\u0131 oldu\u011funu bilmesi laz\u0131m. Bunun b\u00f6yle oldu\u011funu g\u00f6ren bir TFF oldu\u011funu g\u00f6rmek bizi mutlu ediyor&#8221; yorumunu yapt\u0131.<\/p>\n<h3>BUSENAZ S\u00dcRMENEL\u0130&#8217;YE SALDIRI<\/h3>\n<p>Ali Ko\u00e7, trafikte bir magandan\u0131n sald\u0131r\u0131s\u0131na u\u011frayan milli boks\u00f6r Busenaz S\u00fcrmeneli i\u00e7in ise &#8220;Busenaz&#8217;a yap\u0131lan sald\u0131r\u0131 konusunda tam bir bilgim yok ancak i\u015fin sonuna kadar gidece\u011fiz. Ona \u00f6yle tokat atmak falan kolay de\u011fil. O daha bize nice madalyalar kazand\u0131racak. \u00c7ok ge\u00e7mi\u015f olsun&#8221; dedi.<\/p>\n<p><img loading=\"lazy\" decoding=\"async\" class=\"hbptMainImage lazyload ImgDetay\" src=\"https:\/\/foto.haberler.com\/haber\/2024\/09\/05\/transfer-sezonu-bitmeden-harekete-gecti-ali-koc-17790195_2476_m.jpg\" alt=\"Transfer sezonu bitmeden harekete ge\u00e7ti! Ali Ko\u00e7, yabanc\u0131 s\u0131n\u0131r\u0131nda de\u011fi\u015fiklik i\u00e7in TFF'nin kap\u0131s\u0131na dayanm\u0131\u015f\" width=\"640\" height=\"640\"\/><\/p>\n<h3>YABANCI SINIRI \u0130\u00c7\u0130N NE DED\u0130?<\/h3>\n<p>Baz\u0131 kul\u00fcplerin hala fazla yabanc\u0131 oyuncular\u0131 oldu\u011funa dikkat \u00e7eken ba\u015fkan Ko\u00e7, &#8220;Bu ne demek; bu insanlar\u0131 kaydedemezseniz s\u00f6zle\u015fme fesih haklar\u0131 do\u011fuyor. T\u00fcrkiye&#8217;nin paras\u0131n\u0131n \u00e7\u00f6pe gitmesi demek bu. TFF ile bu konuda g\u00f6r\u00fc\u015ft\u00fck. Yabanc\u0131 s\u0131n\u0131r\u0131n\u0131 art\u0131rmadan bu konuda nas\u0131l bir \u00e7\u00f6z\u00fcm bulabiliriz bunun \u00fczerine konu\u015ftuk. Sa\u011f olsun TFF de bu konuda bu kul\u00fcplerimize nas\u0131l yard\u0131mc\u0131 olaca\u011f\u0131na dair \u00e7al\u0131\u015fmalar da bulunaca\u011f\u0131n\u0131 bize ifade etti&#8221; a\u00e7\u0131klamas\u0131nda bulundu.<\/p>\n<figure class=\"type:primaryimage hbhOrder\" style=\"margin-bottom: 20px;\"><img loading=\"lazy\" decoding=\"async\" width=\"1202\" height=\"675\" class=\"hbptMainImage\" id=\"HaberImage\" src=\"https:\/\/foto.haberler.com\/resize\/601x337\/haber\/2024\/09\/05\/transfer-sezonu-bitmeden-harekete-gecti-ali-koc-17790195_2208_amp.jpg\"\/><\/figure>\n<div class=\"editorSade\">Kaynak: Haberler.com \/  <a href=\"https:\/\/www.haberler.com\/spor\/\" title=\"Spor Haberleri\">Spor<\/a> <\/div>\n<h4 id=\"nwsKeywords\"> <a href=\"https:\/\/www.haberler.com\/kulupler-birligi-vakfi\/\" title=\"Kul\u00fcpler Birli\u011fi Vakf\u0131\" class=\"hbptTag\">Kul\u00fcpler Birli\u011fi Vakf\u0131<\/a>  <a href=\"https:\/\/www.haberler.com\/fenerbahce\/\" title=\"Fenerbah\u00e7e\" class=\"hbptTag\">Fenerbah\u00e7e<\/a>  <a href=\"https:\/\/www.haberler.com\/turkiye\/\" title=\"T\u00fcrkiye\" class=\"hbptTag\">T\u00fcrkiye<\/a>  <a href=\"https:\/\/www.haberler.com\/ali-koc\/\" title=\"Ali Ko\u00e7\" class=\"hbptTag\">Ali Ko\u00e7<\/a>  <a href=\"https:\/\/www.haberler.com\/futbol\/\" title=\"Futbol\" class=\"hbptTag\">Futbol<\/a>  <a href=\"https:\/\/www.haberler.com\/spor\/\" title=\"Spor\" class=\"hbptTag\">Spor<\/a> <\/h4>\n<\/div>\n","protected":false},"excerpt":{"rendered":"<p>Fenerbah\u00e7e ve Kul\u00fcpler Birli\u011fi Vakf\u0131 Ba\u015fkan\u0131 Ali Ko\u00e7, Kul\u00fcpler Birli\u011fi&#8217;nin Kas\u0131mpa\u015fa Kemerburgaz Tesisleri&#8217;ndeki toplant\u0131s\u0131n\u0131n ard\u0131ndan dikkat \u00e7eken a\u00e7\u0131klamalarda bulundu. Yay\u0131n geliri ve yabanc\u0131 s\u0131n\u0131r\u0131 de\u011finen Ko\u00e7, sar\u0131-lacivertlilerin sporcusu olan milli boks\u00f6r Busenaz S\u00fcrmeneli&#8217;nin trafikte sald\u0131r\u0131ya u\u011framas\u0131yla ilgili de konu\u015ftu. &#8220;HATALAR KABUL ED\u0130LEB\u0130L\u0130R DE\u011e\u0130L&#8221; &#8220;Kas\u0131mpa\u015fa Tesisleri&#8217;ni g\u00f6r\u00fcnce insan\u0131n i\u00e7i c\u0131z ediyor. K\u0131skand\u0131k. Her kul\u00fcb\u00fcm\u00fcz\u00fcn b\u00f6yle tesisleri<\/p>\n","protected":false},"author":1,"featured_media":59828,"comment_status":"open","ping_status":"open","sticky":false,"template":"","format":"standard","meta":{"footnotes":""},"categories":[83],"tags":[],"class_list":["post-59827","post","type-post","status-publish","format-standard","has-post-thumbnail","hentry","category-magazin"],"yoast_head":"<!-- This site is optimized with the Yoast SEO plugin v27.5 - https:\/\/yoast.com\/product\/yoast-seo-wordpress\/ -->\n<title>Transfer sezonu bitmeden harekete ge\u00e7ti! Ali Ko\u00e7, yabanc\u0131 s\u0131n\u0131r\u0131nda de\u011fi\u015fiklik i\u00e7in TFF&#039;nin kap\u0131s\u0131na dayanm\u0131\u015f -<\/title>\n<meta name=\"robots\" content=\"index, follow, max-snippet:-1, max-image-preview:large, max-video-preview:-1\" \/>\n<link rel=\"canonical\" href=\"https:\/\/kibrisdakik.com\/?p=59827\" \/>\n<meta property=\"og:locale\" content=\"tr_TR\" \/>\n<meta property=\"og:type\" content=\"article\" \/>\n<meta property=\"og:title\" content=\"Transfer sezonu bitmeden harekete ge\u00e7ti! Ali Ko\u00e7, yabanc\u0131 s\u0131n\u0131r\u0131nda de\u011fi\u015fiklik i\u00e7in TFF&#039;nin kap\u0131s\u0131na dayanm\u0131\u015f -\" \/>\n<meta property=\"og:description\" content=\"Fenerbah\u00e7e ve Kul\u00fcpler Birli\u011fi Vakf\u0131 Ba\u015fkan\u0131 Ali Ko\u00e7, Kul\u00fcpler Birli\u011fi&#8217;nin Kas\u0131mpa\u015fa Kemerburgaz Tesisleri&#8217;ndeki toplant\u0131s\u0131n\u0131n ard\u0131ndan dikkat \u00e7eken a\u00e7\u0131klamalarda bulundu. Yay\u0131n geliri ve yabanc\u0131 s\u0131n\u0131r\u0131 de\u011finen Ko\u00e7, sar\u0131-lacivertlilerin sporcusu olan milli boks\u00f6r Busenaz S\u00fcrmeneli&#8217;nin trafikte sald\u0131r\u0131ya u\u011framas\u0131yla ilgili de konu\u015ftu. &#8220;HATALAR KABUL ED\u0130LEB\u0130L\u0130R DE\u011e\u0130L&#8221; &#8220;Kas\u0131mpa\u015fa Tesisleri&#8217;ni g\u00f6r\u00fcnce insan\u0131n i\u00e7i c\u0131z ediyor. K\u0131skand\u0131k. Her kul\u00fcb\u00fcm\u00fcz\u00fcn b\u00f6yle tesisleri\" \/>\n<meta property=\"og:url\" content=\"https:\/\/kibrisdakik.com\/?p=59827\" \/>\n<meta property=\"article:published_time\" content=\"2024-09-05T13:27:32+00:00\" \/>\n<meta property=\"og:image\" content=\"https:\/\/kibrisdakik.com\/wp-content\/uploads\/2024\/09\/transfer-sezonu-bitmeden-harekete-gecti-ali-koc-17790195_998_m-640x420.jpg\" \/>\n\t<meta property=\"og:image:width\" content=\"640\" \/>\n\t<meta property=\"og:image:height\" content=\"425\" \/>\n\t<meta property=\"og:image:type\" content=\"image\/jpeg\" \/>\n<meta name=\"author\" content=\"admin\" \/>\n<meta name=\"twitter:card\" content=\"summary_large_image\" \/>\n<meta name=\"twitter:label1\" content=\"Yazan:\" \/>\n\t<meta name=\"twitter:data1\" content=\"admin\" \/>\n\t<meta name=\"twitter:label2\" content=\"Tahmini okuma s\u00fcresi\" \/>\n\t<meta name=\"twitter:data2\" content=\"4 dakika\" \/>\n<script type=\"application\/ld+json\" class=\"yoast-schema-graph\">{\"@context\":\"https:\\\/\\\/schema.org\",\"@graph\":[{\"@type\":\"Article\",\"@id\":\"https:\\\/\\\/kibrisdakik.com\\\/?p=59827#article\",\"isPartOf\":{\"@id\":\"https:\\\/\\\/kibrisdakik.com\\\/?p=59827\"},\"author\":{\"name\":\"admin\",\"@id\":\"https:\\\/\\\/kibrisdakik.com\\\/#\\\/schema\\\/person\\\/9cd9d437bbb44f72b73ba127e06d8e79\"},\"headline\":\"Transfer sezonu bitmeden harekete ge\u00e7ti! Ali Ko\u00e7, yabanc\u0131 s\u0131n\u0131r\u0131nda de\u011fi\u015fiklik i\u00e7in TFF&#8217;nin kap\u0131s\u0131na dayanm\u0131\u015f\",\"datePublished\":\"2024-09-05T13:27:32+00:00\",\"mainEntityOfPage\":{\"@id\":\"https:\\\/\\\/kibrisdakik.com\\\/?p=59827\"},\"wordCount\":900,\"commentCount\":0,\"image\":{\"@id\":\"https:\\\/\\\/kibrisdakik.com\\\/?p=59827#primaryimage\"},\"thumbnailUrl\":\"https:\\\/\\\/kibrisdakik.com\\\/wp-content\\\/uploads\\\/2024\\\/09\\\/transfer-sezonu-bitmeden-harekete-gecti-ali-koc-17790195_998_m-640x420.jpg\",\"articleSection\":[\"Magazin\"],\"inLanguage\":\"tr\",\"potentialAction\":[{\"@type\":\"CommentAction\",\"name\":\"Comment\",\"target\":[\"https:\\\/\\\/kibrisdakik.com\\\/?p=59827#respond\"]}]},{\"@type\":\"WebPage\",\"@id\":\"https:\\\/\\\/kibrisdakik.com\\\/?p=59827\",\"url\":\"https:\\\/\\\/kibrisdakik.com\\\/?p=59827\",\"name\":\"Transfer sezonu bitmeden harekete ge\u00e7ti! Ali Ko\u00e7, yabanc\u0131 s\u0131n\u0131r\u0131nda de\u011fi\u015fiklik i\u00e7in TFF'nin kap\u0131s\u0131na dayanm\u0131\u015f -\",\"isPartOf\":{\"@id\":\"https:\\\/\\\/kibrisdakik.com\\\/#website\"},\"primaryImageOfPage\":{\"@id\":\"https:\\\/\\\/kibrisdakik.com\\\/?p=59827#primaryimage\"},\"image\":{\"@id\":\"https:\\\/\\\/kibrisdakik.com\\\/?p=59827#primaryimage\"},\"thumbnailUrl\":\"https:\\\/\\\/kibrisdakik.com\\\/wp-content\\\/uploads\\\/2024\\\/09\\\/transfer-sezonu-bitmeden-harekete-gecti-ali-koc-17790195_998_m-640x420.jpg\",\"datePublished\":\"2024-09-05T13:27:32+00:00\",\"author\":{\"@id\":\"https:\\\/\\\/kibrisdakik.com\\\/#\\\/schema\\\/person\\\/9cd9d437bbb44f72b73ba127e06d8e79\"},\"breadcrumb\":{\"@id\":\"https:\\\/\\\/kibrisdakik.com\\\/?p=59827#breadcrumb\"},\"inLanguage\":\"tr\",\"potentialAction\":[{\"@type\":\"ReadAction\",\"target\":[\"https:\\\/\\\/kibrisdakik.com\\\/?p=59827\"]}]},{\"@type\":\"ImageObject\",\"inLanguage\":\"tr\",\"@id\":\"https:\\\/\\\/kibrisdakik.com\\\/?p=59827#primaryimage\",\"url\":\"https:\\\/\\\/kibrisdakik.com\\\/wp-content\\\/uploads\\\/2024\\\/09\\\/transfer-sezonu-bitmeden-harekete-gecti-ali-koc-17790195_998_m-640x420.jpg\",\"contentUrl\":\"https:\\\/\\\/kibrisdakik.com\\\/wp-content\\\/uploads\\\/2024\\\/09\\\/transfer-sezonu-bitmeden-harekete-gecti-ali-koc-17790195_998_m-640x420.jpg\",\"width\":640,\"height\":425},{\"@type\":\"BreadcrumbList\",\"@id\":\"https:\\\/\\\/kibrisdakik.com\\\/?p=59827#breadcrumb\",\"itemListElement\":[{\"@type\":\"ListItem\",\"position\":1,\"name\":\"Home\",\"item\":\"https:\\\/\\\/kibrisdakik.com\\\/\"},{\"@type\":\"ListItem\",\"position\":2,\"name\":\"Transfer sezonu bitmeden harekete ge\u00e7ti! Ali Ko\u00e7, yabanc\u0131 s\u0131n\u0131r\u0131nda de\u011fi\u015fiklik i\u00e7in TFF&#8217;nin kap\u0131s\u0131na dayanm\u0131\u015f\"}]},{\"@type\":\"WebSite\",\"@id\":\"https:\\\/\\\/kibrisdakik.com\\\/#website\",\"url\":\"https:\\\/\\\/kibrisdakik.com\\\/\",\"name\":\"\",\"description\":\"Tam vaktinde haber\",\"potentialAction\":[{\"@type\":\"SearchAction\",\"target\":{\"@type\":\"EntryPoint\",\"urlTemplate\":\"https:\\\/\\\/kibrisdakik.com\\\/?s={search_term_string}\"},\"query-input\":{\"@type\":\"PropertyValueSpecification\",\"valueRequired\":true,\"valueName\":\"search_term_string\"}}],\"inLanguage\":\"tr\"},{\"@type\":\"Person\",\"@id\":\"https:\\\/\\\/kibrisdakik.com\\\/#\\\/schema\\\/person\\\/9cd9d437bbb44f72b73ba127e06d8e79\",\"name\":\"admin\",\"image\":{\"@type\":\"ImageObject\",\"inLanguage\":\"tr\",\"@id\":\"https:\\\/\\\/secure.gravatar.com\\\/avatar\\\/ccc17943b9d660506c869530f897617f7cb1c21a4bf30023f252596d83e1f007?s=96&d=mm&r=g\",\"url\":\"https:\\\/\\\/secure.gravatar.com\\\/avatar\\\/ccc17943b9d660506c869530f897617f7cb1c21a4bf30023f252596d83e1f007?s=96&d=mm&r=g\",\"contentUrl\":\"https:\\\/\\\/secure.gravatar.com\\\/avatar\\\/ccc17943b9d660506c869530f897617f7cb1c21a4bf30023f252596d83e1f007?s=96&d=mm&r=g\",\"caption\":\"admin\"},\"sameAs\":[\"https:\\\/\\\/kibrisdakik.com\"],\"url\":\"https:\\\/\\\/kibrisdakik.com\\\/?author=1\"}]}<\/script>\n<!-- \/ Yoast SEO plugin. -->","yoast_head_json":{"title":"Transfer sezonu bitmeden harekete ge\u00e7ti! Ali Ko\u00e7, yabanc\u0131 s\u0131n\u0131r\u0131nda de\u011fi\u015fiklik i\u00e7in TFF'nin kap\u0131s\u0131na dayanm\u0131\u015f -","robots":{"index":"index","follow":"follow","max-snippet":"max-snippet:-1","max-image-preview":"max-image-preview:large","max-video-preview":"max-video-preview:-1"},"canonical":"https:\/\/kibrisdakik.com\/?p=59827","og_locale":"tr_TR","og_type":"article","og_title":"Transfer sezonu bitmeden harekete ge\u00e7ti! Ali Ko\u00e7, yabanc\u0131 s\u0131n\u0131r\u0131nda de\u011fi\u015fiklik i\u00e7in TFF'nin kap\u0131s\u0131na dayanm\u0131\u015f -","og_description":"Fenerbah\u00e7e ve Kul\u00fcpler Birli\u011fi Vakf\u0131 Ba\u015fkan\u0131 Ali Ko\u00e7, Kul\u00fcpler Birli\u011fi&#8217;nin Kas\u0131mpa\u015fa Kemerburgaz Tesisleri&#8217;ndeki toplant\u0131s\u0131n\u0131n ard\u0131ndan dikkat \u00e7eken a\u00e7\u0131klamalarda bulundu. Yay\u0131n geliri ve yabanc\u0131 s\u0131n\u0131r\u0131 de\u011finen Ko\u00e7, sar\u0131-lacivertlilerin sporcusu olan milli boks\u00f6r Busenaz S\u00fcrmeneli&#8217;nin trafikte sald\u0131r\u0131ya u\u011framas\u0131yla ilgili de konu\u015ftu. &#8220;HATALAR KABUL ED\u0130LEB\u0130L\u0130R DE\u011e\u0130L&#8221; &#8220;Kas\u0131mpa\u015fa Tesisleri&#8217;ni g\u00f6r\u00fcnce insan\u0131n i\u00e7i c\u0131z ediyor. K\u0131skand\u0131k. Her kul\u00fcb\u00fcm\u00fcz\u00fcn b\u00f6yle tesisleri","og_url":"https:\/\/kibrisdakik.com\/?p=59827","article_published_time":"2024-09-05T13:27:32+00:00","og_image":[{"width":640,"height":425,"url":"https:\/\/kibrisdakik.com\/wp-content\/uploads\/2024\/09\/transfer-sezonu-bitmeden-harekete-gecti-ali-koc-17790195_998_m-640x420.jpg","type":"image\/jpeg"}],"author":"admin","twitter_card":"summary_large_image","twitter_misc":{"Yazan:":"admin","Tahmini okuma s\u00fcresi":"4 dakika"},"schema":{"@context":"https:\/\/schema.org","@graph":[{"@type":"Article","@id":"https:\/\/kibrisdakik.com\/?p=59827#article","isPartOf":{"@id":"https:\/\/kibrisdakik.com\/?p=59827"},"author":{"name":"admin","@id":"https:\/\/kibrisdakik.com\/#\/schema\/person\/9cd9d437bbb44f72b73ba127e06d8e79"},"headline":"Transfer sezonu bitmeden harekete ge\u00e7ti! Ali Ko\u00e7, yabanc\u0131 s\u0131n\u0131r\u0131nda de\u011fi\u015fiklik i\u00e7in TFF&#8217;nin kap\u0131s\u0131na dayanm\u0131\u015f","datePublished":"2024-09-05T13:27:32+00:00","mainEntityOfPage":{"@id":"https:\/\/kibrisdakik.com\/?p=59827"},"wordCount":900,"commentCount":0,"image":{"@id":"https:\/\/kibrisdakik.com\/?p=59827#primaryimage"},"thumbnailUrl":"https:\/\/kibrisdakik.com\/wp-content\/uploads\/2024\/09\/transfer-sezonu-bitmeden-harekete-gecti-ali-koc-17790195_998_m-640x420.jpg","articleSection":["Magazin"],"inLanguage":"tr","potentialAction":[{"@type":"CommentAction","name":"Comment","target":["https:\/\/kibrisdakik.com\/?p=59827#respond"]}]},{"@type":"WebPage","@id":"https:\/\/kibrisdakik.com\/?p=59827","url":"https:\/\/kibrisdakik.com\/?p=59827","name":"Transfer sezonu bitmeden harekete ge\u00e7ti! Ali Ko\u00e7, yabanc\u0131 s\u0131n\u0131r\u0131nda de\u011fi\u015fiklik i\u00e7in TFF'nin kap\u0131s\u0131na dayanm\u0131\u015f -","isPartOf":{"@id":"https:\/\/kibrisdakik.com\/#website"},"primaryImageOfPage":{"@id":"https:\/\/kibrisdakik.com\/?p=59827#primaryimage"},"image":{"@id":"https:\/\/kibrisdakik.com\/?p=59827#primaryimage"},"thumbnailUrl":"https:\/\/kibrisdakik.com\/wp-content\/uploads\/2024\/09\/transfer-sezonu-bitmeden-harekete-gecti-ali-koc-17790195_998_m-640x420.jpg","datePublished":"2024-09-05T13:27:32+00:00","author":{"@id":"https:\/\/kibrisdakik.com\/#\/schema\/person\/9cd9d437bbb44f72b73ba127e06d8e79"},"breadcrumb":{"@id":"https:\/\/kibrisdakik.com\/?p=59827#breadcrumb"},"inLanguage":"tr","potentialAction":[{"@type":"ReadAction","target":["https:\/\/kibrisdakik.com\/?p=59827"]}]},{"@type":"ImageObject","inLanguage":"tr","@id":"https:\/\/kibrisdakik.com\/?p=59827#primaryimage","url":"https:\/\/kibrisdakik.com\/wp-content\/uploads\/2024\/09\/transfer-sezonu-bitmeden-harekete-gecti-ali-koc-17790195_998_m-640x420.jpg","contentUrl":"https:\/\/kibrisdakik.com\/wp-content\/uploads\/2024\/09\/transfer-sezonu-bitmeden-harekete-gecti-ali-koc-17790195_998_m-640x420.jpg","width":640,"height":425},{"@type":"BreadcrumbList","@id":"https:\/\/kibrisdakik.com\/?p=59827#breadcrumb","itemListElement":[{"@type":"ListItem","position":1,"name":"Home","item":"https:\/\/kibrisdakik.com\/"},{"@type":"ListItem","position":2,"name":"Transfer sezonu bitmeden harekete ge\u00e7ti! Ali Ko\u00e7, yabanc\u0131 s\u0131n\u0131r\u0131nda de\u011fi\u015fiklik i\u00e7in TFF&#8217;nin kap\u0131s\u0131na dayanm\u0131\u015f"}]},{"@type":"WebSite","@id":"https:\/\/kibrisdakik.com\/#website","url":"https:\/\/kibrisdakik.com\/","name":"","description":"Tam vaktinde haber","potentialAction":[{"@type":"SearchAction","target":{"@type":"EntryPoint","urlTemplate":"https:\/\/kibrisdakik.com\/?s={search_term_string}"},"query-input":{"@type":"PropertyValueSpecification","valueRequired":true,"valueName":"search_term_string"}}],"inLanguage":"tr"},{"@type":"Person","@id":"https:\/\/kibrisdakik.com\/#\/schema\/person\/9cd9d437bbb44f72b73ba127e06d8e79","name":"admin","image":{"@type":"ImageObject","inLanguage":"tr","@id":"https:\/\/secure.gravatar.com\/avatar\/ccc17943b9d660506c869530f897617f7cb1c21a4bf30023f252596d83e1f007?s=96&d=mm&r=g","url":"https:\/\/secure.gravatar.com\/avatar\/ccc17943b9d660506c869530f897617f7cb1c21a4bf30023f252596d83e1f007?s=96&d=mm&r=g","contentUrl":"https:\/\/secure.gravatar.com\/avatar\/ccc17943b9d660506c869530f897617f7cb1c21a4bf30023f252596d83e1f007?s=96&d=mm&r=g","caption":"admin"},"sameAs":["https:\/\/kibrisdakik.com"],"url":"https:\/\/kibrisdakik.com\/?author=1"}]}},"_links":{"self":[{"href":"https:\/\/kibrisdakik.com\/index.php?rest_route=\/wp\/v2\/posts\/59827","targetHints":{"allow":["GET"]}}],"collection":[{"href":"https:\/\/kibrisdakik.com\/index.php?rest_route=\/wp\/v2\/posts"}],"about":[{"href":"https:\/\/kibrisdakik.com\/index.php?rest_route=\/wp\/v2\/types\/post"}],"author":[{"embeddable":true,"href":"https:\/\/kibrisdakik.com\/index.php?rest_route=\/wp\/v2\/users\/1"}],"replies":[{"embeddable":true,"href":"https:\/\/kibrisdakik.com\/index.php?rest_route=%2Fwp%2Fv2%2Fcomments&post=59827"}],"version-history":[{"count":0,"href":"https:\/\/kibrisdakik.com\/index.php?rest_route=\/wp\/v2\/posts\/59827\/revisions"}],"wp:featuredmedia":[{"embeddable":true,"href":"https:\/\/kibrisdakik.com\/index.php?rest_route=\/wp\/v2\/media\/59828"}],"wp:attachment":[{"href":"https:\/\/kibrisdakik.com\/index.php?rest_route=%2Fwp%2Fv2%2Fmedia&parent=59827"}],"wp:term":[{"taxonomy":"category","embeddable":true,"href":"https:\/\/kibrisdakik.com\/index.php?rest_route=%2Fwp%2Fv2%2Fcategories&post=59827"},{"taxonomy":"post_tag","embeddable":true,"href":"https:\/\/kibrisdakik.com\/index.php?rest_route=%2Fwp%2Fv2%2Ftags&post=59827"}],"curies":[{"name":"wp","href":"https:\/\/api.w.org\/{rel}","templated":true}]}}